{"id":5559,"date":"2025-10-29T04:13:27","date_gmt":"2025-10-29T07:13:27","guid":{"rendered":"https:\/\/elcanillita.info\/press\/?p=5559"},"modified":"2025-10-29T04:15:07","modified_gmt":"2025-10-29T07:15:07","slug":"gobernadores-al-banquete-libertario-milei-invita-pero-el-menu-lo-pone-el-tesoro","status":"publish","type":"post","link":"https:\/\/elcanillita.info\/press\/2025\/10\/29\/gobernadores-al-banquete-libertario-milei-invita-pero-el-menu-lo-pone-el-tesoro\/","title":{"rendered":"\ud83d\uddde\ufe0f \ud83d\udcb0\ud83d\udcb9\ud83d\udcc9Gobernadores al banquete libertario: Milei invita, pero el men\u00fa lo pone el Tesoro"},"content":{"rendered":"\n<p class=\"p1\">Javier Milei gan\u00f3 las elecciones, pero ahora tiene que gobernar. Y eso, en Argentina, significa sentarse a negociar con los mismos \u201cpol\u00edticos de la casta\u201d a los que jur\u00f3 no mirar ni en sue\u00f1os. El jueves, a las cinco de la tarde, los recibir\u00e1 en la Casa Rosada: gobernadores de todos los colores, apetitos fiscales incluidos.<\/p>\n\n\n\n<p class=\"p1\">El encuentro fue anunciado como \u201cun gesto de apertura\u201d, aunque nadie en el gabinete se anima a definir si es una apertura democr\u00e1tica o una cirug\u00eda sin anestesia. Milei quiere consenso para el Presupuesto y para las reformas laboral y tributaria que planea mandar al Congreso en sesiones extraordinarias.<\/p>\n\n\n\n<p class=\"p1\">A su lado estar\u00e1n Guillermo Francos \u2014a\u00fan jefe de Gabinete, todav\u00eda con fecha de vencimiento incierta\u2014, Luis Caputo, domador de mercados, y Lisandro Catal\u00e1n, el nuevo encargado de explicar la aritm\u00e9tica fiscal a las provincias desesperadas. Los gobernadores llegar\u00e1n con la lista de obras p\u00fablicas bajo el brazo, y una mano extendida hacia el Tesoro.<\/p>\n\n\n\n<p class=\"p1\">El presidente promete \u201camplitud\u201d, pero la mesa luce como un ring de boxeo. Nadie ignora que en el detr\u00e1s de escena se cocina otra pelea: la interna libertaria entre su hermana Karina y el operador Santiago Caputo, dos sombras que disputan cada ministerio como si fuera un trono.<\/p>\n\n\n\n<p class=\"p1\">El discurso oficial habla de un \u201cnuevo Pacto de Mayo\u201d. Los gobernadores traducen: \u201cqueremos saber cu\u00e1nto hay para nuestras provincias\u201d. Milei, que esta vez ensaya un tono menos mesi\u00e1nico, insiste en que \u201cdos de cada tres argentinos no quieren volver al pasado\u201d. Pero el futuro que propone sigue siendo una inc\u00f3gnita.<\/p>\n\n\n\n<p class=\"p1\">En las provincias, la paciencia es corta. El veto presidencial a la ley que garantizaba fondos autom\u00e1ticos del Tesoro dej\u00f3 heridas abiertas. Los mandatarios provinciales pedir\u00e1n, sin rodeos, que regresen las obras paralizadas y los programas previsionales. Milei, fiel a su estilo, intentar\u00e1 convencerlos de que el mejor subsidio es el mercado.<\/p>\n\n\n\n<p class=\"p1\">En Casa Rosada conf\u00edan en reunir \u201cal menos quince\u201d gobernadores. El resto mirar\u00e1 desde sus provincias c\u00f3mo el libertario m\u00e1s famoso del planeta intenta convertir la teor\u00eda del ajuste en pol\u00edtica pr\u00e1ctica. Un desaf\u00edo digno de un mago\u2026 o de un ilusionista que a\u00fan cree que las cuentas cierran con fe.<\/p>\n\n\n\n<p><\/p>\n\n\n\n<p>\u270d\ufe0f \u00a9\ufe0f 2025 &nbsp; El Cu\u00f1ado Nacional &#8211;&nbsp; All Rights Reserved<\/p>\n\n\n\n<p><\/p>\n\n\n<p><small>\u00a9\ufe0f2025  Guzzo Photos  &#038; Graphic Publications \u2013 All Rights Reserved \u2013 Copyright \u00a9\ufe0f 2025 SalaStampa.eu, world press service \u2013 Guzzo Photos &#038; Graphic Publications \u2013 Registro Editori e Stampatori n. 1441 Turin, Italy<\/small><\/p>\n\n\n<p><\/p>\n\n\n\n<p><\/p>\n","protected":false},"excerpt":{"rendered":"<p>Tras su triunfo electoral, el presidente argentino convoca a los gobernadores para mostrar m\u00fasculo pol\u00edtico y avanzar con las reformas. Pero la mesa de la Casa Rosada promete m\u00e1s tensi\u00f3n que consenso: las provincias quieren obras y fondos; Milei ofrece filosof\u00eda y ajuste.<\/p>\n","protected":false},"author":14,"featured_media":0,"comment_status":"closed","ping_status":"","sticky":false,"template":"","format":"standard","meta":{"footnotes":"","_links_to":"","_links_to_target":""},"categories":[121,108,70,11,123,20,23,25],"tags":[29],"class_list":["post-5559","post","type-post","status-publish","format-standard","hentry","category-dc24","category-blogdiario","category-actualidad","category-america-del-sur","category-argentina","category-economia","category-politica","category-sociedad","tag-argentina","entry","double"],"yoast_head":"<!-- This site is optimized with the Yoast SEO plugin v27.5 - https:\/\/yoast.com\/product\/yoast-seo-wordpress\/ -->\n<title>\ud83d\uddde\ufe0f \ud83d\udcb0\ud83d\udcb9\ud83d\udcc9Gobernadores al banquete libertario: Milei invita, pero el men\u00fa lo pone el Tesoro - ElCanillita.Info<\/title>\n<meta name=\"robots\" content=\"index, follow, max-snippet:-1, max-image-preview:large, max-video-preview:-1\" \/>\n<link rel=\"canonical\" href=\"https:\/\/elcanillita.info\/press\/2025\/10\/29\/gobernadores-al-banquete-libertario-milei-invita-pero-el-menu-lo-pone-el-tesoro\/\" \/>\n<meta property=\"og:locale\" content=\"es_ES\" \/>\n<meta property=\"og:type\" content=\"article\" \/>\n<meta property=\"og:title\" content=\"\ud83d\uddde\ufe0f \ud83d\udcb0\ud83d\udcb9\ud83d\udcc9Gobernadores al banquete libertario: Milei invita, pero el men\u00fa lo pone el Tesoro - ElCanillita.Info\" \/>\n<meta property=\"og:description\" content=\"Tras su triunfo electoral, el presidente argentino convoca a los gobernadores para mostrar m\u00fasculo pol\u00edtico y avanzar con las reformas. Pero la mesa de la Casa Rosada promete m\u00e1s tensi\u00f3n que consenso: las provincias quieren obras y fondos; Milei ofrece filosof\u00eda y ajuste.\" \/>\n<meta property=\"og:url\" content=\"https:\/\/elcanillita.info\/press\/2025\/10\/29\/gobernadores-al-banquete-libertario-milei-invita-pero-el-menu-lo-pone-el-tesoro\/\" \/>\n<meta property=\"og:site_name\" content=\"ElCanillita.Info\" \/>\n<meta property=\"article:publisher\" content=\"https:\/\/ar-ar.facebook.com\/ElCanillitainfo-114249515285712\/\" \/>\n<meta property=\"article:published_time\" content=\"2025-10-29T07:13:27+00:00\" \/>\n<meta property=\"article:modified_time\" content=\"2025-10-29T07:15:07+00:00\" \/>\n<meta name=\"author\" content=\"ElCanillita.info Guzzo Photos &amp; Graphic Publications\" \/>\n<meta name=\"twitter:card\" content=\"summary_large_image\" \/>\n<meta name=\"twitter:label1\" content=\"Escrito por\" \/>\n\t<meta name=\"twitter:data1\" content=\"ElCanillita.info Guzzo Photos &amp; Graphic Publications\" \/>\n\t<meta name=\"twitter:label2\" content=\"Tiempo de lectura\" \/>\n\t<meta name=\"twitter:data2\" content=\"2 minutos\" \/>\n<script type=\"application\/ld+json\" class=\"yoast-schema-graph\">{\"@context\":\"https:\\\/\\\/schema.org\",\"@graph\":[{\"@type\":\"Article\",\"@id\":\"https:\\\/\\\/elcanillita.info\\\/press\\\/2025\\\/10\\\/29\\\/gobernadores-al-banquete-libertario-milei-invita-pero-el-menu-lo-pone-el-tesoro\\\/#article\",\"isPartOf\":{\"@id\":\"https:\\\/\\\/elcanillita.info\\\/press\\\/2025\\\/10\\\/29\\\/gobernadores-al-banquete-libertario-milei-invita-pero-el-menu-lo-pone-el-tesoro\\\/\"},\"author\":{\"name\":\"ElCanillita.info Guzzo Photos &amp; Graphic Publications\",\"@id\":\"https:\\\/\\\/elcanillita.info\\\/press\\\/#\\\/schema\\\/person\\\/e37a550cff8f5f3407ed112e4cc619cb\"},\"headline\":\"\ud83d\uddde\ufe0f \ud83d\udcb0\ud83d\udcb9\ud83d\udcc9Gobernadores al banquete libertario: Milei invita, pero el men\u00fa lo pone el Tesoro\",\"datePublished\":\"2025-10-29T07:13:27+00:00\",\"dateModified\":\"2025-10-29T07:15:07+00:00\",\"mainEntityOfPage\":{\"@id\":\"https:\\\/\\\/elcanillita.info\\\/press\\\/2025\\\/10\\\/29\\\/gobernadores-al-banquete-libertario-milei-invita-pero-el-menu-lo-pone-el-tesoro\\\/\"},\"wordCount\":434,\"publisher\":{\"@id\":\"https:\\\/\\\/elcanillita.info\\\/press\\\/#organization\"},\"keywords\":[\"Argentina\"],\"articleSection\":[\".\",\".\",\"Actualidad\",\"Am\u00e9rica del Sur\",\"Argentina\",\"Economia\",\"Politica\",\"Sociedad\"],\"inLanguage\":\"es-AR\"},{\"@type\":\"WebPage\",\"@id\":\"https:\\\/\\\/elcanillita.info\\\/press\\\/2025\\\/10\\\/29\\\/gobernadores-al-banquete-libertario-milei-invita-pero-el-menu-lo-pone-el-tesoro\\\/\",\"url\":\"https:\\\/\\\/elcanillita.info\\\/press\\\/2025\\\/10\\\/29\\\/gobernadores-al-banquete-libertario-milei-invita-pero-el-menu-lo-pone-el-tesoro\\\/\",\"name\":\"\ud83d\uddde\ufe0f \ud83d\udcb0\ud83d\udcb9\ud83d\udcc9Gobernadores al banquete libertario: Milei invita, pero el men\u00fa lo pone el Tesoro - ElCanillita.Info\",\"isPartOf\":{\"@id\":\"https:\\\/\\\/elcanillita.info\\\/press\\\/#website\"},\"datePublished\":\"2025-10-29T07:13:27+00:00\",\"dateModified\":\"2025-10-29T07:15:07+00:00\",\"inLanguage\":\"es-AR\",\"potentialAction\":[{\"@type\":\"ReadAction\",\"target\":[\"https:\\\/\\\/elcanillita.info\\\/press\\\/2025\\\/10\\\/29\\\/gobernadores-al-banquete-libertario-milei-invita-pero-el-menu-lo-pone-el-tesoro\\\/\"]}]},{\"@type\":\"WebSite\",\"@id\":\"https:\\\/\\\/elcanillita.info\\\/press\\\/#website\",\"url\":\"https:\\\/\\\/elcanillita.info\\\/press\\\/\",\"name\":\"ElCanillita.Info\",\"description\":\"desde los Apeninos a los Andes\",\"publisher\":{\"@id\":\"https:\\\/\\\/elcanillita.info\\\/press\\\/#organization\"},\"potentialAction\":[{\"@type\":\"SearchAction\",\"target\":{\"@type\":\"EntryPoint\",\"urlTemplate\":\"https:\\\/\\\/elcanillita.info\\\/press\\\/?s={search_term_string}\"},\"query-input\":{\"@type\":\"PropertyValueSpecification\",\"valueRequired\":true,\"valueName\":\"search_term_string\"}}],\"inLanguage\":\"es-AR\"},{\"@type\":\"Organization\",\"@id\":\"https:\\\/\\\/elcanillita.info\\\/press\\\/#organization\",\"name\":\"Guzzo Photos & Graphic Publications\",\"url\":\"https:\\\/\\\/elcanillita.info\\\/press\\\/\",\"logo\":{\"@type\":\"ImageObject\",\"inLanguage\":\"es-AR\",\"@id\":\"https:\\\/\\\/elcanillita.info\\\/press\\\/#\\\/schema\\\/logo\\\/image\\\/\",\"url\":\"https:\\\/\\\/elcanillita.info\\\/press\\\/images\\\/2020\\\/01\\\/cropped-cropped-cropped-elcanillitainfo.png\",\"contentUrl\":\"https:\\\/\\\/elcanillita.info\\\/press\\\/images\\\/2020\\\/01\\\/cropped-cropped-cropped-elcanillitainfo.png\",\"width\":460,\"height\":50,\"caption\":\"Guzzo Photos & Graphic Publications\"},\"image\":{\"@id\":\"https:\\\/\\\/elcanillita.info\\\/press\\\/#\\\/schema\\\/logo\\\/image\\\/\"},\"sameAs\":[\"https:\\\/\\\/ar-ar.facebook.com\\\/ElCanillitainfo-114249515285712\\\/\"]},{\"@type\":\"Person\",\"@id\":\"https:\\\/\\\/elcanillita.info\\\/press\\\/#\\\/schema\\\/person\\\/e37a550cff8f5f3407ed112e4cc619cb\",\"name\":\"ElCanillita.info Guzzo Photos &amp; Graphic Publications\",\"image\":{\"@type\":\"ImageObject\",\"inLanguage\":\"es-AR\",\"@id\":\"https:\\\/\\\/secure.gravatar.com\\\/avatar\\\/8914fbe0ef09248907e331ab93dfa89c7f76decf6b51cd1b2f8444e6260db772?s=96&d=mm&r=g\",\"url\":\"https:\\\/\\\/secure.gravatar.com\\\/avatar\\\/8914fbe0ef09248907e331ab93dfa89c7f76decf6b51cd1b2f8444e6260db772?s=96&d=mm&r=g\",\"contentUrl\":\"https:\\\/\\\/secure.gravatar.com\\\/avatar\\\/8914fbe0ef09248907e331ab93dfa89c7f76decf6b51cd1b2f8444e6260db772?s=96&d=mm&r=g\",\"caption\":\"ElCanillita.info Guzzo Photos &amp; Graphic Publications\"},\"sameAs\":[\"http:\\\/\\\/guzzophotos.com\"]}]}<\/script>\n<!-- \/ Yoast SEO plugin. -->","yoast_head_json":{"title":"\ud83d\uddde\ufe0f \ud83d\udcb0\ud83d\udcb9\ud83d\udcc9Gobernadores al banquete libertario: Milei invita, pero el men\u00fa lo pone el Tesoro - ElCanillita.Info","robots":{"index":"index","follow":"follow","max-snippet":"max-snippet:-1","max-image-preview":"max-image-preview:large","max-video-preview":"max-video-preview:-1"},"canonical":"https:\/\/elcanillita.info\/press\/2025\/10\/29\/gobernadores-al-banquete-libertario-milei-invita-pero-el-menu-lo-pone-el-tesoro\/","og_locale":"es_ES","og_type":"article","og_title":"\ud83d\uddde\ufe0f \ud83d\udcb0\ud83d\udcb9\ud83d\udcc9Gobernadores al banquete libertario: Milei invita, pero el men\u00fa lo pone el Tesoro - ElCanillita.Info","og_description":"Tras su triunfo electoral, el presidente argentino convoca a los gobernadores para mostrar m\u00fasculo pol\u00edtico y avanzar con las reformas. Pero la mesa de la Casa Rosada promete m\u00e1s tensi\u00f3n que consenso: las provincias quieren obras y fondos; Milei ofrece filosof\u00eda y ajuste.","og_url":"https:\/\/elcanillita.info\/press\/2025\/10\/29\/gobernadores-al-banquete-libertario-milei-invita-pero-el-menu-lo-pone-el-tesoro\/","og_site_name":"ElCanillita.Info","article_publisher":"https:\/\/ar-ar.facebook.com\/ElCanillitainfo-114249515285712\/","article_published_time":"2025-10-29T07:13:27+00:00","article_modified_time":"2025-10-29T07:15:07+00:00","author":"ElCanillita.info Guzzo Photos &amp; Graphic Publications","twitter_card":"summary_large_image","twitter_misc":{"Escrito por":"ElCanillita.info Guzzo Photos &amp; Graphic Publications","Tiempo de lectura":"2 minutos"},"schema":{"@context":"https:\/\/schema.org","@graph":[{"@type":"Article","@id":"https:\/\/elcanillita.info\/press\/2025\/10\/29\/gobernadores-al-banquete-libertario-milei-invita-pero-el-menu-lo-pone-el-tesoro\/#article","isPartOf":{"@id":"https:\/\/elcanillita.info\/press\/2025\/10\/29\/gobernadores-al-banquete-libertario-milei-invita-pero-el-menu-lo-pone-el-tesoro\/"},"author":{"name":"ElCanillita.info Guzzo Photos &amp; Graphic Publications","@id":"https:\/\/elcanillita.info\/press\/#\/schema\/person\/e37a550cff8f5f3407ed112e4cc619cb"},"headline":"\ud83d\uddde\ufe0f \ud83d\udcb0\ud83d\udcb9\ud83d\udcc9Gobernadores al banquete libertario: Milei invita, pero el men\u00fa lo pone el Tesoro","datePublished":"2025-10-29T07:13:27+00:00","dateModified":"2025-10-29T07:15:07+00:00","mainEntityOfPage":{"@id":"https:\/\/elcanillita.info\/press\/2025\/10\/29\/gobernadores-al-banquete-libertario-milei-invita-pero-el-menu-lo-pone-el-tesoro\/"},"wordCount":434,"publisher":{"@id":"https:\/\/elcanillita.info\/press\/#organization"},"keywords":["Argentina"],"articleSection":[".",".","Actualidad","Am\u00e9rica del Sur","Argentina","Economia","Politica","Sociedad"],"inLanguage":"es-AR"},{"@type":"WebPage","@id":"https:\/\/elcanillita.info\/press\/2025\/10\/29\/gobernadores-al-banquete-libertario-milei-invita-pero-el-menu-lo-pone-el-tesoro\/","url":"https:\/\/elcanillita.info\/press\/2025\/10\/29\/gobernadores-al-banquete-libertario-milei-invita-pero-el-menu-lo-pone-el-tesoro\/","name":"\ud83d\uddde\ufe0f \ud83d\udcb0\ud83d\udcb9\ud83d\udcc9Gobernadores al banquete libertario: Milei invita, pero el men\u00fa lo pone el Tesoro - ElCanillita.Info","isPartOf":{"@id":"https:\/\/elcanillita.info\/press\/#website"},"datePublished":"2025-10-29T07:13:27+00:00","dateModified":"2025-10-29T07:15:07+00:00","inLanguage":"es-AR","potentialAction":[{"@type":"ReadAction","target":["https:\/\/elcanillita.info\/press\/2025\/10\/29\/gobernadores-al-banquete-libertario-milei-invita-pero-el-menu-lo-pone-el-tesoro\/"]}]},{"@type":"WebSite","@id":"https:\/\/elcanillita.info\/press\/#website","url":"https:\/\/elcanillita.info\/press\/","name":"ElCanillita.Info","description":"desde los Apeninos a los Andes","publisher":{"@id":"https:\/\/elcanillita.info\/press\/#organization"},"potentialAction":[{"@type":"SearchAction","target":{"@type":"EntryPoint","urlTemplate":"https:\/\/elcanillita.info\/press\/?s={search_term_string}"},"query-input":{"@type":"PropertyValueSpecification","valueRequired":true,"valueName":"search_term_string"}}],"inLanguage":"es-AR"},{"@type":"Organization","@id":"https:\/\/elcanillita.info\/press\/#organization","name":"Guzzo Photos & Graphic Publications","url":"https:\/\/elcanillita.info\/press\/","logo":{"@type":"ImageObject","inLanguage":"es-AR","@id":"https:\/\/elcanillita.info\/press\/#\/schema\/logo\/image\/","url":"https:\/\/elcanillita.info\/press\/images\/2020\/01\/cropped-cropped-cropped-elcanillitainfo.png","contentUrl":"https:\/\/elcanillita.info\/press\/images\/2020\/01\/cropped-cropped-cropped-elcanillitainfo.png","width":460,"height":50,"caption":"Guzzo Photos & Graphic Publications"},"image":{"@id":"https:\/\/elcanillita.info\/press\/#\/schema\/logo\/image\/"},"sameAs":["https:\/\/ar-ar.facebook.com\/ElCanillitainfo-114249515285712\/"]},{"@type":"Person","@id":"https:\/\/elcanillita.info\/press\/#\/schema\/person\/e37a550cff8f5f3407ed112e4cc619cb","name":"ElCanillita.info Guzzo Photos &amp; Graphic Publications","image":{"@type":"ImageObject","inLanguage":"es-AR","@id":"https:\/\/secure.gravatar.com\/avatar\/8914fbe0ef09248907e331ab93dfa89c7f76decf6b51cd1b2f8444e6260db772?s=96&d=mm&r=g","url":"https:\/\/secure.gravatar.com\/avatar\/8914fbe0ef09248907e331ab93dfa89c7f76decf6b51cd1b2f8444e6260db772?s=96&d=mm&r=g","contentUrl":"https:\/\/secure.gravatar.com\/avatar\/8914fbe0ef09248907e331ab93dfa89c7f76decf6b51cd1b2f8444e6260db772?s=96&d=mm&r=g","caption":"ElCanillita.info Guzzo Photos &amp; Graphic Publications"},"sameAs":["http:\/\/guzzophotos.com"]}]}},"views":112,"_links":{"self":[{"href":"https:\/\/elcanillita.info\/press\/wp-json\/wp\/v2\/posts\/5559","targetHints":{"allow":["GET"]}}],"collection":[{"href":"https:\/\/elcanillita.info\/press\/wp-json\/wp\/v2\/posts"}],"about":[{"href":"https:\/\/elcanillita.info\/press\/wp-json\/wp\/v2\/types\/post"}],"author":[{"embeddable":true,"href":"https:\/\/elcanillita.info\/press\/wp-json\/wp\/v2\/users\/14"}],"replies":[{"embeddable":true,"href":"https:\/\/elcanillita.info\/press\/wp-json\/wp\/v2\/comments?post=5559"}],"version-history":[{"count":0,"href":"https:\/\/elcanillita.info\/press\/wp-json\/wp\/v2\/posts\/5559\/revisions"}],"wp:attachment":[{"href":"https:\/\/elcanillita.info\/press\/wp-json\/wp\/v2\/media?parent=5559"}],"wp:term":[{"taxonomy":"category","embeddable":true,"href":"https:\/\/elcanillita.info\/press\/wp-json\/wp\/v2\/categories?post=5559"},{"taxonomy":"post_tag","embeddable":true,"href":"https:\/\/elcanillita.info\/press\/wp-json\/wp\/v2\/tags?post=5559"}],"curies":[{"name":"wp","href":"https:\/\/api.w.org\/{rel}","templated":true}]}}