{"id":5558,"date":"2025-10-28T09:48:42","date_gmt":"2025-10-28T12:48:42","guid":{"rendered":"https:\/\/elcanillita.info\/press\/?p=5558"},"modified":"2025-10-28T09:49:21","modified_gmt":"2025-10-28T12:49:21","slug":"milei-y-su-orquesta-de-poder-desafinado","status":"publish","type":"post","link":"https:\/\/elcanillita.info\/press\/2025\/10\/28\/milei-y-su-orquesta-de-poder-desafinado\/","title":{"rendered":"\ud83d\uddde\ufe0f \ud83d\udcb0\ud83d\udcb9 \ud83c\udfdb\ufe0f Milei y su orquesta de poder desafinado"},"content":{"rendered":"\n<p class=\"p1\">El Gobierno canta victoria, pero desafina en los camarines.<\/p>\n\n\n\n<p class=\"p1\">A pesar del triunfo en las urnas, Javier Milei opt\u00f3 por no mover una sola ficha de su gabinete, al menos hasta diciembre. No es prudencia: es supervivencia. Cada nombre que toca puede hacer estallar una cuerda distinta dentro de su propio instrumento pol\u00edtico.<\/p>\n\n\n\n<p class=\"p1\">La \u201chermana omnipresente\u201d, Karina Milei, se plant\u00f3 con los primos Menem a su alrededor y una sonrisa de \u201cyo tambi\u00e9n gan\u00e9\u201d mientras Santiago Caputo \u2014el cerebro del marketing libertario\u2014 mascullaba entre dientes su papel cada vez m\u00e1s borroso. Ambos fueron elogiados por el presidente en su discurso: un gesto de equilibrio para evitar que el barco se hunda con el champ\u00e1n todav\u00eda en la mano.<\/p>\n\n\n\n<p class=\"p1\">En la trastienda, el fuego cruzado no cesa. Caputo reclama formalidad y poder real; Karina y los Menem defienden su control del aparato pol\u00edtico con u\u00f1as, dientes y hashtags. Guillermo Francos intenta hacer de bombero, pero los incendios internos se multiplican m\u00e1s r\u00e1pido que los decretos.<\/p>\n\n\n\n<p class=\"p1\">El Milei triunfante del domingo se transform\u00f3 en un Milei dubitativo el lunes. Prometi\u00f3 cambios, pero pate\u00f3 la pelota hacia diciembre: \u201cTengo tiempo\u201d, dijo en A24, como si el reloj pol\u00edtico no tuviera segundero. Mientras tanto, los ministerios se paralizan, los asesores cuchichean y los aliados observan la escena con un silencio cada vez m\u00e1s inc\u00f3modo.<\/p>\n\n\n\n<p class=\"p1\">En la noche electoral, Karina apareci\u00f3 ante c\u00e1maras por primera vez como vocera de facto del Gobierno. Detr\u00e1s, Mart\u00edn Menem sonre\u00eda satisfecho: la escena pareci\u00f3 un spot del clan libertario familiar. Caputo, ausente de ese cuadro, sigue operando desde las sombras y disputando territorios invisibles.<\/p>\n\n\n\n<p class=\"p1\">El presidente, que en campa\u00f1a predic\u00f3 contra la \u201ccasta\u201d, hoy lidia con su versi\u00f3n interna de la aristocracia del poder. Una corte de libertarios convertidos en cortesanos.<\/p>\n\n\n\n<p class=\"p1\">Y mientras posterga decisiones, el tiempo \u2014ese enemigo que no se puede dolarizar\u2014 empieza a mostrar su precio.<\/p>\n\n\n\n<p><\/p>\n\n\n\n<p>\u270d\ufe0f \u00a9\ufe0f 2025&nbsp; El Fil\u00f3sofo del Asado &#8211;&nbsp; All Rights Reserved<\/p>\n\n\n\n<p><\/p>\n\n\n<p><small>\u00a9\ufe0f2025  Guzzo Photos  &#038; Graphic Publications \u2013 All Rights Reserved \u2013 Copyright \u00a9\ufe0f 2025 SalaStampa.eu, world press service \u2013 Guzzo Photos &#038; Graphic Publications \u2013 Registro Editori e Stampatori n. 1441 Turin, Italy<\/small><\/p>\n\n\n<p><\/p>\n","protected":false},"excerpt":{"rendered":"<p>El presidente posterga los cambios de gabinete mientras crecen las tensiones entre Karina y Caputo. El \u201c\u00e9xito electoral\u201d no logra disimular el ruido interno del grupo libertario.<\/p>\n","protected":false},"author":14,"featured_media":0,"comment_status":"closed","ping_status":"","sticky":false,"template":"","format":"standard","meta":{"footnotes":"","_links_to":"","_links_to_target":""},"categories":[108,121,70,11,123,23,25],"tags":[29],"class_list":["post-5558","post","type-post","status-publish","format-standard","hentry","category-blogdiario","category-dc24","category-actualidad","category-america-del-sur","category-argentina","category-politica","category-sociedad","tag-argentina","entry","double"],"yoast_head":"<!-- This site is optimized with the Yoast SEO plugin v27.5 - https:\/\/yoast.com\/product\/yoast-seo-wordpress\/ -->\n<title>\ud83d\uddde\ufe0f \ud83d\udcb0\ud83d\udcb9 \ud83c\udfdb\ufe0f Milei y su orquesta de poder desafinado - ElCanillita.Info<\/title>\n<meta name=\"robots\" content=\"index, follow, max-snippet:-1, max-image-preview:large, max-video-preview:-1\" \/>\n<link rel=\"canonical\" href=\"https:\/\/elcanillita.info\/press\/2025\/10\/28\/milei-y-su-orquesta-de-poder-desafinado\/\" \/>\n<meta property=\"og:locale\" content=\"es_ES\" \/>\n<meta property=\"og:type\" content=\"article\" \/>\n<meta property=\"og:title\" content=\"\ud83d\uddde\ufe0f \ud83d\udcb0\ud83d\udcb9 \ud83c\udfdb\ufe0f Milei y su orquesta de poder desafinado - ElCanillita.Info\" \/>\n<meta property=\"og:description\" content=\"El presidente posterga los cambios de gabinete mientras crecen las tensiones entre Karina y Caputo. El \u201c\u00e9xito electoral\u201d no logra disimular el ruido interno del grupo libertario.\" \/>\n<meta property=\"og:url\" content=\"https:\/\/elcanillita.info\/press\/2025\/10\/28\/milei-y-su-orquesta-de-poder-desafinado\/\" \/>\n<meta property=\"og:site_name\" content=\"ElCanillita.Info\" \/>\n<meta property=\"article:publisher\" content=\"https:\/\/ar-ar.facebook.com\/ElCanillitainfo-114249515285712\/\" \/>\n<meta property=\"article:published_time\" content=\"2025-10-28T12:48:42+00:00\" \/>\n<meta property=\"article:modified_time\" content=\"2025-10-28T12:49:21+00:00\" \/>\n<meta name=\"author\" content=\"ElCanillita.info Guzzo Photos &amp; Graphic Publications\" \/>\n<meta name=\"twitter:card\" content=\"summary_large_image\" \/>\n<meta name=\"twitter:label1\" content=\"Escrito por\" \/>\n\t<meta name=\"twitter:data1\" content=\"ElCanillita.info Guzzo Photos &amp; Graphic Publications\" \/>\n\t<meta name=\"twitter:label2\" content=\"Tiempo de lectura\" \/>\n\t<meta name=\"twitter:data2\" content=\"2 minutos\" \/>\n<script type=\"application\/ld+json\" class=\"yoast-schema-graph\">{\"@context\":\"https:\\\/\\\/schema.org\",\"@graph\":[{\"@type\":\"Article\",\"@id\":\"https:\\\/\\\/elcanillita.info\\\/press\\\/2025\\\/10\\\/28\\\/milei-y-su-orquesta-de-poder-desafinado\\\/#article\",\"isPartOf\":{\"@id\":\"https:\\\/\\\/elcanillita.info\\\/press\\\/2025\\\/10\\\/28\\\/milei-y-su-orquesta-de-poder-desafinado\\\/\"},\"author\":{\"name\":\"ElCanillita.info Guzzo Photos &amp; Graphic Publications\",\"@id\":\"https:\\\/\\\/elcanillita.info\\\/press\\\/#\\\/schema\\\/person\\\/e37a550cff8f5f3407ed112e4cc619cb\"},\"headline\":\"\ud83d\uddde\ufe0f \ud83d\udcb0\ud83d\udcb9 \ud83c\udfdb\ufe0f Milei y su orquesta de poder desafinado\",\"datePublished\":\"2025-10-28T12:48:42+00:00\",\"dateModified\":\"2025-10-28T12:49:21+00:00\",\"mainEntityOfPage\":{\"@id\":\"https:\\\/\\\/elcanillita.info\\\/press\\\/2025\\\/10\\\/28\\\/milei-y-su-orquesta-de-poder-desafinado\\\/\"},\"wordCount\":370,\"publisher\":{\"@id\":\"https:\\\/\\\/elcanillita.info\\\/press\\\/#organization\"},\"keywords\":[\"Argentina\"],\"articleSection\":[\".\",\".\",\"Actualidad\",\"Am\u00e9rica del Sur\",\"Argentina\",\"Politica\",\"Sociedad\"],\"inLanguage\":\"es-AR\"},{\"@type\":\"WebPage\",\"@id\":\"https:\\\/\\\/elcanillita.info\\\/press\\\/2025\\\/10\\\/28\\\/milei-y-su-orquesta-de-poder-desafinado\\\/\",\"url\":\"https:\\\/\\\/elcanillita.info\\\/press\\\/2025\\\/10\\\/28\\\/milei-y-su-orquesta-de-poder-desafinado\\\/\",\"name\":\"\ud83d\uddde\ufe0f \ud83d\udcb0\ud83d\udcb9 \ud83c\udfdb\ufe0f Milei y su orquesta de poder desafinado - ElCanillita.Info\",\"isPartOf\":{\"@id\":\"https:\\\/\\\/elcanillita.info\\\/press\\\/#website\"},\"datePublished\":\"2025-10-28T12:48:42+00:00\",\"dateModified\":\"2025-10-28T12:49:21+00:00\",\"inLanguage\":\"es-AR\",\"potentialAction\":[{\"@type\":\"ReadAction\",\"target\":[\"https:\\\/\\\/elcanillita.info\\\/press\\\/2025\\\/10\\\/28\\\/milei-y-su-orquesta-de-poder-desafinado\\\/\"]}]},{\"@type\":\"WebSite\",\"@id\":\"https:\\\/\\\/elcanillita.info\\\/press\\\/#website\",\"url\":\"https:\\\/\\\/elcanillita.info\\\/press\\\/\",\"name\":\"ElCanillita.Info\",\"description\":\"desde los Apeninos a los Andes\",\"publisher\":{\"@id\":\"https:\\\/\\\/elcanillita.info\\\/press\\\/#organization\"},\"potentialAction\":[{\"@type\":\"SearchAction\",\"target\":{\"@type\":\"EntryPoint\",\"urlTemplate\":\"https:\\\/\\\/elcanillita.info\\\/press\\\/?s={search_term_string}\"},\"query-input\":{\"@type\":\"PropertyValueSpecification\",\"valueRequired\":true,\"valueName\":\"search_term_string\"}}],\"inLanguage\":\"es-AR\"},{\"@type\":\"Organization\",\"@id\":\"https:\\\/\\\/elcanillita.info\\\/press\\\/#organization\",\"name\":\"Guzzo Photos & Graphic Publications\",\"url\":\"https:\\\/\\\/elcanillita.info\\\/press\\\/\",\"logo\":{\"@type\":\"ImageObject\",\"inLanguage\":\"es-AR\",\"@id\":\"https:\\\/\\\/elcanillita.info\\\/press\\\/#\\\/schema\\\/logo\\\/image\\\/\",\"url\":\"https:\\\/\\\/elcanillita.info\\\/press\\\/images\\\/2020\\\/01\\\/cropped-cropped-cropped-elcanillitainfo.png\",\"contentUrl\":\"https:\\\/\\\/elcanillita.info\\\/press\\\/images\\\/2020\\\/01\\\/cropped-cropped-cropped-elcanillitainfo.png\",\"width\":460,\"height\":50,\"caption\":\"Guzzo Photos & Graphic Publications\"},\"image\":{\"@id\":\"https:\\\/\\\/elcanillita.info\\\/press\\\/#\\\/schema\\\/logo\\\/image\\\/\"},\"sameAs\":[\"https:\\\/\\\/ar-ar.facebook.com\\\/ElCanillitainfo-114249515285712\\\/\"]},{\"@type\":\"Person\",\"@id\":\"https:\\\/\\\/elcanillita.info\\\/press\\\/#\\\/schema\\\/person\\\/e37a550cff8f5f3407ed112e4cc619cb\",\"name\":\"ElCanillita.info Guzzo Photos &amp; Graphic Publications\",\"image\":{\"@type\":\"ImageObject\",\"inLanguage\":\"es-AR\",\"@id\":\"https:\\\/\\\/secure.gravatar.com\\\/avatar\\\/8914fbe0ef09248907e331ab93dfa89c7f76decf6b51cd1b2f8444e6260db772?s=96&d=mm&r=g\",\"url\":\"https:\\\/\\\/secure.gravatar.com\\\/avatar\\\/8914fbe0ef09248907e331ab93dfa89c7f76decf6b51cd1b2f8444e6260db772?s=96&d=mm&r=g\",\"contentUrl\":\"https:\\\/\\\/secure.gravatar.com\\\/avatar\\\/8914fbe0ef09248907e331ab93dfa89c7f76decf6b51cd1b2f8444e6260db772?s=96&d=mm&r=g\",\"caption\":\"ElCanillita.info Guzzo Photos &amp; Graphic Publications\"},\"sameAs\":[\"http:\\\/\\\/guzzophotos.com\"]}]}<\/script>\n<!-- \/ Yoast SEO plugin. -->","yoast_head_json":{"title":"\ud83d\uddde\ufe0f \ud83d\udcb0\ud83d\udcb9 \ud83c\udfdb\ufe0f Milei y su orquesta de poder desafinado - ElCanillita.Info","robots":{"index":"index","follow":"follow","max-snippet":"max-snippet:-1","max-image-preview":"max-image-preview:large","max-video-preview":"max-video-preview:-1"},"canonical":"https:\/\/elcanillita.info\/press\/2025\/10\/28\/milei-y-su-orquesta-de-poder-desafinado\/","og_locale":"es_ES","og_type":"article","og_title":"\ud83d\uddde\ufe0f \ud83d\udcb0\ud83d\udcb9 \ud83c\udfdb\ufe0f Milei y su orquesta de poder desafinado - ElCanillita.Info","og_description":"El presidente posterga los cambios de gabinete mientras crecen las tensiones entre Karina y Caputo. El \u201c\u00e9xito electoral\u201d no logra disimular el ruido interno del grupo libertario.","og_url":"https:\/\/elcanillita.info\/press\/2025\/10\/28\/milei-y-su-orquesta-de-poder-desafinado\/","og_site_name":"ElCanillita.Info","article_publisher":"https:\/\/ar-ar.facebook.com\/ElCanillitainfo-114249515285712\/","article_published_time":"2025-10-28T12:48:42+00:00","article_modified_time":"2025-10-28T12:49:21+00:00","author":"ElCanillita.info Guzzo Photos &amp; Graphic Publications","twitter_card":"summary_large_image","twitter_misc":{"Escrito por":"ElCanillita.info Guzzo Photos &amp; Graphic Publications","Tiempo de lectura":"2 minutos"},"schema":{"@context":"https:\/\/schema.org","@graph":[{"@type":"Article","@id":"https:\/\/elcanillita.info\/press\/2025\/10\/28\/milei-y-su-orquesta-de-poder-desafinado\/#article","isPartOf":{"@id":"https:\/\/elcanillita.info\/press\/2025\/10\/28\/milei-y-su-orquesta-de-poder-desafinado\/"},"author":{"name":"ElCanillita.info Guzzo Photos &amp; Graphic Publications","@id":"https:\/\/elcanillita.info\/press\/#\/schema\/person\/e37a550cff8f5f3407ed112e4cc619cb"},"headline":"\ud83d\uddde\ufe0f \ud83d\udcb0\ud83d\udcb9 \ud83c\udfdb\ufe0f Milei y su orquesta de poder desafinado","datePublished":"2025-10-28T12:48:42+00:00","dateModified":"2025-10-28T12:49:21+00:00","mainEntityOfPage":{"@id":"https:\/\/elcanillita.info\/press\/2025\/10\/28\/milei-y-su-orquesta-de-poder-desafinado\/"},"wordCount":370,"publisher":{"@id":"https:\/\/elcanillita.info\/press\/#organization"},"keywords":["Argentina"],"articleSection":[".",".","Actualidad","Am\u00e9rica del Sur","Argentina","Politica","Sociedad"],"inLanguage":"es-AR"},{"@type":"WebPage","@id":"https:\/\/elcanillita.info\/press\/2025\/10\/28\/milei-y-su-orquesta-de-poder-desafinado\/","url":"https:\/\/elcanillita.info\/press\/2025\/10\/28\/milei-y-su-orquesta-de-poder-desafinado\/","name":"\ud83d\uddde\ufe0f \ud83d\udcb0\ud83d\udcb9 \ud83c\udfdb\ufe0f Milei y su orquesta de poder desafinado - ElCanillita.Info","isPartOf":{"@id":"https:\/\/elcanillita.info\/press\/#website"},"datePublished":"2025-10-28T12:48:42+00:00","dateModified":"2025-10-28T12:49:21+00:00","inLanguage":"es-AR","potentialAction":[{"@type":"ReadAction","target":["https:\/\/elcanillita.info\/press\/2025\/10\/28\/milei-y-su-orquesta-de-poder-desafinado\/"]}]},{"@type":"WebSite","@id":"https:\/\/elcanillita.info\/press\/#website","url":"https:\/\/elcanillita.info\/press\/","name":"ElCanillita.Info","description":"desde los Apeninos a los Andes","publisher":{"@id":"https:\/\/elcanillita.info\/press\/#organization"},"potentialAction":[{"@type":"SearchAction","target":{"@type":"EntryPoint","urlTemplate":"https:\/\/elcanillita.info\/press\/?s={search_term_string}"},"query-input":{"@type":"PropertyValueSpecification","valueRequired":true,"valueName":"search_term_string"}}],"inLanguage":"es-AR"},{"@type":"Organization","@id":"https:\/\/elcanillita.info\/press\/#organization","name":"Guzzo Photos & Graphic Publications","url":"https:\/\/elcanillita.info\/press\/","logo":{"@type":"ImageObject","inLanguage":"es-AR","@id":"https:\/\/elcanillita.info\/press\/#\/schema\/logo\/image\/","url":"https:\/\/elcanillita.info\/press\/images\/2020\/01\/cropped-cropped-cropped-elcanillitainfo.png","contentUrl":"https:\/\/elcanillita.info\/press\/images\/2020\/01\/cropped-cropped-cropped-elcanillitainfo.png","width":460,"height":50,"caption":"Guzzo Photos & Graphic Publications"},"image":{"@id":"https:\/\/elcanillita.info\/press\/#\/schema\/logo\/image\/"},"sameAs":["https:\/\/ar-ar.facebook.com\/ElCanillitainfo-114249515285712\/"]},{"@type":"Person","@id":"https:\/\/elcanillita.info\/press\/#\/schema\/person\/e37a550cff8f5f3407ed112e4cc619cb","name":"ElCanillita.info Guzzo Photos &amp; Graphic Publications","image":{"@type":"ImageObject","inLanguage":"es-AR","@id":"https:\/\/secure.gravatar.com\/avatar\/8914fbe0ef09248907e331ab93dfa89c7f76decf6b51cd1b2f8444e6260db772?s=96&d=mm&r=g","url":"https:\/\/secure.gravatar.com\/avatar\/8914fbe0ef09248907e331ab93dfa89c7f76decf6b51cd1b2f8444e6260db772?s=96&d=mm&r=g","contentUrl":"https:\/\/secure.gravatar.com\/avatar\/8914fbe0ef09248907e331ab93dfa89c7f76decf6b51cd1b2f8444e6260db772?s=96&d=mm&r=g","caption":"ElCanillita.info Guzzo Photos &amp; Graphic Publications"},"sameAs":["http:\/\/guzzophotos.com"]}]}},"views":128,"_links":{"self":[{"href":"https:\/\/elcanillita.info\/press\/wp-json\/wp\/v2\/posts\/5558","targetHints":{"allow":["GET"]}}],"collection":[{"href":"https:\/\/elcanillita.info\/press\/wp-json\/wp\/v2\/posts"}],"about":[{"href":"https:\/\/elcanillita.info\/press\/wp-json\/wp\/v2\/types\/post"}],"author":[{"embeddable":true,"href":"https:\/\/elcanillita.info\/press\/wp-json\/wp\/v2\/users\/14"}],"replies":[{"embeddable":true,"href":"https:\/\/elcanillita.info\/press\/wp-json\/wp\/v2\/comments?post=5558"}],"version-history":[{"count":0,"href":"https:\/\/elcanillita.info\/press\/wp-json\/wp\/v2\/posts\/5558\/revisions"}],"wp:attachment":[{"href":"https:\/\/elcanillita.info\/press\/wp-json\/wp\/v2\/media?parent=5558"}],"wp:term":[{"taxonomy":"category","embeddable":true,"href":"https:\/\/elcanillita.info\/press\/wp-json\/wp\/v2\/categories?post=5558"},{"taxonomy":"post_tag","embeddable":true,"href":"https:\/\/elcanillita.info\/press\/wp-json\/wp\/v2\/tags?post=5558"}],"curies":[{"name":"wp","href":"https:\/\/api.w.org\/{rel}","templated":true}]}}