{"id":5554,"date":"2025-10-26T12:46:43","date_gmt":"2025-10-26T15:46:43","guid":{"rendered":"https:\/\/elcanillita.info\/press\/?p=5554"},"modified":"2025-10-26T17:47:23","modified_gmt":"2025-10-26T20:47:23","slug":"el-pulgar-de-milei-y-la-maldicion-del-pollex-versus","status":"publish","type":"post","link":"https:\/\/elcanillita.info\/press\/2025\/10\/26\/el-pulgar-de-milei-y-la-maldicion-del-pollex-versus\/","title":{"rendered":"\ud83d\uddde\ufe0f El pulgar de Milei y la maldici\u00f3n del \u201cpollex versus\u201d"},"content":{"rendered":"\n<figure class=\"wp-block-image size-large\"><img loading=\"lazy\" decoding=\"async\" width=\"600\" height=\"403\" src=\"https:\/\/elcanillita.info\/press\/images\/2025\/10\/img_0871.jpg\" alt=\"\" class=\"wp-image-5555\" srcset=\"https:\/\/elcanillita.info\/press\/images\/2025\/10\/img_0871.jpg 600w, https:\/\/elcanillita.info\/press\/images\/2025\/10\/img_0871-300x202.jpg 300w\" sizes=\"auto, (max-width: 600px) 100vw, 600px\" \/><figcaption class=\"wp-element-caption\"><br \/>Lienzo Pollice verso de Jean-L\u00e9on G\u00e9r\u00f4me (1872)<\/figcaption><\/figure>\n\n\n\n<p class=\"p1\">(O de c\u00f3mo el gesto romano termin\u00f3 invocando a Trump desde el Coliseo financiero)<\/p>\n\n\n\n<p class=\"p1\">En la Roma antigua, un gladiador esperaba el veredicto final mirando hacia las gradas. Bastaba un pulgar para decidir su destino. No hab\u00eda encuestas, focus groups ni asesores de imagen: solo un \u201cpollex versus\u201d y la multitud rugiendo. Hoy, dos milenios despu\u00e9s, Javier Milei repite el gesto \u2014pulgares alzados, sonrisa de vencedor\u2014 convencido de haber sobrevivido a la arena pol\u00edtica.<\/p>\n\n\n\n<p class=\"p1\">El problema es que ni Juvenal ni Prudencio se pondr\u00edan de acuerdo sobre lo que quiso decir. En los textos latinos, el \u201cverso pollici\u201d o \u201cconverso pollici\u201d no significa necesariamente \u201cpulgar abajo\u201d como Hollywood nos ense\u00f1\u00f3. Es probable que fuera el pulgar hacia arriba \u2014la espada desenvainada\u2014 el que condenaba al vencido. En cambio, el pu\u00f1o cerrado, s\u00edmbolo de clemencia, guardaba el filo.<\/p>\n\n\n\n<p class=\"p1\">As\u00ed que cuando Milei levanta ambos pulgares crey\u00e9ndose el gladiador invicto, quiz\u00e1s \u2014sin saberlo\u2014 est\u00e1 ordenando su propia ejecuci\u00f3n pol\u00edtica.<\/p>\n\n\n\n<p class=\"p1\">El malentendido moderno naci\u00f3 en 1872, con el lienzo Pollice verso de Jean-L\u00e9on G\u00e9r\u00f4me. Las vestales con el dedo hacia abajo pidiendo sangre encendieron la imaginaci\u00f3n de Occidente. Hollywood hizo el resto: Ridley Scott en Gladiador lo adopt\u00f3 como dogma visual. Lo falso se volvi\u00f3 can\u00f3nico, y lo can\u00f3nico, espect\u00e1culo.<\/p>\n\n\n\n<p class=\"p1\">Milei, disc\u00edpulo de esa cultura de memes, c\u00e1maras y gritos, hereda el mismo equ\u00edvoco: cree que levantar el pulgar es sin\u00f3nimo de victoria. Pero en la historia romana, el p\u00fablico \u2014no el emperador\u2014 ten\u00eda la \u00faltima palabra.<\/p>\n\n\n\n<p class=\"p1\">Y ah\u00ed est\u00e1 su tragedia: el p\u00fablico argentino, exhausto y dividido, ya no ruge, bosteza. La econom\u00eda no perdona errores de traducci\u00f3n. El \u201cpollex verso\u201d del pueblo puede girar en cualquier momento.<\/p>\n\n\n\n<p class=\"p1\">El verdadero problema, gane o pierda, no es Bessent, ni Caputo, ni las consultoras de Wall Street. El verdadero problema es que, en el Coliseo global, su \u00fanico aliado sigue siendo Donald Trump. Y ese emperador, como se sabe, tambi\u00e9n gobierna por pulgares.<\/p>\n\n\n\n<p><\/p>\n\n\n\n<p>&nbsp;\u270d\ufe0f \u00a9\ufe0f 2025&nbsp; El Escriba del Silencio &#8211; All Rights Reserved<\/p>\n\n\n<p><small>\u00a9\ufe0f2025  Guzzo Photos  &#038; Graphic Publications \u2013 All Rights Reserved \u2013 Copyright \u00a9\ufe0f 2025 SalaStampa.eu, world press service \u2013 Guzzo Photos &#038; Graphic Publications \u2013 Registro Editori e Stampatori n. 1441 Turin, Italy<\/small><\/p>\n\n\n<p><\/p>\n\n\n\n<p><\/p>\n","protected":false},"excerpt":{"rendered":"<p>El malentendido moderno naci\u00f3 en 1872, con el lienzo Pollice verso de Jean-L\u00e9on G\u00e9r\u00f4me.<\/p>\n","protected":false},"author":14,"featured_media":5556,"comment_status":"closed","ping_status":"","sticky":false,"template":"","format":"standard","meta":{"footnotes":"","_links_to":"","_links_to_target":""},"categories":[108,121,70,11,123,19,20,23,137],"tags":[29],"class_list":["post-5554","post","type-post","status-publish","format-standard","has-post-thumbnail","hentry","category-blogdiario","category-dc24","category-actualidad","category-america-del-sur","category-argentina","category-cultura","category-economia","category-politica","category-sociedad-y-valores","tag-argentina","entry","double"],"yoast_head":"<!-- This site is optimized with the Yoast SEO plugin v27.5 - https:\/\/yoast.com\/product\/yoast-seo-wordpress\/ -->\n<title>\ud83d\uddde\ufe0f El pulgar de Milei y la maldici\u00f3n del \u201cpollex versus\u201d - ElCanillita.Info<\/title>\n<meta name=\"robots\" content=\"index, follow, max-snippet:-1, max-image-preview:large, max-video-preview:-1\" \/>\n<link rel=\"canonical\" href=\"https:\/\/elcanillita.info\/press\/2025\/10\/26\/el-pulgar-de-milei-y-la-maldicion-del-pollex-versus\/\" \/>\n<meta property=\"og:locale\" content=\"es_ES\" \/>\n<meta property=\"og:type\" content=\"article\" \/>\n<meta property=\"og:title\" content=\"\ud83d\uddde\ufe0f El pulgar de Milei y la maldici\u00f3n del \u201cpollex versus\u201d - ElCanillita.Info\" \/>\n<meta property=\"og:description\" content=\"El malentendido moderno naci\u00f3 en 1872, con el lienzo Pollice verso de Jean-L\u00e9on G\u00e9r\u00f4me.\" \/>\n<meta property=\"og:url\" content=\"https:\/\/elcanillita.info\/press\/2025\/10\/26\/el-pulgar-de-milei-y-la-maldicion-del-pollex-versus\/\" \/>\n<meta property=\"og:site_name\" content=\"ElCanillita.Info\" \/>\n<meta property=\"article:publisher\" content=\"https:\/\/ar-ar.facebook.com\/ElCanillitainfo-114249515285712\/\" \/>\n<meta property=\"article:published_time\" content=\"2025-10-26T15:46:43+00:00\" \/>\n<meta property=\"article:modified_time\" content=\"2025-10-26T20:47:23+00:00\" \/>\n<meta property=\"og:image\" content=\"https:\/\/elcanillita.info\/press\/images\/2025\/10\/img_0871-1.jpg\" \/>\n\t<meta property=\"og:image:width\" content=\"600\" \/>\n\t<meta property=\"og:image:height\" content=\"403\" \/>\n\t<meta property=\"og:image:type\" content=\"image\/jpeg\" \/>\n<meta name=\"author\" content=\"ElCanillita.info Guzzo Photos &amp; Graphic Publications\" \/>\n<meta name=\"twitter:card\" content=\"summary_large_image\" \/>\n<meta name=\"twitter:label1\" content=\"Escrito por\" \/>\n\t<meta name=\"twitter:data1\" content=\"ElCanillita.info Guzzo Photos &amp; Graphic Publications\" \/>\n\t<meta name=\"twitter:label2\" content=\"Tiempo de lectura\" \/>\n\t<meta name=\"twitter:data2\" content=\"2 minutos\" \/>\n<script type=\"application\/ld+json\" class=\"yoast-schema-graph\">{\"@context\":\"https:\\\/\\\/schema.org\",\"@graph\":[{\"@type\":\"Article\",\"@id\":\"https:\\\/\\\/elcanillita.info\\\/press\\\/2025\\\/10\\\/26\\\/el-pulgar-de-milei-y-la-maldicion-del-pollex-versus\\\/#article\",\"isPartOf\":{\"@id\":\"https:\\\/\\\/elcanillita.info\\\/press\\\/2025\\\/10\\\/26\\\/el-pulgar-de-milei-y-la-maldicion-del-pollex-versus\\\/\"},\"author\":{\"name\":\"ElCanillita.info Guzzo Photos &amp; Graphic Publications\",\"@id\":\"https:\\\/\\\/elcanillita.info\\\/press\\\/#\\\/schema\\\/person\\\/e37a550cff8f5f3407ed112e4cc619cb\"},\"headline\":\"\ud83d\uddde\ufe0f El pulgar de Milei y la maldici\u00f3n del \u201cpollex versus\u201d\",\"datePublished\":\"2025-10-26T15:46:43+00:00\",\"dateModified\":\"2025-10-26T20:47:23+00:00\",\"mainEntityOfPage\":{\"@id\":\"https:\\\/\\\/elcanillita.info\\\/press\\\/2025\\\/10\\\/26\\\/el-pulgar-de-milei-y-la-maldicion-del-pollex-versus\\\/\"},\"wordCount\":400,\"publisher\":{\"@id\":\"https:\\\/\\\/elcanillita.info\\\/press\\\/#organization\"},\"image\":{\"@id\":\"https:\\\/\\\/elcanillita.info\\\/press\\\/2025\\\/10\\\/26\\\/el-pulgar-de-milei-y-la-maldicion-del-pollex-versus\\\/#primaryimage\"},\"thumbnailUrl\":\"https:\\\/\\\/elcanillita.info\\\/press\\\/images\\\/2025\\\/10\\\/img_0871-1.jpg\",\"keywords\":[\"Argentina\"],\"articleSection\":[\".\",\".\",\"Actualidad\",\"Am\u00e9rica del Sur\",\"Argentina\",\"Cultura\",\"Economia\",\"Politica\",\"Sociedad y valores\"],\"inLanguage\":\"es-AR\"},{\"@type\":\"WebPage\",\"@id\":\"https:\\\/\\\/elcanillita.info\\\/press\\\/2025\\\/10\\\/26\\\/el-pulgar-de-milei-y-la-maldicion-del-pollex-versus\\\/\",\"url\":\"https:\\\/\\\/elcanillita.info\\\/press\\\/2025\\\/10\\\/26\\\/el-pulgar-de-milei-y-la-maldicion-del-pollex-versus\\\/\",\"name\":\"\ud83d\uddde\ufe0f El pulgar de Milei y la maldici\u00f3n del \u201cpollex versus\u201d - ElCanillita.Info\",\"isPartOf\":{\"@id\":\"https:\\\/\\\/elcanillita.info\\\/press\\\/#website\"},\"primaryImageOfPage\":{\"@id\":\"https:\\\/\\\/elcanillita.info\\\/press\\\/2025\\\/10\\\/26\\\/el-pulgar-de-milei-y-la-maldicion-del-pollex-versus\\\/#primaryimage\"},\"image\":{\"@id\":\"https:\\\/\\\/elcanillita.info\\\/press\\\/2025\\\/10\\\/26\\\/el-pulgar-de-milei-y-la-maldicion-del-pollex-versus\\\/#primaryimage\"},\"thumbnailUrl\":\"https:\\\/\\\/elcanillita.info\\\/press\\\/images\\\/2025\\\/10\\\/img_0871-1.jpg\",\"datePublished\":\"2025-10-26T15:46:43+00:00\",\"dateModified\":\"2025-10-26T20:47:23+00:00\",\"inLanguage\":\"es-AR\",\"potentialAction\":[{\"@type\":\"ReadAction\",\"target\":[\"https:\\\/\\\/elcanillita.info\\\/press\\\/2025\\\/10\\\/26\\\/el-pulgar-de-milei-y-la-maldicion-del-pollex-versus\\\/\"]}]},{\"@type\":\"ImageObject\",\"inLanguage\":\"es-AR\",\"@id\":\"https:\\\/\\\/elcanillita.info\\\/press\\\/2025\\\/10\\\/26\\\/el-pulgar-de-milei-y-la-maldicion-del-pollex-versus\\\/#primaryimage\",\"url\":\"https:\\\/\\\/elcanillita.info\\\/press\\\/images\\\/2025\\\/10\\\/img_0871-1.jpg\",\"contentUrl\":\"https:\\\/\\\/elcanillita.info\\\/press\\\/images\\\/2025\\\/10\\\/img_0871-1.jpg\",\"width\":600,\"height\":403},{\"@type\":\"WebSite\",\"@id\":\"https:\\\/\\\/elcanillita.info\\\/press\\\/#website\",\"url\":\"https:\\\/\\\/elcanillita.info\\\/press\\\/\",\"name\":\"ElCanillita.Info\",\"description\":\"desde los Apeninos a los Andes\",\"publisher\":{\"@id\":\"https:\\\/\\\/elcanillita.info\\\/press\\\/#organization\"},\"potentialAction\":[{\"@type\":\"SearchAction\",\"target\":{\"@type\":\"EntryPoint\",\"urlTemplate\":\"https:\\\/\\\/elcanillita.info\\\/press\\\/?s={search_term_string}\"},\"query-input\":{\"@type\":\"PropertyValueSpecification\",\"valueRequired\":true,\"valueName\":\"search_term_string\"}}],\"inLanguage\":\"es-AR\"},{\"@type\":\"Organization\",\"@id\":\"https:\\\/\\\/elcanillita.info\\\/press\\\/#organization\",\"name\":\"Guzzo Photos & Graphic Publications\",\"url\":\"https:\\\/\\\/elcanillita.info\\\/press\\\/\",\"logo\":{\"@type\":\"ImageObject\",\"inLanguage\":\"es-AR\",\"@id\":\"https:\\\/\\\/elcanillita.info\\\/press\\\/#\\\/schema\\\/logo\\\/image\\\/\",\"url\":\"https:\\\/\\\/elcanillita.info\\\/press\\\/images\\\/2020\\\/01\\\/cropped-cropped-cropped-elcanillitainfo.png\",\"contentUrl\":\"https:\\\/\\\/elcanillita.info\\\/press\\\/images\\\/2020\\\/01\\\/cropped-cropped-cropped-elcanillitainfo.png\",\"width\":460,\"height\":50,\"caption\":\"Guzzo Photos & Graphic Publications\"},\"image\":{\"@id\":\"https:\\\/\\\/elcanillita.info\\\/press\\\/#\\\/schema\\\/logo\\\/image\\\/\"},\"sameAs\":[\"https:\\\/\\\/ar-ar.facebook.com\\\/ElCanillitainfo-114249515285712\\\/\"]},{\"@type\":\"Person\",\"@id\":\"https:\\\/\\\/elcanillita.info\\\/press\\\/#\\\/schema\\\/person\\\/e37a550cff8f5f3407ed112e4cc619cb\",\"name\":\"ElCanillita.info Guzzo Photos &amp; Graphic Publications\",\"image\":{\"@type\":\"ImageObject\",\"inLanguage\":\"es-AR\",\"@id\":\"https:\\\/\\\/secure.gravatar.com\\\/avatar\\\/8914fbe0ef09248907e331ab93dfa89c7f76decf6b51cd1b2f8444e6260db772?s=96&d=mm&r=g\",\"url\":\"https:\\\/\\\/secure.gravatar.com\\\/avatar\\\/8914fbe0ef09248907e331ab93dfa89c7f76decf6b51cd1b2f8444e6260db772?s=96&d=mm&r=g\",\"contentUrl\":\"https:\\\/\\\/secure.gravatar.com\\\/avatar\\\/8914fbe0ef09248907e331ab93dfa89c7f76decf6b51cd1b2f8444e6260db772?s=96&d=mm&r=g\",\"caption\":\"ElCanillita.info Guzzo Photos &amp; Graphic Publications\"},\"sameAs\":[\"http:\\\/\\\/guzzophotos.com\"]}]}<\/script>\n<!-- \/ Yoast SEO plugin. -->","yoast_head_json":{"title":"\ud83d\uddde\ufe0f El pulgar de Milei y la maldici\u00f3n del \u201cpollex versus\u201d - ElCanillita.Info","robots":{"index":"index","follow":"follow","max-snippet":"max-snippet:-1","max-image-preview":"max-image-preview:large","max-video-preview":"max-video-preview:-1"},"canonical":"https:\/\/elcanillita.info\/press\/2025\/10\/26\/el-pulgar-de-milei-y-la-maldicion-del-pollex-versus\/","og_locale":"es_ES","og_type":"article","og_title":"\ud83d\uddde\ufe0f El pulgar de Milei y la maldici\u00f3n del \u201cpollex versus\u201d - ElCanillita.Info","og_description":"El malentendido moderno naci\u00f3 en 1872, con el lienzo Pollice verso de Jean-L\u00e9on G\u00e9r\u00f4me.","og_url":"https:\/\/elcanillita.info\/press\/2025\/10\/26\/el-pulgar-de-milei-y-la-maldicion-del-pollex-versus\/","og_site_name":"ElCanillita.Info","article_publisher":"https:\/\/ar-ar.facebook.com\/ElCanillitainfo-114249515285712\/","article_published_time":"2025-10-26T15:46:43+00:00","article_modified_time":"2025-10-26T20:47:23+00:00","og_image":[{"width":600,"height":403,"url":"https:\/\/elcanillita.info\/press\/images\/2025\/10\/img_0871-1.jpg","type":"image\/jpeg"}],"author":"ElCanillita.info Guzzo Photos &amp; Graphic Publications","twitter_card":"summary_large_image","twitter_misc":{"Escrito por":"ElCanillita.info Guzzo Photos &amp; Graphic Publications","Tiempo de lectura":"2 minutos"},"schema":{"@context":"https:\/\/schema.org","@graph":[{"@type":"Article","@id":"https:\/\/elcanillita.info\/press\/2025\/10\/26\/el-pulgar-de-milei-y-la-maldicion-del-pollex-versus\/#article","isPartOf":{"@id":"https:\/\/elcanillita.info\/press\/2025\/10\/26\/el-pulgar-de-milei-y-la-maldicion-del-pollex-versus\/"},"author":{"name":"ElCanillita.info Guzzo Photos &amp; Graphic Publications","@id":"https:\/\/elcanillita.info\/press\/#\/schema\/person\/e37a550cff8f5f3407ed112e4cc619cb"},"headline":"\ud83d\uddde\ufe0f El pulgar de Milei y la maldici\u00f3n del \u201cpollex versus\u201d","datePublished":"2025-10-26T15:46:43+00:00","dateModified":"2025-10-26T20:47:23+00:00","mainEntityOfPage":{"@id":"https:\/\/elcanillita.info\/press\/2025\/10\/26\/el-pulgar-de-milei-y-la-maldicion-del-pollex-versus\/"},"wordCount":400,"publisher":{"@id":"https:\/\/elcanillita.info\/press\/#organization"},"image":{"@id":"https:\/\/elcanillita.info\/press\/2025\/10\/26\/el-pulgar-de-milei-y-la-maldicion-del-pollex-versus\/#primaryimage"},"thumbnailUrl":"https:\/\/elcanillita.info\/press\/images\/2025\/10\/img_0871-1.jpg","keywords":["Argentina"],"articleSection":[".",".","Actualidad","Am\u00e9rica del Sur","Argentina","Cultura","Economia","Politica","Sociedad y valores"],"inLanguage":"es-AR"},{"@type":"WebPage","@id":"https:\/\/elcanillita.info\/press\/2025\/10\/26\/el-pulgar-de-milei-y-la-maldicion-del-pollex-versus\/","url":"https:\/\/elcanillita.info\/press\/2025\/10\/26\/el-pulgar-de-milei-y-la-maldicion-del-pollex-versus\/","name":"\ud83d\uddde\ufe0f El pulgar de Milei y la maldici\u00f3n del \u201cpollex versus\u201d - ElCanillita.Info","isPartOf":{"@id":"https:\/\/elcanillita.info\/press\/#website"},"primaryImageOfPage":{"@id":"https:\/\/elcanillita.info\/press\/2025\/10\/26\/el-pulgar-de-milei-y-la-maldicion-del-pollex-versus\/#primaryimage"},"image":{"@id":"https:\/\/elcanillita.info\/press\/2025\/10\/26\/el-pulgar-de-milei-y-la-maldicion-del-pollex-versus\/#primaryimage"},"thumbnailUrl":"https:\/\/elcanillita.info\/press\/images\/2025\/10\/img_0871-1.jpg","datePublished":"2025-10-26T15:46:43+00:00","dateModified":"2025-10-26T20:47:23+00:00","inLanguage":"es-AR","potentialAction":[{"@type":"ReadAction","target":["https:\/\/elcanillita.info\/press\/2025\/10\/26\/el-pulgar-de-milei-y-la-maldicion-del-pollex-versus\/"]}]},{"@type":"ImageObject","inLanguage":"es-AR","@id":"https:\/\/elcanillita.info\/press\/2025\/10\/26\/el-pulgar-de-milei-y-la-maldicion-del-pollex-versus\/#primaryimage","url":"https:\/\/elcanillita.info\/press\/images\/2025\/10\/img_0871-1.jpg","contentUrl":"https:\/\/elcanillita.info\/press\/images\/2025\/10\/img_0871-1.jpg","width":600,"height":403},{"@type":"WebSite","@id":"https:\/\/elcanillita.info\/press\/#website","url":"https:\/\/elcanillita.info\/press\/","name":"ElCanillita.Info","description":"desde los Apeninos a los Andes","publisher":{"@id":"https:\/\/elcanillita.info\/press\/#organization"},"potentialAction":[{"@type":"SearchAction","target":{"@type":"EntryPoint","urlTemplate":"https:\/\/elcanillita.info\/press\/?s={search_term_string}"},"query-input":{"@type":"PropertyValueSpecification","valueRequired":true,"valueName":"search_term_string"}}],"inLanguage":"es-AR"},{"@type":"Organization","@id":"https:\/\/elcanillita.info\/press\/#organization","name":"Guzzo Photos & Graphic Publications","url":"https:\/\/elcanillita.info\/press\/","logo":{"@type":"ImageObject","inLanguage":"es-AR","@id":"https:\/\/elcanillita.info\/press\/#\/schema\/logo\/image\/","url":"https:\/\/elcanillita.info\/press\/images\/2020\/01\/cropped-cropped-cropped-elcanillitainfo.png","contentUrl":"https:\/\/elcanillita.info\/press\/images\/2020\/01\/cropped-cropped-cropped-elcanillitainfo.png","width":460,"height":50,"caption":"Guzzo Photos & Graphic Publications"},"image":{"@id":"https:\/\/elcanillita.info\/press\/#\/schema\/logo\/image\/"},"sameAs":["https:\/\/ar-ar.facebook.com\/ElCanillitainfo-114249515285712\/"]},{"@type":"Person","@id":"https:\/\/elcanillita.info\/press\/#\/schema\/person\/e37a550cff8f5f3407ed112e4cc619cb","name":"ElCanillita.info Guzzo Photos &amp; Graphic Publications","image":{"@type":"ImageObject","inLanguage":"es-AR","@id":"https:\/\/secure.gravatar.com\/avatar\/8914fbe0ef09248907e331ab93dfa89c7f76decf6b51cd1b2f8444e6260db772?s=96&d=mm&r=g","url":"https:\/\/secure.gravatar.com\/avatar\/8914fbe0ef09248907e331ab93dfa89c7f76decf6b51cd1b2f8444e6260db772?s=96&d=mm&r=g","contentUrl":"https:\/\/secure.gravatar.com\/avatar\/8914fbe0ef09248907e331ab93dfa89c7f76decf6b51cd1b2f8444e6260db772?s=96&d=mm&r=g","caption":"ElCanillita.info Guzzo Photos &amp; Graphic Publications"},"sameAs":["http:\/\/guzzophotos.com"]}]}},"views":141,"_links":{"self":[{"href":"https:\/\/elcanillita.info\/press\/wp-json\/wp\/v2\/posts\/5554","targetHints":{"allow":["GET"]}}],"collection":[{"href":"https:\/\/elcanillita.info\/press\/wp-json\/wp\/v2\/posts"}],"about":[{"href":"https:\/\/elcanillita.info\/press\/wp-json\/wp\/v2\/types\/post"}],"author":[{"embeddable":true,"href":"https:\/\/elcanillita.info\/press\/wp-json\/wp\/v2\/users\/14"}],"replies":[{"embeddable":true,"href":"https:\/\/elcanillita.info\/press\/wp-json\/wp\/v2\/comments?post=5554"}],"version-history":[{"count":0,"href":"https:\/\/elcanillita.info\/press\/wp-json\/wp\/v2\/posts\/5554\/revisions"}],"wp:featuredmedia":[{"embeddable":true,"href":"https:\/\/elcanillita.info\/press\/wp-json\/wp\/v2\/media\/5556"}],"wp:attachment":[{"href":"https:\/\/elcanillita.info\/press\/wp-json\/wp\/v2\/media?parent=5554"}],"wp:term":[{"taxonomy":"category","embeddable":true,"href":"https:\/\/elcanillita.info\/press\/wp-json\/wp\/v2\/categories?post=5554"},{"taxonomy":"post_tag","embeddable":true,"href":"https:\/\/elcanillita.info\/press\/wp-json\/wp\/v2\/tags?post=5554"}],"curies":[{"name":"wp","href":"https:\/\/api.w.org\/{rel}","templated":true}]}}