{"id":5547,"date":"2025-10-25T13:22:49","date_gmt":"2025-10-25T16:22:49","guid":{"rendered":"https:\/\/elcanillita.info\/press\/?p=5547"},"modified":"2025-10-25T13:22:49","modified_gmt":"2025-10-25T16:22:49","slug":"argentina-la-cuna-del-derecho-convertida-en-su-propia-tumba","status":"publish","type":"post","link":"https:\/\/elcanillita.info\/press\/2025\/10\/25\/argentina-la-cuna-del-derecho-convertida-en-su-propia-tumba\/","title":{"rendered":"Argentina: la cuna del Derecho convertida en su propia tumba"},"content":{"rendered":"<div class=\"wp-block-image\">\n<figure class=\"alignleft size-full is-resized\"><img loading=\"lazy\" decoding=\"async\" width=\"512\" height=\"512\" src=\"https:\/\/elcanillita.info\/press\/images\/2025\/10\/libered.jpg\" alt=\"\" class=\"wp-image-5548\" style=\"width:394px;height:auto\" srcset=\"https:\/\/elcanillita.info\/press\/images\/2025\/10\/libered.jpg 512w, https:\/\/elcanillita.info\/press\/images\/2025\/10\/libered-300x300.jpg 300w, https:\/\/elcanillita.info\/press\/images\/2025\/10\/libered-150x150.jpg 150w\" sizes=\"auto, (max-width: 512px) 100vw, 512px\" \/><\/figure>\n<\/div>\n\n\n<p>En 1985, el pa\u00eds que hab\u00eda vivido bajo el terror militar dio un ejemplo al mundo: el Juicio a las Juntas. Alfons\u00edn puso en marcha una justicia civil que se atrevi\u00f3 a mirar a los ojos del horror y pronunciar condenas. Argentina volv\u00eda a respirar derecho, no venganza.<\/p>\n\n\n\n<p>Pero con el paso de las d\u00e9cadas, la balanza de la justicia comenz\u00f3 a torcerse por el peso de la pol\u00edtica. Las causas de lesa humanidad \u2014que deber\u00edan haber sido el terreno m\u00e1s sagrado del debido proceso\u2014 se transformaron en trincheras ideol\u00f3gicas. La justicia penal se volvi\u00f3 herramienta partidaria y la cuna del Derecho empez\u00f3 a parecer su propia tumba.<\/p>\n\n\n\n<p>Esta semana, la Corte Suprema record\u00f3 algo que deber\u00eda ser obvio, pero no lo era: que ning\u00fan delito, por m\u00e1s aberrante que sea, puede justificar la violaci\u00f3n de las garant\u00edas procesales. Que la prisi\u00f3n preventiva no es castigo anticipado, sino una medida de excepci\u00f3n. Que sin debido proceso, el Estado se degrada a s\u00ed mismo.<\/p>\n\n\n\n<p>El fallo \u2014dividido, pero firme\u2014 no absuelve a nadie; exige coherencia. Los ministros Rosatti, Rosenkrantz y los conjueces S\u00e1nchez Torres y Tazza marcaron un l\u00edmite: no hay justicia leg\u00edtima si el procedimiento se convierte en revancha. Lorenzetti, en minor\u00eda, prefiri\u00f3 no intervenir.<\/p>\n\n\n\n<p>El caso de Carlos \u201cEl Indio\u201d Castillo, un civil de la CNU detenido hace doce a\u00f1os sin sentencia firme, sirvi\u00f3 de ejemplo: incluso los m\u00e1s aborrecibles tienen derecho a que el Estado respete su propia ley. De lo contrario, el monstruo cambia de rostro, pero no de alma.<\/p>\n\n\n\n<p>La Corte record\u00f3 su propio precedente \u201cAcosta\u201d: castigar a los culpables presupone que antes se haya probado la culpa. Extender las prisiones preventivas m\u00e1s all\u00e1 de los l\u00edmites legales es, en esencia, una pena encubierta.<\/p>\n\n\n\n<p>Argentina lleva cuarenta a\u00f1os debati\u00e9ndose entre la justicia y la pol\u00edtica, entre el derecho y la revancha. Hoy, la advertencia del m\u00e1ximo tribunal suena como un eco inc\u00f3modo: la democracia no se defiende destruyendo sus cimientos.<\/p>\n\n\n\n<p>El Juicio a las Juntas fue la piedra fundacional del \u201cNunca M\u00e1s\u201d. Pero si la justicia se politiza hasta el punto de traicionarse a s\u00ed misma, el \u201cNunca M\u00e1s\u201d puede volverse un \u201cOtra vez\u201d.<br \/><br \/><small> \u270d\ufe0f \u00a92025 Juan Soldado \u2013 All Rights Reserved \u2013 Copyright \u00a9 2025 ElCanillita.info \/ SalaStampa.eu, world press service \u2013 Guzzo Photos &amp; Graphic Publications \u2013 Registro Editori e Stampatori n. 1441 Torino, Italia<\/small><br \/><br \/><\/p>\n\n\n\n<p><\/p>\n","protected":false},"excerpt":{"rendered":"<p>La Corte Suprema recuerda que el Estado de Derecho no puede degradarse en nombre de la justicia. Cuarenta a\u00f1os despu\u00e9s del Juicio a las Juntas, la herida sigue abierta y el debate, tambi\u00e9n.<\/p>\n","protected":false},"author":1,"featured_media":5548,"comment_status":"closed","ping_status":"closed","sticky":false,"template":"","format":"standard","meta":{"footnotes":"","_links_to":"","_links_to_target":""},"categories":[108,121,70,11,123,144,22,23,25],"tags":[29],"class_list":["post-5547","post","type-post","status-publish","format-standard","has-post-thumbnail","hentry","category-blogdiario","category-dc24","category-actualidad","category-america-del-sur","category-argentina","category-fuerzas-armadas","category-justicia","category-politica","category-sociedad","tag-argentina","entry","double"],"yoast_head":"<!-- This site is optimized with the Yoast SEO plugin v27.4 - https:\/\/yoast.com\/product\/yoast-seo-wordpress\/ -->\n<title>Argentina: la cuna del Derecho convertida en su propia tumba - ElCanillita.Info<\/title>\n<meta name=\"robots\" content=\"index, follow, max-snippet:-1, max-image-preview:large, max-video-preview:-1\" \/>\n<link rel=\"canonical\" href=\"https:\/\/elcanillita.info\/press\/2025\/10\/25\/argentina-la-cuna-del-derecho-convertida-en-su-propia-tumba\/\" \/>\n<meta property=\"og:locale\" content=\"es_ES\" \/>\n<meta property=\"og:type\" content=\"article\" \/>\n<meta property=\"og:title\" content=\"Argentina: la cuna del Derecho convertida en su propia tumba - ElCanillita.Info\" \/>\n<meta property=\"og:description\" content=\"La Corte Suprema recuerda que el Estado de Derecho no puede degradarse en nombre de la justicia. Cuarenta a\u00f1os despu\u00e9s del Juicio a las Juntas, la herida sigue abierta y el debate, tambi\u00e9n.\" \/>\n<meta property=\"og:url\" content=\"https:\/\/elcanillita.info\/press\/2025\/10\/25\/argentina-la-cuna-del-derecho-convertida-en-su-propia-tumba\/\" \/>\n<meta property=\"og:site_name\" content=\"ElCanillita.Info\" \/>\n<meta property=\"article:publisher\" content=\"https:\/\/ar-ar.facebook.com\/ElCanillitainfo-114249515285712\/\" \/>\n<meta property=\"article:published_time\" content=\"2025-10-25T16:22:49+00:00\" \/>\n<meta property=\"og:image\" content=\"https:\/\/elcanillita.info\/press\/images\/2025\/10\/libered.jpg\" \/>\n\t<meta property=\"og:image:width\" content=\"512\" \/>\n\t<meta property=\"og:image:height\" content=\"512\" \/>\n\t<meta property=\"og:image:type\" content=\"image\/jpeg\" \/>\n<meta name=\"author\" content=\"SalaStampa.eu, world press service\" \/>\n<meta name=\"twitter:card\" content=\"summary_large_image\" \/>\n<meta name=\"twitter:label1\" content=\"Escrito por\" \/>\n\t<meta name=\"twitter:data1\" content=\"SalaStampa.eu, world press service\" \/>\n\t<meta name=\"twitter:label2\" content=\"Tiempo de lectura\" \/>\n\t<meta name=\"twitter:data2\" content=\"3 minutos\" \/>\n<script type=\"application\/ld+json\" class=\"yoast-schema-graph\">{\"@context\":\"https:\\\/\\\/schema.org\",\"@graph\":[{\"@type\":\"Article\",\"@id\":\"https:\\\/\\\/elcanillita.info\\\/press\\\/2025\\\/10\\\/25\\\/argentina-la-cuna-del-derecho-convertida-en-su-propia-tumba\\\/#article\",\"isPartOf\":{\"@id\":\"https:\\\/\\\/elcanillita.info\\\/press\\\/2025\\\/10\\\/25\\\/argentina-la-cuna-del-derecho-convertida-en-su-propia-tumba\\\/\"},\"author\":{\"name\":\"SalaStampa.eu, world press service\",\"@id\":\"https:\\\/\\\/elcanillita.info\\\/press\\\/#\\\/schema\\\/person\\\/7fcb79f38045700919f7da6d97e71ba0\"},\"headline\":\"Argentina: la cuna del Derecho convertida en su propia tumba\",\"datePublished\":\"2025-10-25T16:22:49+00:00\",\"mainEntityOfPage\":{\"@id\":\"https:\\\/\\\/elcanillita.info\\\/press\\\/2025\\\/10\\\/25\\\/argentina-la-cuna-del-derecho-convertida-en-su-propia-tumba\\\/\"},\"wordCount\":423,\"publisher\":{\"@id\":\"https:\\\/\\\/elcanillita.info\\\/press\\\/#organization\"},\"image\":{\"@id\":\"https:\\\/\\\/elcanillita.info\\\/press\\\/2025\\\/10\\\/25\\\/argentina-la-cuna-del-derecho-convertida-en-su-propia-tumba\\\/#primaryimage\"},\"thumbnailUrl\":\"https:\\\/\\\/elcanillita.info\\\/press\\\/images\\\/2025\\\/10\\\/libered.jpg\",\"keywords\":[\"Argentina\"],\"articleSection\":[\".\",\".\",\"Actualidad\",\"Am\u00e9rica del Sur\",\"Argentina\",\"Fuerzas Armadas\",\"Justicia\",\"Politica\",\"Sociedad\"],\"inLanguage\":\"es-AR\"},{\"@type\":\"WebPage\",\"@id\":\"https:\\\/\\\/elcanillita.info\\\/press\\\/2025\\\/10\\\/25\\\/argentina-la-cuna-del-derecho-convertida-en-su-propia-tumba\\\/\",\"url\":\"https:\\\/\\\/elcanillita.info\\\/press\\\/2025\\\/10\\\/25\\\/argentina-la-cuna-del-derecho-convertida-en-su-propia-tumba\\\/\",\"name\":\"Argentina: la cuna del Derecho convertida en su propia tumba - ElCanillita.Info\",\"isPartOf\":{\"@id\":\"https:\\\/\\\/elcanillita.info\\\/press\\\/#website\"},\"primaryImageOfPage\":{\"@id\":\"https:\\\/\\\/elcanillita.info\\\/press\\\/2025\\\/10\\\/25\\\/argentina-la-cuna-del-derecho-convertida-en-su-propia-tumba\\\/#primaryimage\"},\"image\":{\"@id\":\"https:\\\/\\\/elcanillita.info\\\/press\\\/2025\\\/10\\\/25\\\/argentina-la-cuna-del-derecho-convertida-en-su-propia-tumba\\\/#primaryimage\"},\"thumbnailUrl\":\"https:\\\/\\\/elcanillita.info\\\/press\\\/images\\\/2025\\\/10\\\/libered.jpg\",\"datePublished\":\"2025-10-25T16:22:49+00:00\",\"inLanguage\":\"es-AR\",\"potentialAction\":[{\"@type\":\"ReadAction\",\"target\":[\"https:\\\/\\\/elcanillita.info\\\/press\\\/2025\\\/10\\\/25\\\/argentina-la-cuna-del-derecho-convertida-en-su-propia-tumba\\\/\"]}]},{\"@type\":\"ImageObject\",\"inLanguage\":\"es-AR\",\"@id\":\"https:\\\/\\\/elcanillita.info\\\/press\\\/2025\\\/10\\\/25\\\/argentina-la-cuna-del-derecho-convertida-en-su-propia-tumba\\\/#primaryimage\",\"url\":\"https:\\\/\\\/elcanillita.info\\\/press\\\/images\\\/2025\\\/10\\\/libered.jpg\",\"contentUrl\":\"https:\\\/\\\/elcanillita.info\\\/press\\\/images\\\/2025\\\/10\\\/libered.jpg\",\"width\":512,\"height\":512},{\"@type\":\"WebSite\",\"@id\":\"https:\\\/\\\/elcanillita.info\\\/press\\\/#website\",\"url\":\"https:\\\/\\\/elcanillita.info\\\/press\\\/\",\"name\":\"ElCanillita.Info\",\"description\":\"desde los Apeninos a los Andes\",\"publisher\":{\"@id\":\"https:\\\/\\\/elcanillita.info\\\/press\\\/#organization\"},\"potentialAction\":[{\"@type\":\"SearchAction\",\"target\":{\"@type\":\"EntryPoint\",\"urlTemplate\":\"https:\\\/\\\/elcanillita.info\\\/press\\\/?s={search_term_string}\"},\"query-input\":{\"@type\":\"PropertyValueSpecification\",\"valueRequired\":true,\"valueName\":\"search_term_string\"}}],\"inLanguage\":\"es-AR\"},{\"@type\":\"Organization\",\"@id\":\"https:\\\/\\\/elcanillita.info\\\/press\\\/#organization\",\"name\":\"Guzzo Photos & Graphic Publications\",\"url\":\"https:\\\/\\\/elcanillita.info\\\/press\\\/\",\"logo\":{\"@type\":\"ImageObject\",\"inLanguage\":\"es-AR\",\"@id\":\"https:\\\/\\\/elcanillita.info\\\/press\\\/#\\\/schema\\\/logo\\\/image\\\/\",\"url\":\"https:\\\/\\\/elcanillita.info\\\/press\\\/images\\\/2020\\\/01\\\/cropped-cropped-cropped-elcanillitainfo.png\",\"contentUrl\":\"https:\\\/\\\/elcanillita.info\\\/press\\\/images\\\/2020\\\/01\\\/cropped-cropped-cropped-elcanillitainfo.png\",\"width\":460,\"height\":50,\"caption\":\"Guzzo Photos & Graphic Publications\"},\"image\":{\"@id\":\"https:\\\/\\\/elcanillita.info\\\/press\\\/#\\\/schema\\\/logo\\\/image\\\/\"},\"sameAs\":[\"https:\\\/\\\/ar-ar.facebook.com\\\/ElCanillitainfo-114249515285712\\\/\"]},{\"@type\":\"Person\",\"@id\":\"https:\\\/\\\/elcanillita.info\\\/press\\\/#\\\/schema\\\/person\\\/7fcb79f38045700919f7da6d97e71ba0\",\"name\":\"SalaStampa.eu, world press service\",\"image\":{\"@type\":\"ImageObject\",\"inLanguage\":\"es-AR\",\"@id\":\"https:\\\/\\\/secure.gravatar.com\\\/avatar\\\/c2f0e0d515a107624234994507816ca4724c7199cef73fc8bedebf6931d73888?s=96&d=mm&r=g\",\"url\":\"https:\\\/\\\/secure.gravatar.com\\\/avatar\\\/c2f0e0d515a107624234994507816ca4724c7199cef73fc8bedebf6931d73888?s=96&d=mm&r=g\",\"contentUrl\":\"https:\\\/\\\/secure.gravatar.com\\\/avatar\\\/c2f0e0d515a107624234994507816ca4724c7199cef73fc8bedebf6931d73888?s=96&d=mm&r=g\",\"caption\":\"SalaStampa.eu, world press service\"}}]}<\/script>\n<!-- \/ Yoast SEO plugin. -->","yoast_head_json":{"title":"Argentina: la cuna del Derecho convertida en su propia tumba - ElCanillita.Info","robots":{"index":"index","follow":"follow","max-snippet":"max-snippet:-1","max-image-preview":"max-image-preview:large","max-video-preview":"max-video-preview:-1"},"canonical":"https:\/\/elcanillita.info\/press\/2025\/10\/25\/argentina-la-cuna-del-derecho-convertida-en-su-propia-tumba\/","og_locale":"es_ES","og_type":"article","og_title":"Argentina: la cuna del Derecho convertida en su propia tumba - ElCanillita.Info","og_description":"La Corte Suprema recuerda que el Estado de Derecho no puede degradarse en nombre de la justicia. Cuarenta a\u00f1os despu\u00e9s del Juicio a las Juntas, la herida sigue abierta y el debate, tambi\u00e9n.","og_url":"https:\/\/elcanillita.info\/press\/2025\/10\/25\/argentina-la-cuna-del-derecho-convertida-en-su-propia-tumba\/","og_site_name":"ElCanillita.Info","article_publisher":"https:\/\/ar-ar.facebook.com\/ElCanillitainfo-114249515285712\/","article_published_time":"2025-10-25T16:22:49+00:00","og_image":[{"width":512,"height":512,"url":"https:\/\/elcanillita.info\/press\/images\/2025\/10\/libered.jpg","type":"image\/jpeg"}],"author":"SalaStampa.eu, world press service","twitter_card":"summary_large_image","twitter_misc":{"Escrito por":"SalaStampa.eu, world press service","Tiempo de lectura":"3 minutos"},"schema":{"@context":"https:\/\/schema.org","@graph":[{"@type":"Article","@id":"https:\/\/elcanillita.info\/press\/2025\/10\/25\/argentina-la-cuna-del-derecho-convertida-en-su-propia-tumba\/#article","isPartOf":{"@id":"https:\/\/elcanillita.info\/press\/2025\/10\/25\/argentina-la-cuna-del-derecho-convertida-en-su-propia-tumba\/"},"author":{"name":"SalaStampa.eu, world press service","@id":"https:\/\/elcanillita.info\/press\/#\/schema\/person\/7fcb79f38045700919f7da6d97e71ba0"},"headline":"Argentina: la cuna del Derecho convertida en su propia tumba","datePublished":"2025-10-25T16:22:49+00:00","mainEntityOfPage":{"@id":"https:\/\/elcanillita.info\/press\/2025\/10\/25\/argentina-la-cuna-del-derecho-convertida-en-su-propia-tumba\/"},"wordCount":423,"publisher":{"@id":"https:\/\/elcanillita.info\/press\/#organization"},"image":{"@id":"https:\/\/elcanillita.info\/press\/2025\/10\/25\/argentina-la-cuna-del-derecho-convertida-en-su-propia-tumba\/#primaryimage"},"thumbnailUrl":"https:\/\/elcanillita.info\/press\/images\/2025\/10\/libered.jpg","keywords":["Argentina"],"articleSection":[".",".","Actualidad","Am\u00e9rica del Sur","Argentina","Fuerzas Armadas","Justicia","Politica","Sociedad"],"inLanguage":"es-AR"},{"@type":"WebPage","@id":"https:\/\/elcanillita.info\/press\/2025\/10\/25\/argentina-la-cuna-del-derecho-convertida-en-su-propia-tumba\/","url":"https:\/\/elcanillita.info\/press\/2025\/10\/25\/argentina-la-cuna-del-derecho-convertida-en-su-propia-tumba\/","name":"Argentina: la cuna del Derecho convertida en su propia tumba - ElCanillita.Info","isPartOf":{"@id":"https:\/\/elcanillita.info\/press\/#website"},"primaryImageOfPage":{"@id":"https:\/\/elcanillita.info\/press\/2025\/10\/25\/argentina-la-cuna-del-derecho-convertida-en-su-propia-tumba\/#primaryimage"},"image":{"@id":"https:\/\/elcanillita.info\/press\/2025\/10\/25\/argentina-la-cuna-del-derecho-convertida-en-su-propia-tumba\/#primaryimage"},"thumbnailUrl":"https:\/\/elcanillita.info\/press\/images\/2025\/10\/libered.jpg","datePublished":"2025-10-25T16:22:49+00:00","inLanguage":"es-AR","potentialAction":[{"@type":"ReadAction","target":["https:\/\/elcanillita.info\/press\/2025\/10\/25\/argentina-la-cuna-del-derecho-convertida-en-su-propia-tumba\/"]}]},{"@type":"ImageObject","inLanguage":"es-AR","@id":"https:\/\/elcanillita.info\/press\/2025\/10\/25\/argentina-la-cuna-del-derecho-convertida-en-su-propia-tumba\/#primaryimage","url":"https:\/\/elcanillita.info\/press\/images\/2025\/10\/libered.jpg","contentUrl":"https:\/\/elcanillita.info\/press\/images\/2025\/10\/libered.jpg","width":512,"height":512},{"@type":"WebSite","@id":"https:\/\/elcanillita.info\/press\/#website","url":"https:\/\/elcanillita.info\/press\/","name":"ElCanillita.Info","description":"desde los Apeninos a los Andes","publisher":{"@id":"https:\/\/elcanillita.info\/press\/#organization"},"potentialAction":[{"@type":"SearchAction","target":{"@type":"EntryPoint","urlTemplate":"https:\/\/elcanillita.info\/press\/?s={search_term_string}"},"query-input":{"@type":"PropertyValueSpecification","valueRequired":true,"valueName":"search_term_string"}}],"inLanguage":"es-AR"},{"@type":"Organization","@id":"https:\/\/elcanillita.info\/press\/#organization","name":"Guzzo Photos & Graphic Publications","url":"https:\/\/elcanillita.info\/press\/","logo":{"@type":"ImageObject","inLanguage":"es-AR","@id":"https:\/\/elcanillita.info\/press\/#\/schema\/logo\/image\/","url":"https:\/\/elcanillita.info\/press\/images\/2020\/01\/cropped-cropped-cropped-elcanillitainfo.png","contentUrl":"https:\/\/elcanillita.info\/press\/images\/2020\/01\/cropped-cropped-cropped-elcanillitainfo.png","width":460,"height":50,"caption":"Guzzo Photos & Graphic Publications"},"image":{"@id":"https:\/\/elcanillita.info\/press\/#\/schema\/logo\/image\/"},"sameAs":["https:\/\/ar-ar.facebook.com\/ElCanillitainfo-114249515285712\/"]},{"@type":"Person","@id":"https:\/\/elcanillita.info\/press\/#\/schema\/person\/7fcb79f38045700919f7da6d97e71ba0","name":"SalaStampa.eu, world press service","image":{"@type":"ImageObject","inLanguage":"es-AR","@id":"https:\/\/secure.gravatar.com\/avatar\/c2f0e0d515a107624234994507816ca4724c7199cef73fc8bedebf6931d73888?s=96&d=mm&r=g","url":"https:\/\/secure.gravatar.com\/avatar\/c2f0e0d515a107624234994507816ca4724c7199cef73fc8bedebf6931d73888?s=96&d=mm&r=g","contentUrl":"https:\/\/secure.gravatar.com\/avatar\/c2f0e0d515a107624234994507816ca4724c7199cef73fc8bedebf6931d73888?s=96&d=mm&r=g","caption":"SalaStampa.eu, world press service"}}]}},"views":126,"_links":{"self":[{"href":"https:\/\/elcanillita.info\/press\/wp-json\/wp\/v2\/posts\/5547","targetHints":{"allow":["GET"]}}],"collection":[{"href":"https:\/\/elcanillita.info\/press\/wp-json\/wp\/v2\/posts"}],"about":[{"href":"https:\/\/elcanillita.info\/press\/wp-json\/wp\/v2\/types\/post"}],"author":[{"embeddable":true,"href":"https:\/\/elcanillita.info\/press\/wp-json\/wp\/v2\/users\/1"}],"replies":[{"embeddable":true,"href":"https:\/\/elcanillita.info\/press\/wp-json\/wp\/v2\/comments?post=5547"}],"version-history":[{"count":0,"href":"https:\/\/elcanillita.info\/press\/wp-json\/wp\/v2\/posts\/5547\/revisions"}],"wp:featuredmedia":[{"embeddable":true,"href":"https:\/\/elcanillita.info\/press\/wp-json\/wp\/v2\/media\/5548"}],"wp:attachment":[{"href":"https:\/\/elcanillita.info\/press\/wp-json\/wp\/v2\/media?parent=5547"}],"wp:term":[{"taxonomy":"category","embeddable":true,"href":"https:\/\/elcanillita.info\/press\/wp-json\/wp\/v2\/categories?post=5547"},{"taxonomy":"post_tag","embeddable":true,"href":"https:\/\/elcanillita.info\/press\/wp-json\/wp\/v2\/tags?post=5547"}],"curies":[{"name":"wp","href":"https:\/\/api.w.org\/{rel}","templated":true}]}}