{"id":5543,"date":"2025-10-24T18:47:25","date_gmt":"2025-10-24T21:47:25","guid":{"rendered":"https:\/\/elcanillita.info\/press\/?p=5543"},"modified":"2025-10-24T18:47:50","modified_gmt":"2025-10-24T21:47:50","slug":"el-silencio-de-macri-el-ruido-de-milei","status":"publish","type":"post","link":"https:\/\/elcanillita.info\/press\/2025\/10\/24\/el-silencio-de-macri-el-ruido-de-milei\/","title":{"rendered":"\ud83d\uddde\ufe0f \u2696\ufe0f \u271d\ufe0f El silencio de Macri, el ruido de Milei"},"content":{"rendered":"\n<p class=\"p1\">Mauricio Macri decidi\u00f3 hacer silencio, pero su mutismo habla m\u00e1s que cualquier discurso de Milei en cadena. No se lo ve en actos, no grita \u201cviva la libertad carajo\u201d, y ni siquiera presta la sombra de su apellido para amortiguar los tropezones del Gobierno. Es el viejo truco del pol\u00edtico que sabe que el desgaste ajeno tambi\u00e9n puede rendir dividendos propios.<\/p>\n\n\n\n<p class=\"p1\">En el PRO lo traducen sin eufemismos: \u201cQue gobierne Milei, y que pague Milei\u201d. Lo curioso es que el Presidente tambi\u00e9n parece haber tomado la misma resoluci\u00f3n. Su c\u00edrculo, cada vez m\u00e1s reducido y m\u00e1s devoto a Santiago Caputo, cerr\u00f3 el grifo de los pactos. Las tribus libertarias, dicen en el macrismo, son un c\u00f3ctel peor que las de Alberto Fern\u00e1ndez.<\/p>\n\n\n\n<p class=\"p1\">El exmandatario, que hace un a\u00f1o se mostraba como coach honorario del le\u00f3n, ahora mira el show desde el palco del Col\u00f3n, entre ejecutivos de JP Morgan y diplom\u00e1ticos con olor a perfume caro. Habla de \u201cmodernizaci\u00f3n\u201d, \u201cinversiones\u201d, \u201cinstitucionalidad\u201d, pero en voz baja y con micr\u00f3fono apagado. Traducido al criollo: no quiere quedar pegado a un Titanic con motosierra.<\/p>\n\n\n\n<p class=\"p1\">En la Rosada, la designaci\u00f3n de Pablo Quirno en Canciller\u00eda cay\u00f3 como una gota de vinagre en el PRO. Es un exfuncionario suyo, s\u00ed, pero el mensaje fue otro: Milei no abre la puerta, apenas corre la cortina. Y si Gerardo Werthein salt\u00f3 por la ventana, fue m\u00e1s por empuje interno que por un viento exterior.<\/p>\n\n\n\n<p class=\"p1\">Macri, fiel a su estilo de estratega fr\u00edo, no se mete en la pelea entre Guillermo Francos y Caputo Santiago. Sabe que en esas guerras de gabinete se define m\u00e1s la supervivencia que la ideolog\u00eda. Pero sus aliados lo dicen sin vueltas: \u201cEl mundo Caputo siempre nos cascote\u00f3 el rancho\u201d.<\/p>\n\n\n\n<p class=\"p1\">El expresidente aguarda el resultado electoral como quien mira el parte meteorol\u00f3gico antes de salir en yate. Si Milei sale fortalecido, habr\u00e1 brindis y gestos de buena vecindad. Si tropieza, sonar\u00e1 el viol\u00edn del \u201cte lo dije\u201d. En cualquier caso, Macri no perder\u00e1: o vuelve como consejero necesario o como profeta rehabilitado.<\/p>\n\n\n\n<p class=\"p1\">Y mientras el pa\u00eds calcula la inflaci\u00f3n, el d\u00f3lar y la paciencia, \u00e9l sigue practicando su deporte favorito: esperar que el adversario se equivoque solo.<\/p>\n\n\n\n<p><\/p>\n\n\n\n<p>\u270d\ufe0f \u00a9\ufe0f 2025 ElCanillita.info \u2013 All Rights Reserved<\/p>\n\n\n\n<p><\/p>\n\n\n<p><small>\u00a9\ufe0f2025  Guzzo Photos  &#038; Graphic Publications \u2013 All Rights Reserved \u2013 Copyright \u00a9\ufe0f 2025 SalaStampa.eu, world press service \u2013 Guzzo Photos &#038; Graphic Publications \u2013 Registro Editori e Stampatori n. 1441 Turin, Italy<\/small><\/p>\n\n\n<p><\/p>\n","protected":false},"excerpt":{"rendered":"<p>A dos d\u00edas de la elecci\u00f3n, el expresidente juega al ajedrez con las manos en los bolsillos. No rompe, no acompa\u00f1a, no bendice. En la Casa Rosada lo leen como un mensaje: si el globo pincha, que reviente solo.<\/p>\n","protected":false},"author":14,"featured_media":0,"comment_status":"closed","ping_status":"","sticky":false,"template":"","format":"standard","meta":{"footnotes":"","_links_to":"","_links_to_target":""},"categories":[108,121,70,11,123,20,23,25],"tags":[29],"class_list":["post-5543","post","type-post","status-publish","format-standard","hentry","category-blogdiario","category-dc24","category-actualidad","category-america-del-sur","category-argentina","category-economia","category-politica","category-sociedad","tag-argentina","entry","double"],"yoast_head":"<!-- This site is optimized with the Yoast SEO plugin v27.5 - https:\/\/yoast.com\/product\/yoast-seo-wordpress\/ -->\n<title>\ud83d\uddde\ufe0f \u2696\ufe0f \u271d\ufe0f El silencio de Macri, el ruido de Milei - ElCanillita.Info<\/title>\n<meta name=\"robots\" content=\"index, follow, max-snippet:-1, max-image-preview:large, max-video-preview:-1\" \/>\n<link rel=\"canonical\" href=\"https:\/\/elcanillita.info\/press\/2025\/10\/24\/el-silencio-de-macri-el-ruido-de-milei\/\" \/>\n<meta property=\"og:locale\" content=\"es_ES\" \/>\n<meta property=\"og:type\" content=\"article\" \/>\n<meta property=\"og:title\" content=\"\ud83d\uddde\ufe0f \u2696\ufe0f \u271d\ufe0f El silencio de Macri, el ruido de Milei - ElCanillita.Info\" \/>\n<meta property=\"og:description\" content=\"A dos d\u00edas de la elecci\u00f3n, el expresidente juega al ajedrez con las manos en los bolsillos. No rompe, no acompa\u00f1a, no bendice. En la Casa Rosada lo leen como un mensaje: si el globo pincha, que reviente solo.\" \/>\n<meta property=\"og:url\" content=\"https:\/\/elcanillita.info\/press\/2025\/10\/24\/el-silencio-de-macri-el-ruido-de-milei\/\" \/>\n<meta property=\"og:site_name\" content=\"ElCanillita.Info\" \/>\n<meta property=\"article:publisher\" content=\"https:\/\/ar-ar.facebook.com\/ElCanillitainfo-114249515285712\/\" \/>\n<meta property=\"article:published_time\" content=\"2025-10-24T21:47:25+00:00\" \/>\n<meta property=\"article:modified_time\" content=\"2025-10-24T21:47:50+00:00\" \/>\n<meta name=\"author\" content=\"ElCanillita.info Guzzo Photos &amp; Graphic Publications\" \/>\n<meta name=\"twitter:card\" content=\"summary_large_image\" \/>\n<meta name=\"twitter:label1\" content=\"Escrito por\" \/>\n\t<meta name=\"twitter:data1\" content=\"ElCanillita.info Guzzo Photos &amp; Graphic Publications\" \/>\n\t<meta name=\"twitter:label2\" content=\"Tiempo de lectura\" \/>\n\t<meta name=\"twitter:data2\" content=\"2 minutos\" \/>\n<script type=\"application\/ld+json\" class=\"yoast-schema-graph\">{\"@context\":\"https:\\\/\\\/schema.org\",\"@graph\":[{\"@type\":\"Article\",\"@id\":\"https:\\\/\\\/elcanillita.info\\\/press\\\/2025\\\/10\\\/24\\\/el-silencio-de-macri-el-ruido-de-milei\\\/#article\",\"isPartOf\":{\"@id\":\"https:\\\/\\\/elcanillita.info\\\/press\\\/2025\\\/10\\\/24\\\/el-silencio-de-macri-el-ruido-de-milei\\\/\"},\"author\":{\"name\":\"ElCanillita.info Guzzo Photos &amp; Graphic Publications\",\"@id\":\"https:\\\/\\\/elcanillita.info\\\/press\\\/#\\\/schema\\\/person\\\/e37a550cff8f5f3407ed112e4cc619cb\"},\"headline\":\"\ud83d\uddde\ufe0f \u2696\ufe0f \u271d\ufe0f El silencio de Macri, el ruido de Milei\",\"datePublished\":\"2025-10-24T21:47:25+00:00\",\"dateModified\":\"2025-10-24T21:47:50+00:00\",\"mainEntityOfPage\":{\"@id\":\"https:\\\/\\\/elcanillita.info\\\/press\\\/2025\\\/10\\\/24\\\/el-silencio-de-macri-el-ruido-de-milei\\\/\"},\"wordCount\":428,\"publisher\":{\"@id\":\"https:\\\/\\\/elcanillita.info\\\/press\\\/#organization\"},\"keywords\":[\"Argentina\"],\"articleSection\":[\".\",\".\",\"Actualidad\",\"Am\u00e9rica del Sur\",\"Argentina\",\"Economia\",\"Politica\",\"Sociedad\"],\"inLanguage\":\"es-AR\"},{\"@type\":\"WebPage\",\"@id\":\"https:\\\/\\\/elcanillita.info\\\/press\\\/2025\\\/10\\\/24\\\/el-silencio-de-macri-el-ruido-de-milei\\\/\",\"url\":\"https:\\\/\\\/elcanillita.info\\\/press\\\/2025\\\/10\\\/24\\\/el-silencio-de-macri-el-ruido-de-milei\\\/\",\"name\":\"\ud83d\uddde\ufe0f \u2696\ufe0f \u271d\ufe0f El silencio de Macri, el ruido de Milei - ElCanillita.Info\",\"isPartOf\":{\"@id\":\"https:\\\/\\\/elcanillita.info\\\/press\\\/#website\"},\"datePublished\":\"2025-10-24T21:47:25+00:00\",\"dateModified\":\"2025-10-24T21:47:50+00:00\",\"inLanguage\":\"es-AR\",\"potentialAction\":[{\"@type\":\"ReadAction\",\"target\":[\"https:\\\/\\\/elcanillita.info\\\/press\\\/2025\\\/10\\\/24\\\/el-silencio-de-macri-el-ruido-de-milei\\\/\"]}]},{\"@type\":\"WebSite\",\"@id\":\"https:\\\/\\\/elcanillita.info\\\/press\\\/#website\",\"url\":\"https:\\\/\\\/elcanillita.info\\\/press\\\/\",\"name\":\"ElCanillita.Info\",\"description\":\"desde los Apeninos a los Andes\",\"publisher\":{\"@id\":\"https:\\\/\\\/elcanillita.info\\\/press\\\/#organization\"},\"potentialAction\":[{\"@type\":\"SearchAction\",\"target\":{\"@type\":\"EntryPoint\",\"urlTemplate\":\"https:\\\/\\\/elcanillita.info\\\/press\\\/?s={search_term_string}\"},\"query-input\":{\"@type\":\"PropertyValueSpecification\",\"valueRequired\":true,\"valueName\":\"search_term_string\"}}],\"inLanguage\":\"es-AR\"},{\"@type\":\"Organization\",\"@id\":\"https:\\\/\\\/elcanillita.info\\\/press\\\/#organization\",\"name\":\"Guzzo Photos & Graphic Publications\",\"url\":\"https:\\\/\\\/elcanillita.info\\\/press\\\/\",\"logo\":{\"@type\":\"ImageObject\",\"inLanguage\":\"es-AR\",\"@id\":\"https:\\\/\\\/elcanillita.info\\\/press\\\/#\\\/schema\\\/logo\\\/image\\\/\",\"url\":\"https:\\\/\\\/elcanillita.info\\\/press\\\/images\\\/2020\\\/01\\\/cropped-cropped-cropped-elcanillitainfo.png\",\"contentUrl\":\"https:\\\/\\\/elcanillita.info\\\/press\\\/images\\\/2020\\\/01\\\/cropped-cropped-cropped-elcanillitainfo.png\",\"width\":460,\"height\":50,\"caption\":\"Guzzo Photos & Graphic Publications\"},\"image\":{\"@id\":\"https:\\\/\\\/elcanillita.info\\\/press\\\/#\\\/schema\\\/logo\\\/image\\\/\"},\"sameAs\":[\"https:\\\/\\\/ar-ar.facebook.com\\\/ElCanillitainfo-114249515285712\\\/\"]},{\"@type\":\"Person\",\"@id\":\"https:\\\/\\\/elcanillita.info\\\/press\\\/#\\\/schema\\\/person\\\/e37a550cff8f5f3407ed112e4cc619cb\",\"name\":\"ElCanillita.info Guzzo Photos &amp; Graphic Publications\",\"image\":{\"@type\":\"ImageObject\",\"inLanguage\":\"es-AR\",\"@id\":\"https:\\\/\\\/secure.gravatar.com\\\/avatar\\\/8914fbe0ef09248907e331ab93dfa89c7f76decf6b51cd1b2f8444e6260db772?s=96&d=mm&r=g\",\"url\":\"https:\\\/\\\/secure.gravatar.com\\\/avatar\\\/8914fbe0ef09248907e331ab93dfa89c7f76decf6b51cd1b2f8444e6260db772?s=96&d=mm&r=g\",\"contentUrl\":\"https:\\\/\\\/secure.gravatar.com\\\/avatar\\\/8914fbe0ef09248907e331ab93dfa89c7f76decf6b51cd1b2f8444e6260db772?s=96&d=mm&r=g\",\"caption\":\"ElCanillita.info Guzzo Photos &amp; Graphic Publications\"},\"sameAs\":[\"http:\\\/\\\/guzzophotos.com\"]}]}<\/script>\n<!-- \/ Yoast SEO plugin. -->","yoast_head_json":{"title":"\ud83d\uddde\ufe0f \u2696\ufe0f \u271d\ufe0f El silencio de Macri, el ruido de Milei - ElCanillita.Info","robots":{"index":"index","follow":"follow","max-snippet":"max-snippet:-1","max-image-preview":"max-image-preview:large","max-video-preview":"max-video-preview:-1"},"canonical":"https:\/\/elcanillita.info\/press\/2025\/10\/24\/el-silencio-de-macri-el-ruido-de-milei\/","og_locale":"es_ES","og_type":"article","og_title":"\ud83d\uddde\ufe0f \u2696\ufe0f \u271d\ufe0f El silencio de Macri, el ruido de Milei - ElCanillita.Info","og_description":"A dos d\u00edas de la elecci\u00f3n, el expresidente juega al ajedrez con las manos en los bolsillos. No rompe, no acompa\u00f1a, no bendice. En la Casa Rosada lo leen como un mensaje: si el globo pincha, que reviente solo.","og_url":"https:\/\/elcanillita.info\/press\/2025\/10\/24\/el-silencio-de-macri-el-ruido-de-milei\/","og_site_name":"ElCanillita.Info","article_publisher":"https:\/\/ar-ar.facebook.com\/ElCanillitainfo-114249515285712\/","article_published_time":"2025-10-24T21:47:25+00:00","article_modified_time":"2025-10-24T21:47:50+00:00","author":"ElCanillita.info Guzzo Photos &amp; Graphic Publications","twitter_card":"summary_large_image","twitter_misc":{"Escrito por":"ElCanillita.info Guzzo Photos &amp; Graphic Publications","Tiempo de lectura":"2 minutos"},"schema":{"@context":"https:\/\/schema.org","@graph":[{"@type":"Article","@id":"https:\/\/elcanillita.info\/press\/2025\/10\/24\/el-silencio-de-macri-el-ruido-de-milei\/#article","isPartOf":{"@id":"https:\/\/elcanillita.info\/press\/2025\/10\/24\/el-silencio-de-macri-el-ruido-de-milei\/"},"author":{"name":"ElCanillita.info Guzzo Photos &amp; Graphic Publications","@id":"https:\/\/elcanillita.info\/press\/#\/schema\/person\/e37a550cff8f5f3407ed112e4cc619cb"},"headline":"\ud83d\uddde\ufe0f \u2696\ufe0f \u271d\ufe0f El silencio de Macri, el ruido de Milei","datePublished":"2025-10-24T21:47:25+00:00","dateModified":"2025-10-24T21:47:50+00:00","mainEntityOfPage":{"@id":"https:\/\/elcanillita.info\/press\/2025\/10\/24\/el-silencio-de-macri-el-ruido-de-milei\/"},"wordCount":428,"publisher":{"@id":"https:\/\/elcanillita.info\/press\/#organization"},"keywords":["Argentina"],"articleSection":[".",".","Actualidad","Am\u00e9rica del Sur","Argentina","Economia","Politica","Sociedad"],"inLanguage":"es-AR"},{"@type":"WebPage","@id":"https:\/\/elcanillita.info\/press\/2025\/10\/24\/el-silencio-de-macri-el-ruido-de-milei\/","url":"https:\/\/elcanillita.info\/press\/2025\/10\/24\/el-silencio-de-macri-el-ruido-de-milei\/","name":"\ud83d\uddde\ufe0f \u2696\ufe0f \u271d\ufe0f El silencio de Macri, el ruido de Milei - ElCanillita.Info","isPartOf":{"@id":"https:\/\/elcanillita.info\/press\/#website"},"datePublished":"2025-10-24T21:47:25+00:00","dateModified":"2025-10-24T21:47:50+00:00","inLanguage":"es-AR","potentialAction":[{"@type":"ReadAction","target":["https:\/\/elcanillita.info\/press\/2025\/10\/24\/el-silencio-de-macri-el-ruido-de-milei\/"]}]},{"@type":"WebSite","@id":"https:\/\/elcanillita.info\/press\/#website","url":"https:\/\/elcanillita.info\/press\/","name":"ElCanillita.Info","description":"desde los Apeninos a los Andes","publisher":{"@id":"https:\/\/elcanillita.info\/press\/#organization"},"potentialAction":[{"@type":"SearchAction","target":{"@type":"EntryPoint","urlTemplate":"https:\/\/elcanillita.info\/press\/?s={search_term_string}"},"query-input":{"@type":"PropertyValueSpecification","valueRequired":true,"valueName":"search_term_string"}}],"inLanguage":"es-AR"},{"@type":"Organization","@id":"https:\/\/elcanillita.info\/press\/#organization","name":"Guzzo Photos & Graphic Publications","url":"https:\/\/elcanillita.info\/press\/","logo":{"@type":"ImageObject","inLanguage":"es-AR","@id":"https:\/\/elcanillita.info\/press\/#\/schema\/logo\/image\/","url":"https:\/\/elcanillita.info\/press\/images\/2020\/01\/cropped-cropped-cropped-elcanillitainfo.png","contentUrl":"https:\/\/elcanillita.info\/press\/images\/2020\/01\/cropped-cropped-cropped-elcanillitainfo.png","width":460,"height":50,"caption":"Guzzo Photos & Graphic Publications"},"image":{"@id":"https:\/\/elcanillita.info\/press\/#\/schema\/logo\/image\/"},"sameAs":["https:\/\/ar-ar.facebook.com\/ElCanillitainfo-114249515285712\/"]},{"@type":"Person","@id":"https:\/\/elcanillita.info\/press\/#\/schema\/person\/e37a550cff8f5f3407ed112e4cc619cb","name":"ElCanillita.info Guzzo Photos &amp; Graphic Publications","image":{"@type":"ImageObject","inLanguage":"es-AR","@id":"https:\/\/secure.gravatar.com\/avatar\/8914fbe0ef09248907e331ab93dfa89c7f76decf6b51cd1b2f8444e6260db772?s=96&d=mm&r=g","url":"https:\/\/secure.gravatar.com\/avatar\/8914fbe0ef09248907e331ab93dfa89c7f76decf6b51cd1b2f8444e6260db772?s=96&d=mm&r=g","contentUrl":"https:\/\/secure.gravatar.com\/avatar\/8914fbe0ef09248907e331ab93dfa89c7f76decf6b51cd1b2f8444e6260db772?s=96&d=mm&r=g","caption":"ElCanillita.info Guzzo Photos &amp; Graphic Publications"},"sameAs":["http:\/\/guzzophotos.com"]}]}},"views":105,"_links":{"self":[{"href":"https:\/\/elcanillita.info\/press\/wp-json\/wp\/v2\/posts\/5543","targetHints":{"allow":["GET"]}}],"collection":[{"href":"https:\/\/elcanillita.info\/press\/wp-json\/wp\/v2\/posts"}],"about":[{"href":"https:\/\/elcanillita.info\/press\/wp-json\/wp\/v2\/types\/post"}],"author":[{"embeddable":true,"href":"https:\/\/elcanillita.info\/press\/wp-json\/wp\/v2\/users\/14"}],"replies":[{"embeddable":true,"href":"https:\/\/elcanillita.info\/press\/wp-json\/wp\/v2\/comments?post=5543"}],"version-history":[{"count":0,"href":"https:\/\/elcanillita.info\/press\/wp-json\/wp\/v2\/posts\/5543\/revisions"}],"wp:attachment":[{"href":"https:\/\/elcanillita.info\/press\/wp-json\/wp\/v2\/media?parent=5543"}],"wp:term":[{"taxonomy":"category","embeddable":true,"href":"https:\/\/elcanillita.info\/press\/wp-json\/wp\/v2\/categories?post=5543"},{"taxonomy":"post_tag","embeddable":true,"href":"https:\/\/elcanillita.info\/press\/wp-json\/wp\/v2\/tags?post=5543"}],"curies":[{"name":"wp","href":"https:\/\/api.w.org\/{rel}","templated":true}]}}