{"id":5542,"date":"2025-10-24T14:09:21","date_gmt":"2025-10-24T17:09:21","guid":{"rendered":"https:\/\/elcanillita.info\/press\/?p=5542"},"modified":"2025-10-24T14:09:42","modified_gmt":"2025-10-24T17:09:42","slug":"casa-tomada","status":"publish","type":"post","link":"https:\/\/elcanillita.info\/press\/2025\/10\/24\/casa-tomada\/","title":{"rendered":"\ud83d\uddde\ufe0f\u2696\ufe0f\ud83d\uddf3\ufe0f Casa tomada"},"content":{"rendered":"\n<p class=\"p1\">Caputo adentro, Francos en la puerta y Milei con la llave del desconcierto<\/p>\n\n\n\n<p class=\"p1\">Mientras Santiago Caputo afianza su trono invisible en la Casa Rosada, el jefe de Gabinete, Guillermo Francos, espera paciente \u2014y quiz\u00e1s resignado\u2014 una se\u00f1al presidencial. El gobierno libertario, que empez\u00f3 con motosierra y \u00e9pica celestial, hoy parece m\u00e1s una obra de Ionesco: ministros que se van, asesores que mandan y un presidente que escucha a su sombra m\u00e1s que a sus funcionarios.<\/p>\n\n\n\n<p class=\"p1\">La renuncia de Werthein fue apenas el primer tambor: en su lugar, Milei puso a Pablo Quirno, hombre de Luis \u201cToto\u201d Caputo. Un fichaje que sell\u00f3 lo que muchos sospechaban: el coraz\u00f3n del poder ya late al ritmo de los Caputo, no del gabinete. Y mientras los ministros se consumen en silencio, las \u201cFuerzas del Cielo\u201d avanzan con paso firme y mirada de comit\u00e9 central.<\/p>\n\n\n\n<p class=\"p1\">Francos, el \u00faltimo moderado en pie, intenta conservar algo de institucionalidad entre tanto dogma. Pero el aire se espesa: los libertarios de la vieja guardia lo ven como un intruso tibio, y el ala dura \u2014m\u00e1s Caputo que Milei\u2014 lo quiere fuera del tablero. \u201cGuillermo no habla con nadie\u201d, dicen cerca suyo. Y cuando los ministros dejan de hablar, los consejeros gobiernan.<\/p>\n\n\n\n<p class=\"p1\">La paradoja es digna de teatro: el canciller saliente representaba el orden diplom\u00e1tico; el entrante, la obediencia financiera. Trump, en Miami, sonr\u00ede: su salvataje econ\u00f3mico fortaleci\u00f3 a quien ahora tiene m\u00e1s poder real que el propio jefe de Gabinete. Y en Balcarce 50, el nuevo credo es claro: quien controla el d\u00f3lar, controla el alma.<\/p>\n\n\n\n<p class=\"p1\">Milei, entre la fe libertaria y el pragmatismo trumpista, se prepara para rearmar su gobierno despu\u00e9s de las elecciones. Francos podr\u00eda caer, Caputo subir, y el resto acomodarse seg\u00fan los designios de la \u201chermana mayor\u201d y el asesor omnipresente. En ese tablero, las viejas promesas de apertura con Macri suenan a eco en un t\u00fanel vac\u00edo.<\/p>\n\n\n\n<p class=\"p1\">Mientras tanto, los que a\u00fan resisten en el gabinete \u2014Bullrich, Petri, C\u00faneo Libarona\u2014 ya son fotos amarillentas en la galer\u00eda de las bajas. El clima es de fin de ciclo, aunque falte medio mandato. La casa no se derrumba: simplemente cambi\u00f3 de due\u00f1o.<\/p>\n\n\n\n<p class=\"p1\">Y si Francos finalmente cruza la puerta, Milei sabr\u00e1 que su gobierno ya no tiene ministros, sino custodios del poder invisible. Caputo no necesita despacho: ya tiene la llave.<\/p>\n\n\n\n<p><\/p>\n\n\n\n<p>\u270d\ufe0f \u00a9\ufe0f 2025 &nbsp; El Cu\u00f1ado Nacional &#8211;&nbsp; All Rights Reserved<\/p>\n\n\n\n<p><\/p>\n\n\n<p><small>\u00a9\ufe0f2025  Guzzo Photos  &#038; Graphic Publications \u2013 All Rights Reserved \u2013 Copyright \u00a9\ufe0f 2025 SalaStampa.eu, world press service \u2013 Guzzo Photos &#038; Graphic Publications \u2013 Registro Editori e Stampatori n. 1441 Turin, Italy<\/small><\/p>\n\n\n<p><\/p>\n","protected":false},"excerpt":{"rendered":"<p>Caputo adentro, Francos en la puerta y Milei con la llave del desconcierto<\/p>\n","protected":false},"author":1,"featured_media":0,"comment_status":"closed","ping_status":"","sticky":false,"template":"","format":"standard","meta":{"footnotes":"","_links_to":"","_links_to_target":""},"categories":[108,121,70,11,123,23,137],"tags":[29],"class_list":["post-5542","post","type-post","status-publish","format-standard","hentry","category-blogdiario","category-dc24","category-actualidad","category-america-del-sur","category-argentina","category-politica","category-sociedad-y-valores","tag-argentina","entry","double"],"yoast_head":"<!-- This site is optimized with the Yoast SEO plugin v27.5 - https:\/\/yoast.com\/product\/yoast-seo-wordpress\/ -->\n<title>\ud83d\uddde\ufe0f\u2696\ufe0f\ud83d\uddf3\ufe0f Casa tomada - ElCanillita.Info<\/title>\n<meta name=\"robots\" content=\"index, follow, max-snippet:-1, max-image-preview:large, max-video-preview:-1\" \/>\n<link rel=\"canonical\" href=\"https:\/\/elcanillita.info\/press\/2025\/10\/24\/casa-tomada\/\" \/>\n<meta property=\"og:locale\" content=\"es_ES\" \/>\n<meta property=\"og:type\" content=\"article\" \/>\n<meta property=\"og:title\" content=\"\ud83d\uddde\ufe0f\u2696\ufe0f\ud83d\uddf3\ufe0f Casa tomada - ElCanillita.Info\" \/>\n<meta property=\"og:description\" content=\"Caputo adentro, Francos en la puerta y Milei con la llave del desconcierto\" \/>\n<meta property=\"og:url\" content=\"https:\/\/elcanillita.info\/press\/2025\/10\/24\/casa-tomada\/\" \/>\n<meta property=\"og:site_name\" content=\"ElCanillita.Info\" \/>\n<meta property=\"article:publisher\" content=\"https:\/\/ar-ar.facebook.com\/ElCanillitainfo-114249515285712\/\" \/>\n<meta property=\"article:published_time\" content=\"2025-10-24T17:09:21+00:00\" \/>\n<meta property=\"article:modified_time\" content=\"2025-10-24T17:09:42+00:00\" \/>\n<meta name=\"author\" content=\"SalaStampa.eu, world press service\" \/>\n<meta name=\"twitter:card\" content=\"summary_large_image\" \/>\n<meta name=\"twitter:label1\" content=\"Escrito por\" \/>\n\t<meta name=\"twitter:data1\" content=\"SalaStampa.eu, world press service\" \/>\n\t<meta name=\"twitter:label2\" content=\"Tiempo de lectura\" \/>\n\t<meta name=\"twitter:data2\" content=\"2 minutos\" \/>\n<script type=\"application\/ld+json\" class=\"yoast-schema-graph\">{\"@context\":\"https:\\\/\\\/schema.org\",\"@graph\":[{\"@type\":\"Article\",\"@id\":\"https:\\\/\\\/elcanillita.info\\\/press\\\/2025\\\/10\\\/24\\\/casa-tomada\\\/#article\",\"isPartOf\":{\"@id\":\"https:\\\/\\\/elcanillita.info\\\/press\\\/2025\\\/10\\\/24\\\/casa-tomada\\\/\"},\"author\":{\"name\":\"SalaStampa.eu, world press service\",\"@id\":\"https:\\\/\\\/elcanillita.info\\\/press\\\/#\\\/schema\\\/person\\\/7fcb79f38045700919f7da6d97e71ba0\"},\"headline\":\"\ud83d\uddde\ufe0f\u2696\ufe0f\ud83d\uddf3\ufe0f Casa tomada\",\"datePublished\":\"2025-10-24T17:09:21+00:00\",\"dateModified\":\"2025-10-24T17:09:42+00:00\",\"mainEntityOfPage\":{\"@id\":\"https:\\\/\\\/elcanillita.info\\\/press\\\/2025\\\/10\\\/24\\\/casa-tomada\\\/\"},\"wordCount\":440,\"publisher\":{\"@id\":\"https:\\\/\\\/elcanillita.info\\\/press\\\/#organization\"},\"keywords\":[\"Argentina\"],\"articleSection\":[\".\",\".\",\"Actualidad\",\"Am\u00e9rica del Sur\",\"Argentina\",\"Politica\",\"Sociedad y valores\"],\"inLanguage\":\"es-AR\"},{\"@type\":\"WebPage\",\"@id\":\"https:\\\/\\\/elcanillita.info\\\/press\\\/2025\\\/10\\\/24\\\/casa-tomada\\\/\",\"url\":\"https:\\\/\\\/elcanillita.info\\\/press\\\/2025\\\/10\\\/24\\\/casa-tomada\\\/\",\"name\":\"\ud83d\uddde\ufe0f\u2696\ufe0f\ud83d\uddf3\ufe0f Casa tomada - ElCanillita.Info\",\"isPartOf\":{\"@id\":\"https:\\\/\\\/elcanillita.info\\\/press\\\/#website\"},\"datePublished\":\"2025-10-24T17:09:21+00:00\",\"dateModified\":\"2025-10-24T17:09:42+00:00\",\"inLanguage\":\"es-AR\",\"potentialAction\":[{\"@type\":\"ReadAction\",\"target\":[\"https:\\\/\\\/elcanillita.info\\\/press\\\/2025\\\/10\\\/24\\\/casa-tomada\\\/\"]}]},{\"@type\":\"WebSite\",\"@id\":\"https:\\\/\\\/elcanillita.info\\\/press\\\/#website\",\"url\":\"https:\\\/\\\/elcanillita.info\\\/press\\\/\",\"name\":\"ElCanillita.Info\",\"description\":\"desde los Apeninos a los Andes\",\"publisher\":{\"@id\":\"https:\\\/\\\/elcanillita.info\\\/press\\\/#organization\"},\"potentialAction\":[{\"@type\":\"SearchAction\",\"target\":{\"@type\":\"EntryPoint\",\"urlTemplate\":\"https:\\\/\\\/elcanillita.info\\\/press\\\/?s={search_term_string}\"},\"query-input\":{\"@type\":\"PropertyValueSpecification\",\"valueRequired\":true,\"valueName\":\"search_term_string\"}}],\"inLanguage\":\"es-AR\"},{\"@type\":\"Organization\",\"@id\":\"https:\\\/\\\/elcanillita.info\\\/press\\\/#organization\",\"name\":\"Guzzo Photos & Graphic Publications\",\"url\":\"https:\\\/\\\/elcanillita.info\\\/press\\\/\",\"logo\":{\"@type\":\"ImageObject\",\"inLanguage\":\"es-AR\",\"@id\":\"https:\\\/\\\/elcanillita.info\\\/press\\\/#\\\/schema\\\/logo\\\/image\\\/\",\"url\":\"https:\\\/\\\/elcanillita.info\\\/press\\\/images\\\/2020\\\/01\\\/cropped-cropped-cropped-elcanillitainfo.png\",\"contentUrl\":\"https:\\\/\\\/elcanillita.info\\\/press\\\/images\\\/2020\\\/01\\\/cropped-cropped-cropped-elcanillitainfo.png\",\"width\":460,\"height\":50,\"caption\":\"Guzzo Photos & Graphic Publications\"},\"image\":{\"@id\":\"https:\\\/\\\/elcanillita.info\\\/press\\\/#\\\/schema\\\/logo\\\/image\\\/\"},\"sameAs\":[\"https:\\\/\\\/ar-ar.facebook.com\\\/ElCanillitainfo-114249515285712\\\/\"]},{\"@type\":\"Person\",\"@id\":\"https:\\\/\\\/elcanillita.info\\\/press\\\/#\\\/schema\\\/person\\\/7fcb79f38045700919f7da6d97e71ba0\",\"name\":\"SalaStampa.eu, world press service\",\"image\":{\"@type\":\"ImageObject\",\"inLanguage\":\"es-AR\",\"@id\":\"https:\\\/\\\/secure.gravatar.com\\\/avatar\\\/c2f0e0d515a107624234994507816ca4724c7199cef73fc8bedebf6931d73888?s=96&d=mm&r=g\",\"url\":\"https:\\\/\\\/secure.gravatar.com\\\/avatar\\\/c2f0e0d515a107624234994507816ca4724c7199cef73fc8bedebf6931d73888?s=96&d=mm&r=g\",\"contentUrl\":\"https:\\\/\\\/secure.gravatar.com\\\/avatar\\\/c2f0e0d515a107624234994507816ca4724c7199cef73fc8bedebf6931d73888?s=96&d=mm&r=g\",\"caption\":\"SalaStampa.eu, world press service\"}}]}<\/script>\n<!-- \/ Yoast SEO plugin. -->","yoast_head_json":{"title":"\ud83d\uddde\ufe0f\u2696\ufe0f\ud83d\uddf3\ufe0f Casa tomada - ElCanillita.Info","robots":{"index":"index","follow":"follow","max-snippet":"max-snippet:-1","max-image-preview":"max-image-preview:large","max-video-preview":"max-video-preview:-1"},"canonical":"https:\/\/elcanillita.info\/press\/2025\/10\/24\/casa-tomada\/","og_locale":"es_ES","og_type":"article","og_title":"\ud83d\uddde\ufe0f\u2696\ufe0f\ud83d\uddf3\ufe0f Casa tomada - ElCanillita.Info","og_description":"Caputo adentro, Francos en la puerta y Milei con la llave del desconcierto","og_url":"https:\/\/elcanillita.info\/press\/2025\/10\/24\/casa-tomada\/","og_site_name":"ElCanillita.Info","article_publisher":"https:\/\/ar-ar.facebook.com\/ElCanillitainfo-114249515285712\/","article_published_time":"2025-10-24T17:09:21+00:00","article_modified_time":"2025-10-24T17:09:42+00:00","author":"SalaStampa.eu, world press service","twitter_card":"summary_large_image","twitter_misc":{"Escrito por":"SalaStampa.eu, world press service","Tiempo de lectura":"2 minutos"},"schema":{"@context":"https:\/\/schema.org","@graph":[{"@type":"Article","@id":"https:\/\/elcanillita.info\/press\/2025\/10\/24\/casa-tomada\/#article","isPartOf":{"@id":"https:\/\/elcanillita.info\/press\/2025\/10\/24\/casa-tomada\/"},"author":{"name":"SalaStampa.eu, world press service","@id":"https:\/\/elcanillita.info\/press\/#\/schema\/person\/7fcb79f38045700919f7da6d97e71ba0"},"headline":"\ud83d\uddde\ufe0f\u2696\ufe0f\ud83d\uddf3\ufe0f Casa tomada","datePublished":"2025-10-24T17:09:21+00:00","dateModified":"2025-10-24T17:09:42+00:00","mainEntityOfPage":{"@id":"https:\/\/elcanillita.info\/press\/2025\/10\/24\/casa-tomada\/"},"wordCount":440,"publisher":{"@id":"https:\/\/elcanillita.info\/press\/#organization"},"keywords":["Argentina"],"articleSection":[".",".","Actualidad","Am\u00e9rica del Sur","Argentina","Politica","Sociedad y valores"],"inLanguage":"es-AR"},{"@type":"WebPage","@id":"https:\/\/elcanillita.info\/press\/2025\/10\/24\/casa-tomada\/","url":"https:\/\/elcanillita.info\/press\/2025\/10\/24\/casa-tomada\/","name":"\ud83d\uddde\ufe0f\u2696\ufe0f\ud83d\uddf3\ufe0f Casa tomada - ElCanillita.Info","isPartOf":{"@id":"https:\/\/elcanillita.info\/press\/#website"},"datePublished":"2025-10-24T17:09:21+00:00","dateModified":"2025-10-24T17:09:42+00:00","inLanguage":"es-AR","potentialAction":[{"@type":"ReadAction","target":["https:\/\/elcanillita.info\/press\/2025\/10\/24\/casa-tomada\/"]}]},{"@type":"WebSite","@id":"https:\/\/elcanillita.info\/press\/#website","url":"https:\/\/elcanillita.info\/press\/","name":"ElCanillita.Info","description":"desde los Apeninos a los Andes","publisher":{"@id":"https:\/\/elcanillita.info\/press\/#organization"},"potentialAction":[{"@type":"SearchAction","target":{"@type":"EntryPoint","urlTemplate":"https:\/\/elcanillita.info\/press\/?s={search_term_string}"},"query-input":{"@type":"PropertyValueSpecification","valueRequired":true,"valueName":"search_term_string"}}],"inLanguage":"es-AR"},{"@type":"Organization","@id":"https:\/\/elcanillita.info\/press\/#organization","name":"Guzzo Photos & Graphic Publications","url":"https:\/\/elcanillita.info\/press\/","logo":{"@type":"ImageObject","inLanguage":"es-AR","@id":"https:\/\/elcanillita.info\/press\/#\/schema\/logo\/image\/","url":"https:\/\/elcanillita.info\/press\/images\/2020\/01\/cropped-cropped-cropped-elcanillitainfo.png","contentUrl":"https:\/\/elcanillita.info\/press\/images\/2020\/01\/cropped-cropped-cropped-elcanillitainfo.png","width":460,"height":50,"caption":"Guzzo Photos & Graphic Publications"},"image":{"@id":"https:\/\/elcanillita.info\/press\/#\/schema\/logo\/image\/"},"sameAs":["https:\/\/ar-ar.facebook.com\/ElCanillitainfo-114249515285712\/"]},{"@type":"Person","@id":"https:\/\/elcanillita.info\/press\/#\/schema\/person\/7fcb79f38045700919f7da6d97e71ba0","name":"SalaStampa.eu, world press service","image":{"@type":"ImageObject","inLanguage":"es-AR","@id":"https:\/\/secure.gravatar.com\/avatar\/c2f0e0d515a107624234994507816ca4724c7199cef73fc8bedebf6931d73888?s=96&d=mm&r=g","url":"https:\/\/secure.gravatar.com\/avatar\/c2f0e0d515a107624234994507816ca4724c7199cef73fc8bedebf6931d73888?s=96&d=mm&r=g","contentUrl":"https:\/\/secure.gravatar.com\/avatar\/c2f0e0d515a107624234994507816ca4724c7199cef73fc8bedebf6931d73888?s=96&d=mm&r=g","caption":"SalaStampa.eu, world press service"}}]}},"views":103,"_links":{"self":[{"href":"https:\/\/elcanillita.info\/press\/wp-json\/wp\/v2\/posts\/5542","targetHints":{"allow":["GET"]}}],"collection":[{"href":"https:\/\/elcanillita.info\/press\/wp-json\/wp\/v2\/posts"}],"about":[{"href":"https:\/\/elcanillita.info\/press\/wp-json\/wp\/v2\/types\/post"}],"author":[{"embeddable":true,"href":"https:\/\/elcanillita.info\/press\/wp-json\/wp\/v2\/users\/1"}],"replies":[{"embeddable":true,"href":"https:\/\/elcanillita.info\/press\/wp-json\/wp\/v2\/comments?post=5542"}],"version-history":[{"count":0,"href":"https:\/\/elcanillita.info\/press\/wp-json\/wp\/v2\/posts\/5542\/revisions"}],"wp:attachment":[{"href":"https:\/\/elcanillita.info\/press\/wp-json\/wp\/v2\/media?parent=5542"}],"wp:term":[{"taxonomy":"category","embeddable":true,"href":"https:\/\/elcanillita.info\/press\/wp-json\/wp\/v2\/categories?post=5542"},{"taxonomy":"post_tag","embeddable":true,"href":"https:\/\/elcanillita.info\/press\/wp-json\/wp\/v2\/tags?post=5542"}],"curies":[{"name":"wp","href":"https:\/\/api.w.org\/{rel}","templated":true}]}}