{"id":5538,"date":"2025-10-22T19:13:32","date_gmt":"2025-10-22T22:13:32","guid":{"rendered":"https:\/\/elcanillita.info\/press\/?p=5538"},"modified":"2025-10-24T13:18:56","modified_gmt":"2025-10-24T16:18:56","slug":"presidencia-improvisada","status":"publish","type":"post","link":"https:\/\/elcanillita.info\/press\/2025\/10\/22\/presidencia-improvisada\/","title":{"rendered":"\ud83d\uddde\ufe0f \ud83d\udc83\ud83c\udfdb\ufe0f Presidencia improvisada"},"content":{"rendered":"\n<p class=\"p1\">El gobierno de Javier Milei amaneci\u00f3 con otra silla vac\u00eda en la mesa chica. Gerardo Werthein, canciller, empresario ecuestre y puente con Washington, present\u00f3 su renuncia justo el d\u00eda del cumplea\u00f1os del Presidente. El agasajo en Olivos fue \u00edntimo, pero con sobremesa pol\u00edtica: entre la torta y los brindis, se discut\u00eda qui\u00e9n entra, qui\u00e9n sale y cu\u00e1nto m\u00e1s puede improvisarse sin que el pa\u00eds pierda el equilibrio.<\/p>\n\n\n\n<p class=\"p1\">El canciller renunciante se convirti\u00f3 en el nuevo fusible de un gabinete que cambia m\u00e1s r\u00e1pido que los nombres de los ministerios. Werthein hab\u00eda quedado en el centro del ring tras la visita de Milei a la Casa Blanca, donde Donald Trump \u2014con sonrisa de casino y reloj de oro\u2014 le habr\u00eda dicho que el \u201capoyo financiero\u201d depender\u00eda del resultado electoral argentino. Una frase que en Washington suena a advertencia, pero en Buenos Aires explot\u00f3 como interna.<\/p>\n\n\n\n<p class=\"p1\">Los trolls libertarios hicieron el resto. Desde las redes, el llamado Gordo Dan y otros profetas digitales del \u201cCielo\u201d descargaron artiller\u00eda contra el canciller, acus\u00e1ndolo de tibio, de diplom\u00e1tico cl\u00e1sico y \u2014peor pecado\u2014 de no tuitear lo suficiente. Werthein, un hombre de modales ecuestres y perfil institucional, eligi\u00f3 desmontar antes que seguir jugando al esgrima con fantasmas digitales.<\/p>\n\n\n\n<p class=\"p1\">En la Canciller\u00eda, las luces quedaron encendidas hasta tarde. Algunos diplom\u00e1ticos brindaron en silencio: \u201cSe fue cansado de que lo operen desde adentro\u201d, confiaron al diario La Naci\u00f3n. Traducido al criollo: renunci\u00f3 porque ya no se gobierna desde los ministerios, sino desde los grupos de WhatsApp del entorno presidencial.<\/p>\n\n\n\n<p class=\"p1\">En los pasillos de Balcarce 50 se menciona a Nahuel Sotelo, actual secretario de Culto, como posible reemplazo. Joven, fervoroso y cercano al asesor todopoderoso Santiago Caputo, re\u00fane las tres condiciones que hoy pesan m\u00e1s que un curr\u00edculum: lealtad, obediencia y fe.<\/p>\n\n\n\n<p class=\"p1\">Mientras tanto, Milei soplaba las velas de su torta n\u00famero 55 meditando sobre un gabinete que parece armado con piezas de ajedrez\u2026 pero jugadas como en un partido de truco. Entre un \u201cquiero vale cuatro\u201d y un \u201cvenga el cambio\u201d, la pol\u00edtica exterior argentina queda a la espera de un nuevo timonel.<\/p>\n\n\n\n<p class=\"p1\">Y as\u00ed, el pa\u00eds celebra otro cumplea\u00f1os presidencial con sabor a remake: el de una Presidencia improvisada, donde cada renuncia es un ensayo general\u2026 del pr\u00f3ximo error.<\/p>\n\n\n\n<p><\/p>\n\n\n\n<p>\u270d\ufe0f \u00a9\ufe0f 2025 Lic. ADN (Analista de Designaciones Nep\u00f3ticas) \u2013 All Rights Reserved<\/p>\n\n\n\n<p><\/p>\n\n\n<p><small>\u00a9\ufe0f2025  Guzzo Photos  &#038; Graphic Publications \u2013 All Rights Reserved \u2013 Copyright \u00a9\ufe0f 2025 SalaStampa.eu, world press service \u2013 Guzzo Photos &#038; Graphic Publications \u2013 Registro Editori e Stampatori n. 1441 Turin, Italy<\/small><\/p>\n\n\n<p><\/p>\n","protected":false},"excerpt":{"rendered":"<p>Renuncia en Olivos y cumplea\u00f1os con sobremesa pol\u00edtica<\/p>\n","protected":false},"author":14,"featured_media":0,"comment_status":"closed","ping_status":"closed","sticky":false,"template":"","format":"standard","meta":{"footnotes":"","_links_to":"","_links_to_target":""},"categories":[108,121,70,11,123,20,23,25],"tags":[29],"class_list":["post-5538","post","type-post","status-publish","format-standard","hentry","category-blogdiario","category-dc24","category-actualidad","category-america-del-sur","category-argentina","category-economia","category-politica","category-sociedad","tag-argentina","entry","double"],"yoast_head":"<!-- This site is optimized with the Yoast SEO plugin v27.5 - https:\/\/yoast.com\/product\/yoast-seo-wordpress\/ -->\n<title>\ud83d\uddde\ufe0f \ud83d\udc83\ud83c\udfdb\ufe0f Presidencia improvisada - ElCanillita.Info<\/title>\n<meta name=\"robots\" content=\"index, follow, max-snippet:-1, max-image-preview:large, max-video-preview:-1\" \/>\n<link rel=\"canonical\" href=\"https:\/\/elcanillita.info\/press\/2025\/10\/22\/presidencia-improvisada\/\" \/>\n<meta property=\"og:locale\" content=\"es_ES\" \/>\n<meta property=\"og:type\" content=\"article\" \/>\n<meta property=\"og:title\" content=\"\ud83d\uddde\ufe0f \ud83d\udc83\ud83c\udfdb\ufe0f Presidencia improvisada - ElCanillita.Info\" \/>\n<meta property=\"og:description\" content=\"Renuncia en Olivos y cumplea\u00f1os con sobremesa pol\u00edtica\" \/>\n<meta property=\"og:url\" content=\"https:\/\/elcanillita.info\/press\/2025\/10\/22\/presidencia-improvisada\/\" \/>\n<meta property=\"og:site_name\" content=\"ElCanillita.Info\" \/>\n<meta property=\"article:publisher\" content=\"https:\/\/ar-ar.facebook.com\/ElCanillitainfo-114249515285712\/\" \/>\n<meta property=\"article:published_time\" content=\"2025-10-22T22:13:32+00:00\" \/>\n<meta property=\"article:modified_time\" content=\"2025-10-24T16:18:56+00:00\" \/>\n<meta name=\"author\" content=\"ElCanillita.info Guzzo Photos &amp; Graphic Publications\" \/>\n<meta name=\"twitter:card\" content=\"summary_large_image\" \/>\n<meta name=\"twitter:label1\" content=\"Escrito por\" \/>\n\t<meta name=\"twitter:data1\" content=\"ElCanillita.info Guzzo Photos &amp; Graphic Publications\" \/>\n\t<meta name=\"twitter:label2\" content=\"Tiempo de lectura\" \/>\n\t<meta name=\"twitter:data2\" content=\"2 minutos\" \/>\n<script type=\"application\/ld+json\" class=\"yoast-schema-graph\">{\"@context\":\"https:\\\/\\\/schema.org\",\"@graph\":[{\"@type\":\"Article\",\"@id\":\"https:\\\/\\\/elcanillita.info\\\/press\\\/2025\\\/10\\\/22\\\/presidencia-improvisada\\\/#article\",\"isPartOf\":{\"@id\":\"https:\\\/\\\/elcanillita.info\\\/press\\\/2025\\\/10\\\/22\\\/presidencia-improvisada\\\/\"},\"author\":{\"name\":\"ElCanillita.info Guzzo Photos &amp; Graphic Publications\",\"@id\":\"https:\\\/\\\/elcanillita.info\\\/press\\\/#\\\/schema\\\/person\\\/e37a550cff8f5f3407ed112e4cc619cb\"},\"headline\":\"\ud83d\uddde\ufe0f \ud83d\udc83\ud83c\udfdb\ufe0f Presidencia improvisada\",\"datePublished\":\"2025-10-22T22:13:32+00:00\",\"dateModified\":\"2025-10-24T16:18:56+00:00\",\"mainEntityOfPage\":{\"@id\":\"https:\\\/\\\/elcanillita.info\\\/press\\\/2025\\\/10\\\/22\\\/presidencia-improvisada\\\/\"},\"wordCount\":436,\"publisher\":{\"@id\":\"https:\\\/\\\/elcanillita.info\\\/press\\\/#organization\"},\"keywords\":[\"Argentina\"],\"articleSection\":[\".\",\".\",\"Actualidad\",\"Am\u00e9rica del Sur\",\"Argentina\",\"Economia\",\"Politica\",\"Sociedad\"],\"inLanguage\":\"es-AR\"},{\"@type\":\"WebPage\",\"@id\":\"https:\\\/\\\/elcanillita.info\\\/press\\\/2025\\\/10\\\/22\\\/presidencia-improvisada\\\/\",\"url\":\"https:\\\/\\\/elcanillita.info\\\/press\\\/2025\\\/10\\\/22\\\/presidencia-improvisada\\\/\",\"name\":\"\ud83d\uddde\ufe0f \ud83d\udc83\ud83c\udfdb\ufe0f Presidencia improvisada - ElCanillita.Info\",\"isPartOf\":{\"@id\":\"https:\\\/\\\/elcanillita.info\\\/press\\\/#website\"},\"datePublished\":\"2025-10-22T22:13:32+00:00\",\"dateModified\":\"2025-10-24T16:18:56+00:00\",\"inLanguage\":\"es-AR\",\"potentialAction\":[{\"@type\":\"ReadAction\",\"target\":[\"https:\\\/\\\/elcanillita.info\\\/press\\\/2025\\\/10\\\/22\\\/presidencia-improvisada\\\/\"]}]},{\"@type\":\"WebSite\",\"@id\":\"https:\\\/\\\/elcanillita.info\\\/press\\\/#website\",\"url\":\"https:\\\/\\\/elcanillita.info\\\/press\\\/\",\"name\":\"ElCanillita.Info\",\"description\":\"desde los Apeninos a los Andes\",\"publisher\":{\"@id\":\"https:\\\/\\\/elcanillita.info\\\/press\\\/#organization\"},\"potentialAction\":[{\"@type\":\"SearchAction\",\"target\":{\"@type\":\"EntryPoint\",\"urlTemplate\":\"https:\\\/\\\/elcanillita.info\\\/press\\\/?s={search_term_string}\"},\"query-input\":{\"@type\":\"PropertyValueSpecification\",\"valueRequired\":true,\"valueName\":\"search_term_string\"}}],\"inLanguage\":\"es-AR\"},{\"@type\":\"Organization\",\"@id\":\"https:\\\/\\\/elcanillita.info\\\/press\\\/#organization\",\"name\":\"Guzzo Photos & Graphic Publications\",\"url\":\"https:\\\/\\\/elcanillita.info\\\/press\\\/\",\"logo\":{\"@type\":\"ImageObject\",\"inLanguage\":\"es-AR\",\"@id\":\"https:\\\/\\\/elcanillita.info\\\/press\\\/#\\\/schema\\\/logo\\\/image\\\/\",\"url\":\"https:\\\/\\\/elcanillita.info\\\/press\\\/images\\\/2020\\\/01\\\/cropped-cropped-cropped-elcanillitainfo.png\",\"contentUrl\":\"https:\\\/\\\/elcanillita.info\\\/press\\\/images\\\/2020\\\/01\\\/cropped-cropped-cropped-elcanillitainfo.png\",\"width\":460,\"height\":50,\"caption\":\"Guzzo Photos & Graphic Publications\"},\"image\":{\"@id\":\"https:\\\/\\\/elcanillita.info\\\/press\\\/#\\\/schema\\\/logo\\\/image\\\/\"},\"sameAs\":[\"https:\\\/\\\/ar-ar.facebook.com\\\/ElCanillitainfo-114249515285712\\\/\"]},{\"@type\":\"Person\",\"@id\":\"https:\\\/\\\/elcanillita.info\\\/press\\\/#\\\/schema\\\/person\\\/e37a550cff8f5f3407ed112e4cc619cb\",\"name\":\"ElCanillita.info Guzzo Photos &amp; Graphic Publications\",\"image\":{\"@type\":\"ImageObject\",\"inLanguage\":\"es-AR\",\"@id\":\"https:\\\/\\\/secure.gravatar.com\\\/avatar\\\/8914fbe0ef09248907e331ab93dfa89c7f76decf6b51cd1b2f8444e6260db772?s=96&d=mm&r=g\",\"url\":\"https:\\\/\\\/secure.gravatar.com\\\/avatar\\\/8914fbe0ef09248907e331ab93dfa89c7f76decf6b51cd1b2f8444e6260db772?s=96&d=mm&r=g\",\"contentUrl\":\"https:\\\/\\\/secure.gravatar.com\\\/avatar\\\/8914fbe0ef09248907e331ab93dfa89c7f76decf6b51cd1b2f8444e6260db772?s=96&d=mm&r=g\",\"caption\":\"ElCanillita.info Guzzo Photos &amp; Graphic Publications\"},\"sameAs\":[\"http:\\\/\\\/guzzophotos.com\"]}]}<\/script>\n<!-- \/ Yoast SEO plugin. -->","yoast_head_json":{"title":"\ud83d\uddde\ufe0f \ud83d\udc83\ud83c\udfdb\ufe0f Presidencia improvisada - ElCanillita.Info","robots":{"index":"index","follow":"follow","max-snippet":"max-snippet:-1","max-image-preview":"max-image-preview:large","max-video-preview":"max-video-preview:-1"},"canonical":"https:\/\/elcanillita.info\/press\/2025\/10\/22\/presidencia-improvisada\/","og_locale":"es_ES","og_type":"article","og_title":"\ud83d\uddde\ufe0f \ud83d\udc83\ud83c\udfdb\ufe0f Presidencia improvisada - ElCanillita.Info","og_description":"Renuncia en Olivos y cumplea\u00f1os con sobremesa pol\u00edtica","og_url":"https:\/\/elcanillita.info\/press\/2025\/10\/22\/presidencia-improvisada\/","og_site_name":"ElCanillita.Info","article_publisher":"https:\/\/ar-ar.facebook.com\/ElCanillitainfo-114249515285712\/","article_published_time":"2025-10-22T22:13:32+00:00","article_modified_time":"2025-10-24T16:18:56+00:00","author":"ElCanillita.info Guzzo Photos &amp; Graphic Publications","twitter_card":"summary_large_image","twitter_misc":{"Escrito por":"ElCanillita.info Guzzo Photos &amp; Graphic Publications","Tiempo de lectura":"2 minutos"},"schema":{"@context":"https:\/\/schema.org","@graph":[{"@type":"Article","@id":"https:\/\/elcanillita.info\/press\/2025\/10\/22\/presidencia-improvisada\/#article","isPartOf":{"@id":"https:\/\/elcanillita.info\/press\/2025\/10\/22\/presidencia-improvisada\/"},"author":{"name":"ElCanillita.info Guzzo Photos &amp; Graphic Publications","@id":"https:\/\/elcanillita.info\/press\/#\/schema\/person\/e37a550cff8f5f3407ed112e4cc619cb"},"headline":"\ud83d\uddde\ufe0f \ud83d\udc83\ud83c\udfdb\ufe0f Presidencia improvisada","datePublished":"2025-10-22T22:13:32+00:00","dateModified":"2025-10-24T16:18:56+00:00","mainEntityOfPage":{"@id":"https:\/\/elcanillita.info\/press\/2025\/10\/22\/presidencia-improvisada\/"},"wordCount":436,"publisher":{"@id":"https:\/\/elcanillita.info\/press\/#organization"},"keywords":["Argentina"],"articleSection":[".",".","Actualidad","Am\u00e9rica del Sur","Argentina","Economia","Politica","Sociedad"],"inLanguage":"es-AR"},{"@type":"WebPage","@id":"https:\/\/elcanillita.info\/press\/2025\/10\/22\/presidencia-improvisada\/","url":"https:\/\/elcanillita.info\/press\/2025\/10\/22\/presidencia-improvisada\/","name":"\ud83d\uddde\ufe0f \ud83d\udc83\ud83c\udfdb\ufe0f Presidencia improvisada - ElCanillita.Info","isPartOf":{"@id":"https:\/\/elcanillita.info\/press\/#website"},"datePublished":"2025-10-22T22:13:32+00:00","dateModified":"2025-10-24T16:18:56+00:00","inLanguage":"es-AR","potentialAction":[{"@type":"ReadAction","target":["https:\/\/elcanillita.info\/press\/2025\/10\/22\/presidencia-improvisada\/"]}]},{"@type":"WebSite","@id":"https:\/\/elcanillita.info\/press\/#website","url":"https:\/\/elcanillita.info\/press\/","name":"ElCanillita.Info","description":"desde los Apeninos a los Andes","publisher":{"@id":"https:\/\/elcanillita.info\/press\/#organization"},"potentialAction":[{"@type":"SearchAction","target":{"@type":"EntryPoint","urlTemplate":"https:\/\/elcanillita.info\/press\/?s={search_term_string}"},"query-input":{"@type":"PropertyValueSpecification","valueRequired":true,"valueName":"search_term_string"}}],"inLanguage":"es-AR"},{"@type":"Organization","@id":"https:\/\/elcanillita.info\/press\/#organization","name":"Guzzo Photos & Graphic Publications","url":"https:\/\/elcanillita.info\/press\/","logo":{"@type":"ImageObject","inLanguage":"es-AR","@id":"https:\/\/elcanillita.info\/press\/#\/schema\/logo\/image\/","url":"https:\/\/elcanillita.info\/press\/images\/2020\/01\/cropped-cropped-cropped-elcanillitainfo.png","contentUrl":"https:\/\/elcanillita.info\/press\/images\/2020\/01\/cropped-cropped-cropped-elcanillitainfo.png","width":460,"height":50,"caption":"Guzzo Photos & Graphic Publications"},"image":{"@id":"https:\/\/elcanillita.info\/press\/#\/schema\/logo\/image\/"},"sameAs":["https:\/\/ar-ar.facebook.com\/ElCanillitainfo-114249515285712\/"]},{"@type":"Person","@id":"https:\/\/elcanillita.info\/press\/#\/schema\/person\/e37a550cff8f5f3407ed112e4cc619cb","name":"ElCanillita.info Guzzo Photos &amp; Graphic Publications","image":{"@type":"ImageObject","inLanguage":"es-AR","@id":"https:\/\/secure.gravatar.com\/avatar\/8914fbe0ef09248907e331ab93dfa89c7f76decf6b51cd1b2f8444e6260db772?s=96&d=mm&r=g","url":"https:\/\/secure.gravatar.com\/avatar\/8914fbe0ef09248907e331ab93dfa89c7f76decf6b51cd1b2f8444e6260db772?s=96&d=mm&r=g","contentUrl":"https:\/\/secure.gravatar.com\/avatar\/8914fbe0ef09248907e331ab93dfa89c7f76decf6b51cd1b2f8444e6260db772?s=96&d=mm&r=g","caption":"ElCanillita.info Guzzo Photos &amp; Graphic Publications"},"sameAs":["http:\/\/guzzophotos.com"]}]}},"views":120,"_links":{"self":[{"href":"https:\/\/elcanillita.info\/press\/wp-json\/wp\/v2\/posts\/5538","targetHints":{"allow":["GET"]}}],"collection":[{"href":"https:\/\/elcanillita.info\/press\/wp-json\/wp\/v2\/posts"}],"about":[{"href":"https:\/\/elcanillita.info\/press\/wp-json\/wp\/v2\/types\/post"}],"author":[{"embeddable":true,"href":"https:\/\/elcanillita.info\/press\/wp-json\/wp\/v2\/users\/14"}],"replies":[{"embeddable":true,"href":"https:\/\/elcanillita.info\/press\/wp-json\/wp\/v2\/comments?post=5538"}],"version-history":[{"count":0,"href":"https:\/\/elcanillita.info\/press\/wp-json\/wp\/v2\/posts\/5538\/revisions"}],"wp:attachment":[{"href":"https:\/\/elcanillita.info\/press\/wp-json\/wp\/v2\/media?parent=5538"}],"wp:term":[{"taxonomy":"category","embeddable":true,"href":"https:\/\/elcanillita.info\/press\/wp-json\/wp\/v2\/categories?post=5538"},{"taxonomy":"post_tag","embeddable":true,"href":"https:\/\/elcanillita.info\/press\/wp-json\/wp\/v2\/tags?post=5538"}],"curies":[{"name":"wp","href":"https:\/\/api.w.org\/{rel}","templated":true}]}}