{"id":5535,"date":"2025-10-19T07:22:10","date_gmt":"2025-10-19T10:22:10","guid":{"rendered":"https:\/\/elcanillita.info\/press\/?p=5535"},"modified":"2025-10-19T07:22:33","modified_gmt":"2025-10-19T10:22:33","slug":"cuando-peor-es-lo-otro-se-convierte-en-la-excusa-nacional","status":"publish","type":"post","link":"https:\/\/elcanillita.info\/press\/2025\/10\/19\/cuando-peor-es-lo-otro-se-convierte-en-la-excusa-nacional\/","title":{"rendered":"\ud83d\udd4a\ufe0f\ud83c\udfdb\ufe0f \u271d\ufe0f Cuando \u201cpeor es lo otro\u201d se convierte en la excusa nacional"},"content":{"rendered":"\n<p class=\"p1\">Gracias por el comentario. Fue respetuoso, directo y plantea algo que muchos piensan:<\/p>\n\n\n\n<p class=\"p1\">\u201cHay pol\u00edticos delincuentes, chorros, condenados y mediocres en el Congreso hace 20 a\u00f1os\u2026 \u00bfpor qu\u00e9 criticar a Virginia Gallardo solo porque viene del espect\u00e1culo?\u201d<\/p>\n\n\n\n<p class=\"p1\">Respuesta corta: porque si normalizamos la mediocridad, Argentina no sale m\u00e1s del pozo.<\/p>\n\n\n\n<p class=\"p1\">Que existan peores no la convierte en buena. Ese argumento es el que nos hundi\u00f3 como pa\u00eds: aceptar cualquier cosa porque \u201cya hemos tenido cosas peores\u201d. As\u00ed justificamos todo: la corrupci\u00f3n porque \u201croban pero hacen\u201d, la inflaci\u00f3n porque \u201cal menos hay trabajo\u201d, el desastre educativo porque \u201cigual todos copiaban\u201d, la inseguridad porque \u201cno se puede vivir con miedo\u201d. Y ahora, el analfabetismo pol\u00edtico porque \u201ctotal ya hubo chorros en el Congreso\u201d.<\/p>\n\n\n\n<p class=\"p1\">S\u00ed, es verdad lo que dice el lector: en la pol\u00edtica argentina hemos visto de todo. Condenados, procesados, herederos de apellido, barrabravas reciclados, sindicalistas feudales, economistas que fundieron el pa\u00eds y vuelven como si nada. Pero precisamente por eso debe levantarse la vara, no seguir baj\u00e1ndola. El problema no es que Gallardo haya pasado por la televisi\u00f3n o por un carnaval: el problema es confundir fama con idoneidad y c\u00e1mara con m\u00e9rito.<\/p>\n\n\n\n<p class=\"p1\">No importa de d\u00f3nde venga: puede ser bailarina, camionero, m\u00e9dico, carpintero o f\u00edsico nuclear. La pregunta es otra: \u00bfqu\u00e9 aporta al Congreso? \u00bfCu\u00e1l es su propuesta legislativa? \u00bfRepresenta ideas o solo refleja bronca y rating? La pol\u00edtica no es un premio a la popularidad: es un servicio p\u00fablico que toma decisiones que afectan la vida de millones. Para eso hace falta m\u00e1s que seguidores en redes y frases picantes en TV.<\/p>\n\n\n\n<p class=\"p1\">Que Gallardo haya \u201cdejado sin respuesta a un pol\u00edtico en un programa\u201d no es m\u00e9rito legislativo. Si con eso alcanza para ser diputada, entonces ma\u00f1ana que asuma el campe\u00f3n de TikTok y pasado ma\u00f1ana el ganador del Bailando. Argentina ya padeci\u00f3 la pol\u00edtica como espect\u00e1culo. Ahora estamos entrando en la etapa final del circo: el Congreso como casting.<\/p>\n\n\n\n<p class=\"p1\">No se trata de cerrar puertas a nadie. Se trata de abrir los ojos. Este pa\u00eds no est\u00e1 arruinado porque haya \u201cgente del espect\u00e1culo\u201d en pol\u00edtica. Est\u00e1 arruinado por algo m\u00e1s grave: la cultura nacional de la resignaci\u00f3n. Ese chip mental que dice: \u201cY bueno, podr\u00eda ser peor\u201d. Ese mismo pensamiento nos cost\u00f3 d\u00e9cadas de retroceso.<\/p>\n\n\n\n<p class=\"p1\">Conclusi\u00f3n: la cr\u00edtica no es personal. Es pol\u00edtica y es cultural. Porque mientras sigamos aplaudiendo lo mediocre con tal de no mirar al fondo del abismo, lo \u00fanico que vamos a lograr es seguir cayendo.<\/p>\n\n\n\n<p><\/p>\n\n\n\n<p>\ud83d\udd25\u270d\ufe0f \u00a92025 Redacci\u00f3n cultural, con asistencia del Laboratorio de Realismo Callejero<\/p>\n\n\n\n<p><\/p>\n\n\n<hr style=\"\n    border: none;\n    height: 1px;\n    background: linear-gradient(to right, transparent, #ccc, transparent);\n    margin: 0;\n\" \/>\n<\/p>\n<p><strong>\u00bfQuieres decir algo?<\/strong><\/p>\n<p>\ud83d\udcec Env\u00eda tu texto a : email@soapboxorators.org o s\u00fabelo a la Speakers&#8217; Box: SoapBoxOrators.org.<\/p>\n<p><!-- \/wp:post-content --><\/p>\n<form action=\"https:\/\/formspree.io\/f\/mjkrjzed\" method=\"POST\">\n  <label for=\"name\">Nombre o seud\u00f3nimo:<\/label><br \/>\n  <input type=\"text\" id=\"name\" name=\"name\" required><\/p>\n<p>  <label for=\"title\">T\u00edtulo del discurso\/editorial:<\/label><br \/>\n  <input type=\"text\" id=\"title\" name=\"title\" required><\/p>\n<p>  <label for=\"message\">Texto (m\u00e1x. 3.000 caracteres):<\/label><br \/>\n  <textarea id=\"message\" name=\"message\" rows=\"10\" maxlength=\"3000\" required><\/textarea><\/p>\n<p>  <label><br \/>\n    <input type=\"checkbox\" name=\"consent\" required><br \/>\n    Autorizo la publicaci\u00f3n de este texto en SoapboxOrators.org<br \/>\n  <\/label><\/p>\n<p>  <button type=\"submit\">Enviar<\/button><br \/>\n  <button type=\"reset\">Borrar formulario<\/button><\/p>\n<\/form>\n<p><!-- wp:paragraph --><\/p>\n<p><!-- \/wp:paragraph --><\/p>\n<p><!-- wp:paragraph --><\/p>\n<p><!-- \/wp:paragraph --><\/p>\n<p><small>\u00a9\ufe0f2025  Guzzo Photos  &#038; Graphic Publications \u2013 All Rights Reserved \u2013 Copyright \u00a9\ufe0f 2025 ElCanillita.info \/ SoapBoxOrators.org \/SalaStampa.eu, world press service \u2013 Guzzo Photos &#038; Graphic Publications \u2013 Registro Editori e Stampatori n. 1441 Turin, Italy<\/small><\/p>\n<p><!-- wp:paragraph --><\/p>\n<p><!-- \/wp:paragraph --><\/p>","protected":false},"excerpt":{"rendered":"<p>Justificar a una candidata diciendo que \u201chay peores\u201d no es defensa: es la renuncia cultural a exigir calidad en la pol\u00edtica. El pa\u00eds no necesita famosos ni desconocidos: necesita capacidad y responsabilidad.<\/p>\n","protected":false},"author":14,"featured_media":0,"comment_status":"closed","ping_status":"","sticky":false,"template":"","format":"standard","meta":{"footnotes":"","_links_to":"","_links_to_target":""},"categories":[108,121,70,11,123,19,88,134,136,23,137],"tags":[29],"class_list":["post-5535","post","type-post","status-publish","format-standard","hentry","category-blogdiario","category-dc24","category-actualidad","category-america-del-sur","category-argentina","category-cultura","category-despunte-noticias","category-educacion","category-opinion","category-politica","category-sociedad-y-valores","tag-argentina","entry","double"],"yoast_head":"<!-- This site is optimized with the Yoast SEO plugin v27.4 - https:\/\/yoast.com\/product\/yoast-seo-wordpress\/ -->\n<title>\ud83d\udd4a\ufe0f\ud83c\udfdb\ufe0f \u271d\ufe0f Cuando \u201cpeor es lo otro\u201d se convierte en la excusa nacional - ElCanillita.Info<\/title>\n<meta name=\"robots\" content=\"index, follow, max-snippet:-1, max-image-preview:large, max-video-preview:-1\" \/>\n<link rel=\"canonical\" href=\"https:\/\/elcanillita.info\/press\/2025\/10\/19\/cuando-peor-es-lo-otro-se-convierte-en-la-excusa-nacional\/\" \/>\n<meta property=\"og:locale\" content=\"es_ES\" \/>\n<meta property=\"og:type\" content=\"article\" \/>\n<meta property=\"og:title\" content=\"\ud83d\udd4a\ufe0f\ud83c\udfdb\ufe0f \u271d\ufe0f Cuando \u201cpeor es lo otro\u201d se convierte en la excusa nacional - ElCanillita.Info\" \/>\n<meta property=\"og:description\" content=\"Justificar a una candidata diciendo que \u201chay peores\u201d no es defensa: es la renuncia cultural a exigir calidad en la pol\u00edtica. El pa\u00eds no necesita famosos ni desconocidos: necesita capacidad y responsabilidad.\" \/>\n<meta property=\"og:url\" content=\"https:\/\/elcanillita.info\/press\/2025\/10\/19\/cuando-peor-es-lo-otro-se-convierte-en-la-excusa-nacional\/\" \/>\n<meta property=\"og:site_name\" content=\"ElCanillita.Info\" \/>\n<meta property=\"article:publisher\" content=\"https:\/\/ar-ar.facebook.com\/ElCanillitainfo-114249515285712\/\" \/>\n<meta property=\"article:published_time\" content=\"2025-10-19T10:22:10+00:00\" \/>\n<meta property=\"article:modified_time\" content=\"2025-10-19T10:22:33+00:00\" \/>\n<meta name=\"author\" content=\"ElCanillita.info Guzzo Photos &amp; Graphic Publications\" \/>\n<meta name=\"twitter:card\" content=\"summary_large_image\" \/>\n<meta name=\"twitter:label1\" content=\"Escrito por\" \/>\n\t<meta name=\"twitter:data1\" content=\"ElCanillita.info Guzzo Photos &amp; Graphic Publications\" \/>\n\t<meta name=\"twitter:label2\" content=\"Tiempo de lectura\" \/>\n\t<meta name=\"twitter:data2\" content=\"3 minutos\" \/>\n<script type=\"application\/ld+json\" class=\"yoast-schema-graph\">{\"@context\":\"https:\\\/\\\/schema.org\",\"@graph\":[{\"@type\":\"Article\",\"@id\":\"https:\\\/\\\/elcanillita.info\\\/press\\\/2025\\\/10\\\/19\\\/cuando-peor-es-lo-otro-se-convierte-en-la-excusa-nacional\\\/#article\",\"isPartOf\":{\"@id\":\"https:\\\/\\\/elcanillita.info\\\/press\\\/2025\\\/10\\\/19\\\/cuando-peor-es-lo-otro-se-convierte-en-la-excusa-nacional\\\/\"},\"author\":{\"name\":\"ElCanillita.info Guzzo Photos &amp; Graphic Publications\",\"@id\":\"https:\\\/\\\/elcanillita.info\\\/press\\\/#\\\/schema\\\/person\\\/e37a550cff8f5f3407ed112e4cc619cb\"},\"headline\":\"\ud83d\udd4a\ufe0f\ud83c\udfdb\ufe0f \u271d\ufe0f Cuando \u201cpeor es lo otro\u201d se convierte en la excusa nacional\",\"datePublished\":\"2025-10-19T10:22:10+00:00\",\"dateModified\":\"2025-10-19T10:22:33+00:00\",\"mainEntityOfPage\":{\"@id\":\"https:\\\/\\\/elcanillita.info\\\/press\\\/2025\\\/10\\\/19\\\/cuando-peor-es-lo-otro-se-convierte-en-la-excusa-nacional\\\/\"},\"wordCount\":545,\"publisher\":{\"@id\":\"https:\\\/\\\/elcanillita.info\\\/press\\\/#organization\"},\"keywords\":[\"Argentina\"],\"articleSection\":[\".\",\".\",\"Actualidad\",\"Am\u00e9rica del Sur\",\"Argentina\",\"Cultura\",\"despunte-noticias\",\"Educaci\u00f3n\",\"Opini\u00f3n\",\"Politica\",\"Sociedad y valores\"],\"inLanguage\":\"es-AR\"},{\"@type\":\"WebPage\",\"@id\":\"https:\\\/\\\/elcanillita.info\\\/press\\\/2025\\\/10\\\/19\\\/cuando-peor-es-lo-otro-se-convierte-en-la-excusa-nacional\\\/\",\"url\":\"https:\\\/\\\/elcanillita.info\\\/press\\\/2025\\\/10\\\/19\\\/cuando-peor-es-lo-otro-se-convierte-en-la-excusa-nacional\\\/\",\"name\":\"\ud83d\udd4a\ufe0f\ud83c\udfdb\ufe0f \u271d\ufe0f Cuando \u201cpeor es lo otro\u201d se convierte en la excusa nacional - ElCanillita.Info\",\"isPartOf\":{\"@id\":\"https:\\\/\\\/elcanillita.info\\\/press\\\/#website\"},\"datePublished\":\"2025-10-19T10:22:10+00:00\",\"dateModified\":\"2025-10-19T10:22:33+00:00\",\"inLanguage\":\"es-AR\",\"potentialAction\":[{\"@type\":\"ReadAction\",\"target\":[\"https:\\\/\\\/elcanillita.info\\\/press\\\/2025\\\/10\\\/19\\\/cuando-peor-es-lo-otro-se-convierte-en-la-excusa-nacional\\\/\"]}]},{\"@type\":\"WebSite\",\"@id\":\"https:\\\/\\\/elcanillita.info\\\/press\\\/#website\",\"url\":\"https:\\\/\\\/elcanillita.info\\\/press\\\/\",\"name\":\"ElCanillita.Info\",\"description\":\"desde los Apeninos a los Andes\",\"publisher\":{\"@id\":\"https:\\\/\\\/elcanillita.info\\\/press\\\/#organization\"},\"potentialAction\":[{\"@type\":\"SearchAction\",\"target\":{\"@type\":\"EntryPoint\",\"urlTemplate\":\"https:\\\/\\\/elcanillita.info\\\/press\\\/?s={search_term_string}\"},\"query-input\":{\"@type\":\"PropertyValueSpecification\",\"valueRequired\":true,\"valueName\":\"search_term_string\"}}],\"inLanguage\":\"es-AR\"},{\"@type\":\"Organization\",\"@id\":\"https:\\\/\\\/elcanillita.info\\\/press\\\/#organization\",\"name\":\"Guzzo Photos & Graphic Publications\",\"url\":\"https:\\\/\\\/elcanillita.info\\\/press\\\/\",\"logo\":{\"@type\":\"ImageObject\",\"inLanguage\":\"es-AR\",\"@id\":\"https:\\\/\\\/elcanillita.info\\\/press\\\/#\\\/schema\\\/logo\\\/image\\\/\",\"url\":\"https:\\\/\\\/elcanillita.info\\\/press\\\/images\\\/2020\\\/01\\\/cropped-cropped-cropped-elcanillitainfo.png\",\"contentUrl\":\"https:\\\/\\\/elcanillita.info\\\/press\\\/images\\\/2020\\\/01\\\/cropped-cropped-cropped-elcanillitainfo.png\",\"width\":460,\"height\":50,\"caption\":\"Guzzo Photos & Graphic Publications\"},\"image\":{\"@id\":\"https:\\\/\\\/elcanillita.info\\\/press\\\/#\\\/schema\\\/logo\\\/image\\\/\"},\"sameAs\":[\"https:\\\/\\\/ar-ar.facebook.com\\\/ElCanillitainfo-114249515285712\\\/\"]},{\"@type\":\"Person\",\"@id\":\"https:\\\/\\\/elcanillita.info\\\/press\\\/#\\\/schema\\\/person\\\/e37a550cff8f5f3407ed112e4cc619cb\",\"name\":\"ElCanillita.info Guzzo Photos &amp; Graphic Publications\",\"image\":{\"@type\":\"ImageObject\",\"inLanguage\":\"es-AR\",\"@id\":\"https:\\\/\\\/secure.gravatar.com\\\/avatar\\\/8914fbe0ef09248907e331ab93dfa89c7f76decf6b51cd1b2f8444e6260db772?s=96&d=mm&r=g\",\"url\":\"https:\\\/\\\/secure.gravatar.com\\\/avatar\\\/8914fbe0ef09248907e331ab93dfa89c7f76decf6b51cd1b2f8444e6260db772?s=96&d=mm&r=g\",\"contentUrl\":\"https:\\\/\\\/secure.gravatar.com\\\/avatar\\\/8914fbe0ef09248907e331ab93dfa89c7f76decf6b51cd1b2f8444e6260db772?s=96&d=mm&r=g\",\"caption\":\"ElCanillita.info Guzzo Photos &amp; Graphic Publications\"},\"sameAs\":[\"http:\\\/\\\/guzzophotos.com\"]}]}<\/script>\n<!-- \/ Yoast SEO plugin. -->","yoast_head_json":{"title":"\ud83d\udd4a\ufe0f\ud83c\udfdb\ufe0f \u271d\ufe0f Cuando \u201cpeor es lo otro\u201d se convierte en la excusa nacional - ElCanillita.Info","robots":{"index":"index","follow":"follow","max-snippet":"max-snippet:-1","max-image-preview":"max-image-preview:large","max-video-preview":"max-video-preview:-1"},"canonical":"https:\/\/elcanillita.info\/press\/2025\/10\/19\/cuando-peor-es-lo-otro-se-convierte-en-la-excusa-nacional\/","og_locale":"es_ES","og_type":"article","og_title":"\ud83d\udd4a\ufe0f\ud83c\udfdb\ufe0f \u271d\ufe0f Cuando \u201cpeor es lo otro\u201d se convierte en la excusa nacional - ElCanillita.Info","og_description":"Justificar a una candidata diciendo que \u201chay peores\u201d no es defensa: es la renuncia cultural a exigir calidad en la pol\u00edtica. El pa\u00eds no necesita famosos ni desconocidos: necesita capacidad y responsabilidad.","og_url":"https:\/\/elcanillita.info\/press\/2025\/10\/19\/cuando-peor-es-lo-otro-se-convierte-en-la-excusa-nacional\/","og_site_name":"ElCanillita.Info","article_publisher":"https:\/\/ar-ar.facebook.com\/ElCanillitainfo-114249515285712\/","article_published_time":"2025-10-19T10:22:10+00:00","article_modified_time":"2025-10-19T10:22:33+00:00","author":"ElCanillita.info Guzzo Photos &amp; Graphic Publications","twitter_card":"summary_large_image","twitter_misc":{"Escrito por":"ElCanillita.info Guzzo Photos &amp; Graphic Publications","Tiempo de lectura":"3 minutos"},"schema":{"@context":"https:\/\/schema.org","@graph":[{"@type":"Article","@id":"https:\/\/elcanillita.info\/press\/2025\/10\/19\/cuando-peor-es-lo-otro-se-convierte-en-la-excusa-nacional\/#article","isPartOf":{"@id":"https:\/\/elcanillita.info\/press\/2025\/10\/19\/cuando-peor-es-lo-otro-se-convierte-en-la-excusa-nacional\/"},"author":{"name":"ElCanillita.info Guzzo Photos &amp; Graphic Publications","@id":"https:\/\/elcanillita.info\/press\/#\/schema\/person\/e37a550cff8f5f3407ed112e4cc619cb"},"headline":"\ud83d\udd4a\ufe0f\ud83c\udfdb\ufe0f \u271d\ufe0f Cuando \u201cpeor es lo otro\u201d se convierte en la excusa nacional","datePublished":"2025-10-19T10:22:10+00:00","dateModified":"2025-10-19T10:22:33+00:00","mainEntityOfPage":{"@id":"https:\/\/elcanillita.info\/press\/2025\/10\/19\/cuando-peor-es-lo-otro-se-convierte-en-la-excusa-nacional\/"},"wordCount":545,"publisher":{"@id":"https:\/\/elcanillita.info\/press\/#organization"},"keywords":["Argentina"],"articleSection":[".",".","Actualidad","Am\u00e9rica del Sur","Argentina","Cultura","despunte-noticias","Educaci\u00f3n","Opini\u00f3n","Politica","Sociedad y valores"],"inLanguage":"es-AR"},{"@type":"WebPage","@id":"https:\/\/elcanillita.info\/press\/2025\/10\/19\/cuando-peor-es-lo-otro-se-convierte-en-la-excusa-nacional\/","url":"https:\/\/elcanillita.info\/press\/2025\/10\/19\/cuando-peor-es-lo-otro-se-convierte-en-la-excusa-nacional\/","name":"\ud83d\udd4a\ufe0f\ud83c\udfdb\ufe0f \u271d\ufe0f Cuando \u201cpeor es lo otro\u201d se convierte en la excusa nacional - ElCanillita.Info","isPartOf":{"@id":"https:\/\/elcanillita.info\/press\/#website"},"datePublished":"2025-10-19T10:22:10+00:00","dateModified":"2025-10-19T10:22:33+00:00","inLanguage":"es-AR","potentialAction":[{"@type":"ReadAction","target":["https:\/\/elcanillita.info\/press\/2025\/10\/19\/cuando-peor-es-lo-otro-se-convierte-en-la-excusa-nacional\/"]}]},{"@type":"WebSite","@id":"https:\/\/elcanillita.info\/press\/#website","url":"https:\/\/elcanillita.info\/press\/","name":"ElCanillita.Info","description":"desde los Apeninos a los Andes","publisher":{"@id":"https:\/\/elcanillita.info\/press\/#organization"},"potentialAction":[{"@type":"SearchAction","target":{"@type":"EntryPoint","urlTemplate":"https:\/\/elcanillita.info\/press\/?s={search_term_string}"},"query-input":{"@type":"PropertyValueSpecification","valueRequired":true,"valueName":"search_term_string"}}],"inLanguage":"es-AR"},{"@type":"Organization","@id":"https:\/\/elcanillita.info\/press\/#organization","name":"Guzzo Photos & Graphic Publications","url":"https:\/\/elcanillita.info\/press\/","logo":{"@type":"ImageObject","inLanguage":"es-AR","@id":"https:\/\/elcanillita.info\/press\/#\/schema\/logo\/image\/","url":"https:\/\/elcanillita.info\/press\/images\/2020\/01\/cropped-cropped-cropped-elcanillitainfo.png","contentUrl":"https:\/\/elcanillita.info\/press\/images\/2020\/01\/cropped-cropped-cropped-elcanillitainfo.png","width":460,"height":50,"caption":"Guzzo Photos & Graphic Publications"},"image":{"@id":"https:\/\/elcanillita.info\/press\/#\/schema\/logo\/image\/"},"sameAs":["https:\/\/ar-ar.facebook.com\/ElCanillitainfo-114249515285712\/"]},{"@type":"Person","@id":"https:\/\/elcanillita.info\/press\/#\/schema\/person\/e37a550cff8f5f3407ed112e4cc619cb","name":"ElCanillita.info Guzzo Photos &amp; Graphic Publications","image":{"@type":"ImageObject","inLanguage":"es-AR","@id":"https:\/\/secure.gravatar.com\/avatar\/8914fbe0ef09248907e331ab93dfa89c7f76decf6b51cd1b2f8444e6260db772?s=96&d=mm&r=g","url":"https:\/\/secure.gravatar.com\/avatar\/8914fbe0ef09248907e331ab93dfa89c7f76decf6b51cd1b2f8444e6260db772?s=96&d=mm&r=g","contentUrl":"https:\/\/secure.gravatar.com\/avatar\/8914fbe0ef09248907e331ab93dfa89c7f76decf6b51cd1b2f8444e6260db772?s=96&d=mm&r=g","caption":"ElCanillita.info Guzzo Photos &amp; Graphic Publications"},"sameAs":["http:\/\/guzzophotos.com"]}]}},"views":138,"_links":{"self":[{"href":"https:\/\/elcanillita.info\/press\/wp-json\/wp\/v2\/posts\/5535","targetHints":{"allow":["GET"]}}],"collection":[{"href":"https:\/\/elcanillita.info\/press\/wp-json\/wp\/v2\/posts"}],"about":[{"href":"https:\/\/elcanillita.info\/press\/wp-json\/wp\/v2\/types\/post"}],"author":[{"embeddable":true,"href":"https:\/\/elcanillita.info\/press\/wp-json\/wp\/v2\/users\/14"}],"replies":[{"embeddable":true,"href":"https:\/\/elcanillita.info\/press\/wp-json\/wp\/v2\/comments?post=5535"}],"version-history":[{"count":0,"href":"https:\/\/elcanillita.info\/press\/wp-json\/wp\/v2\/posts\/5535\/revisions"}],"wp:attachment":[{"href":"https:\/\/elcanillita.info\/press\/wp-json\/wp\/v2\/media?parent=5535"}],"wp:term":[{"taxonomy":"category","embeddable":true,"href":"https:\/\/elcanillita.info\/press\/wp-json\/wp\/v2\/categories?post=5535"},{"taxonomy":"post_tag","embeddable":true,"href":"https:\/\/elcanillita.info\/press\/wp-json\/wp\/v2\/tags?post=5535"}],"curies":[{"name":"wp","href":"https:\/\/api.w.org\/{rel}","templated":true}]}}