{"id":5534,"date":"2025-10-19T06:03:36","date_gmt":"2025-10-19T09:03:36","guid":{"rendered":"https:\/\/elcanillita.info\/press\/?p=5534"},"modified":"2025-10-19T06:04:01","modified_gmt":"2025-10-19T09:04:01","slug":"la-chica-de-poco-correctos-y-mucho-oportunismo","status":"publish","type":"post","link":"https:\/\/elcanillita.info\/press\/2025\/10\/19\/la-chica-de-poco-correctos-y-mucho-oportunismo\/","title":{"rendered":"\ud83d\uddde\ufe0f\ud83d\udd4a\ufe0f\ud83d\udeb6\u200d\u2642\ufe0f\ud83d\udc2c La chica de Poco Correctos y mucho oportunismo"},"content":{"rendered":"\n<p class=\"p1\">En la Argentina ya casi nada sorprende. Ni la inflaci\u00f3n, ni los piquetes, ni el d\u00f3lar con vida propia. Mucho menos que alguien pase de bailar en comparsas a ocupar una banca en el Congreso. Es el pa\u00eds donde pasamos de Gran Hermano al Ministerio y ahora de panelista del chusmer\u00edo a diputada, sin escalas y sin verg\u00fcenza. Se\u00f1oras y se\u00f1ores: Virginia Gallardo, candidata nacional de Javier Milei por Corrientes. \u00bfCurr\u00edculum? S\u00ed, televisivo. \u00bfExperiencia? En c\u00e1mara. \u00bfResponsabilidad pol\u00edtica? Eso despu\u00e9s lo vemos.<\/p>\n\n\n\n<p class=\"p1\">Su historia es conocida: provincia de Corrientes, carnavales, comparsa Ara Ber\u00e1, salto a la televisi\u00f3n con Tinelli en 2007 como \u201cso\u00f1adora\u201d de Daniel Agostini \u2014y como siempre pasa en los programas de chimentos, m\u00e1s se habl\u00f3 de romance que de talento. Despu\u00e9s vino la temporada teatral del show barato con Ricardo Fort, la Tota Santill\u00e1n y La Mole Moli. Una especie de submundo art\u00edstico que sirve de trampol\u00edn para saltar a cualquier cosa. Incluso a la pol\u00edtica.<\/p>\n\n\n\n<p class=\"p1\">Luego vinieron los paneles. Porque si hay algo m\u00e1s argentino que el mate es el panelismo: hablar de cualquier cosa sin saber mucho del tema. Animales Sueltos, Pol\u00e9mica en el Bar, Intrusos, Socios del Espect\u00e1culo, Poco Correctos. Gallardo no solo aprendi\u00f3 a opinar de todo: tambi\u00e9n aprendi\u00f3 a pelear en vivo, una habilidad indispensable para cualquier futuro legislador argentino. \u00bfDebates serios? No. Pero guerra de egos, ciza\u00f1a en c\u00e1mara y gritos al aire: aprobado con 10.<\/p>\n\n\n\n<p class=\"p1\">Y entonces lleg\u00f3 la metamorfosis pol\u00edtica: de panelista a militante libertaria. Primero t\u00edmida, despu\u00e9s fan\u00e1tica. Defensa ciega del gobierno de Milei, retuits compulsivos, batallas en redes y un deporte nuevo: acusar de \u201c\u00f1oquis\u201d, \u201ckirchneristas\u201d y \u201cplaneros\u201d a todo aquel que no piense como ella. A tal punto escal\u00f3 ese fervor que termin\u00f3 denunciada por difundir fake news. Pero bueno\u2026 detalles t\u00e9cnicos.<\/p>\n\n\n\n<p class=\"p1\">Y como en Argentina no importa lo que hiciste antes, siempre hay una coronaci\u00f3n si el viento sopla a favor: en agosto de 2025 fue ungida candidata a diputada nacional por Corrientes. \u00bfM\u00e9rito? Haber pasado por Tinelli. \u00bfPropuesta legislativa? Ya veremos. \u00bfCapacidad? D\u00e9jennos re\u00edr.<\/p>\n\n\n\n<p class=\"p1\">Gallardo no es un caso aislado. Es un s\u00edntoma. La pol\u00edtica convertida en casting, la televisi\u00f3n como agencia de empleo p\u00fablico y el Congreso como reality financiado con nuestros impuestos. Hoy es ella. Ayer fue Amalia Granata. Ma\u00f1ana ser\u00e1 cualquiera que tenga c\u00e1mara, ruido y ganas de gritar consignas en Twitter.<\/p>\n\n\n\n<p class=\"p1\">\u00bfLe ir\u00e1 bien? Probablemente s\u00ed. En este pa\u00eds, el problema no es que entren a la pol\u00edtica figuras as\u00ed. El problema es que la gente las vote. Bienvenidos al Congreso del espect\u00e1culo: pase y vea.<\/p>\n\n\n\n<p><\/p>\n\n\n\n<p>&nbsp;\u270d\ufe0f \u00a92025 Redacci\u00f3n cultural, con asistencia del Laboratorio de Realismo Callejero<\/p>\n\n\n\n<p><\/p>\n\n\n<p><small>\u00a9\ufe0f2025  Guzzo Photos  &#038; Graphic Publications \u2013 All Rights Reserved \u2013 Copyright \u00a9\ufe0f 2025 SalaStampa.eu, world press service \u2013 Guzzo Photos &#038; Graphic Publications \u2013 Registro Editori e Stampatori n. 1441 Turin, Italy<\/small><\/p>\n\n\n<p><\/p>\n","protected":false},"excerpt":{"rendered":"<p>De comparsa en Corrientes a candidata libertaria: la carrera de Virginia Gallardo demuestra que en la pol\u00edtica argentina el talento no es requisito, la coherencia es optativa y la fama televisiva funciona mejor que un curr\u00edculum.<\/p>\n","protected":false},"author":14,"featured_media":0,"comment_status":"closed","ping_status":"","sticky":false,"template":"","format":"standard","meta":{"footnotes":"","_links_to":"","_links_to_target":""},"categories":[108,121,70,11,123,136,23,137],"tags":[29],"class_list":["post-5534","post","type-post","status-publish","format-standard","hentry","category-blogdiario","category-dc24","category-actualidad","category-america-del-sur","category-argentina","category-opinion","category-politica","category-sociedad-y-valores","tag-argentina","entry","double"],"yoast_head":"<!-- This site is optimized with the Yoast SEO plugin v27.4 - https:\/\/yoast.com\/product\/yoast-seo-wordpress\/ -->\n<title>\ud83d\uddde\ufe0f\ud83d\udd4a\ufe0f\ud83d\udeb6\u200d\u2642\ufe0f\ud83d\udc2c La chica de Poco Correctos y mucho oportunismo - ElCanillita.Info<\/title>\n<meta name=\"robots\" content=\"index, follow, max-snippet:-1, max-image-preview:large, max-video-preview:-1\" \/>\n<link rel=\"canonical\" href=\"https:\/\/elcanillita.info\/press\/2025\/10\/19\/la-chica-de-poco-correctos-y-mucho-oportunismo\/\" \/>\n<meta property=\"og:locale\" content=\"es_ES\" \/>\n<meta property=\"og:type\" content=\"article\" \/>\n<meta property=\"og:title\" content=\"\ud83d\uddde\ufe0f\ud83d\udd4a\ufe0f\ud83d\udeb6\u200d\u2642\ufe0f\ud83d\udc2c La chica de Poco Correctos y mucho oportunismo - ElCanillita.Info\" \/>\n<meta property=\"og:description\" content=\"De comparsa en Corrientes a candidata libertaria: la carrera de Virginia Gallardo demuestra que en la pol\u00edtica argentina el talento no es requisito, la coherencia es optativa y la fama televisiva funciona mejor que un curr\u00edculum.\" \/>\n<meta property=\"og:url\" content=\"https:\/\/elcanillita.info\/press\/2025\/10\/19\/la-chica-de-poco-correctos-y-mucho-oportunismo\/\" \/>\n<meta property=\"og:site_name\" content=\"ElCanillita.Info\" \/>\n<meta property=\"article:publisher\" content=\"https:\/\/ar-ar.facebook.com\/ElCanillitainfo-114249515285712\/\" \/>\n<meta property=\"article:published_time\" content=\"2025-10-19T09:03:36+00:00\" \/>\n<meta property=\"article:modified_time\" content=\"2025-10-19T09:04:01+00:00\" \/>\n<meta name=\"author\" content=\"ElCanillita.info Guzzo Photos &amp; Graphic Publications\" \/>\n<meta name=\"twitter:card\" content=\"summary_large_image\" \/>\n<meta name=\"twitter:label1\" content=\"Escrito por\" \/>\n\t<meta name=\"twitter:data1\" content=\"ElCanillita.info Guzzo Photos &amp; Graphic Publications\" \/>\n\t<meta name=\"twitter:label2\" content=\"Tiempo de lectura\" \/>\n\t<meta name=\"twitter:data2\" content=\"3 minutos\" \/>\n<script type=\"application\/ld+json\" class=\"yoast-schema-graph\">{\"@context\":\"https:\\\/\\\/schema.org\",\"@graph\":[{\"@type\":\"Article\",\"@id\":\"https:\\\/\\\/elcanillita.info\\\/press\\\/2025\\\/10\\\/19\\\/la-chica-de-poco-correctos-y-mucho-oportunismo\\\/#article\",\"isPartOf\":{\"@id\":\"https:\\\/\\\/elcanillita.info\\\/press\\\/2025\\\/10\\\/19\\\/la-chica-de-poco-correctos-y-mucho-oportunismo\\\/\"},\"author\":{\"name\":\"ElCanillita.info Guzzo Photos &amp; Graphic Publications\",\"@id\":\"https:\\\/\\\/elcanillita.info\\\/press\\\/#\\\/schema\\\/person\\\/e37a550cff8f5f3407ed112e4cc619cb\"},\"headline\":\"\ud83d\uddde\ufe0f\ud83d\udd4a\ufe0f\ud83d\udeb6\u200d\u2642\ufe0f\ud83d\udc2c La chica de Poco Correctos y mucho oportunismo\",\"datePublished\":\"2025-10-19T09:03:36+00:00\",\"dateModified\":\"2025-10-19T09:04:01+00:00\",\"mainEntityOfPage\":{\"@id\":\"https:\\\/\\\/elcanillita.info\\\/press\\\/2025\\\/10\\\/19\\\/la-chica-de-poco-correctos-y-mucho-oportunismo\\\/\"},\"wordCount\":509,\"publisher\":{\"@id\":\"https:\\\/\\\/elcanillita.info\\\/press\\\/#organization\"},\"keywords\":[\"Argentina\"],\"articleSection\":[\".\",\".\",\"Actualidad\",\"Am\u00e9rica del Sur\",\"Argentina\",\"Opini\u00f3n\",\"Politica\",\"Sociedad y valores\"],\"inLanguage\":\"es-AR\"},{\"@type\":\"WebPage\",\"@id\":\"https:\\\/\\\/elcanillita.info\\\/press\\\/2025\\\/10\\\/19\\\/la-chica-de-poco-correctos-y-mucho-oportunismo\\\/\",\"url\":\"https:\\\/\\\/elcanillita.info\\\/press\\\/2025\\\/10\\\/19\\\/la-chica-de-poco-correctos-y-mucho-oportunismo\\\/\",\"name\":\"\ud83d\uddde\ufe0f\ud83d\udd4a\ufe0f\ud83d\udeb6\u200d\u2642\ufe0f\ud83d\udc2c La chica de Poco Correctos y mucho oportunismo - ElCanillita.Info\",\"isPartOf\":{\"@id\":\"https:\\\/\\\/elcanillita.info\\\/press\\\/#website\"},\"datePublished\":\"2025-10-19T09:03:36+00:00\",\"dateModified\":\"2025-10-19T09:04:01+00:00\",\"inLanguage\":\"es-AR\",\"potentialAction\":[{\"@type\":\"ReadAction\",\"target\":[\"https:\\\/\\\/elcanillita.info\\\/press\\\/2025\\\/10\\\/19\\\/la-chica-de-poco-correctos-y-mucho-oportunismo\\\/\"]}]},{\"@type\":\"WebSite\",\"@id\":\"https:\\\/\\\/elcanillita.info\\\/press\\\/#website\",\"url\":\"https:\\\/\\\/elcanillita.info\\\/press\\\/\",\"name\":\"ElCanillita.Info\",\"description\":\"desde los Apeninos a los Andes\",\"publisher\":{\"@id\":\"https:\\\/\\\/elcanillita.info\\\/press\\\/#organization\"},\"potentialAction\":[{\"@type\":\"SearchAction\",\"target\":{\"@type\":\"EntryPoint\",\"urlTemplate\":\"https:\\\/\\\/elcanillita.info\\\/press\\\/?s={search_term_string}\"},\"query-input\":{\"@type\":\"PropertyValueSpecification\",\"valueRequired\":true,\"valueName\":\"search_term_string\"}}],\"inLanguage\":\"es-AR\"},{\"@type\":\"Organization\",\"@id\":\"https:\\\/\\\/elcanillita.info\\\/press\\\/#organization\",\"name\":\"Guzzo Photos & Graphic Publications\",\"url\":\"https:\\\/\\\/elcanillita.info\\\/press\\\/\",\"logo\":{\"@type\":\"ImageObject\",\"inLanguage\":\"es-AR\",\"@id\":\"https:\\\/\\\/elcanillita.info\\\/press\\\/#\\\/schema\\\/logo\\\/image\\\/\",\"url\":\"https:\\\/\\\/elcanillita.info\\\/press\\\/images\\\/2020\\\/01\\\/cropped-cropped-cropped-elcanillitainfo.png\",\"contentUrl\":\"https:\\\/\\\/elcanillita.info\\\/press\\\/images\\\/2020\\\/01\\\/cropped-cropped-cropped-elcanillitainfo.png\",\"width\":460,\"height\":50,\"caption\":\"Guzzo Photos & Graphic Publications\"},\"image\":{\"@id\":\"https:\\\/\\\/elcanillita.info\\\/press\\\/#\\\/schema\\\/logo\\\/image\\\/\"},\"sameAs\":[\"https:\\\/\\\/ar-ar.facebook.com\\\/ElCanillitainfo-114249515285712\\\/\"]},{\"@type\":\"Person\",\"@id\":\"https:\\\/\\\/elcanillita.info\\\/press\\\/#\\\/schema\\\/person\\\/e37a550cff8f5f3407ed112e4cc619cb\",\"name\":\"ElCanillita.info Guzzo Photos &amp; Graphic Publications\",\"image\":{\"@type\":\"ImageObject\",\"inLanguage\":\"es-AR\",\"@id\":\"https:\\\/\\\/secure.gravatar.com\\\/avatar\\\/8914fbe0ef09248907e331ab93dfa89c7f76decf6b51cd1b2f8444e6260db772?s=96&d=mm&r=g\",\"url\":\"https:\\\/\\\/secure.gravatar.com\\\/avatar\\\/8914fbe0ef09248907e331ab93dfa89c7f76decf6b51cd1b2f8444e6260db772?s=96&d=mm&r=g\",\"contentUrl\":\"https:\\\/\\\/secure.gravatar.com\\\/avatar\\\/8914fbe0ef09248907e331ab93dfa89c7f76decf6b51cd1b2f8444e6260db772?s=96&d=mm&r=g\",\"caption\":\"ElCanillita.info Guzzo Photos &amp; Graphic Publications\"},\"sameAs\":[\"http:\\\/\\\/guzzophotos.com\"]}]}<\/script>\n<!-- \/ Yoast SEO plugin. -->","yoast_head_json":{"title":"\ud83d\uddde\ufe0f\ud83d\udd4a\ufe0f\ud83d\udeb6\u200d\u2642\ufe0f\ud83d\udc2c La chica de Poco Correctos y mucho oportunismo - ElCanillita.Info","robots":{"index":"index","follow":"follow","max-snippet":"max-snippet:-1","max-image-preview":"max-image-preview:large","max-video-preview":"max-video-preview:-1"},"canonical":"https:\/\/elcanillita.info\/press\/2025\/10\/19\/la-chica-de-poco-correctos-y-mucho-oportunismo\/","og_locale":"es_ES","og_type":"article","og_title":"\ud83d\uddde\ufe0f\ud83d\udd4a\ufe0f\ud83d\udeb6\u200d\u2642\ufe0f\ud83d\udc2c La chica de Poco Correctos y mucho oportunismo - ElCanillita.Info","og_description":"De comparsa en Corrientes a candidata libertaria: la carrera de Virginia Gallardo demuestra que en la pol\u00edtica argentina el talento no es requisito, la coherencia es optativa y la fama televisiva funciona mejor que un curr\u00edculum.","og_url":"https:\/\/elcanillita.info\/press\/2025\/10\/19\/la-chica-de-poco-correctos-y-mucho-oportunismo\/","og_site_name":"ElCanillita.Info","article_publisher":"https:\/\/ar-ar.facebook.com\/ElCanillitainfo-114249515285712\/","article_published_time":"2025-10-19T09:03:36+00:00","article_modified_time":"2025-10-19T09:04:01+00:00","author":"ElCanillita.info Guzzo Photos &amp; Graphic Publications","twitter_card":"summary_large_image","twitter_misc":{"Escrito por":"ElCanillita.info Guzzo Photos &amp; Graphic Publications","Tiempo de lectura":"3 minutos"},"schema":{"@context":"https:\/\/schema.org","@graph":[{"@type":"Article","@id":"https:\/\/elcanillita.info\/press\/2025\/10\/19\/la-chica-de-poco-correctos-y-mucho-oportunismo\/#article","isPartOf":{"@id":"https:\/\/elcanillita.info\/press\/2025\/10\/19\/la-chica-de-poco-correctos-y-mucho-oportunismo\/"},"author":{"name":"ElCanillita.info Guzzo Photos &amp; Graphic Publications","@id":"https:\/\/elcanillita.info\/press\/#\/schema\/person\/e37a550cff8f5f3407ed112e4cc619cb"},"headline":"\ud83d\uddde\ufe0f\ud83d\udd4a\ufe0f\ud83d\udeb6\u200d\u2642\ufe0f\ud83d\udc2c La chica de Poco Correctos y mucho oportunismo","datePublished":"2025-10-19T09:03:36+00:00","dateModified":"2025-10-19T09:04:01+00:00","mainEntityOfPage":{"@id":"https:\/\/elcanillita.info\/press\/2025\/10\/19\/la-chica-de-poco-correctos-y-mucho-oportunismo\/"},"wordCount":509,"publisher":{"@id":"https:\/\/elcanillita.info\/press\/#organization"},"keywords":["Argentina"],"articleSection":[".",".","Actualidad","Am\u00e9rica del Sur","Argentina","Opini\u00f3n","Politica","Sociedad y valores"],"inLanguage":"es-AR"},{"@type":"WebPage","@id":"https:\/\/elcanillita.info\/press\/2025\/10\/19\/la-chica-de-poco-correctos-y-mucho-oportunismo\/","url":"https:\/\/elcanillita.info\/press\/2025\/10\/19\/la-chica-de-poco-correctos-y-mucho-oportunismo\/","name":"\ud83d\uddde\ufe0f\ud83d\udd4a\ufe0f\ud83d\udeb6\u200d\u2642\ufe0f\ud83d\udc2c La chica de Poco Correctos y mucho oportunismo - ElCanillita.Info","isPartOf":{"@id":"https:\/\/elcanillita.info\/press\/#website"},"datePublished":"2025-10-19T09:03:36+00:00","dateModified":"2025-10-19T09:04:01+00:00","inLanguage":"es-AR","potentialAction":[{"@type":"ReadAction","target":["https:\/\/elcanillita.info\/press\/2025\/10\/19\/la-chica-de-poco-correctos-y-mucho-oportunismo\/"]}]},{"@type":"WebSite","@id":"https:\/\/elcanillita.info\/press\/#website","url":"https:\/\/elcanillita.info\/press\/","name":"ElCanillita.Info","description":"desde los Apeninos a los Andes","publisher":{"@id":"https:\/\/elcanillita.info\/press\/#organization"},"potentialAction":[{"@type":"SearchAction","target":{"@type":"EntryPoint","urlTemplate":"https:\/\/elcanillita.info\/press\/?s={search_term_string}"},"query-input":{"@type":"PropertyValueSpecification","valueRequired":true,"valueName":"search_term_string"}}],"inLanguage":"es-AR"},{"@type":"Organization","@id":"https:\/\/elcanillita.info\/press\/#organization","name":"Guzzo Photos & Graphic Publications","url":"https:\/\/elcanillita.info\/press\/","logo":{"@type":"ImageObject","inLanguage":"es-AR","@id":"https:\/\/elcanillita.info\/press\/#\/schema\/logo\/image\/","url":"https:\/\/elcanillita.info\/press\/images\/2020\/01\/cropped-cropped-cropped-elcanillitainfo.png","contentUrl":"https:\/\/elcanillita.info\/press\/images\/2020\/01\/cropped-cropped-cropped-elcanillitainfo.png","width":460,"height":50,"caption":"Guzzo Photos & Graphic Publications"},"image":{"@id":"https:\/\/elcanillita.info\/press\/#\/schema\/logo\/image\/"},"sameAs":["https:\/\/ar-ar.facebook.com\/ElCanillitainfo-114249515285712\/"]},{"@type":"Person","@id":"https:\/\/elcanillita.info\/press\/#\/schema\/person\/e37a550cff8f5f3407ed112e4cc619cb","name":"ElCanillita.info Guzzo Photos &amp; Graphic Publications","image":{"@type":"ImageObject","inLanguage":"es-AR","@id":"https:\/\/secure.gravatar.com\/avatar\/8914fbe0ef09248907e331ab93dfa89c7f76decf6b51cd1b2f8444e6260db772?s=96&d=mm&r=g","url":"https:\/\/secure.gravatar.com\/avatar\/8914fbe0ef09248907e331ab93dfa89c7f76decf6b51cd1b2f8444e6260db772?s=96&d=mm&r=g","contentUrl":"https:\/\/secure.gravatar.com\/avatar\/8914fbe0ef09248907e331ab93dfa89c7f76decf6b51cd1b2f8444e6260db772?s=96&d=mm&r=g","caption":"ElCanillita.info Guzzo Photos &amp; Graphic Publications"},"sameAs":["http:\/\/guzzophotos.com"]}]}},"views":119,"_links":{"self":[{"href":"https:\/\/elcanillita.info\/press\/wp-json\/wp\/v2\/posts\/5534","targetHints":{"allow":["GET"]}}],"collection":[{"href":"https:\/\/elcanillita.info\/press\/wp-json\/wp\/v2\/posts"}],"about":[{"href":"https:\/\/elcanillita.info\/press\/wp-json\/wp\/v2\/types\/post"}],"author":[{"embeddable":true,"href":"https:\/\/elcanillita.info\/press\/wp-json\/wp\/v2\/users\/14"}],"replies":[{"embeddable":true,"href":"https:\/\/elcanillita.info\/press\/wp-json\/wp\/v2\/comments?post=5534"}],"version-history":[{"count":0,"href":"https:\/\/elcanillita.info\/press\/wp-json\/wp\/v2\/posts\/5534\/revisions"}],"wp:attachment":[{"href":"https:\/\/elcanillita.info\/press\/wp-json\/wp\/v2\/media?parent=5534"}],"wp:term":[{"taxonomy":"category","embeddable":true,"href":"https:\/\/elcanillita.info\/press\/wp-json\/wp\/v2\/categories?post=5534"},{"taxonomy":"post_tag","embeddable":true,"href":"https:\/\/elcanillita.info\/press\/wp-json\/wp\/v2\/tags?post=5534"}],"curies":[{"name":"wp","href":"https:\/\/api.w.org\/{rel}","templated":true}]}}