{"id":5533,"date":"2025-10-18T17:01:32","date_gmt":"2025-10-18T20:01:32","guid":{"rendered":"https:\/\/elcanillita.info\/press\/?p=5533"},"modified":"2025-10-18T17:02:05","modified_gmt":"2025-10-18T20:02:05","slug":"esto-sobre-todo","status":"publish","type":"post","link":"https:\/\/elcanillita.info\/press\/2025\/10\/18\/esto-sobre-todo\/","title":{"rendered":"\ud83d\uddde\ufe0f \u2696\ufe0f Esto sobre todo:"},"content":{"rendered":"\n<blockquote class=\"wp-block-quote is-layout-flow wp-block-quote-is-layout-flow\">\n<p>\u201cS\u00e9 verdadero contigo mismo\u201d<\/p>\n\n\n\n<p>&#8211; frase de Polonio en Hamlet<\/p>\n<\/blockquote>\n\n\n\n<p class=\"p1\">El pr\u00edncipe Andr\u00e9s renuncia a sus t\u00edtulos para proteger a la Corona en medio del avance del caso Epstein<\/p>\n\n\n\n<p class=\"p1\">El pr\u00edncipe Andr\u00e9s renunci\u00f3 a todos sus t\u00edtulos reales y honor\u00edficos, incluido el de duque de York, en una decisi\u00f3n coordinada con el rey Carlos III para contener el da\u00f1o que provoca su v\u00ednculo con el fallecido delincuente sexual Jeffrey Epstein sobre la imagen de la monarqu\u00eda brit\u00e1nica.<\/p>\n\n\n\n<p class=\"p1\">Aunque legalmente seguir\u00e1 siendo conocido como Pr\u00edncipe Andr\u00e9s \u2014en virtud de una ley dictada en 1917 por Jorge V que concede ese tratamiento de por vida a los hijos de un monarca\u2014, su condici\u00f3n de Su Alteza Real queda suspendida indefinidamente. En los hechos, se trata de un destierro interno: conservar\u00e1 el nombre, pero no el poder ni los honores.<\/p>\n\n\n\n<p class=\"p1\">Los t\u00edtulos a los que renuncia incluyen el de Caballero Gran Cruz de la Real Orden Victoriana (GCVO) y su asiento en la Muy Noble Orden de la Jarretera, la m\u00e1s antigua y prestigiosa de Gran Breta\u00f1a. En un comunicado difundido por el Palacio de Buckingham, Andr\u00e9s declar\u00f3 que su decisi\u00f3n se debe a que \u201clas continuas acusaciones distraen la atenci\u00f3n del trabajo de Su Majestad\u201d. Neg\u00f3 nuevamente haber cometido delito alguno, pero admiti\u00f3 que \u201cdeb\u00eda dar un paso m\u00e1s all\u00e1\u201d.<\/p>\n\n\n\n<p class=\"p1\">Ni sus hijas, las princesas Beatriz y Eugenia, ni la l\u00ednea sucesoria se ver\u00e1n afectadas. Sin embargo, Sarah Ferguson \u2014su ex esposa\u2014 dejar\u00e1 de ser conocida como duquesa de York. Una fuente del Palacio asegur\u00f3 que el rey mantiene afecto por sus sobrinas y desea evitar que \u201cpaguen culpas ajenas\u201d.<\/p>\n\n\n\n<p class=\"p1\">Andr\u00e9s conservar\u00e1 su lujosa residencia en Royal Lodge, Windsor, gracias a un contrato de arrendamiento privado con Crown Estate. Aunque sectores de la opini\u00f3n p\u00fablica reclaman que abandone la propiedad como gesto final de responsabilidad, el pr\u00edncipe ha dejado claro que no tiene intenci\u00f3n de mudarse de la mansi\u00f3n de 30 habitaciones que comparte con su ex esposa.<\/p>\n\n\n\n<p class=\"p1\">La ca\u00edda final se aceler\u00f3 tras revelarse esta semana un correo electr\u00f3nico de 2011 en el que Andr\u00e9s escribi\u00f3 a Epstein, contradiciendo su relato p\u00fablico de haber roto todo contacto con \u00e9l. \u201cParece que estamos juntos en esto\u201d, le dec\u00eda en aquel mensaje. Para Buckingham, fue la prueba de que el pr\u00edncipe hab\u00eda mentido deliberadamente, aumentando el riesgo reputacional para la Corona.<\/p>\n\n\n\n<p class=\"p1\">El clima empeor\u00f3 con la inminente publicaci\u00f3n de las memorias p\u00f3stumas de Virginia Giuffre \u2014quien se suicid\u00f3 en abril\u2014 en las que describe a Andr\u00e9s como \u201cun hombre convencido de que tener sexo conmigo era su derecho de nacimiento\u201d. El pr\u00edncipe lo niega todo, pero cerr\u00f3 la demanda civil en su contra pagando 12 millones de libras para evitar juicio.<\/p>\n\n\n\n<p class=\"p1\">Aunque a\u00fan figura como consejero de Estado \u2014una figura que puede reemplazar al monarca\u2014, Buckingham aclara que jam\u00e1s ser\u00e1 convocado para ejercer ese rol. Tampoco participar\u00e1 de los eventos navide\u00f1os junto al resto de la familia real. Solo sus hijas ser\u00e1n invitadas.<\/p>\n\n\n\n<p class=\"p1\">La monarqu\u00eda ha elegido sobrevivir. Andr\u00e9s, que hace seis a\u00f1os dej\u00f3 la vida p\u00fablica tras su recordada entrevista televisiva con la BBC, queda definitivamente aislado. Su t\u00edtulo se apaga y su historia se escribe sola: nadie cae desde m\u00e1s alto que quien crey\u00f3 que estaba por encima de todo.<\/p>\n\n\n\n<p><\/p>\n\n\n\n<p>\u270d\ufe0f \u00a9\ufe0f 2025 ElCanillita.info \u2013 All Rights Reserved<\/p>\n\n\n\n<p><\/p>\n\n\n<p><small>\u00a9\ufe0f2025  Guzzo Photos  &#038; Graphic Publications \u2013 All Rights Reserved \u2013 Copyright \u00a9\ufe0f 2025 SalaStampa.eu, world press service \u2013 Guzzo Photos &#038; Graphic Publications \u2013 Registro Editori e Stampatori n. 1441 Turin, Italy<\/small><\/p>\n\n\n<p><\/p>\n","protected":false},"excerpt":{"rendered":"<p>Cuando el esc\u00e1ndalo supera al linaje, ni la sangre azul alcanza para tapar el ruido. El pr\u00edncipe Andr\u00e9s deja sus t\u00edtulos para salvar a la Corona, pero su ca\u00edda reci\u00e9n empieza.<\/p>\n","protected":false},"author":1,"featured_media":0,"comment_status":"closed","ping_status":"","sticky":false,"template":"","format":"standard","meta":{"footnotes":"","_links_to":"","_links_to_target":""},"categories":[108,121,70,1,22,23,116,25],"tags":[58],"class_list":["post-5533","post","type-post","status-publish","format-standard","hentry","category-blogdiario","category-dc24","category-actualidad","category-archivo","category-justicia","category-politica","category-united-kingdom","category-sociedad","tag-reino-unido","entry","double"],"yoast_head":"<!-- This site is optimized with the Yoast SEO plugin v27.4 - https:\/\/yoast.com\/product\/yoast-seo-wordpress\/ -->\n<title>\ud83d\uddde\ufe0f \u2696\ufe0f Esto sobre todo: - ElCanillita.Info<\/title>\n<meta name=\"robots\" content=\"index, follow, max-snippet:-1, max-image-preview:large, max-video-preview:-1\" \/>\n<link rel=\"canonical\" href=\"https:\/\/elcanillita.info\/press\/2025\/10\/18\/esto-sobre-todo\/\" \/>\n<meta property=\"og:locale\" content=\"es_ES\" \/>\n<meta property=\"og:type\" content=\"article\" \/>\n<meta property=\"og:title\" content=\"\ud83d\uddde\ufe0f \u2696\ufe0f Esto sobre todo: - ElCanillita.Info\" \/>\n<meta property=\"og:description\" content=\"Cuando el esc\u00e1ndalo supera al linaje, ni la sangre azul alcanza para tapar el ruido. El pr\u00edncipe Andr\u00e9s deja sus t\u00edtulos para salvar a la Corona, pero su ca\u00edda reci\u00e9n empieza.\" \/>\n<meta property=\"og:url\" content=\"https:\/\/elcanillita.info\/press\/2025\/10\/18\/esto-sobre-todo\/\" \/>\n<meta property=\"og:site_name\" content=\"ElCanillita.Info\" \/>\n<meta property=\"article:publisher\" content=\"https:\/\/ar-ar.facebook.com\/ElCanillitainfo-114249515285712\/\" \/>\n<meta property=\"article:published_time\" content=\"2025-10-18T20:01:32+00:00\" \/>\n<meta property=\"article:modified_time\" content=\"2025-10-18T20:02:05+00:00\" \/>\n<meta name=\"author\" content=\"SalaStampa.eu, world press service\" \/>\n<meta name=\"twitter:card\" content=\"summary_large_image\" \/>\n<meta name=\"twitter:label1\" content=\"Escrito por\" \/>\n\t<meta name=\"twitter:data1\" content=\"SalaStampa.eu, world press service\" \/>\n\t<meta name=\"twitter:label2\" content=\"Tiempo de lectura\" \/>\n\t<meta name=\"twitter:data2\" content=\"3 minutos\" \/>\n<script type=\"application\/ld+json\" class=\"yoast-schema-graph\">{\"@context\":\"https:\\\/\\\/schema.org\",\"@graph\":[{\"@type\":\"Article\",\"@id\":\"https:\\\/\\\/elcanillita.info\\\/press\\\/2025\\\/10\\\/18\\\/esto-sobre-todo\\\/#article\",\"isPartOf\":{\"@id\":\"https:\\\/\\\/elcanillita.info\\\/press\\\/2025\\\/10\\\/18\\\/esto-sobre-todo\\\/\"},\"author\":{\"name\":\"SalaStampa.eu, world press service\",\"@id\":\"https:\\\/\\\/elcanillita.info\\\/press\\\/#\\\/schema\\\/person\\\/7fcb79f38045700919f7da6d97e71ba0\"},\"headline\":\"\ud83d\uddde\ufe0f \u2696\ufe0f Esto sobre todo:\",\"datePublished\":\"2025-10-18T20:01:32+00:00\",\"dateModified\":\"2025-10-18T20:02:05+00:00\",\"mainEntityOfPage\":{\"@id\":\"https:\\\/\\\/elcanillita.info\\\/press\\\/2025\\\/10\\\/18\\\/esto-sobre-todo\\\/\"},\"wordCount\":619,\"publisher\":{\"@id\":\"https:\\\/\\\/elcanillita.info\\\/press\\\/#organization\"},\"keywords\":[\"Reino Unido\"],\"articleSection\":[\".\",\".\",\"Actualidad\",\"Archivo\",\"Justicia\",\"Politica\",\"Reino Unido\",\"Sociedad\"],\"inLanguage\":\"es-AR\"},{\"@type\":\"WebPage\",\"@id\":\"https:\\\/\\\/elcanillita.info\\\/press\\\/2025\\\/10\\\/18\\\/esto-sobre-todo\\\/\",\"url\":\"https:\\\/\\\/elcanillita.info\\\/press\\\/2025\\\/10\\\/18\\\/esto-sobre-todo\\\/\",\"name\":\"\ud83d\uddde\ufe0f \u2696\ufe0f Esto sobre todo: - ElCanillita.Info\",\"isPartOf\":{\"@id\":\"https:\\\/\\\/elcanillita.info\\\/press\\\/#website\"},\"datePublished\":\"2025-10-18T20:01:32+00:00\",\"dateModified\":\"2025-10-18T20:02:05+00:00\",\"inLanguage\":\"es-AR\",\"potentialAction\":[{\"@type\":\"ReadAction\",\"target\":[\"https:\\\/\\\/elcanillita.info\\\/press\\\/2025\\\/10\\\/18\\\/esto-sobre-todo\\\/\"]}]},{\"@type\":\"WebSite\",\"@id\":\"https:\\\/\\\/elcanillita.info\\\/press\\\/#website\",\"url\":\"https:\\\/\\\/elcanillita.info\\\/press\\\/\",\"name\":\"ElCanillita.Info\",\"description\":\"desde los Apeninos a los Andes\",\"publisher\":{\"@id\":\"https:\\\/\\\/elcanillita.info\\\/press\\\/#organization\"},\"potentialAction\":[{\"@type\":\"SearchAction\",\"target\":{\"@type\":\"EntryPoint\",\"urlTemplate\":\"https:\\\/\\\/elcanillita.info\\\/press\\\/?s={search_term_string}\"},\"query-input\":{\"@type\":\"PropertyValueSpecification\",\"valueRequired\":true,\"valueName\":\"search_term_string\"}}],\"inLanguage\":\"es-AR\"},{\"@type\":\"Organization\",\"@id\":\"https:\\\/\\\/elcanillita.info\\\/press\\\/#organization\",\"name\":\"Guzzo Photos & Graphic Publications\",\"url\":\"https:\\\/\\\/elcanillita.info\\\/press\\\/\",\"logo\":{\"@type\":\"ImageObject\",\"inLanguage\":\"es-AR\",\"@id\":\"https:\\\/\\\/elcanillita.info\\\/press\\\/#\\\/schema\\\/logo\\\/image\\\/\",\"url\":\"https:\\\/\\\/elcanillita.info\\\/press\\\/images\\\/2020\\\/01\\\/cropped-cropped-cropped-elcanillitainfo.png\",\"contentUrl\":\"https:\\\/\\\/elcanillita.info\\\/press\\\/images\\\/2020\\\/01\\\/cropped-cropped-cropped-elcanillitainfo.png\",\"width\":460,\"height\":50,\"caption\":\"Guzzo Photos & Graphic Publications\"},\"image\":{\"@id\":\"https:\\\/\\\/elcanillita.info\\\/press\\\/#\\\/schema\\\/logo\\\/image\\\/\"},\"sameAs\":[\"https:\\\/\\\/ar-ar.facebook.com\\\/ElCanillitainfo-114249515285712\\\/\"]},{\"@type\":\"Person\",\"@id\":\"https:\\\/\\\/elcanillita.info\\\/press\\\/#\\\/schema\\\/person\\\/7fcb79f38045700919f7da6d97e71ba0\",\"name\":\"SalaStampa.eu, world press service\",\"image\":{\"@type\":\"ImageObject\",\"inLanguage\":\"es-AR\",\"@id\":\"https:\\\/\\\/secure.gravatar.com\\\/avatar\\\/c2f0e0d515a107624234994507816ca4724c7199cef73fc8bedebf6931d73888?s=96&d=mm&r=g\",\"url\":\"https:\\\/\\\/secure.gravatar.com\\\/avatar\\\/c2f0e0d515a107624234994507816ca4724c7199cef73fc8bedebf6931d73888?s=96&d=mm&r=g\",\"contentUrl\":\"https:\\\/\\\/secure.gravatar.com\\\/avatar\\\/c2f0e0d515a107624234994507816ca4724c7199cef73fc8bedebf6931d73888?s=96&d=mm&r=g\",\"caption\":\"SalaStampa.eu, world press service\"}}]}<\/script>\n<!-- \/ Yoast SEO plugin. -->","yoast_head_json":{"title":"\ud83d\uddde\ufe0f \u2696\ufe0f Esto sobre todo: - ElCanillita.Info","robots":{"index":"index","follow":"follow","max-snippet":"max-snippet:-1","max-image-preview":"max-image-preview:large","max-video-preview":"max-video-preview:-1"},"canonical":"https:\/\/elcanillita.info\/press\/2025\/10\/18\/esto-sobre-todo\/","og_locale":"es_ES","og_type":"article","og_title":"\ud83d\uddde\ufe0f \u2696\ufe0f Esto sobre todo: - ElCanillita.Info","og_description":"Cuando el esc\u00e1ndalo supera al linaje, ni la sangre azul alcanza para tapar el ruido. El pr\u00edncipe Andr\u00e9s deja sus t\u00edtulos para salvar a la Corona, pero su ca\u00edda reci\u00e9n empieza.","og_url":"https:\/\/elcanillita.info\/press\/2025\/10\/18\/esto-sobre-todo\/","og_site_name":"ElCanillita.Info","article_publisher":"https:\/\/ar-ar.facebook.com\/ElCanillitainfo-114249515285712\/","article_published_time":"2025-10-18T20:01:32+00:00","article_modified_time":"2025-10-18T20:02:05+00:00","author":"SalaStampa.eu, world press service","twitter_card":"summary_large_image","twitter_misc":{"Escrito por":"SalaStampa.eu, world press service","Tiempo de lectura":"3 minutos"},"schema":{"@context":"https:\/\/schema.org","@graph":[{"@type":"Article","@id":"https:\/\/elcanillita.info\/press\/2025\/10\/18\/esto-sobre-todo\/#article","isPartOf":{"@id":"https:\/\/elcanillita.info\/press\/2025\/10\/18\/esto-sobre-todo\/"},"author":{"name":"SalaStampa.eu, world press service","@id":"https:\/\/elcanillita.info\/press\/#\/schema\/person\/7fcb79f38045700919f7da6d97e71ba0"},"headline":"\ud83d\uddde\ufe0f \u2696\ufe0f Esto sobre todo:","datePublished":"2025-10-18T20:01:32+00:00","dateModified":"2025-10-18T20:02:05+00:00","mainEntityOfPage":{"@id":"https:\/\/elcanillita.info\/press\/2025\/10\/18\/esto-sobre-todo\/"},"wordCount":619,"publisher":{"@id":"https:\/\/elcanillita.info\/press\/#organization"},"keywords":["Reino Unido"],"articleSection":[".",".","Actualidad","Archivo","Justicia","Politica","Reino Unido","Sociedad"],"inLanguage":"es-AR"},{"@type":"WebPage","@id":"https:\/\/elcanillita.info\/press\/2025\/10\/18\/esto-sobre-todo\/","url":"https:\/\/elcanillita.info\/press\/2025\/10\/18\/esto-sobre-todo\/","name":"\ud83d\uddde\ufe0f \u2696\ufe0f Esto sobre todo: - ElCanillita.Info","isPartOf":{"@id":"https:\/\/elcanillita.info\/press\/#website"},"datePublished":"2025-10-18T20:01:32+00:00","dateModified":"2025-10-18T20:02:05+00:00","inLanguage":"es-AR","potentialAction":[{"@type":"ReadAction","target":["https:\/\/elcanillita.info\/press\/2025\/10\/18\/esto-sobre-todo\/"]}]},{"@type":"WebSite","@id":"https:\/\/elcanillita.info\/press\/#website","url":"https:\/\/elcanillita.info\/press\/","name":"ElCanillita.Info","description":"desde los Apeninos a los Andes","publisher":{"@id":"https:\/\/elcanillita.info\/press\/#organization"},"potentialAction":[{"@type":"SearchAction","target":{"@type":"EntryPoint","urlTemplate":"https:\/\/elcanillita.info\/press\/?s={search_term_string}"},"query-input":{"@type":"PropertyValueSpecification","valueRequired":true,"valueName":"search_term_string"}}],"inLanguage":"es-AR"},{"@type":"Organization","@id":"https:\/\/elcanillita.info\/press\/#organization","name":"Guzzo Photos & Graphic Publications","url":"https:\/\/elcanillita.info\/press\/","logo":{"@type":"ImageObject","inLanguage":"es-AR","@id":"https:\/\/elcanillita.info\/press\/#\/schema\/logo\/image\/","url":"https:\/\/elcanillita.info\/press\/images\/2020\/01\/cropped-cropped-cropped-elcanillitainfo.png","contentUrl":"https:\/\/elcanillita.info\/press\/images\/2020\/01\/cropped-cropped-cropped-elcanillitainfo.png","width":460,"height":50,"caption":"Guzzo Photos & Graphic Publications"},"image":{"@id":"https:\/\/elcanillita.info\/press\/#\/schema\/logo\/image\/"},"sameAs":["https:\/\/ar-ar.facebook.com\/ElCanillitainfo-114249515285712\/"]},{"@type":"Person","@id":"https:\/\/elcanillita.info\/press\/#\/schema\/person\/7fcb79f38045700919f7da6d97e71ba0","name":"SalaStampa.eu, world press service","image":{"@type":"ImageObject","inLanguage":"es-AR","@id":"https:\/\/secure.gravatar.com\/avatar\/c2f0e0d515a107624234994507816ca4724c7199cef73fc8bedebf6931d73888?s=96&d=mm&r=g","url":"https:\/\/secure.gravatar.com\/avatar\/c2f0e0d515a107624234994507816ca4724c7199cef73fc8bedebf6931d73888?s=96&d=mm&r=g","contentUrl":"https:\/\/secure.gravatar.com\/avatar\/c2f0e0d515a107624234994507816ca4724c7199cef73fc8bedebf6931d73888?s=96&d=mm&r=g","caption":"SalaStampa.eu, world press service"}}]}},"views":149,"_links":{"self":[{"href":"https:\/\/elcanillita.info\/press\/wp-json\/wp\/v2\/posts\/5533","targetHints":{"allow":["GET"]}}],"collection":[{"href":"https:\/\/elcanillita.info\/press\/wp-json\/wp\/v2\/posts"}],"about":[{"href":"https:\/\/elcanillita.info\/press\/wp-json\/wp\/v2\/types\/post"}],"author":[{"embeddable":true,"href":"https:\/\/elcanillita.info\/press\/wp-json\/wp\/v2\/users\/1"}],"replies":[{"embeddable":true,"href":"https:\/\/elcanillita.info\/press\/wp-json\/wp\/v2\/comments?post=5533"}],"version-history":[{"count":0,"href":"https:\/\/elcanillita.info\/press\/wp-json\/wp\/v2\/posts\/5533\/revisions"}],"wp:attachment":[{"href":"https:\/\/elcanillita.info\/press\/wp-json\/wp\/v2\/media?parent=5533"}],"wp:term":[{"taxonomy":"category","embeddable":true,"href":"https:\/\/elcanillita.info\/press\/wp-json\/wp\/v2\/categories?post=5533"},{"taxonomy":"post_tag","embeddable":true,"href":"https:\/\/elcanillita.info\/press\/wp-json\/wp\/v2\/tags?post=5533"}],"curies":[{"name":"wp","href":"https:\/\/api.w.org\/{rel}","templated":true}]}}