{"id":5526,"date":"2025-10-14T18:58:54","date_gmt":"2025-10-14T21:58:54","guid":{"rendered":"https:\/\/elcanillita.info\/press\/?p=5526"},"modified":"2025-10-14T19:04:09","modified_gmt":"2025-10-14T22:04:09","slug":"voten-por-milei-si-quieren-mas-plata-prestada","status":"publish","type":"post","link":"https:\/\/elcanillita.info\/press\/2025\/10\/14\/voten-por-milei-si-quieren-mas-plata-prestada\/","title":{"rendered":"\ud83d\uddde\ufe0f\ud83d\udcb0 \u201cVoten por Milei si quieren m\u00e1s plata prestada"},"content":{"rendered":"\n<p class=\"p1\">Trump condicion\u00f3 el apoyo financiero a la Argentina al resultado electoral del 26 de octubre<\/p>\n\n\n\n<p class=\"p3\">El acuerdo financiero con Washington dej\u00f3 de ser un salvavidas econ\u00f3mico para convertirse en un arma electoral. Trump abraz\u00f3 a Milei pero lo apret\u00f3 al mismo tiempo: si el libertario no gana las legislativas del 26 de octubre, la Argentina pierde el respaldo norteamericano. Un mensaje sin maquillaje: la pol\u00edtica internacional tambi\u00e9n se compra y se vende.<\/p>\n\n\n\n<p class=\"p1\">D\u00f3lares s\u00ed, pero con fidelidad electoral<\/p>\n\n\n\n<p class=\"p3\">Donald Trump lo dijo sin maquillaje, sin filtro y sin traductor diplom\u00e1tico: \u201cSi Milei pierde, no contar\u00e1 con nosotros\u201d. Lo dijo as\u00ed, textual, en una conferencia de prensa que se extendi\u00f3 casi una hora y que fue tan in\u00e9dita como brutal. No fue un encuentro diplom\u00e1tico: fue una demostraci\u00f3n de poder.<\/p>\n\n\n\n<p class=\"p3\">Javier Milei viaj\u00f3 a Washington para consolidar su alianza estrat\u00e9gica con Estados Unidos y volvi\u00f3 con un mensaje que incendi\u00f3 la campa\u00f1a electoral argentina: el respaldo financiero del Tesoro norteamericano est\u00e1 atado al resultado de octubre. Traducido: d\u00f3lares s\u00ed, pero s\u00f3lo si La Libertad Avanza gana.<\/p>\n\n\n\n<p class=\"p1\">Apoyo con factura incluida<\/p>\n\n\n\n<p class=\"p3\">Trump elogi\u00f3 a Milei como \u201cun economista tremendamente talentoso\u201d, pero no regal\u00f3 nada. El gesto pol\u00edtico tuvo condiciones y qued\u00f3 grabado frente a la prensa mundial:<\/p>\n\n\n\n<blockquote class=\"wp-block-quote is-layout-flow wp-block-quote-is-layout-flow\">\n<p>\u201cSi gana, lo apoyaremos. Si no gana, no seremos generosos con la Argentina.\u201d<\/p>\n<\/blockquote>\n\n\n\n<p class=\"p3\">En diplomacia, lo que Trump hizo se llama condicionamiento expl\u00edcito. En el barrio tiene otro nombre: plata con voto adentro. Fue una intervenci\u00f3n directa en la pol\u00edtica argentina, una invitaci\u00f3n t\u00e1cita a votar por Milei si se quiere seguir respirando financiamiento.<\/p>\n\n\n\n<p class=\"p3\">La reuni\u00f3n que deb\u00eda ser en el Sal\u00f3n Oval fue cancelada. Se reemplaz\u00f3 por un almuerzo improvisado con transmisi\u00f3n pol\u00edtica global incluida. Antes del primer plato, Trump ya hab\u00eda servido el men\u00fa: apoyo condicionado, advertencia electoral, mensaje a la oposici\u00f3n.<\/p>\n\n\n\n<p class=\"p1\">El cr\u00e9dito como presi\u00f3n pol\u00edtica<\/p>\n\n\n\n<p class=\"p3\">Lejos de esconderlo, Trump defendi\u00f3 que la pol\u00edtica exterior norteamericana se alinea con gobiernos que garanticen afinidad ideol\u00f3gica. Lo dijo sin ruborizarse:<\/p>\n\n\n\n<blockquote class=\"wp-block-quote is-layout-flow wp-block-quote-is-layout-flow\">\n<p>\u201cNuestras decisiones est\u00e1n sujetas a qui\u00e9n gana las elecciones. Si un socialista gana, uno se siente diferente sobre si haces la inversi\u00f3n.\u201d<\/p>\n<\/blockquote>\n\n\n\n<p class=\"p3\">Para Milei, fue un espaldarazo decisivo en plena campa\u00f1a. Para la oposici\u00f3n, una declaraci\u00f3n de guerra financiera. Para la Argentina, una confirmaci\u00f3n inc\u00f3moda: su futuro econ\u00f3mico no depende solo de un plan, sino de una elecci\u00f3n.<\/p>\n\n\n\n<p class=\"p1\">La chequera tiene ideolog\u00eda<\/p>\n\n\n\n<p class=\"p3\">Trump compar\u00f3 la situaci\u00f3n de Argentina con el caso de Nueva York, donde se niega a financiar la administraci\u00f3n del opositor Zohran Mamdani. Su argumento fue id\u00e9ntico:<\/p>\n\n\n\n<blockquote class=\"wp-block-quote is-layout-flow wp-block-quote-is-layout-flow\">\n<p>\u201cYo no voy a mandar un mont\u00f3n de dinero a un comunista que lo tira por la ventana.\u201d<\/p>\n<\/blockquote>\n\n\n\n<p class=\"p3\">La frase dej\u00f3 clara la regla del juego: el que no piensa como Washington, no recibe financiamiento. Milei no necesita traductor para entenderlo. La oposici\u00f3n argentina tampoco.<\/p>\n\n\n\n<p class=\"p1\">China entra al tablero<\/p>\n\n\n\n<p class=\"p3\">A nivel internacional, Trump aprovech\u00f3 la conferencia para enviar otro mensaje estrat\u00e9gico: Argentina debe alinearse sin titubeos con Washington. Volvi\u00f3 a apuntar contra China, a la que acus\u00f3 de \u201coperar con m\u00e9todos hostiles en Am\u00e9rica Latina\u201d y \u201caprovechar la debilidad econ\u00f3mica de los pa\u00edses para ganar control pol\u00edtico\u201d. Para la Casa Blanca, el financiamiento chino no es cooperaci\u00f3n: es expansi\u00f3n de influencia. El problema ya no es solo comercial, sino de seguridad hemisf\u00e9rica.<\/p>\n\n\n\n<p class=\"p1\">Venezuela, el comod\u00edn de presi\u00f3n regional<\/p>\n\n\n\n<p class=\"p3\">Tambi\u00e9n incluy\u00f3 en su tablero a Venezuela, a la que defini\u00f3 como \u201cuna dictadura petrolera sostenida por mafias y potencias rivales de Occidente\u201d. Sin mencionar detalles operativos, insinu\u00f3 que su administraci\u00f3n seguir\u00e1 aplicando presi\u00f3n econ\u00f3mica sobre el r\u00e9gimen de Nicol\u00e1s Maduro. En ese marco, Argentina es vista por Washington como pieza clave en el juego regional, un pa\u00eds que debe definirse entre dos modelos de inserci\u00f3n internacional: alianza con EE.UU. o competencia abierta con China y Rusia.<\/p>\n\n\n\n<p class=\"p1\">Cierre \u2013 Votar con riesgo pa\u00eds<\/p>\n\n\n\n<p class=\"p3\">En Buenos Aires lo llamar\u00e1n \u201capoyo estrat\u00e9gico\u201d. En Washington lo celebrar\u00e1n como \u201cinversi\u00f3n de riesgo controlado\u201d. Pero en la vida real esto tiene otro nombre: hipoteca electoral. Trump lo dej\u00f3 clar\u00edsimo: el futuro financiero de la Argentina ahora depende del voto.<\/p>\n\n\n\n<p class=\"p3\">El mercado no vota. Wall Street tampoco. Pero deciden qui\u00e9n respira y qui\u00e9n no. Y esta vez el mensaje lleg\u00f3 directo:<\/p>\n\n\n\n<blockquote class=\"wp-block-quote is-layout-flow wp-block-quote-is-layout-flow\">\n<p>\u201cSin Milei, no&nbsp;<\/p>\n<\/blockquote>\n\n\n\n<p><\/p>\n\n\n\n<p>\u270d\ufe0f \u00a9\ufe0f 2025&nbsp; El int\u00e9rprete del c\u00f3digo silencioso &#8211; All Rights Reserved<\/p>\n\n\n\n<p><p><\/p>\n<small>\u00a9\ufe0f2025  Guzzo Photos  &amp; Graphic Publications \u2013 All Rights Reserved \u2013 Copyright \u00a9\ufe0f 2025 SalaStampa.eu, world press service \u2013 Guzzo Photos &amp; Graphic Publications \u2013 Registro Editori e Stampatori n. 1441 Turin, Italy<\/small><\/p>\n","protected":false},"excerpt":{"rendered":"<p>Trump fue clar\u00edsimo: si Milei pierde en octubre, se corta la plata.<br \/>\nEl apoyo financiero del Tesoro de EE.UU. ahora viene con condici\u00f3n electoral.<br \/>\nDiplomacia a lo Wall Street: respaldo s\u00ed, pero solo para gobiernos amigos.<\/p>\n","protected":false},"author":1,"featured_media":0,"comment_status":"closed","ping_status":"","sticky":false,"template":"","format":"standard","meta":{"footnotes":"","_links_to":"","_links_to_target":""},"categories":[108,121,70,11,123,20,136,23,137],"tags":[29,34],"class_list":["post-5526","post","type-post","status-publish","format-standard","hentry","category-blogdiario","category-dc24","category-actualidad","category-america-del-sur","category-argentina","category-economia","category-opinion","category-politica","category-sociedad-y-valores","tag-argentina","tag-estados-unidos","entry","double"],"yoast_head":"<!-- This site is optimized with the Yoast SEO plugin v27.4 - https:\/\/yoast.com\/product\/yoast-seo-wordpress\/ -->\n<title>\ud83d\uddde\ufe0f\ud83d\udcb0 \u201cVoten por Milei si quieren m\u00e1s plata prestada - ElCanillita.Info<\/title>\n<meta name=\"robots\" content=\"index, follow, max-snippet:-1, max-image-preview:large, max-video-preview:-1\" \/>\n<link rel=\"canonical\" href=\"https:\/\/elcanillita.info\/press\/2025\/10\/14\/voten-por-milei-si-quieren-mas-plata-prestada\/\" \/>\n<meta property=\"og:locale\" content=\"es_ES\" \/>\n<meta property=\"og:type\" content=\"article\" \/>\n<meta property=\"og:title\" content=\"\ud83d\uddde\ufe0f\ud83d\udcb0 \u201cVoten por Milei si quieren m\u00e1s plata prestada - ElCanillita.Info\" \/>\n<meta property=\"og:description\" content=\"Trump fue clar\u00edsimo: si Milei pierde en octubre, se corta la plata. El apoyo financiero del Tesoro de EE.UU. ahora viene con condici\u00f3n electoral. Diplomacia a lo Wall Street: respaldo s\u00ed, pero solo para gobiernos amigos.\" \/>\n<meta property=\"og:url\" content=\"https:\/\/elcanillita.info\/press\/2025\/10\/14\/voten-por-milei-si-quieren-mas-plata-prestada\/\" \/>\n<meta property=\"og:site_name\" content=\"ElCanillita.Info\" \/>\n<meta property=\"article:publisher\" content=\"https:\/\/ar-ar.facebook.com\/ElCanillitainfo-114249515285712\/\" \/>\n<meta property=\"article:published_time\" content=\"2025-10-14T21:58:54+00:00\" \/>\n<meta property=\"article:modified_time\" content=\"2025-10-14T22:04:09+00:00\" \/>\n<meta name=\"author\" content=\"SalaStampa.eu, world press service\" \/>\n<meta name=\"twitter:card\" content=\"summary_large_image\" \/>\n<meta name=\"twitter:label1\" content=\"Escrito por\" \/>\n\t<meta name=\"twitter:data1\" content=\"SalaStampa.eu, world press service\" \/>\n\t<meta name=\"twitter:label2\" content=\"Tiempo de lectura\" \/>\n\t<meta name=\"twitter:data2\" content=\"4 minutos\" \/>\n<script type=\"application\/ld+json\" class=\"yoast-schema-graph\">{\"@context\":\"https:\\\/\\\/schema.org\",\"@graph\":[{\"@type\":\"Article\",\"@id\":\"https:\\\/\\\/elcanillita.info\\\/press\\\/2025\\\/10\\\/14\\\/voten-por-milei-si-quieren-mas-plata-prestada\\\/#article\",\"isPartOf\":{\"@id\":\"https:\\\/\\\/elcanillita.info\\\/press\\\/2025\\\/10\\\/14\\\/voten-por-milei-si-quieren-mas-plata-prestada\\\/\"},\"author\":{\"name\":\"SalaStampa.eu, world press service\",\"@id\":\"https:\\\/\\\/elcanillita.info\\\/press\\\/#\\\/schema\\\/person\\\/7fcb79f38045700919f7da6d97e71ba0\"},\"headline\":\"\ud83d\uddde\ufe0f\ud83d\udcb0 \u201cVoten por Milei si quieren m\u00e1s plata prestada\",\"datePublished\":\"2025-10-14T21:58:54+00:00\",\"dateModified\":\"2025-10-14T22:04:09+00:00\",\"mainEntityOfPage\":{\"@id\":\"https:\\\/\\\/elcanillita.info\\\/press\\\/2025\\\/10\\\/14\\\/voten-por-milei-si-quieren-mas-plata-prestada\\\/\"},\"wordCount\":810,\"publisher\":{\"@id\":\"https:\\\/\\\/elcanillita.info\\\/press\\\/#organization\"},\"keywords\":[\"Argentina\",\"Estados Unidos\"],\"articleSection\":[\".\",\".\",\"Actualidad\",\"Am\u00e9rica del Sur\",\"Argentina\",\"Economia\",\"Opini\u00f3n\",\"Politica\",\"Sociedad y valores\"],\"inLanguage\":\"es-AR\"},{\"@type\":\"WebPage\",\"@id\":\"https:\\\/\\\/elcanillita.info\\\/press\\\/2025\\\/10\\\/14\\\/voten-por-milei-si-quieren-mas-plata-prestada\\\/\",\"url\":\"https:\\\/\\\/elcanillita.info\\\/press\\\/2025\\\/10\\\/14\\\/voten-por-milei-si-quieren-mas-plata-prestada\\\/\",\"name\":\"\ud83d\uddde\ufe0f\ud83d\udcb0 \u201cVoten por Milei si quieren m\u00e1s plata prestada - ElCanillita.Info\",\"isPartOf\":{\"@id\":\"https:\\\/\\\/elcanillita.info\\\/press\\\/#website\"},\"datePublished\":\"2025-10-14T21:58:54+00:00\",\"dateModified\":\"2025-10-14T22:04:09+00:00\",\"inLanguage\":\"es-AR\",\"potentialAction\":[{\"@type\":\"ReadAction\",\"target\":[\"https:\\\/\\\/elcanillita.info\\\/press\\\/2025\\\/10\\\/14\\\/voten-por-milei-si-quieren-mas-plata-prestada\\\/\"]}]},{\"@type\":\"WebSite\",\"@id\":\"https:\\\/\\\/elcanillita.info\\\/press\\\/#website\",\"url\":\"https:\\\/\\\/elcanillita.info\\\/press\\\/\",\"name\":\"ElCanillita.Info\",\"description\":\"desde los Apeninos a los Andes\",\"publisher\":{\"@id\":\"https:\\\/\\\/elcanillita.info\\\/press\\\/#organization\"},\"potentialAction\":[{\"@type\":\"SearchAction\",\"target\":{\"@type\":\"EntryPoint\",\"urlTemplate\":\"https:\\\/\\\/elcanillita.info\\\/press\\\/?s={search_term_string}\"},\"query-input\":{\"@type\":\"PropertyValueSpecification\",\"valueRequired\":true,\"valueName\":\"search_term_string\"}}],\"inLanguage\":\"es-AR\"},{\"@type\":\"Organization\",\"@id\":\"https:\\\/\\\/elcanillita.info\\\/press\\\/#organization\",\"name\":\"Guzzo Photos & Graphic Publications\",\"url\":\"https:\\\/\\\/elcanillita.info\\\/press\\\/\",\"logo\":{\"@type\":\"ImageObject\",\"inLanguage\":\"es-AR\",\"@id\":\"https:\\\/\\\/elcanillita.info\\\/press\\\/#\\\/schema\\\/logo\\\/image\\\/\",\"url\":\"https:\\\/\\\/elcanillita.info\\\/press\\\/images\\\/2020\\\/01\\\/cropped-cropped-cropped-elcanillitainfo.png\",\"contentUrl\":\"https:\\\/\\\/elcanillita.info\\\/press\\\/images\\\/2020\\\/01\\\/cropped-cropped-cropped-elcanillitainfo.png\",\"width\":460,\"height\":50,\"caption\":\"Guzzo Photos & Graphic Publications\"},\"image\":{\"@id\":\"https:\\\/\\\/elcanillita.info\\\/press\\\/#\\\/schema\\\/logo\\\/image\\\/\"},\"sameAs\":[\"https:\\\/\\\/ar-ar.facebook.com\\\/ElCanillitainfo-114249515285712\\\/\"]},{\"@type\":\"Person\",\"@id\":\"https:\\\/\\\/elcanillita.info\\\/press\\\/#\\\/schema\\\/person\\\/7fcb79f38045700919f7da6d97e71ba0\",\"name\":\"SalaStampa.eu, world press service\",\"image\":{\"@type\":\"ImageObject\",\"inLanguage\":\"es-AR\",\"@id\":\"https:\\\/\\\/secure.gravatar.com\\\/avatar\\\/c2f0e0d515a107624234994507816ca4724c7199cef73fc8bedebf6931d73888?s=96&d=mm&r=g\",\"url\":\"https:\\\/\\\/secure.gravatar.com\\\/avatar\\\/c2f0e0d515a107624234994507816ca4724c7199cef73fc8bedebf6931d73888?s=96&d=mm&r=g\",\"contentUrl\":\"https:\\\/\\\/secure.gravatar.com\\\/avatar\\\/c2f0e0d515a107624234994507816ca4724c7199cef73fc8bedebf6931d73888?s=96&d=mm&r=g\",\"caption\":\"SalaStampa.eu, world press service\"}}]}<\/script>\n<!-- \/ Yoast SEO plugin. -->","yoast_head_json":{"title":"\ud83d\uddde\ufe0f\ud83d\udcb0 \u201cVoten por Milei si quieren m\u00e1s plata prestada - ElCanillita.Info","robots":{"index":"index","follow":"follow","max-snippet":"max-snippet:-1","max-image-preview":"max-image-preview:large","max-video-preview":"max-video-preview:-1"},"canonical":"https:\/\/elcanillita.info\/press\/2025\/10\/14\/voten-por-milei-si-quieren-mas-plata-prestada\/","og_locale":"es_ES","og_type":"article","og_title":"\ud83d\uddde\ufe0f\ud83d\udcb0 \u201cVoten por Milei si quieren m\u00e1s plata prestada - ElCanillita.Info","og_description":"Trump fue clar\u00edsimo: si Milei pierde en octubre, se corta la plata. El apoyo financiero del Tesoro de EE.UU. ahora viene con condici\u00f3n electoral. Diplomacia a lo Wall Street: respaldo s\u00ed, pero solo para gobiernos amigos.","og_url":"https:\/\/elcanillita.info\/press\/2025\/10\/14\/voten-por-milei-si-quieren-mas-plata-prestada\/","og_site_name":"ElCanillita.Info","article_publisher":"https:\/\/ar-ar.facebook.com\/ElCanillitainfo-114249515285712\/","article_published_time":"2025-10-14T21:58:54+00:00","article_modified_time":"2025-10-14T22:04:09+00:00","author":"SalaStampa.eu, world press service","twitter_card":"summary_large_image","twitter_misc":{"Escrito por":"SalaStampa.eu, world press service","Tiempo de lectura":"4 minutos"},"schema":{"@context":"https:\/\/schema.org","@graph":[{"@type":"Article","@id":"https:\/\/elcanillita.info\/press\/2025\/10\/14\/voten-por-milei-si-quieren-mas-plata-prestada\/#article","isPartOf":{"@id":"https:\/\/elcanillita.info\/press\/2025\/10\/14\/voten-por-milei-si-quieren-mas-plata-prestada\/"},"author":{"name":"SalaStampa.eu, world press service","@id":"https:\/\/elcanillita.info\/press\/#\/schema\/person\/7fcb79f38045700919f7da6d97e71ba0"},"headline":"\ud83d\uddde\ufe0f\ud83d\udcb0 \u201cVoten por Milei si quieren m\u00e1s plata prestada","datePublished":"2025-10-14T21:58:54+00:00","dateModified":"2025-10-14T22:04:09+00:00","mainEntityOfPage":{"@id":"https:\/\/elcanillita.info\/press\/2025\/10\/14\/voten-por-milei-si-quieren-mas-plata-prestada\/"},"wordCount":810,"publisher":{"@id":"https:\/\/elcanillita.info\/press\/#organization"},"keywords":["Argentina","Estados Unidos"],"articleSection":[".",".","Actualidad","Am\u00e9rica del Sur","Argentina","Economia","Opini\u00f3n","Politica","Sociedad y valores"],"inLanguage":"es-AR"},{"@type":"WebPage","@id":"https:\/\/elcanillita.info\/press\/2025\/10\/14\/voten-por-milei-si-quieren-mas-plata-prestada\/","url":"https:\/\/elcanillita.info\/press\/2025\/10\/14\/voten-por-milei-si-quieren-mas-plata-prestada\/","name":"\ud83d\uddde\ufe0f\ud83d\udcb0 \u201cVoten por Milei si quieren m\u00e1s plata prestada - ElCanillita.Info","isPartOf":{"@id":"https:\/\/elcanillita.info\/press\/#website"},"datePublished":"2025-10-14T21:58:54+00:00","dateModified":"2025-10-14T22:04:09+00:00","inLanguage":"es-AR","potentialAction":[{"@type":"ReadAction","target":["https:\/\/elcanillita.info\/press\/2025\/10\/14\/voten-por-milei-si-quieren-mas-plata-prestada\/"]}]},{"@type":"WebSite","@id":"https:\/\/elcanillita.info\/press\/#website","url":"https:\/\/elcanillita.info\/press\/","name":"ElCanillita.Info","description":"desde los Apeninos a los Andes","publisher":{"@id":"https:\/\/elcanillita.info\/press\/#organization"},"potentialAction":[{"@type":"SearchAction","target":{"@type":"EntryPoint","urlTemplate":"https:\/\/elcanillita.info\/press\/?s={search_term_string}"},"query-input":{"@type":"PropertyValueSpecification","valueRequired":true,"valueName":"search_term_string"}}],"inLanguage":"es-AR"},{"@type":"Organization","@id":"https:\/\/elcanillita.info\/press\/#organization","name":"Guzzo Photos & Graphic Publications","url":"https:\/\/elcanillita.info\/press\/","logo":{"@type":"ImageObject","inLanguage":"es-AR","@id":"https:\/\/elcanillita.info\/press\/#\/schema\/logo\/image\/","url":"https:\/\/elcanillita.info\/press\/images\/2020\/01\/cropped-cropped-cropped-elcanillitainfo.png","contentUrl":"https:\/\/elcanillita.info\/press\/images\/2020\/01\/cropped-cropped-cropped-elcanillitainfo.png","width":460,"height":50,"caption":"Guzzo Photos & Graphic Publications"},"image":{"@id":"https:\/\/elcanillita.info\/press\/#\/schema\/logo\/image\/"},"sameAs":["https:\/\/ar-ar.facebook.com\/ElCanillitainfo-114249515285712\/"]},{"@type":"Person","@id":"https:\/\/elcanillita.info\/press\/#\/schema\/person\/7fcb79f38045700919f7da6d97e71ba0","name":"SalaStampa.eu, world press service","image":{"@type":"ImageObject","inLanguage":"es-AR","@id":"https:\/\/secure.gravatar.com\/avatar\/c2f0e0d515a107624234994507816ca4724c7199cef73fc8bedebf6931d73888?s=96&d=mm&r=g","url":"https:\/\/secure.gravatar.com\/avatar\/c2f0e0d515a107624234994507816ca4724c7199cef73fc8bedebf6931d73888?s=96&d=mm&r=g","contentUrl":"https:\/\/secure.gravatar.com\/avatar\/c2f0e0d515a107624234994507816ca4724c7199cef73fc8bedebf6931d73888?s=96&d=mm&r=g","caption":"SalaStampa.eu, world press service"}}]}},"views":124,"_links":{"self":[{"href":"https:\/\/elcanillita.info\/press\/wp-json\/wp\/v2\/posts\/5526","targetHints":{"allow":["GET"]}}],"collection":[{"href":"https:\/\/elcanillita.info\/press\/wp-json\/wp\/v2\/posts"}],"about":[{"href":"https:\/\/elcanillita.info\/press\/wp-json\/wp\/v2\/types\/post"}],"author":[{"embeddable":true,"href":"https:\/\/elcanillita.info\/press\/wp-json\/wp\/v2\/users\/1"}],"replies":[{"embeddable":true,"href":"https:\/\/elcanillita.info\/press\/wp-json\/wp\/v2\/comments?post=5526"}],"version-history":[{"count":0,"href":"https:\/\/elcanillita.info\/press\/wp-json\/wp\/v2\/posts\/5526\/revisions"}],"wp:attachment":[{"href":"https:\/\/elcanillita.info\/press\/wp-json\/wp\/v2\/media?parent=5526"}],"wp:term":[{"taxonomy":"category","embeddable":true,"href":"https:\/\/elcanillita.info\/press\/wp-json\/wp\/v2\/categories?post=5526"},{"taxonomy":"post_tag","embeddable":true,"href":"https:\/\/elcanillita.info\/press\/wp-json\/wp\/v2\/tags?post=5526"}],"curies":[{"name":"wp","href":"https:\/\/api.w.org\/{rel}","templated":true}]}}