{"id":5521,"date":"2025-10-13T16:24:05","date_gmt":"2025-10-13T19:24:05","guid":{"rendered":"https:\/\/elcanillita.info\/press\/?p=5521"},"modified":"2025-10-13T16:24:05","modified_gmt":"2025-10-13T19:24:05","slug":"la-guerra-suelta-la-mano-la-politica-toma-nota","status":"publish","type":"post","link":"https:\/\/elcanillita.info\/press\/2025\/10\/13\/la-guerra-suelta-la-mano-la-politica-toma-nota\/","title":{"rendered":"\u201cLa guerra suelta la mano, la pol\u00edtica toma nota\u201d"},"content":{"rendered":"\n<figure class=\"wp-block-image size-large\"><img loading=\"lazy\" decoding=\"async\" width=\"601\" height=\"344\" src=\"https:\/\/elcanillita.info\/press\/images\/2025\/10\/img_0841.jpg\" class=\"wp-image-5522\" srcset=\"https:\/\/elcanillita.info\/press\/images\/2025\/10\/img_0841.jpg 601w, https:\/\/elcanillita.info\/press\/images\/2025\/10\/img_0841-300x172.jpg 300w\" sizes=\"auto, (max-width: 601px) 100vw, 601px\" \/><\/figure>\n\n\n\n<p class=\"p1\">Israel despert\u00f3 este lunes de una pesadilla que dur\u00f3 738 d\u00edas. Los \u00faltimos 20 rehenes que segu\u00edan en poder de Ham\u00e1s fueron liberados esta ma\u00f1ana en dos fases coordinadas bajo supervisi\u00f3n internacional. A cambio, 1.968 prisioneros palestinos fueron excarcelados desde penales israel\u00edes y trasladados a Cisjordania y la Franja de Gaza.<\/p>\n\n\n\n<p class=\"p1\">El intercambio, respaldado por Estados Unidos, Egipto y Qatar, sella la primera etapa del acuerdo de paz m\u00e1s delicado del siglo en Medio Oriente.<\/p>\n\n\n\n<p class=\"p1\">Las im\u00e1genes recorrieron el mundo: abrazos en Tel Aviv y llanto en Ramala. En ambos lados, los retornos marcaron un punto de inflexi\u00f3n emocional despu\u00e9s de dos a\u00f1os definidos por la guerra, el secuestro y la retaliaci\u00f3n militar.<\/p>\n\n\n\n<p class=\"p1\">Entre los liberados hubo mujeres, trabajadores extranjeros, dos soldados israel\u00edes y un m\u00e9dico humanitario argentino-israel\u00ed cuyo secuestro hab\u00eda generado fuerte repercusi\u00f3n en Am\u00e9rica Latina.<\/p>\n\n\n\n<p class=\"p1\">El presidente estadounidense Donald Trump lleg\u00f3 personalmente a Jerusal\u00e9n para acompa\u00f1ar la liberaci\u00f3n final y habl\u00f3 durante 46 minutos en la Kn\u00e9set. Calific\u00f3 la jornada como \u201cun amanecer hist\u00f3rico\u201d y asegur\u00f3 que \u201cla gran tarea empieza ahora: construir seguridad sin ocupaci\u00f3n y soberan\u00eda sin terrorismo\u201d. El discurso, aplaudido por la mayor\u00eda del recinto, fue interrumpido dos veces por legisladores que protestaron y fueron retirados por el servicio de seguridad.<\/p>\n\n\n\n<p class=\"p1\">El primer ministro Benjam\u00edn Netanyahu, pol\u00edticamente tensionado por la operaci\u00f3n y presionado por sectores de derecha que rechazan el intercambio, cancel\u00f3 a \u00faltima hora su viaje previsto a la cumbre de Sharm el-Sheikh alegando \u201cmotivos de calendario y festividad\u201d. Su oficina evit\u00f3 profundizar, pero fuentes de la coalici\u00f3n confirmaron que el premier enfrenta creciente presi\u00f3n interna ante la inminente segunda fase de negociaciones, que incluye retiro militar gradual en Gaza y reforma de gobernanza palestina.<\/p>\n\n\n\n<p class=\"p1\">Del lado de Ham\u00e1s, la organizaci\u00f3n confirm\u00f3 la entrega final de rehenes a trav\u00e9s de un comunicado difundido desde Doha. Sostuvo que \u201ccumpli\u00f3 estrictamente cada punto del acuerdo\u201d y acus\u00f3 a Israel de \u201cbuscar r\u00e9ditos propagand\u00edsticos\u201d con la presencia de Trump. No hubo declaraciones de Yahya Sinwar, quien permanece oculto.<\/p>\n\n\n\n<p class=\"p1\">La jornada cerr\u00f3 con un dato relevante: desde la Autoridad Nacional Palestina se\u00f1alaron que el intercambio abre espacio para un \u201cplan pol\u00edtico irreversible\u201d, aunque insistieron en que \u201cno habr\u00e1 paz estable sin Estado palestino reconocido y soberano\u201d. Washington evit\u00f3 pronunciarse sobre los plazos. Tel Aviv tambi\u00e9n.<\/p>\n\n\n\n<p class=\"p1\">El alivio humanitario y el c\u00e1lculo pol\u00edtico marchan, por ahora, en la misma direcci\u00f3n: avanzar. Pero en un territorio donde cada amanecer es disputado, la paz a\u00fan no es un destino; apenas ha comenzado a ser un camino.<\/p>\n\n\n\n<p><\/p>\n\n\n\n<p>\u270d\ufe0f \u00a9\ufe0f 2025 ElCanillita.info \u2013 All Rights Reserved<\/p>\n\n\n\n<p><\/p>\n\n\n<p><small>\u00a9\ufe0f2025  Guzzo Photos  &#038; Graphic Publications \u2013 All Rights Reserved \u2013 Copyright \u00a9\ufe0f 2025 SalaStampa.eu, world press service \u2013 Guzzo Photos &#038; Graphic Publications \u2013 Registro Editori e Stampatori n. 1441 Turin, Italy<\/small><\/p>\n\n\n<p><\/p>\n","protected":false},"excerpt":{"rendered":"<p>Jerusal\u00e9n: 20 rehenes fueron liberados con vida, 1.968 prisioneros palestinos volvieron a sus hogares<\/p>\n","protected":false},"author":1,"featured_media":5523,"comment_status":"closed","ping_status":"","sticky":false,"template":"","format":"standard","meta":{"footnotes":"","_links_to":"","_links_to_target":""},"categories":[108,121,70,119,15,23,25,143],"tags":[67],"class_list":["post-5521","post","type-post","status-publish","format-standard","has-post-thumbnail","hentry","category-blogdiario","category-dc24","category-actualidad","category-guerra","category-medio-oriente","category-politica","category-sociedad","category-terrorismo","tag-israel","entry","double"],"yoast_head":"<!-- This site is optimized with the Yoast SEO plugin v27.5 - https:\/\/yoast.com\/product\/yoast-seo-wordpress\/ -->\n<title>\u201cLa guerra suelta la mano, la pol\u00edtica toma nota\u201d - ElCanillita.Info<\/title>\n<meta name=\"robots\" content=\"index, follow, max-snippet:-1, max-image-preview:large, max-video-preview:-1\" \/>\n<link rel=\"canonical\" href=\"https:\/\/elcanillita.info\/press\/2025\/10\/13\/la-guerra-suelta-la-mano-la-politica-toma-nota\/\" \/>\n<meta property=\"og:locale\" content=\"es_ES\" \/>\n<meta property=\"og:type\" content=\"article\" \/>\n<meta property=\"og:title\" content=\"\u201cLa guerra suelta la mano, la pol\u00edtica toma nota\u201d - ElCanillita.Info\" \/>\n<meta property=\"og:description\" content=\"Jerusal\u00e9n: 20 rehenes fueron liberados con vida, 1.968 prisioneros palestinos volvieron a sus hogares\" \/>\n<meta property=\"og:url\" content=\"https:\/\/elcanillita.info\/press\/2025\/10\/13\/la-guerra-suelta-la-mano-la-politica-toma-nota\/\" \/>\n<meta property=\"og:site_name\" content=\"ElCanillita.Info\" \/>\n<meta property=\"article:publisher\" content=\"https:\/\/ar-ar.facebook.com\/ElCanillitainfo-114249515285712\/\" \/>\n<meta property=\"article:published_time\" content=\"2025-10-13T19:24:05+00:00\" \/>\n<meta property=\"og:image\" content=\"https:\/\/elcanillita.info\/press\/images\/2025\/10\/img_0841-1.jpg\" \/>\n\t<meta property=\"og:image:width\" content=\"601\" \/>\n\t<meta property=\"og:image:height\" content=\"344\" \/>\n\t<meta property=\"og:image:type\" content=\"image\/jpeg\" \/>\n<meta name=\"author\" content=\"SalaStampa.eu, world press service\" \/>\n<meta name=\"twitter:card\" content=\"summary_large_image\" \/>\n<meta name=\"twitter:label1\" content=\"Escrito por\" \/>\n\t<meta name=\"twitter:data1\" content=\"SalaStampa.eu, world press service\" \/>\n\t<meta name=\"twitter:label2\" content=\"Tiempo de lectura\" \/>\n\t<meta name=\"twitter:data2\" content=\"2 minutos\" \/>\n<script type=\"application\/ld+json\" class=\"yoast-schema-graph\">{\"@context\":\"https:\\\/\\\/schema.org\",\"@graph\":[{\"@type\":\"Article\",\"@id\":\"https:\\\/\\\/elcanillita.info\\\/press\\\/2025\\\/10\\\/13\\\/la-guerra-suelta-la-mano-la-politica-toma-nota\\\/#article\",\"isPartOf\":{\"@id\":\"https:\\\/\\\/elcanillita.info\\\/press\\\/2025\\\/10\\\/13\\\/la-guerra-suelta-la-mano-la-politica-toma-nota\\\/\"},\"author\":{\"name\":\"SalaStampa.eu, world press service\",\"@id\":\"https:\\\/\\\/elcanillita.info\\\/press\\\/#\\\/schema\\\/person\\\/7fcb79f38045700919f7da6d97e71ba0\"},\"headline\":\"\u201cLa guerra suelta la mano, la pol\u00edtica toma nota\u201d\",\"datePublished\":\"2025-10-13T19:24:05+00:00\",\"mainEntityOfPage\":{\"@id\":\"https:\\\/\\\/elcanillita.info\\\/press\\\/2025\\\/10\\\/13\\\/la-guerra-suelta-la-mano-la-politica-toma-nota\\\/\"},\"wordCount\":492,\"publisher\":{\"@id\":\"https:\\\/\\\/elcanillita.info\\\/press\\\/#organization\"},\"image\":{\"@id\":\"https:\\\/\\\/elcanillita.info\\\/press\\\/2025\\\/10\\\/13\\\/la-guerra-suelta-la-mano-la-politica-toma-nota\\\/#primaryimage\"},\"thumbnailUrl\":\"https:\\\/\\\/elcanillita.info\\\/press\\\/images\\\/2025\\\/10\\\/img_0841-1.jpg\",\"keywords\":[\"Israel\"],\"articleSection\":[\".\",\".\",\"Actualidad\",\"Guerra\",\"Medio Oriente\",\"Politica\",\"Sociedad\",\"Terrorismo\"],\"inLanguage\":\"es-AR\"},{\"@type\":\"WebPage\",\"@id\":\"https:\\\/\\\/elcanillita.info\\\/press\\\/2025\\\/10\\\/13\\\/la-guerra-suelta-la-mano-la-politica-toma-nota\\\/\",\"url\":\"https:\\\/\\\/elcanillita.info\\\/press\\\/2025\\\/10\\\/13\\\/la-guerra-suelta-la-mano-la-politica-toma-nota\\\/\",\"name\":\"\u201cLa guerra suelta la mano, la pol\u00edtica toma nota\u201d - ElCanillita.Info\",\"isPartOf\":{\"@id\":\"https:\\\/\\\/elcanillita.info\\\/press\\\/#website\"},\"primaryImageOfPage\":{\"@id\":\"https:\\\/\\\/elcanillita.info\\\/press\\\/2025\\\/10\\\/13\\\/la-guerra-suelta-la-mano-la-politica-toma-nota\\\/#primaryimage\"},\"image\":{\"@id\":\"https:\\\/\\\/elcanillita.info\\\/press\\\/2025\\\/10\\\/13\\\/la-guerra-suelta-la-mano-la-politica-toma-nota\\\/#primaryimage\"},\"thumbnailUrl\":\"https:\\\/\\\/elcanillita.info\\\/press\\\/images\\\/2025\\\/10\\\/img_0841-1.jpg\",\"datePublished\":\"2025-10-13T19:24:05+00:00\",\"inLanguage\":\"es-AR\",\"potentialAction\":[{\"@type\":\"ReadAction\",\"target\":[\"https:\\\/\\\/elcanillita.info\\\/press\\\/2025\\\/10\\\/13\\\/la-guerra-suelta-la-mano-la-politica-toma-nota\\\/\"]}]},{\"@type\":\"ImageObject\",\"inLanguage\":\"es-AR\",\"@id\":\"https:\\\/\\\/elcanillita.info\\\/press\\\/2025\\\/10\\\/13\\\/la-guerra-suelta-la-mano-la-politica-toma-nota\\\/#primaryimage\",\"url\":\"https:\\\/\\\/elcanillita.info\\\/press\\\/images\\\/2025\\\/10\\\/img_0841-1.jpg\",\"contentUrl\":\"https:\\\/\\\/elcanillita.info\\\/press\\\/images\\\/2025\\\/10\\\/img_0841-1.jpg\",\"width\":601,\"height\":344},{\"@type\":\"WebSite\",\"@id\":\"https:\\\/\\\/elcanillita.info\\\/press\\\/#website\",\"url\":\"https:\\\/\\\/elcanillita.info\\\/press\\\/\",\"name\":\"ElCanillita.Info\",\"description\":\"desde los Apeninos a los Andes\",\"publisher\":{\"@id\":\"https:\\\/\\\/elcanillita.info\\\/press\\\/#organization\"},\"potentialAction\":[{\"@type\":\"SearchAction\",\"target\":{\"@type\":\"EntryPoint\",\"urlTemplate\":\"https:\\\/\\\/elcanillita.info\\\/press\\\/?s={search_term_string}\"},\"query-input\":{\"@type\":\"PropertyValueSpecification\",\"valueRequired\":true,\"valueName\":\"search_term_string\"}}],\"inLanguage\":\"es-AR\"},{\"@type\":\"Organization\",\"@id\":\"https:\\\/\\\/elcanillita.info\\\/press\\\/#organization\",\"name\":\"Guzzo Photos & Graphic Publications\",\"url\":\"https:\\\/\\\/elcanillita.info\\\/press\\\/\",\"logo\":{\"@type\":\"ImageObject\",\"inLanguage\":\"es-AR\",\"@id\":\"https:\\\/\\\/elcanillita.info\\\/press\\\/#\\\/schema\\\/logo\\\/image\\\/\",\"url\":\"https:\\\/\\\/elcanillita.info\\\/press\\\/images\\\/2020\\\/01\\\/cropped-cropped-cropped-elcanillitainfo.png\",\"contentUrl\":\"https:\\\/\\\/elcanillita.info\\\/press\\\/images\\\/2020\\\/01\\\/cropped-cropped-cropped-elcanillitainfo.png\",\"width\":460,\"height\":50,\"caption\":\"Guzzo Photos & Graphic Publications\"},\"image\":{\"@id\":\"https:\\\/\\\/elcanillita.info\\\/press\\\/#\\\/schema\\\/logo\\\/image\\\/\"},\"sameAs\":[\"https:\\\/\\\/ar-ar.facebook.com\\\/ElCanillitainfo-114249515285712\\\/\"]},{\"@type\":\"Person\",\"@id\":\"https:\\\/\\\/elcanillita.info\\\/press\\\/#\\\/schema\\\/person\\\/7fcb79f38045700919f7da6d97e71ba0\",\"name\":\"SalaStampa.eu, world press service\",\"image\":{\"@type\":\"ImageObject\",\"inLanguage\":\"es-AR\",\"@id\":\"https:\\\/\\\/secure.gravatar.com\\\/avatar\\\/c2f0e0d515a107624234994507816ca4724c7199cef73fc8bedebf6931d73888?s=96&d=mm&r=g\",\"url\":\"https:\\\/\\\/secure.gravatar.com\\\/avatar\\\/c2f0e0d515a107624234994507816ca4724c7199cef73fc8bedebf6931d73888?s=96&d=mm&r=g\",\"contentUrl\":\"https:\\\/\\\/secure.gravatar.com\\\/avatar\\\/c2f0e0d515a107624234994507816ca4724c7199cef73fc8bedebf6931d73888?s=96&d=mm&r=g\",\"caption\":\"SalaStampa.eu, world press service\"}}]}<\/script>\n<!-- \/ Yoast SEO plugin. -->","yoast_head_json":{"title":"\u201cLa guerra suelta la mano, la pol\u00edtica toma nota\u201d - ElCanillita.Info","robots":{"index":"index","follow":"follow","max-snippet":"max-snippet:-1","max-image-preview":"max-image-preview:large","max-video-preview":"max-video-preview:-1"},"canonical":"https:\/\/elcanillita.info\/press\/2025\/10\/13\/la-guerra-suelta-la-mano-la-politica-toma-nota\/","og_locale":"es_ES","og_type":"article","og_title":"\u201cLa guerra suelta la mano, la pol\u00edtica toma nota\u201d - ElCanillita.Info","og_description":"Jerusal\u00e9n: 20 rehenes fueron liberados con vida, 1.968 prisioneros palestinos volvieron a sus hogares","og_url":"https:\/\/elcanillita.info\/press\/2025\/10\/13\/la-guerra-suelta-la-mano-la-politica-toma-nota\/","og_site_name":"ElCanillita.Info","article_publisher":"https:\/\/ar-ar.facebook.com\/ElCanillitainfo-114249515285712\/","article_published_time":"2025-10-13T19:24:05+00:00","og_image":[{"width":601,"height":344,"url":"https:\/\/elcanillita.info\/press\/images\/2025\/10\/img_0841-1.jpg","type":"image\/jpeg"}],"author":"SalaStampa.eu, world press service","twitter_card":"summary_large_image","twitter_misc":{"Escrito por":"SalaStampa.eu, world press service","Tiempo de lectura":"2 minutos"},"schema":{"@context":"https:\/\/schema.org","@graph":[{"@type":"Article","@id":"https:\/\/elcanillita.info\/press\/2025\/10\/13\/la-guerra-suelta-la-mano-la-politica-toma-nota\/#article","isPartOf":{"@id":"https:\/\/elcanillita.info\/press\/2025\/10\/13\/la-guerra-suelta-la-mano-la-politica-toma-nota\/"},"author":{"name":"SalaStampa.eu, world press service","@id":"https:\/\/elcanillita.info\/press\/#\/schema\/person\/7fcb79f38045700919f7da6d97e71ba0"},"headline":"\u201cLa guerra suelta la mano, la pol\u00edtica toma nota\u201d","datePublished":"2025-10-13T19:24:05+00:00","mainEntityOfPage":{"@id":"https:\/\/elcanillita.info\/press\/2025\/10\/13\/la-guerra-suelta-la-mano-la-politica-toma-nota\/"},"wordCount":492,"publisher":{"@id":"https:\/\/elcanillita.info\/press\/#organization"},"image":{"@id":"https:\/\/elcanillita.info\/press\/2025\/10\/13\/la-guerra-suelta-la-mano-la-politica-toma-nota\/#primaryimage"},"thumbnailUrl":"https:\/\/elcanillita.info\/press\/images\/2025\/10\/img_0841-1.jpg","keywords":["Israel"],"articleSection":[".",".","Actualidad","Guerra","Medio Oriente","Politica","Sociedad","Terrorismo"],"inLanguage":"es-AR"},{"@type":"WebPage","@id":"https:\/\/elcanillita.info\/press\/2025\/10\/13\/la-guerra-suelta-la-mano-la-politica-toma-nota\/","url":"https:\/\/elcanillita.info\/press\/2025\/10\/13\/la-guerra-suelta-la-mano-la-politica-toma-nota\/","name":"\u201cLa guerra suelta la mano, la pol\u00edtica toma nota\u201d - ElCanillita.Info","isPartOf":{"@id":"https:\/\/elcanillita.info\/press\/#website"},"primaryImageOfPage":{"@id":"https:\/\/elcanillita.info\/press\/2025\/10\/13\/la-guerra-suelta-la-mano-la-politica-toma-nota\/#primaryimage"},"image":{"@id":"https:\/\/elcanillita.info\/press\/2025\/10\/13\/la-guerra-suelta-la-mano-la-politica-toma-nota\/#primaryimage"},"thumbnailUrl":"https:\/\/elcanillita.info\/press\/images\/2025\/10\/img_0841-1.jpg","datePublished":"2025-10-13T19:24:05+00:00","inLanguage":"es-AR","potentialAction":[{"@type":"ReadAction","target":["https:\/\/elcanillita.info\/press\/2025\/10\/13\/la-guerra-suelta-la-mano-la-politica-toma-nota\/"]}]},{"@type":"ImageObject","inLanguage":"es-AR","@id":"https:\/\/elcanillita.info\/press\/2025\/10\/13\/la-guerra-suelta-la-mano-la-politica-toma-nota\/#primaryimage","url":"https:\/\/elcanillita.info\/press\/images\/2025\/10\/img_0841-1.jpg","contentUrl":"https:\/\/elcanillita.info\/press\/images\/2025\/10\/img_0841-1.jpg","width":601,"height":344},{"@type":"WebSite","@id":"https:\/\/elcanillita.info\/press\/#website","url":"https:\/\/elcanillita.info\/press\/","name":"ElCanillita.Info","description":"desde los Apeninos a los Andes","publisher":{"@id":"https:\/\/elcanillita.info\/press\/#organization"},"potentialAction":[{"@type":"SearchAction","target":{"@type":"EntryPoint","urlTemplate":"https:\/\/elcanillita.info\/press\/?s={search_term_string}"},"query-input":{"@type":"PropertyValueSpecification","valueRequired":true,"valueName":"search_term_string"}}],"inLanguage":"es-AR"},{"@type":"Organization","@id":"https:\/\/elcanillita.info\/press\/#organization","name":"Guzzo Photos & Graphic Publications","url":"https:\/\/elcanillita.info\/press\/","logo":{"@type":"ImageObject","inLanguage":"es-AR","@id":"https:\/\/elcanillita.info\/press\/#\/schema\/logo\/image\/","url":"https:\/\/elcanillita.info\/press\/images\/2020\/01\/cropped-cropped-cropped-elcanillitainfo.png","contentUrl":"https:\/\/elcanillita.info\/press\/images\/2020\/01\/cropped-cropped-cropped-elcanillitainfo.png","width":460,"height":50,"caption":"Guzzo Photos & Graphic Publications"},"image":{"@id":"https:\/\/elcanillita.info\/press\/#\/schema\/logo\/image\/"},"sameAs":["https:\/\/ar-ar.facebook.com\/ElCanillitainfo-114249515285712\/"]},{"@type":"Person","@id":"https:\/\/elcanillita.info\/press\/#\/schema\/person\/7fcb79f38045700919f7da6d97e71ba0","name":"SalaStampa.eu, world press service","image":{"@type":"ImageObject","inLanguage":"es-AR","@id":"https:\/\/secure.gravatar.com\/avatar\/c2f0e0d515a107624234994507816ca4724c7199cef73fc8bedebf6931d73888?s=96&d=mm&r=g","url":"https:\/\/secure.gravatar.com\/avatar\/c2f0e0d515a107624234994507816ca4724c7199cef73fc8bedebf6931d73888?s=96&d=mm&r=g","contentUrl":"https:\/\/secure.gravatar.com\/avatar\/c2f0e0d515a107624234994507816ca4724c7199cef73fc8bedebf6931d73888?s=96&d=mm&r=g","caption":"SalaStampa.eu, world press service"}}]}},"views":162,"_links":{"self":[{"href":"https:\/\/elcanillita.info\/press\/wp-json\/wp\/v2\/posts\/5521","targetHints":{"allow":["GET"]}}],"collection":[{"href":"https:\/\/elcanillita.info\/press\/wp-json\/wp\/v2\/posts"}],"about":[{"href":"https:\/\/elcanillita.info\/press\/wp-json\/wp\/v2\/types\/post"}],"author":[{"embeddable":true,"href":"https:\/\/elcanillita.info\/press\/wp-json\/wp\/v2\/users\/1"}],"replies":[{"embeddable":true,"href":"https:\/\/elcanillita.info\/press\/wp-json\/wp\/v2\/comments?post=5521"}],"version-history":[{"count":0,"href":"https:\/\/elcanillita.info\/press\/wp-json\/wp\/v2\/posts\/5521\/revisions"}],"wp:featuredmedia":[{"embeddable":true,"href":"https:\/\/elcanillita.info\/press\/wp-json\/wp\/v2\/media\/5523"}],"wp:attachment":[{"href":"https:\/\/elcanillita.info\/press\/wp-json\/wp\/v2\/media?parent=5521"}],"wp:term":[{"taxonomy":"category","embeddable":true,"href":"https:\/\/elcanillita.info\/press\/wp-json\/wp\/v2\/categories?post=5521"},{"taxonomy":"post_tag","embeddable":true,"href":"https:\/\/elcanillita.info\/press\/wp-json\/wp\/v2\/tags?post=5521"}],"curies":[{"name":"wp","href":"https:\/\/api.w.org\/{rel}","templated":true}]}}