{"id":5513,"date":"2025-10-12T14:22:41","date_gmt":"2025-10-12T17:22:41","guid":{"rendered":"https:\/\/elcanillita.info\/press\/?p=5513"},"modified":"2025-10-12T14:22:42","modified_gmt":"2025-10-12T17:22:42","slug":"el-vacio-de-poder-en-gaza-ya-es-un-hecho-transicion-en-marcha-sin-gobierno-definido","status":"publish","type":"post","link":"https:\/\/elcanillita.info\/press\/2025\/10\/12\/el-vacio-de-poder-en-gaza-ya-es-un-hecho-transicion-en-marcha-sin-gobierno-definido\/","title":{"rendered":"El vac\u00edo de poder en Gaza ya es un hecho: transici\u00f3n en marcha sin gobierno definido"},"content":{"rendered":"\n<figure class=\"wp-block-image size-full\"><img loading=\"lazy\" decoding=\"async\" width=\"640\" height=\"400\" src=\"https:\/\/elcanillita.info\/press\/images\/2025\/10\/gaza_20251012_covre.jpg\" alt=\"\" class=\"wp-image-5514\" srcset=\"https:\/\/elcanillita.info\/press\/images\/2025\/10\/gaza_20251012_covre.jpg 640w, https:\/\/elcanillita.info\/press\/images\/2025\/10\/gaza_20251012_covre-300x188.jpg 300w\" sizes=\"auto, (max-width: 640px) 100vw, 640px\" \/><\/figure>\n\n\n<p>Israel enfrenta un escenario incierto en Cisjordania y crece la tensi\u00f3n por la custodia de la ayuda humanitaria<br \/>\n1. Reacomodamiento de poder<\/p>\n<p>Una fuente pol\u00edtica de Ham\u00e1s confirm\u00f3 que el movimiento islamista no participar\u00e1 en la administraci\u00f3n posguerra de Gaza una vez que concluya la primera fase del acuerdo de alto el fuego. La declaraci\u00f3n marca un punto de inflexi\u00f3n estrat\u00e9gico: tras 18 a\u00f1os de control pol\u00edtico y militar sobre la Franja, Ham\u00e1s admite p\u00fablicamente que cede el gobierno territorial aunque mantiene capacidad operativa y presencia social.<\/p>\n<p>2. \u00bfSalida real o repliegue t\u00e1ctico?<\/p>\n<p>No est\u00e1 claro si esta \u201cretirada institucional\u201d implica desarme progresivo o si se trata de un repliegue t\u00e1ctico hacia funciones militares y clandestinas dentro de Gaza. Diversos analistas coinciden en que Ham\u00e1s podr\u00eda preservar influencia social y control de seguridad bajo estructuras indirectas, utilizando alianzas locales y redes tribales.<\/p>\n<p>3. Inicio de liberaci\u00f3n de cautivos<\/p>\n<p>Mientras tanto, la maquinaria diplom\u00e1tica del acuerdo sigue en marcha: la liberaci\u00f3n de rehenes israel\u00edes y cautivos extranjeros en Gaza comenzar\u00e1 ma\u00f1ana, seg\u00fan confirmaron funcionarios negociadores. A cambio, Israel liberar\u00e1 a un n\u00famero proporcional de prisioneros palestinos detenidos en c\u00e1rceles en Cisjordania y territorio israel\u00ed.<\/p>\n<p>4. Preludio de tensi\u00f3n en Cisjordania<\/p>\n<p>La inminente liberaci\u00f3n ha provocado medidas represivas adicionales por parte de Israel en Cisjordania. Autoridades de seguridad informaron nuevos operativos en ciudades como Jen\u00edn, Nablus y Hebr\u00f3n para evitar manifestaciones de apoyo a Ham\u00e1s, prohibidas bajo la actual normativa militar. Seg\u00fan reportes locales, se han realizado decenas de arrestos preventivos contra activistas vinculados a facciones islamistas.<\/p>\n<p>5. El tablero internacional se mueve<\/p>\n<p>El anuncio coincide con la confirmaci\u00f3n de que el rey Abdal\u00e1 II de Jordania y l\u00edderes europeos participar\u00e1n ma\u00f1ana en la Cumbre de Paz de Egipto, un encuentro diplom\u00e1tico crucial para definir el marco pol\u00edtico de la administraci\u00f3n transitoria en Gaza. Bruselas y Par\u00eds buscan impulsar un rol activo de la Autoridad Nacional Palestina (ANP), mientras que Washington sigue promoviendo el concepto de una \u201cautoridad de seguridad reestructurada\u201d.<\/p>\n<p>AYUDA HUMANITARIA EN TENSI\u00d3N<br \/>\n6. La otra escena: la frontera<\/p>\n<p>Paralelamente a la diplomacia, una imagen recorre Gaza: camiones de ayuda entrando hoy bajo custodia de hombres armados con garrotes y palos. La escena, registrada por medios locales, genera interrogantes sobre qui\u00e9n controla realmente el terreno durante el fr\u00e1gil cese del fuego.<\/p>\n<p>7. Seguridad improvisada<\/p>\n<p>Los convoyes fueron vistos entrando desde Rafah hacia Khan Younis y la zona central, en direcci\u00f3n a la Ciudad de Gaza. Las im\u00e1genes muestran cuerpos de custodia no identificados que regulan el tr\u00e1fico de la ayuda y controlan a la poblaci\u00f3n civil. No hay insignias visibles ni se confirma si act\u00faan bajo la autorizaci\u00f3n de Ham\u00e1s, comit\u00e9s locales o facciones tribales.<\/p>\n<p>8. Riesgo de fragmentaci\u00f3n interna<\/p>\n<p>El hecho revela un escenario de vac\u00edo de poder administrativo. Al no existir una autoridad de seguridad formal ni fuerzas internacionales desplegadas, las facciones locales compiten por controlar rutas, alimentos y combustible. Para la ONU, este tipo de estructuras paralelas aumentan el riesgo de mercados negros y apropiaci\u00f3n de ayuda.<\/p>\n<p>RECONFIGURACI\u00d3N POL\u00cdTICA<br \/>\n9. \u00bfQui\u00e9n gobernar\u00e1 Gaza?<\/p>\n<p>La salida de Ham\u00e1s abre una pregunta central: \u00bfqui\u00e9n administrar\u00e1 Gaza ma\u00f1ana?. Israel rechaza que la ANP regrese \u201cen su formato actual\u201d y varios pa\u00edses \u00e1rabes condicionan su respaldo a una transici\u00f3n con calendario pol\u00edtico verificable hacia elecciones palestinas supervisadas internacionalmente.<\/p>\n<p>10. La carta de Qatar y Egipto<\/p>\n<p>Doha y El Cairo buscan consolidar un gobierno t\u00e9cnico interino formado por independientes palestinos, con respaldo \u00e1rabe y supervisi\u00f3n financiera internacional. Ham\u00e1s podr\u00eda aceptar este esquema solo si se garantiza su permanencia como fuerza nacional palestina, sin quedar catalogada como \u201corganizaci\u00f3n derrotada\u201d.<\/p>\n<p>11. Washington presiona<\/p>\n<p>Estados Unidos intenta evitar el colapso del acuerdo en esta etapa inicial. La Casa Blanca insiste en que la prioridad inmediata es mantener el alto el fuego, completar la liberaci\u00f3n de rehenes y \u201cevitar el caos institucional\u201d. Pero no descarta desplegar misiones de seguridad multinacionales en cruces fronterizos.<\/p>\n<p>12. Israel vigila, pero no define<\/p>\n<p>El gobierno israel\u00ed deja claro que no aceptar\u00e1 una autoridad hostil en Gaza, pero no ofrece su propio plan. En la pr\u00e1ctica, mantiene capacidad militar de interdicci\u00f3n y control a\u00e9reo total sobre la Franja, pero delega el debate pol\u00edtico en la mesa internacional.<\/p>\n<p>13. La posguerra comenz\u00f3 sin proclamaci\u00f3n<\/p>\n<p>La combinaci\u00f3n de convoyes protegidos por civiles armados, ausencia de gobierno y tensiones en Cisjordania indica que la etapa posguerra ya empez\u00f3, pero sin anuncio oficial ni arquitectura pol\u00edtica definida. Es una transici\u00f3n de facto, no declarada.<\/p>\n<p>14. Lo que viene<\/p>\n<p>La liberaci\u00f3n de cautivos abrir\u00e1 una fase a\u00fan m\u00e1s delicada: la negociaci\u00f3n sobre seguridad interior en Gaza. Sin ese punto resuelto, cualquier estructura pol\u00edtica ser\u00e1 fr\u00e1gil. La gobernabilidad sin consenso puede durar horas, no semanas.<\/p>\n<p>15. Conclusi\u00f3n<\/p>\n<p>Todo indica que el proceso posguerra no ser\u00e1 una ceremonia de transici\u00f3n ordenada, sino un territorio movedizo donde el vac\u00edo de poder compite con la diplomacia, y donde cada actor intenta evitar el costo pol\u00edtico de un fracaso precoz. La batalla por el d\u00eda despu\u00e9s ya est\u00e1 en marcha.<\/p>\n\n\n<p>\u270d\ufe0f <small>\u00a9 2025 ElCanillita.info &#8211; All Rights Reserved<\/small><br><small>\u00a9 2025 ElCanillita.info &#8211; All Rights Reserved &#8211; SalaStampa.eu, world press service -Guzzo Photos &amp; Graphic Publications \u2013 Registro Editori e Stampatori n. 1441 Turin, Italy<\/small><\/p>\n\n\n\n<p><\/p>\n","protected":false},"excerpt":{"rendered":"<p>Los mediadores \u00e1rabes empujan un gobierno t\u00e9cnico palestino sin Ham\u00e1s. Washington intenta sostener el cese del fuego. Israel, sin plan p\u00fablico para la transici\u00f3n, observa y retiene el poder militar. Todo est\u00e1 en juego.<\/p>\n","protected":false},"author":1,"featured_media":5514,"comment_status":"closed","ping_status":"closed","sticky":false,"template":"","format":"standard","meta":{"footnotes":"","_links_to":"","_links_to_target":""},"categories":[108,121,70,119,15,23,137],"tags":[34,142,59],"class_list":["post-5513","post","type-post","status-publish","format-standard","has-post-thumbnail","hentry","category-blogdiario","category-dc24","category-actualidad","category-guerra","category-medio-oriente","category-politica","category-sociedad-y-valores","tag-estados-unidos","tag-gaza","tag-union-europea","entry","double"],"yoast_head":"<!-- This site is optimized with the Yoast SEO plugin v27.5 - https:\/\/yoast.com\/product\/yoast-seo-wordpress\/ -->\n<title>El vac\u00edo de poder en Gaza ya es un hecho: transici\u00f3n en marcha sin gobierno definido - ElCanillita.Info<\/title>\n<meta name=\"robots\" content=\"index, follow, max-snippet:-1, max-image-preview:large, max-video-preview:-1\" \/>\n<link rel=\"canonical\" href=\"https:\/\/elcanillita.info\/press\/2025\/10\/12\/el-vacio-de-poder-en-gaza-ya-es-un-hecho-transicion-en-marcha-sin-gobierno-definido\/\" \/>\n<meta property=\"og:locale\" content=\"es_ES\" \/>\n<meta property=\"og:type\" content=\"article\" \/>\n<meta property=\"og:title\" content=\"El vac\u00edo de poder en Gaza ya es un hecho: transici\u00f3n en marcha sin gobierno definido - ElCanillita.Info\" \/>\n<meta property=\"og:description\" content=\"Los mediadores \u00e1rabes empujan un gobierno t\u00e9cnico palestino sin Ham\u00e1s. Washington intenta sostener el cese del fuego. Israel, sin plan p\u00fablico para la transici\u00f3n, observa y retiene el poder militar. Todo est\u00e1 en juego.\" \/>\n<meta property=\"og:url\" content=\"https:\/\/elcanillita.info\/press\/2025\/10\/12\/el-vacio-de-poder-en-gaza-ya-es-un-hecho-transicion-en-marcha-sin-gobierno-definido\/\" \/>\n<meta property=\"og:site_name\" content=\"ElCanillita.Info\" \/>\n<meta property=\"article:publisher\" content=\"https:\/\/ar-ar.facebook.com\/ElCanillitainfo-114249515285712\/\" \/>\n<meta property=\"article:published_time\" content=\"2025-10-12T17:22:41+00:00\" \/>\n<meta property=\"article:modified_time\" content=\"2025-10-12T17:22:42+00:00\" \/>\n<meta property=\"og:image\" content=\"https:\/\/elcanillita.info\/press\/images\/2025\/10\/gaza_20251012_covre.jpg\" \/>\n\t<meta property=\"og:image:width\" content=\"640\" \/>\n\t<meta property=\"og:image:height\" content=\"400\" \/>\n\t<meta property=\"og:image:type\" content=\"image\/jpeg\" \/>\n<meta name=\"author\" content=\"SalaStampa.eu, world press service\" \/>\n<meta name=\"twitter:card\" content=\"summary_large_image\" \/>\n<meta name=\"twitter:label1\" content=\"Escrito por\" \/>\n\t<meta name=\"twitter:data1\" content=\"SalaStampa.eu, world press service\" \/>\n\t<meta name=\"twitter:label2\" content=\"Tiempo de lectura\" \/>\n\t<meta name=\"twitter:data2\" content=\"5 minutos\" \/>\n<script type=\"application\/ld+json\" class=\"yoast-schema-graph\">{\"@context\":\"https:\\\/\\\/schema.org\",\"@graph\":[{\"@type\":\"Article\",\"@id\":\"https:\\\/\\\/elcanillita.info\\\/press\\\/2025\\\/10\\\/12\\\/el-vacio-de-poder-en-gaza-ya-es-un-hecho-transicion-en-marcha-sin-gobierno-definido\\\/#article\",\"isPartOf\":{\"@id\":\"https:\\\/\\\/elcanillita.info\\\/press\\\/2025\\\/10\\\/12\\\/el-vacio-de-poder-en-gaza-ya-es-un-hecho-transicion-en-marcha-sin-gobierno-definido\\\/\"},\"author\":{\"name\":\"SalaStampa.eu, world press service\",\"@id\":\"https:\\\/\\\/elcanillita.info\\\/press\\\/#\\\/schema\\\/person\\\/7fcb79f38045700919f7da6d97e71ba0\"},\"headline\":\"El vac\u00edo de poder en Gaza ya es un hecho: transici\u00f3n en marcha sin gobierno definido\",\"datePublished\":\"2025-10-12T17:22:41+00:00\",\"dateModified\":\"2025-10-12T17:22:42+00:00\",\"mainEntityOfPage\":{\"@id\":\"https:\\\/\\\/elcanillita.info\\\/press\\\/2025\\\/10\\\/12\\\/el-vacio-de-poder-en-gaza-ya-es-un-hecho-transicion-en-marcha-sin-gobierno-definido\\\/\"},\"wordCount\":947,\"publisher\":{\"@id\":\"https:\\\/\\\/elcanillita.info\\\/press\\\/#organization\"},\"image\":{\"@id\":\"https:\\\/\\\/elcanillita.info\\\/press\\\/2025\\\/10\\\/12\\\/el-vacio-de-poder-en-gaza-ya-es-un-hecho-transicion-en-marcha-sin-gobierno-definido\\\/#primaryimage\"},\"thumbnailUrl\":\"https:\\\/\\\/elcanillita.info\\\/press\\\/images\\\/2025\\\/10\\\/gaza_20251012_covre.jpg\",\"keywords\":[\"Estados Unidos\",\"Gaza\",\"Uni\u00f3n Europea\"],\"articleSection\":[\".\",\".\",\"Actualidad\",\"Guerra\",\"Medio Oriente\",\"Politica\",\"Sociedad y valores\"],\"inLanguage\":\"es-AR\"},{\"@type\":\"WebPage\",\"@id\":\"https:\\\/\\\/elcanillita.info\\\/press\\\/2025\\\/10\\\/12\\\/el-vacio-de-poder-en-gaza-ya-es-un-hecho-transicion-en-marcha-sin-gobierno-definido\\\/\",\"url\":\"https:\\\/\\\/elcanillita.info\\\/press\\\/2025\\\/10\\\/12\\\/el-vacio-de-poder-en-gaza-ya-es-un-hecho-transicion-en-marcha-sin-gobierno-definido\\\/\",\"name\":\"El vac\u00edo de poder en Gaza ya es un hecho: transici\u00f3n en marcha sin gobierno definido - ElCanillita.Info\",\"isPartOf\":{\"@id\":\"https:\\\/\\\/elcanillita.info\\\/press\\\/#website\"},\"primaryImageOfPage\":{\"@id\":\"https:\\\/\\\/elcanillita.info\\\/press\\\/2025\\\/10\\\/12\\\/el-vacio-de-poder-en-gaza-ya-es-un-hecho-transicion-en-marcha-sin-gobierno-definido\\\/#primaryimage\"},\"image\":{\"@id\":\"https:\\\/\\\/elcanillita.info\\\/press\\\/2025\\\/10\\\/12\\\/el-vacio-de-poder-en-gaza-ya-es-un-hecho-transicion-en-marcha-sin-gobierno-definido\\\/#primaryimage\"},\"thumbnailUrl\":\"https:\\\/\\\/elcanillita.info\\\/press\\\/images\\\/2025\\\/10\\\/gaza_20251012_covre.jpg\",\"datePublished\":\"2025-10-12T17:22:41+00:00\",\"dateModified\":\"2025-10-12T17:22:42+00:00\",\"inLanguage\":\"es-AR\",\"potentialAction\":[{\"@type\":\"ReadAction\",\"target\":[\"https:\\\/\\\/elcanillita.info\\\/press\\\/2025\\\/10\\\/12\\\/el-vacio-de-poder-en-gaza-ya-es-un-hecho-transicion-en-marcha-sin-gobierno-definido\\\/\"]}]},{\"@type\":\"ImageObject\",\"inLanguage\":\"es-AR\",\"@id\":\"https:\\\/\\\/elcanillita.info\\\/press\\\/2025\\\/10\\\/12\\\/el-vacio-de-poder-en-gaza-ya-es-un-hecho-transicion-en-marcha-sin-gobierno-definido\\\/#primaryimage\",\"url\":\"https:\\\/\\\/elcanillita.info\\\/press\\\/images\\\/2025\\\/10\\\/gaza_20251012_covre.jpg\",\"contentUrl\":\"https:\\\/\\\/elcanillita.info\\\/press\\\/images\\\/2025\\\/10\\\/gaza_20251012_covre.jpg\",\"width\":640,\"height\":400},{\"@type\":\"WebSite\",\"@id\":\"https:\\\/\\\/elcanillita.info\\\/press\\\/#website\",\"url\":\"https:\\\/\\\/elcanillita.info\\\/press\\\/\",\"name\":\"ElCanillita.Info\",\"description\":\"desde los Apeninos a los Andes\",\"publisher\":{\"@id\":\"https:\\\/\\\/elcanillita.info\\\/press\\\/#organization\"},\"potentialAction\":[{\"@type\":\"SearchAction\",\"target\":{\"@type\":\"EntryPoint\",\"urlTemplate\":\"https:\\\/\\\/elcanillita.info\\\/press\\\/?s={search_term_string}\"},\"query-input\":{\"@type\":\"PropertyValueSpecification\",\"valueRequired\":true,\"valueName\":\"search_term_string\"}}],\"inLanguage\":\"es-AR\"},{\"@type\":\"Organization\",\"@id\":\"https:\\\/\\\/elcanillita.info\\\/press\\\/#organization\",\"name\":\"Guzzo Photos & Graphic Publications\",\"url\":\"https:\\\/\\\/elcanillita.info\\\/press\\\/\",\"logo\":{\"@type\":\"ImageObject\",\"inLanguage\":\"es-AR\",\"@id\":\"https:\\\/\\\/elcanillita.info\\\/press\\\/#\\\/schema\\\/logo\\\/image\\\/\",\"url\":\"https:\\\/\\\/elcanillita.info\\\/press\\\/images\\\/2020\\\/01\\\/cropped-cropped-cropped-elcanillitainfo.png\",\"contentUrl\":\"https:\\\/\\\/elcanillita.info\\\/press\\\/images\\\/2020\\\/01\\\/cropped-cropped-cropped-elcanillitainfo.png\",\"width\":460,\"height\":50,\"caption\":\"Guzzo Photos & Graphic Publications\"},\"image\":{\"@id\":\"https:\\\/\\\/elcanillita.info\\\/press\\\/#\\\/schema\\\/logo\\\/image\\\/\"},\"sameAs\":[\"https:\\\/\\\/ar-ar.facebook.com\\\/ElCanillitainfo-114249515285712\\\/\"]},{\"@type\":\"Person\",\"@id\":\"https:\\\/\\\/elcanillita.info\\\/press\\\/#\\\/schema\\\/person\\\/7fcb79f38045700919f7da6d97e71ba0\",\"name\":\"SalaStampa.eu, world press service\",\"image\":{\"@type\":\"ImageObject\",\"inLanguage\":\"es-AR\",\"@id\":\"https:\\\/\\\/secure.gravatar.com\\\/avatar\\\/c2f0e0d515a107624234994507816ca4724c7199cef73fc8bedebf6931d73888?s=96&d=mm&r=g\",\"url\":\"https:\\\/\\\/secure.gravatar.com\\\/avatar\\\/c2f0e0d515a107624234994507816ca4724c7199cef73fc8bedebf6931d73888?s=96&d=mm&r=g\",\"contentUrl\":\"https:\\\/\\\/secure.gravatar.com\\\/avatar\\\/c2f0e0d515a107624234994507816ca4724c7199cef73fc8bedebf6931d73888?s=96&d=mm&r=g\",\"caption\":\"SalaStampa.eu, world press service\"}}]}<\/script>\n<!-- \/ Yoast SEO plugin. -->","yoast_head_json":{"title":"El vac\u00edo de poder en Gaza ya es un hecho: transici\u00f3n en marcha sin gobierno definido - ElCanillita.Info","robots":{"index":"index","follow":"follow","max-snippet":"max-snippet:-1","max-image-preview":"max-image-preview:large","max-video-preview":"max-video-preview:-1"},"canonical":"https:\/\/elcanillita.info\/press\/2025\/10\/12\/el-vacio-de-poder-en-gaza-ya-es-un-hecho-transicion-en-marcha-sin-gobierno-definido\/","og_locale":"es_ES","og_type":"article","og_title":"El vac\u00edo de poder en Gaza ya es un hecho: transici\u00f3n en marcha sin gobierno definido - ElCanillita.Info","og_description":"Los mediadores \u00e1rabes empujan un gobierno t\u00e9cnico palestino sin Ham\u00e1s. Washington intenta sostener el cese del fuego. Israel, sin plan p\u00fablico para la transici\u00f3n, observa y retiene el poder militar. Todo est\u00e1 en juego.","og_url":"https:\/\/elcanillita.info\/press\/2025\/10\/12\/el-vacio-de-poder-en-gaza-ya-es-un-hecho-transicion-en-marcha-sin-gobierno-definido\/","og_site_name":"ElCanillita.Info","article_publisher":"https:\/\/ar-ar.facebook.com\/ElCanillitainfo-114249515285712\/","article_published_time":"2025-10-12T17:22:41+00:00","article_modified_time":"2025-10-12T17:22:42+00:00","og_image":[{"width":640,"height":400,"url":"https:\/\/elcanillita.info\/press\/images\/2025\/10\/gaza_20251012_covre.jpg","type":"image\/jpeg"}],"author":"SalaStampa.eu, world press service","twitter_card":"summary_large_image","twitter_misc":{"Escrito por":"SalaStampa.eu, world press service","Tiempo de lectura":"5 minutos"},"schema":{"@context":"https:\/\/schema.org","@graph":[{"@type":"Article","@id":"https:\/\/elcanillita.info\/press\/2025\/10\/12\/el-vacio-de-poder-en-gaza-ya-es-un-hecho-transicion-en-marcha-sin-gobierno-definido\/#article","isPartOf":{"@id":"https:\/\/elcanillita.info\/press\/2025\/10\/12\/el-vacio-de-poder-en-gaza-ya-es-un-hecho-transicion-en-marcha-sin-gobierno-definido\/"},"author":{"name":"SalaStampa.eu, world press service","@id":"https:\/\/elcanillita.info\/press\/#\/schema\/person\/7fcb79f38045700919f7da6d97e71ba0"},"headline":"El vac\u00edo de poder en Gaza ya es un hecho: transici\u00f3n en marcha sin gobierno definido","datePublished":"2025-10-12T17:22:41+00:00","dateModified":"2025-10-12T17:22:42+00:00","mainEntityOfPage":{"@id":"https:\/\/elcanillita.info\/press\/2025\/10\/12\/el-vacio-de-poder-en-gaza-ya-es-un-hecho-transicion-en-marcha-sin-gobierno-definido\/"},"wordCount":947,"publisher":{"@id":"https:\/\/elcanillita.info\/press\/#organization"},"image":{"@id":"https:\/\/elcanillita.info\/press\/2025\/10\/12\/el-vacio-de-poder-en-gaza-ya-es-un-hecho-transicion-en-marcha-sin-gobierno-definido\/#primaryimage"},"thumbnailUrl":"https:\/\/elcanillita.info\/press\/images\/2025\/10\/gaza_20251012_covre.jpg","keywords":["Estados Unidos","Gaza","Uni\u00f3n Europea"],"articleSection":[".",".","Actualidad","Guerra","Medio Oriente","Politica","Sociedad y valores"],"inLanguage":"es-AR"},{"@type":"WebPage","@id":"https:\/\/elcanillita.info\/press\/2025\/10\/12\/el-vacio-de-poder-en-gaza-ya-es-un-hecho-transicion-en-marcha-sin-gobierno-definido\/","url":"https:\/\/elcanillita.info\/press\/2025\/10\/12\/el-vacio-de-poder-en-gaza-ya-es-un-hecho-transicion-en-marcha-sin-gobierno-definido\/","name":"El vac\u00edo de poder en Gaza ya es un hecho: transici\u00f3n en marcha sin gobierno definido - ElCanillita.Info","isPartOf":{"@id":"https:\/\/elcanillita.info\/press\/#website"},"primaryImageOfPage":{"@id":"https:\/\/elcanillita.info\/press\/2025\/10\/12\/el-vacio-de-poder-en-gaza-ya-es-un-hecho-transicion-en-marcha-sin-gobierno-definido\/#primaryimage"},"image":{"@id":"https:\/\/elcanillita.info\/press\/2025\/10\/12\/el-vacio-de-poder-en-gaza-ya-es-un-hecho-transicion-en-marcha-sin-gobierno-definido\/#primaryimage"},"thumbnailUrl":"https:\/\/elcanillita.info\/press\/images\/2025\/10\/gaza_20251012_covre.jpg","datePublished":"2025-10-12T17:22:41+00:00","dateModified":"2025-10-12T17:22:42+00:00","inLanguage":"es-AR","potentialAction":[{"@type":"ReadAction","target":["https:\/\/elcanillita.info\/press\/2025\/10\/12\/el-vacio-de-poder-en-gaza-ya-es-un-hecho-transicion-en-marcha-sin-gobierno-definido\/"]}]},{"@type":"ImageObject","inLanguage":"es-AR","@id":"https:\/\/elcanillita.info\/press\/2025\/10\/12\/el-vacio-de-poder-en-gaza-ya-es-un-hecho-transicion-en-marcha-sin-gobierno-definido\/#primaryimage","url":"https:\/\/elcanillita.info\/press\/images\/2025\/10\/gaza_20251012_covre.jpg","contentUrl":"https:\/\/elcanillita.info\/press\/images\/2025\/10\/gaza_20251012_covre.jpg","width":640,"height":400},{"@type":"WebSite","@id":"https:\/\/elcanillita.info\/press\/#website","url":"https:\/\/elcanillita.info\/press\/","name":"ElCanillita.Info","description":"desde los Apeninos a los Andes","publisher":{"@id":"https:\/\/elcanillita.info\/press\/#organization"},"potentialAction":[{"@type":"SearchAction","target":{"@type":"EntryPoint","urlTemplate":"https:\/\/elcanillita.info\/press\/?s={search_term_string}"},"query-input":{"@type":"PropertyValueSpecification","valueRequired":true,"valueName":"search_term_string"}}],"inLanguage":"es-AR"},{"@type":"Organization","@id":"https:\/\/elcanillita.info\/press\/#organization","name":"Guzzo Photos & Graphic Publications","url":"https:\/\/elcanillita.info\/press\/","logo":{"@type":"ImageObject","inLanguage":"es-AR","@id":"https:\/\/elcanillita.info\/press\/#\/schema\/logo\/image\/","url":"https:\/\/elcanillita.info\/press\/images\/2020\/01\/cropped-cropped-cropped-elcanillitainfo.png","contentUrl":"https:\/\/elcanillita.info\/press\/images\/2020\/01\/cropped-cropped-cropped-elcanillitainfo.png","width":460,"height":50,"caption":"Guzzo Photos & Graphic Publications"},"image":{"@id":"https:\/\/elcanillita.info\/press\/#\/schema\/logo\/image\/"},"sameAs":["https:\/\/ar-ar.facebook.com\/ElCanillitainfo-114249515285712\/"]},{"@type":"Person","@id":"https:\/\/elcanillita.info\/press\/#\/schema\/person\/7fcb79f38045700919f7da6d97e71ba0","name":"SalaStampa.eu, world press service","image":{"@type":"ImageObject","inLanguage":"es-AR","@id":"https:\/\/secure.gravatar.com\/avatar\/c2f0e0d515a107624234994507816ca4724c7199cef73fc8bedebf6931d73888?s=96&d=mm&r=g","url":"https:\/\/secure.gravatar.com\/avatar\/c2f0e0d515a107624234994507816ca4724c7199cef73fc8bedebf6931d73888?s=96&d=mm&r=g","contentUrl":"https:\/\/secure.gravatar.com\/avatar\/c2f0e0d515a107624234994507816ca4724c7199cef73fc8bedebf6931d73888?s=96&d=mm&r=g","caption":"SalaStampa.eu, world press service"}}]}},"views":176,"_links":{"self":[{"href":"https:\/\/elcanillita.info\/press\/wp-json\/wp\/v2\/posts\/5513","targetHints":{"allow":["GET"]}}],"collection":[{"href":"https:\/\/elcanillita.info\/press\/wp-json\/wp\/v2\/posts"}],"about":[{"href":"https:\/\/elcanillita.info\/press\/wp-json\/wp\/v2\/types\/post"}],"author":[{"embeddable":true,"href":"https:\/\/elcanillita.info\/press\/wp-json\/wp\/v2\/users\/1"}],"replies":[{"embeddable":true,"href":"https:\/\/elcanillita.info\/press\/wp-json\/wp\/v2\/comments?post=5513"}],"version-history":[{"count":0,"href":"https:\/\/elcanillita.info\/press\/wp-json\/wp\/v2\/posts\/5513\/revisions"}],"wp:featuredmedia":[{"embeddable":true,"href":"https:\/\/elcanillita.info\/press\/wp-json\/wp\/v2\/media\/5514"}],"wp:attachment":[{"href":"https:\/\/elcanillita.info\/press\/wp-json\/wp\/v2\/media?parent=5513"}],"wp:term":[{"taxonomy":"category","embeddable":true,"href":"https:\/\/elcanillita.info\/press\/wp-json\/wp\/v2\/categories?post=5513"},{"taxonomy":"post_tag","embeddable":true,"href":"https:\/\/elcanillita.info\/press\/wp-json\/wp\/v2\/tags?post=5513"}],"curies":[{"name":"wp","href":"https:\/\/api.w.org\/{rel}","templated":true}]}}