{"id":551,"date":"2020-02-23T09:32:00","date_gmt":"2020-02-23T12:32:00","guid":{"rendered":"https:\/\/elcanillita.info\/press\/?p=551"},"modified":"2020-02-24T11:22:44","modified_gmt":"2020-02-24T14:22:44","slug":"usa-aplicara-restriccion-de-carga-publica-visas-24-febrero","status":"publish","type":"post","link":"https:\/\/elcanillita.info\/press\/2020\/02\/23\/usa-aplicara-restriccion-de-carga-publica-visas-24-febrero\/","title":{"rendered":"Estados Unidos aplicar\u00e1 la Restricci\u00f3n de Carga P\u00fablica para visas a partir del 24 de febrero"},"content":{"rendered":"\n<p>Washington 23.02.2020 &#8211; Este lunes entrar\u00e1 en vigor la restricci\u00f3n de Carga P\u00fablica, por medio de la cual se podr\u00e1 negar visa estadounidense a quienes hayan solicitado o puedan tener que solicitar asistencia en programas de alimentaci\u00f3n, salud o vivienda.<\/p>\n\n\n\n<p>La medida afecta a quienes hayan hecho uso de ayuda gubernamental, o est\u00e9n en posici\u00f3n de necesitarla, de acuerdo a la interpretaci\u00f3n ampliada del concepto.<\/p>\n\n\n\n<p>La ley establece nuevos criterios para las autoridades federales al evaluar a los inmigrantes que desean convertirse en residentes legales permanentes en Estados Unidos.<\/p>\n\n\n\n<p>Los funcionarios de los Servicios de Ciudadan\u00eda e Inmigraci\u00f3n de EE.UU. analizar\u00e1n la edad, la salud, la educaci\u00f3n, los activos y los ingresos para identificar a aquellos que probablemente dependan o sigan dependiendo de beneficios del gobierno para la nutrici\u00f3n, la vivienda o la atenci\u00f3n m\u00e9dica.<\/p>\n\n\n\n<p>\u00bfC\u00f3mo afectar\u00e1 la ley de carga p\u00fablica a los inmigrantes en EE.UU.?<br>\nUsando la ley, los funcionarios pueden negar las solicitudes de tarjeta verde (Green card) u ordenar que los inmigrantes sean deportados del pa\u00eds. Las \u00f3rdenes de expulsi\u00f3n pueden ser apeladas, pero a menudo conducen a la deportaci\u00f3n.<\/p>\n\n\n\n<p>\u00c1ngel Leal, abogado de inmigraci\u00f3n, explic\u00f3 a la Voz de Am\u00e9rica los cambios en el concepto de carga p\u00fablica.<\/p>\n\n\n\n<p>Leal dijo que la medida anterior consideraba como carga p\u00fablica a \u201cuna persona primordialmente dependiente de la asistencia p\u00fablica&#8221;, y ahora considera bajo ese concepto &#8220;a una persona que pudiera acudir a alg\u00fan tipo de ayuda gubernamental por doce meses a trav\u00e9s de un tiempo de tres a\u00f1os\u201d.<br> Hay peticiones de personas que se encuentran en el extranjero que requieren, por ejemplo, de un patrocinante econ\u00f3mico, estos casos, asistidos a nivel consular, deber\u00e1n ajustarse a la nueva medida, expuesta en la declaraci\u00f3n de autosuficiencia, es decir el formulario I 944, que consta de 18 p\u00e1ginas.<br><br>\n<small>2020 voanoticias \u2013 salastampa.eu, afiliada a la red Broadcasting Board of Governors \u00a9 2020 BBG<\/small><\/p>\n\n\n\n<p><\/p>\n","protected":false},"excerpt":{"rendered":"<p>Washington 23.02.2020 &#8211; Este lunes entrar\u00e1 en vigor la restricci\u00f3n de Carga P\u00fablica, por medio de la cual se podr\u00e1 negar visa estadounidense a quienes hayan solicitado o puedan tener que solicitar asistencia en programas de alimentaci\u00f3n, salud o vivienda.<\/p>\n","protected":false},"author":1,"featured_media":0,"comment_status":"closed","ping_status":"closed","sticky":false,"template":"","format":"standard","meta":{"footnotes":"","_links_to":"","_links_to_target":""},"categories":[70,9,23,25],"tags":[34],"class_list":["post-551","post","type-post","status-publish","format-standard","hentry","category-actualidad","category-america-del-norte","category-politica","category-sociedad","tag-estados-unidos","entry","double"],"yoast_head":"<!-- This site is optimized with the Yoast SEO plugin v27.5 - https:\/\/yoast.com\/product\/yoast-seo-wordpress\/ -->\n<title>Estados Unidos aplicar\u00e1 la Restricci\u00f3n de Carga P\u00fablica para visas a partir del 24 de febrero - ElCanillita.Info<\/title>\n<meta name=\"robots\" content=\"index, follow, max-snippet:-1, max-image-preview:large, max-video-preview:-1\" \/>\n<link rel=\"canonical\" href=\"https:\/\/elcanillita.info\/press\/2020\/02\/23\/usa-aplicara-restriccion-de-carga-publica-visas-24-febrero\/\" \/>\n<meta property=\"og:locale\" content=\"es_ES\" \/>\n<meta property=\"og:type\" content=\"article\" \/>\n<meta property=\"og:title\" content=\"Estados Unidos aplicar\u00e1 la Restricci\u00f3n de Carga P\u00fablica para visas a partir del 24 de febrero - ElCanillita.Info\" \/>\n<meta property=\"og:description\" content=\"Washington 23.02.2020 - Este lunes entrar\u00e1 en vigor la restricci\u00f3n de Carga P\u00fablica, por medio de la cual se podr\u00e1 negar visa estadounidense a quienes hayan solicitado o puedan tener que solicitar asistencia en programas de alimentaci\u00f3n, salud o vivienda.\" \/>\n<meta property=\"og:url\" content=\"https:\/\/elcanillita.info\/press\/2020\/02\/23\/usa-aplicara-restriccion-de-carga-publica-visas-24-febrero\/\" \/>\n<meta property=\"og:site_name\" content=\"ElCanillita.Info\" \/>\n<meta property=\"article:publisher\" content=\"https:\/\/ar-ar.facebook.com\/ElCanillitainfo-114249515285712\/\" \/>\n<meta property=\"article:published_time\" content=\"2020-02-23T12:32:00+00:00\" \/>\n<meta property=\"article:modified_time\" content=\"2020-02-24T14:22:44+00:00\" \/>\n<meta name=\"author\" content=\"SalaStampa.eu, world press service\" \/>\n<meta name=\"twitter:card\" content=\"summary_large_image\" \/>\n<meta name=\"twitter:label1\" content=\"Escrito por\" \/>\n\t<meta name=\"twitter:data1\" content=\"SalaStampa.eu, world press service\" \/>\n\t<meta name=\"twitter:label2\" content=\"Tiempo de lectura\" \/>\n\t<meta name=\"twitter:data2\" content=\"2 minutos\" \/>\n<script type=\"application\/ld+json\" class=\"yoast-schema-graph\">{\"@context\":\"https:\\\/\\\/schema.org\",\"@graph\":[{\"@type\":\"Article\",\"@id\":\"https:\\\/\\\/elcanillita.info\\\/press\\\/2020\\\/02\\\/23\\\/usa-aplicara-restriccion-de-carga-publica-visas-24-febrero\\\/#article\",\"isPartOf\":{\"@id\":\"https:\\\/\\\/elcanillita.info\\\/press\\\/2020\\\/02\\\/23\\\/usa-aplicara-restriccion-de-carga-publica-visas-24-febrero\\\/\"},\"author\":{\"name\":\"SalaStampa.eu, world press service\",\"@id\":\"https:\\\/\\\/elcanillita.info\\\/press\\\/#\\\/schema\\\/person\\\/7fcb79f38045700919f7da6d97e71ba0\"},\"headline\":\"Estados Unidos aplicar\u00e1 la Restricci\u00f3n de Carga P\u00fablica para visas a partir del 24 de febrero\",\"datePublished\":\"2020-02-23T12:32:00+00:00\",\"dateModified\":\"2020-02-24T14:22:44+00:00\",\"mainEntityOfPage\":{\"@id\":\"https:\\\/\\\/elcanillita.info\\\/press\\\/2020\\\/02\\\/23\\\/usa-aplicara-restriccion-de-carga-publica-visas-24-febrero\\\/\"},\"wordCount\":356,\"publisher\":{\"@id\":\"https:\\\/\\\/elcanillita.info\\\/press\\\/#organization\"},\"keywords\":[\"Estados Unidos\"],\"articleSection\":[\"Actualidad\",\"Am\u00e9rica del Norte\",\"Politica\",\"Sociedad\"],\"inLanguage\":\"es-AR\"},{\"@type\":\"WebPage\",\"@id\":\"https:\\\/\\\/elcanillita.info\\\/press\\\/2020\\\/02\\\/23\\\/usa-aplicara-restriccion-de-carga-publica-visas-24-febrero\\\/\",\"url\":\"https:\\\/\\\/elcanillita.info\\\/press\\\/2020\\\/02\\\/23\\\/usa-aplicara-restriccion-de-carga-publica-visas-24-febrero\\\/\",\"name\":\"Estados Unidos aplicar\u00e1 la Restricci\u00f3n de Carga P\u00fablica para visas a partir del 24 de febrero - ElCanillita.Info\",\"isPartOf\":{\"@id\":\"https:\\\/\\\/elcanillita.info\\\/press\\\/#website\"},\"datePublished\":\"2020-02-23T12:32:00+00:00\",\"dateModified\":\"2020-02-24T14:22:44+00:00\",\"inLanguage\":\"es-AR\",\"potentialAction\":[{\"@type\":\"ReadAction\",\"target\":[\"https:\\\/\\\/elcanillita.info\\\/press\\\/2020\\\/02\\\/23\\\/usa-aplicara-restriccion-de-carga-publica-visas-24-febrero\\\/\"]}]},{\"@type\":\"WebSite\",\"@id\":\"https:\\\/\\\/elcanillita.info\\\/press\\\/#website\",\"url\":\"https:\\\/\\\/elcanillita.info\\\/press\\\/\",\"name\":\"ElCanillita.Info\",\"description\":\"desde los Apeninos a los Andes\",\"publisher\":{\"@id\":\"https:\\\/\\\/elcanillita.info\\\/press\\\/#organization\"},\"potentialAction\":[{\"@type\":\"SearchAction\",\"target\":{\"@type\":\"EntryPoint\",\"urlTemplate\":\"https:\\\/\\\/elcanillita.info\\\/press\\\/?s={search_term_string}\"},\"query-input\":{\"@type\":\"PropertyValueSpecification\",\"valueRequired\":true,\"valueName\":\"search_term_string\"}}],\"inLanguage\":\"es-AR\"},{\"@type\":\"Organization\",\"@id\":\"https:\\\/\\\/elcanillita.info\\\/press\\\/#organization\",\"name\":\"Guzzo Photos & Graphic Publications\",\"url\":\"https:\\\/\\\/elcanillita.info\\\/press\\\/\",\"logo\":{\"@type\":\"ImageObject\",\"inLanguage\":\"es-AR\",\"@id\":\"https:\\\/\\\/elcanillita.info\\\/press\\\/#\\\/schema\\\/logo\\\/image\\\/\",\"url\":\"https:\\\/\\\/elcanillita.info\\\/press\\\/images\\\/2020\\\/01\\\/cropped-cropped-cropped-elcanillitainfo.png\",\"contentUrl\":\"https:\\\/\\\/elcanillita.info\\\/press\\\/images\\\/2020\\\/01\\\/cropped-cropped-cropped-elcanillitainfo.png\",\"width\":460,\"height\":50,\"caption\":\"Guzzo Photos & Graphic Publications\"},\"image\":{\"@id\":\"https:\\\/\\\/elcanillita.info\\\/press\\\/#\\\/schema\\\/logo\\\/image\\\/\"},\"sameAs\":[\"https:\\\/\\\/ar-ar.facebook.com\\\/ElCanillitainfo-114249515285712\\\/\"]},{\"@type\":\"Person\",\"@id\":\"https:\\\/\\\/elcanillita.info\\\/press\\\/#\\\/schema\\\/person\\\/7fcb79f38045700919f7da6d97e71ba0\",\"name\":\"SalaStampa.eu, world press service\",\"image\":{\"@type\":\"ImageObject\",\"inLanguage\":\"es-AR\",\"@id\":\"https:\\\/\\\/secure.gravatar.com\\\/avatar\\\/c2f0e0d515a107624234994507816ca4724c7199cef73fc8bedebf6931d73888?s=96&d=mm&r=g\",\"url\":\"https:\\\/\\\/secure.gravatar.com\\\/avatar\\\/c2f0e0d515a107624234994507816ca4724c7199cef73fc8bedebf6931d73888?s=96&d=mm&r=g\",\"contentUrl\":\"https:\\\/\\\/secure.gravatar.com\\\/avatar\\\/c2f0e0d515a107624234994507816ca4724c7199cef73fc8bedebf6931d73888?s=96&d=mm&r=g\",\"caption\":\"SalaStampa.eu, world press service\"}}]}<\/script>\n<!-- \/ Yoast SEO plugin. -->","yoast_head_json":{"title":"Estados Unidos aplicar\u00e1 la Restricci\u00f3n de Carga P\u00fablica para visas a partir del 24 de febrero - ElCanillita.Info","robots":{"index":"index","follow":"follow","max-snippet":"max-snippet:-1","max-image-preview":"max-image-preview:large","max-video-preview":"max-video-preview:-1"},"canonical":"https:\/\/elcanillita.info\/press\/2020\/02\/23\/usa-aplicara-restriccion-de-carga-publica-visas-24-febrero\/","og_locale":"es_ES","og_type":"article","og_title":"Estados Unidos aplicar\u00e1 la Restricci\u00f3n de Carga P\u00fablica para visas a partir del 24 de febrero - ElCanillita.Info","og_description":"Washington 23.02.2020 - Este lunes entrar\u00e1 en vigor la restricci\u00f3n de Carga P\u00fablica, por medio de la cual se podr\u00e1 negar visa estadounidense a quienes hayan solicitado o puedan tener que solicitar asistencia en programas de alimentaci\u00f3n, salud o vivienda.","og_url":"https:\/\/elcanillita.info\/press\/2020\/02\/23\/usa-aplicara-restriccion-de-carga-publica-visas-24-febrero\/","og_site_name":"ElCanillita.Info","article_publisher":"https:\/\/ar-ar.facebook.com\/ElCanillitainfo-114249515285712\/","article_published_time":"2020-02-23T12:32:00+00:00","article_modified_time":"2020-02-24T14:22:44+00:00","author":"SalaStampa.eu, world press service","twitter_card":"summary_large_image","twitter_misc":{"Escrito por":"SalaStampa.eu, world press service","Tiempo de lectura":"2 minutos"},"schema":{"@context":"https:\/\/schema.org","@graph":[{"@type":"Article","@id":"https:\/\/elcanillita.info\/press\/2020\/02\/23\/usa-aplicara-restriccion-de-carga-publica-visas-24-febrero\/#article","isPartOf":{"@id":"https:\/\/elcanillita.info\/press\/2020\/02\/23\/usa-aplicara-restriccion-de-carga-publica-visas-24-febrero\/"},"author":{"name":"SalaStampa.eu, world press service","@id":"https:\/\/elcanillita.info\/press\/#\/schema\/person\/7fcb79f38045700919f7da6d97e71ba0"},"headline":"Estados Unidos aplicar\u00e1 la Restricci\u00f3n de Carga P\u00fablica para visas a partir del 24 de febrero","datePublished":"2020-02-23T12:32:00+00:00","dateModified":"2020-02-24T14:22:44+00:00","mainEntityOfPage":{"@id":"https:\/\/elcanillita.info\/press\/2020\/02\/23\/usa-aplicara-restriccion-de-carga-publica-visas-24-febrero\/"},"wordCount":356,"publisher":{"@id":"https:\/\/elcanillita.info\/press\/#organization"},"keywords":["Estados Unidos"],"articleSection":["Actualidad","Am\u00e9rica del Norte","Politica","Sociedad"],"inLanguage":"es-AR"},{"@type":"WebPage","@id":"https:\/\/elcanillita.info\/press\/2020\/02\/23\/usa-aplicara-restriccion-de-carga-publica-visas-24-febrero\/","url":"https:\/\/elcanillita.info\/press\/2020\/02\/23\/usa-aplicara-restriccion-de-carga-publica-visas-24-febrero\/","name":"Estados Unidos aplicar\u00e1 la Restricci\u00f3n de Carga P\u00fablica para visas a partir del 24 de febrero - ElCanillita.Info","isPartOf":{"@id":"https:\/\/elcanillita.info\/press\/#website"},"datePublished":"2020-02-23T12:32:00+00:00","dateModified":"2020-02-24T14:22:44+00:00","inLanguage":"es-AR","potentialAction":[{"@type":"ReadAction","target":["https:\/\/elcanillita.info\/press\/2020\/02\/23\/usa-aplicara-restriccion-de-carga-publica-visas-24-febrero\/"]}]},{"@type":"WebSite","@id":"https:\/\/elcanillita.info\/press\/#website","url":"https:\/\/elcanillita.info\/press\/","name":"ElCanillita.Info","description":"desde los Apeninos a los Andes","publisher":{"@id":"https:\/\/elcanillita.info\/press\/#organization"},"potentialAction":[{"@type":"SearchAction","target":{"@type":"EntryPoint","urlTemplate":"https:\/\/elcanillita.info\/press\/?s={search_term_string}"},"query-input":{"@type":"PropertyValueSpecification","valueRequired":true,"valueName":"search_term_string"}}],"inLanguage":"es-AR"},{"@type":"Organization","@id":"https:\/\/elcanillita.info\/press\/#organization","name":"Guzzo Photos & Graphic Publications","url":"https:\/\/elcanillita.info\/press\/","logo":{"@type":"ImageObject","inLanguage":"es-AR","@id":"https:\/\/elcanillita.info\/press\/#\/schema\/logo\/image\/","url":"https:\/\/elcanillita.info\/press\/images\/2020\/01\/cropped-cropped-cropped-elcanillitainfo.png","contentUrl":"https:\/\/elcanillita.info\/press\/images\/2020\/01\/cropped-cropped-cropped-elcanillitainfo.png","width":460,"height":50,"caption":"Guzzo Photos & Graphic Publications"},"image":{"@id":"https:\/\/elcanillita.info\/press\/#\/schema\/logo\/image\/"},"sameAs":["https:\/\/ar-ar.facebook.com\/ElCanillitainfo-114249515285712\/"]},{"@type":"Person","@id":"https:\/\/elcanillita.info\/press\/#\/schema\/person\/7fcb79f38045700919f7da6d97e71ba0","name":"SalaStampa.eu, world press service","image":{"@type":"ImageObject","inLanguage":"es-AR","@id":"https:\/\/secure.gravatar.com\/avatar\/c2f0e0d515a107624234994507816ca4724c7199cef73fc8bedebf6931d73888?s=96&d=mm&r=g","url":"https:\/\/secure.gravatar.com\/avatar\/c2f0e0d515a107624234994507816ca4724c7199cef73fc8bedebf6931d73888?s=96&d=mm&r=g","contentUrl":"https:\/\/secure.gravatar.com\/avatar\/c2f0e0d515a107624234994507816ca4724c7199cef73fc8bedebf6931d73888?s=96&d=mm&r=g","caption":"SalaStampa.eu, world press service"}}]}},"views":675,"_links":{"self":[{"href":"https:\/\/elcanillita.info\/press\/wp-json\/wp\/v2\/posts\/551","targetHints":{"allow":["GET"]}}],"collection":[{"href":"https:\/\/elcanillita.info\/press\/wp-json\/wp\/v2\/posts"}],"about":[{"href":"https:\/\/elcanillita.info\/press\/wp-json\/wp\/v2\/types\/post"}],"author":[{"embeddable":true,"href":"https:\/\/elcanillita.info\/press\/wp-json\/wp\/v2\/users\/1"}],"replies":[{"embeddable":true,"href":"https:\/\/elcanillita.info\/press\/wp-json\/wp\/v2\/comments?post=551"}],"version-history":[{"count":0,"href":"https:\/\/elcanillita.info\/press\/wp-json\/wp\/v2\/posts\/551\/revisions"}],"wp:attachment":[{"href":"https:\/\/elcanillita.info\/press\/wp-json\/wp\/v2\/media?parent=551"}],"wp:term":[{"taxonomy":"category","embeddable":true,"href":"https:\/\/elcanillita.info\/press\/wp-json\/wp\/v2\/categories?post=551"},{"taxonomy":"post_tag","embeddable":true,"href":"https:\/\/elcanillita.info\/press\/wp-json\/wp\/v2\/tags?post=551"}],"curies":[{"name":"wp","href":"https:\/\/api.w.org\/{rel}","templated":true}]}}