{"id":546,"date":"2020-02-23T11:08:17","date_gmt":"2020-02-23T14:08:17","guid":{"rendered":"https:\/\/elcanillita.info\/press\/?p=546"},"modified":"2020-02-23T11:08:18","modified_gmt":"2020-02-23T14:08:18","slug":"marcha-operacion-retornar-colombianos-atrapados-wuhan-china","status":"publish","type":"post","link":"https:\/\/elcanillita.info\/press\/2020\/02\/23\/marcha-operacion-retornar-colombianos-atrapados-wuhan-china\/","title":{"rendered":"En marcha operaci\u00f3n para retornar a colombianos atrapados en Wuhan, China"},"content":{"rendered":"\n<p>Bogota, 23.02.2020 &#8211; El s\u00e1bado en horas de la madrugada parti\u00f3 de Catam, Bogot\u00e1, el avi\u00f3n que traer\u00e1 al pa\u00eds a los 13 colombianos y tres extranjeros miembros de sus familias, que permanecen en Wuhan, ciudad china donde se origin\u00f3 hace unas semanas el brote del coronavirus.<\/p>\n\n\n\n<p>El avi\u00f3n Boeing 767 J\u00fapiter lleva trece tripulantes de la Fuerza A\u00e9rea de Colombia, personal del Instituto Nacional de Salud y de la Cruz Roja Colombiana,y har\u00e1 dos escalas en Estados Unidos: una en Misuri y la otra en Alaska, dijo el diario El Tiempo.<\/p>\n\n\n\n<p>Colombia iniciar\u00e1 el s\u00e1bado la evacuaci\u00f3n de sus ciudadanos en Wuhan<br>\nLa aeronave entonces saldr\u00e1 rumbo a Corea del Sur y se espera que llegue el domingo 23 de febrero a Se\u00fal. En la capital coreana la misi\u00f3n despegar\u00e1 en la noche del martes 25 de febrero rumbo a Wuhan, donde estar\u00e1 unas cuatro horas mientras se surten todos los protocolos para el abordaje de los colombianos.<\/p>\n\n\n\n<p>La misi\u00f3n est\u00e1 prevista para completarse en treinta horas, dijeron las autoridades colombianas.<\/p>\n\n\n\n<p>En el reporte m\u00e1s reciente del viernes 21 de febrero, China inform\u00f3 de 889 casos nuevos casos a un total de 75.465, con 118 muertes que elevaron el n\u00famero de muertos a 2.236.<\/p>\n\n\n\n<p>Las nuevas infecciones llevan disminuyendo varios d\u00edas, pero cambios en la forma en que se define la enfermedad COVID-19 han generado dudas sobre la precisi\u00f3n de las cifras.<br><br>\n<small>2020 voanoticias \u2013 salastampa.eu, afiliada a la red Broadcasting Board of Governors \u00a9 2020 BBG<\/small><\/p>\n\n\n\n<p><\/p>\n","protected":false},"excerpt":{"rendered":"<p>Bogota, 23.02.2020 &#8211; El s\u00e1bado en horas de la madrugada parti\u00f3 de Catam, Bogot\u00e1, el avi\u00f3n que traer\u00e1 al pa\u00eds a los 13 colombianos y tres extranjeros miembros de sus familias, que permanecen en Wuhan, ciudad china donde se origin\u00f3 hace unas semanas el brote del coronavirus.<\/p>\n","protected":false},"author":1,"featured_media":0,"comment_status":"closed","ping_status":"closed","sticky":false,"template":"","format":"standard","meta":{"footnotes":"","_links_to":"","_links_to_target":""},"categories":[70,11,78,25],"tags":[44],"class_list":["post-546","post","type-post","status-publish","format-standard","hentry","category-actualidad","category-america-del-sur","category-sanidad","category-sociedad","tag-colombia","entry","double"],"yoast_head":"<!-- This site is optimized with the Yoast SEO plugin v27.5 - https:\/\/yoast.com\/product\/yoast-seo-wordpress\/ -->\n<title>En marcha operaci\u00f3n para retornar a colombianos atrapados en Wuhan, China - ElCanillita.Info<\/title>\n<meta name=\"robots\" content=\"index, follow, max-snippet:-1, max-image-preview:large, max-video-preview:-1\" \/>\n<link rel=\"canonical\" href=\"https:\/\/elcanillita.info\/press\/2020\/02\/23\/marcha-operacion-retornar-colombianos-atrapados-wuhan-china\/\" \/>\n<meta property=\"og:locale\" content=\"es_ES\" \/>\n<meta property=\"og:type\" content=\"article\" \/>\n<meta property=\"og:title\" content=\"En marcha operaci\u00f3n para retornar a colombianos atrapados en Wuhan, China - ElCanillita.Info\" \/>\n<meta property=\"og:description\" content=\"Bogota, 23.02.2020 - El s\u00e1bado en horas de la madrugada parti\u00f3 de Catam, Bogot\u00e1, el avi\u00f3n que traer\u00e1 al pa\u00eds a los 13 colombianos y tres extranjeros miembros de sus familias, que permanecen en Wuhan, ciudad china donde se origin\u00f3 hace unas semanas el brote del coronavirus.\" \/>\n<meta property=\"og:url\" content=\"https:\/\/elcanillita.info\/press\/2020\/02\/23\/marcha-operacion-retornar-colombianos-atrapados-wuhan-china\/\" \/>\n<meta property=\"og:site_name\" content=\"ElCanillita.Info\" \/>\n<meta property=\"article:publisher\" content=\"https:\/\/ar-ar.facebook.com\/ElCanillitainfo-114249515285712\/\" \/>\n<meta property=\"article:published_time\" content=\"2020-02-23T14:08:17+00:00\" \/>\n<meta property=\"article:modified_time\" content=\"2020-02-23T14:08:18+00:00\" \/>\n<meta name=\"author\" content=\"SalaStampa.eu, world press service\" \/>\n<meta name=\"twitter:card\" content=\"summary_large_image\" \/>\n<meta name=\"twitter:label1\" content=\"Escrito por\" \/>\n\t<meta name=\"twitter:data1\" content=\"SalaStampa.eu, world press service\" \/>\n\t<meta name=\"twitter:label2\" content=\"Tiempo de lectura\" \/>\n\t<meta name=\"twitter:data2\" content=\"1 minuto\" \/>\n<script type=\"application\/ld+json\" class=\"yoast-schema-graph\">{\"@context\":\"https:\\\/\\\/schema.org\",\"@graph\":[{\"@type\":\"Article\",\"@id\":\"https:\\\/\\\/elcanillita.info\\\/press\\\/2020\\\/02\\\/23\\\/marcha-operacion-retornar-colombianos-atrapados-wuhan-china\\\/#article\",\"isPartOf\":{\"@id\":\"https:\\\/\\\/elcanillita.info\\\/press\\\/2020\\\/02\\\/23\\\/marcha-operacion-retornar-colombianos-atrapados-wuhan-china\\\/\"},\"author\":{\"name\":\"SalaStampa.eu, world press service\",\"@id\":\"https:\\\/\\\/elcanillita.info\\\/press\\\/#\\\/schema\\\/person\\\/7fcb79f38045700919f7da6d97e71ba0\"},\"headline\":\"En marcha operaci\u00f3n para retornar a colombianos atrapados en Wuhan, China\",\"datePublished\":\"2020-02-23T14:08:17+00:00\",\"dateModified\":\"2020-02-23T14:08:18+00:00\",\"mainEntityOfPage\":{\"@id\":\"https:\\\/\\\/elcanillita.info\\\/press\\\/2020\\\/02\\\/23\\\/marcha-operacion-retornar-colombianos-atrapados-wuhan-china\\\/\"},\"wordCount\":263,\"publisher\":{\"@id\":\"https:\\\/\\\/elcanillita.info\\\/press\\\/#organization\"},\"keywords\":[\"Colombia\"],\"articleSection\":[\"Actualidad\",\"Am\u00e9rica del Sur\",\"Sanidad\",\"Sociedad\"],\"inLanguage\":\"es-AR\"},{\"@type\":\"WebPage\",\"@id\":\"https:\\\/\\\/elcanillita.info\\\/press\\\/2020\\\/02\\\/23\\\/marcha-operacion-retornar-colombianos-atrapados-wuhan-china\\\/\",\"url\":\"https:\\\/\\\/elcanillita.info\\\/press\\\/2020\\\/02\\\/23\\\/marcha-operacion-retornar-colombianos-atrapados-wuhan-china\\\/\",\"name\":\"En marcha operaci\u00f3n para retornar a colombianos atrapados en Wuhan, China - ElCanillita.Info\",\"isPartOf\":{\"@id\":\"https:\\\/\\\/elcanillita.info\\\/press\\\/#website\"},\"datePublished\":\"2020-02-23T14:08:17+00:00\",\"dateModified\":\"2020-02-23T14:08:18+00:00\",\"inLanguage\":\"es-AR\",\"potentialAction\":[{\"@type\":\"ReadAction\",\"target\":[\"https:\\\/\\\/elcanillita.info\\\/press\\\/2020\\\/02\\\/23\\\/marcha-operacion-retornar-colombianos-atrapados-wuhan-china\\\/\"]}]},{\"@type\":\"WebSite\",\"@id\":\"https:\\\/\\\/elcanillita.info\\\/press\\\/#website\",\"url\":\"https:\\\/\\\/elcanillita.info\\\/press\\\/\",\"name\":\"ElCanillita.Info\",\"description\":\"desde los Apeninos a los Andes\",\"publisher\":{\"@id\":\"https:\\\/\\\/elcanillita.info\\\/press\\\/#organization\"},\"potentialAction\":[{\"@type\":\"SearchAction\",\"target\":{\"@type\":\"EntryPoint\",\"urlTemplate\":\"https:\\\/\\\/elcanillita.info\\\/press\\\/?s={search_term_string}\"},\"query-input\":{\"@type\":\"PropertyValueSpecification\",\"valueRequired\":true,\"valueName\":\"search_term_string\"}}],\"inLanguage\":\"es-AR\"},{\"@type\":\"Organization\",\"@id\":\"https:\\\/\\\/elcanillita.info\\\/press\\\/#organization\",\"name\":\"Guzzo Photos & Graphic Publications\",\"url\":\"https:\\\/\\\/elcanillita.info\\\/press\\\/\",\"logo\":{\"@type\":\"ImageObject\",\"inLanguage\":\"es-AR\",\"@id\":\"https:\\\/\\\/elcanillita.info\\\/press\\\/#\\\/schema\\\/logo\\\/image\\\/\",\"url\":\"https:\\\/\\\/elcanillita.info\\\/press\\\/images\\\/2020\\\/01\\\/cropped-cropped-cropped-elcanillitainfo.png\",\"contentUrl\":\"https:\\\/\\\/elcanillita.info\\\/press\\\/images\\\/2020\\\/01\\\/cropped-cropped-cropped-elcanillitainfo.png\",\"width\":460,\"height\":50,\"caption\":\"Guzzo Photos & Graphic Publications\"},\"image\":{\"@id\":\"https:\\\/\\\/elcanillita.info\\\/press\\\/#\\\/schema\\\/logo\\\/image\\\/\"},\"sameAs\":[\"https:\\\/\\\/ar-ar.facebook.com\\\/ElCanillitainfo-114249515285712\\\/\"]},{\"@type\":\"Person\",\"@id\":\"https:\\\/\\\/elcanillita.info\\\/press\\\/#\\\/schema\\\/person\\\/7fcb79f38045700919f7da6d97e71ba0\",\"name\":\"SalaStampa.eu, world press service\",\"image\":{\"@type\":\"ImageObject\",\"inLanguage\":\"es-AR\",\"@id\":\"https:\\\/\\\/secure.gravatar.com\\\/avatar\\\/c2f0e0d515a107624234994507816ca4724c7199cef73fc8bedebf6931d73888?s=96&d=mm&r=g\",\"url\":\"https:\\\/\\\/secure.gravatar.com\\\/avatar\\\/c2f0e0d515a107624234994507816ca4724c7199cef73fc8bedebf6931d73888?s=96&d=mm&r=g\",\"contentUrl\":\"https:\\\/\\\/secure.gravatar.com\\\/avatar\\\/c2f0e0d515a107624234994507816ca4724c7199cef73fc8bedebf6931d73888?s=96&d=mm&r=g\",\"caption\":\"SalaStampa.eu, world press service\"}}]}<\/script>\n<!-- \/ Yoast SEO plugin. -->","yoast_head_json":{"title":"En marcha operaci\u00f3n para retornar a colombianos atrapados en Wuhan, China - ElCanillita.Info","robots":{"index":"index","follow":"follow","max-snippet":"max-snippet:-1","max-image-preview":"max-image-preview:large","max-video-preview":"max-video-preview:-1"},"canonical":"https:\/\/elcanillita.info\/press\/2020\/02\/23\/marcha-operacion-retornar-colombianos-atrapados-wuhan-china\/","og_locale":"es_ES","og_type":"article","og_title":"En marcha operaci\u00f3n para retornar a colombianos atrapados en Wuhan, China - ElCanillita.Info","og_description":"Bogota, 23.02.2020 - El s\u00e1bado en horas de la madrugada parti\u00f3 de Catam, Bogot\u00e1, el avi\u00f3n que traer\u00e1 al pa\u00eds a los 13 colombianos y tres extranjeros miembros de sus familias, que permanecen en Wuhan, ciudad china donde se origin\u00f3 hace unas semanas el brote del coronavirus.","og_url":"https:\/\/elcanillita.info\/press\/2020\/02\/23\/marcha-operacion-retornar-colombianos-atrapados-wuhan-china\/","og_site_name":"ElCanillita.Info","article_publisher":"https:\/\/ar-ar.facebook.com\/ElCanillitainfo-114249515285712\/","article_published_time":"2020-02-23T14:08:17+00:00","article_modified_time":"2020-02-23T14:08:18+00:00","author":"SalaStampa.eu, world press service","twitter_card":"summary_large_image","twitter_misc":{"Escrito por":"SalaStampa.eu, world press service","Tiempo de lectura":"1 minuto"},"schema":{"@context":"https:\/\/schema.org","@graph":[{"@type":"Article","@id":"https:\/\/elcanillita.info\/press\/2020\/02\/23\/marcha-operacion-retornar-colombianos-atrapados-wuhan-china\/#article","isPartOf":{"@id":"https:\/\/elcanillita.info\/press\/2020\/02\/23\/marcha-operacion-retornar-colombianos-atrapados-wuhan-china\/"},"author":{"name":"SalaStampa.eu, world press service","@id":"https:\/\/elcanillita.info\/press\/#\/schema\/person\/7fcb79f38045700919f7da6d97e71ba0"},"headline":"En marcha operaci\u00f3n para retornar a colombianos atrapados en Wuhan, China","datePublished":"2020-02-23T14:08:17+00:00","dateModified":"2020-02-23T14:08:18+00:00","mainEntityOfPage":{"@id":"https:\/\/elcanillita.info\/press\/2020\/02\/23\/marcha-operacion-retornar-colombianos-atrapados-wuhan-china\/"},"wordCount":263,"publisher":{"@id":"https:\/\/elcanillita.info\/press\/#organization"},"keywords":["Colombia"],"articleSection":["Actualidad","Am\u00e9rica del Sur","Sanidad","Sociedad"],"inLanguage":"es-AR"},{"@type":"WebPage","@id":"https:\/\/elcanillita.info\/press\/2020\/02\/23\/marcha-operacion-retornar-colombianos-atrapados-wuhan-china\/","url":"https:\/\/elcanillita.info\/press\/2020\/02\/23\/marcha-operacion-retornar-colombianos-atrapados-wuhan-china\/","name":"En marcha operaci\u00f3n para retornar a colombianos atrapados en Wuhan, China - ElCanillita.Info","isPartOf":{"@id":"https:\/\/elcanillita.info\/press\/#website"},"datePublished":"2020-02-23T14:08:17+00:00","dateModified":"2020-02-23T14:08:18+00:00","inLanguage":"es-AR","potentialAction":[{"@type":"ReadAction","target":["https:\/\/elcanillita.info\/press\/2020\/02\/23\/marcha-operacion-retornar-colombianos-atrapados-wuhan-china\/"]}]},{"@type":"WebSite","@id":"https:\/\/elcanillita.info\/press\/#website","url":"https:\/\/elcanillita.info\/press\/","name":"ElCanillita.Info","description":"desde los Apeninos a los Andes","publisher":{"@id":"https:\/\/elcanillita.info\/press\/#organization"},"potentialAction":[{"@type":"SearchAction","target":{"@type":"EntryPoint","urlTemplate":"https:\/\/elcanillita.info\/press\/?s={search_term_string}"},"query-input":{"@type":"PropertyValueSpecification","valueRequired":true,"valueName":"search_term_string"}}],"inLanguage":"es-AR"},{"@type":"Organization","@id":"https:\/\/elcanillita.info\/press\/#organization","name":"Guzzo Photos & Graphic Publications","url":"https:\/\/elcanillita.info\/press\/","logo":{"@type":"ImageObject","inLanguage":"es-AR","@id":"https:\/\/elcanillita.info\/press\/#\/schema\/logo\/image\/","url":"https:\/\/elcanillita.info\/press\/images\/2020\/01\/cropped-cropped-cropped-elcanillitainfo.png","contentUrl":"https:\/\/elcanillita.info\/press\/images\/2020\/01\/cropped-cropped-cropped-elcanillitainfo.png","width":460,"height":50,"caption":"Guzzo Photos & Graphic Publications"},"image":{"@id":"https:\/\/elcanillita.info\/press\/#\/schema\/logo\/image\/"},"sameAs":["https:\/\/ar-ar.facebook.com\/ElCanillitainfo-114249515285712\/"]},{"@type":"Person","@id":"https:\/\/elcanillita.info\/press\/#\/schema\/person\/7fcb79f38045700919f7da6d97e71ba0","name":"SalaStampa.eu, world press service","image":{"@type":"ImageObject","inLanguage":"es-AR","@id":"https:\/\/secure.gravatar.com\/avatar\/c2f0e0d515a107624234994507816ca4724c7199cef73fc8bedebf6931d73888?s=96&d=mm&r=g","url":"https:\/\/secure.gravatar.com\/avatar\/c2f0e0d515a107624234994507816ca4724c7199cef73fc8bedebf6931d73888?s=96&d=mm&r=g","contentUrl":"https:\/\/secure.gravatar.com\/avatar\/c2f0e0d515a107624234994507816ca4724c7199cef73fc8bedebf6931d73888?s=96&d=mm&r=g","caption":"SalaStampa.eu, world press service"}}]}},"views":743,"_links":{"self":[{"href":"https:\/\/elcanillita.info\/press\/wp-json\/wp\/v2\/posts\/546","targetHints":{"allow":["GET"]}}],"collection":[{"href":"https:\/\/elcanillita.info\/press\/wp-json\/wp\/v2\/posts"}],"about":[{"href":"https:\/\/elcanillita.info\/press\/wp-json\/wp\/v2\/types\/post"}],"author":[{"embeddable":true,"href":"https:\/\/elcanillita.info\/press\/wp-json\/wp\/v2\/users\/1"}],"replies":[{"embeddable":true,"href":"https:\/\/elcanillita.info\/press\/wp-json\/wp\/v2\/comments?post=546"}],"version-history":[{"count":0,"href":"https:\/\/elcanillita.info\/press\/wp-json\/wp\/v2\/posts\/546\/revisions"}],"wp:attachment":[{"href":"https:\/\/elcanillita.info\/press\/wp-json\/wp\/v2\/media?parent=546"}],"wp:term":[{"taxonomy":"category","embeddable":true,"href":"https:\/\/elcanillita.info\/press\/wp-json\/wp\/v2\/categories?post=546"},{"taxonomy":"post_tag","embeddable":true,"href":"https:\/\/elcanillita.info\/press\/wp-json\/wp\/v2\/tags?post=546"}],"curies":[{"name":"wp","href":"https:\/\/api.w.org\/{rel}","templated":true}]}}