{"id":5459,"date":"2025-10-05T01:17:58","date_gmt":"2025-10-05T04:17:58","guid":{"rendered":"https:\/\/elcanillita.info\/press\/?p=5459"},"modified":"2025-10-05T01:27:26","modified_gmt":"2025-10-05T04:27:26","slug":"signor-pollice","status":"publish","type":"post","link":"https:\/\/elcanillita.info\/press\/2025\/10\/05\/signor-pollice\/","title":{"rendered":"\ud83d\udd4a\ufe0f Signor Pollice"},"content":{"rendered":"\n<figure class=\"wp-block-image size-large\"><img loading=\"lazy\" decoding=\"async\" width=\"1024\" height=\"1024\" src=\"https:\/\/elcanillita.info\/press\/images\/2025\/10\/e1006ac9-7b6e-4650-9580-f462b6f80143.jpg\" alt=\"\" class=\"wp-image-5460\" srcset=\"https:\/\/elcanillita.info\/press\/images\/2025\/10\/e1006ac9-7b6e-4650-9580-f462b6f80143.jpg 1024w, https:\/\/elcanillita.info\/press\/images\/2025\/10\/e1006ac9-7b6e-4650-9580-f462b6f80143-300x300.jpg 300w, https:\/\/elcanillita.info\/press\/images\/2025\/10\/e1006ac9-7b6e-4650-9580-f462b6f80143-150x150.jpg 150w, https:\/\/elcanillita.info\/press\/images\/2025\/10\/e1006ac9-7b6e-4650-9580-f462b6f80143-768x768.jpg 768w\" sizes=\"auto, (max-width: 1024px) 100vw, 1024px\" \/><\/figure>\n\n\n\n<p class=\"p1\">Macri bendice a Milei y promete una \u201cetapa de cambios\u201d tras las elecciones<\/p>\n\n\n\n<p class=\"p1\">El expresidente Mauricio Macri volvi\u00f3 a escena con un gesto de complicidad que encendi\u00f3 las redes y las tertulias pol\u00edticas: se reuni\u00f3 con Javier Milei en Olivos y, tras el encuentro, lo respald\u00f3 p\u00fablicamente.<\/p>\n\n\n\n<p class=\"p1\">\u201cConf\u00edo en que despu\u00e9s del 26 de octubre el gobierno iniciar\u00e1 una etapa de reformas estructurales\u201d, escribi\u00f3 en X, como quien sella un pacto sin contrato pero con foto mental de gabinete.<\/p>\n\n\n\n<p class=\"p1\">El mensaje fue corto, medido, pero son\u00f3 como una bendici\u00f3n:<\/p>\n\n\n\n<blockquote class=\"wp-block-quote is-layout-flow wp-block-quote-is-layout-flow\">\n<p>\u201cLos que queremos un cambio nos tenemos que unir para llevar adelante las transformaciones que la Argentina necesita\u201d.<\/p>\n<\/blockquote>\n\n\n\n<p class=\"p1\">La reuni\u00f3n llega cuando el Gobierno atraviesa su momento m\u00e1s oscuro \u2014rev\u00e9s en el Congreso, derrota en la provincia de Buenos Aires y economistas que hablan de \u201criesgo de agotamiento prematuro\u201d\u2014, pero Milei parece decidido a mostrar m\u00fasculo pol\u00edtico, aunque sea prestado.<\/p>\n\n\n\n<p class=\"p1\">Seg\u00fan fuentes cercanas, ambos l\u00edderes habr\u00edan acordado coordinar despu\u00e9s de las legislativas para que los bloques del PRO voten en l\u00ednea con La Libertad Avanza. En buen criollo: amarillos y violetas juntos, aunque todav\u00eda sin qu\u00f3rum para aprobar ni el precio del caf\u00e9.<\/p>\n\n\n\n<p class=\"p1\">Macri, que hasta hace poco se manten\u00eda en modo silencio zen, aprovech\u00f3 para marcar su territorio y recordar que, si hay \u201creformas estructurales\u201d en danza \u2014laboral, impositiva y previsional\u2014, nadie mejor que \u00e9l para poner la firma ideol\u00f3gica. Milei, en cambio, necesita el voto y la foto.<\/p>\n\n\n\n<p class=\"p1\">As\u00ed, en Olivos, el libertario y el ingeniero sellaron un nuevo entendimiento. O, como dijo un operador pol\u00edtico con iron\u00eda porte\u00f1a:<\/p>\n\n\n\n<blockquote class=\"wp-block-quote is-layout-flow wp-block-quote-is-layout-flow\">\n<p>\u201cEl Presidente le pidi\u00f3 el pulgar\u2026 y Macri se lo dio\u201d.<\/p>\n<\/blockquote>\n\n\n\n<p class=\"p1\">\ud83d\udd6f\ufe0f Argentina, pa\u00eds de se\u00f1ales: donde el Signor Pollice no solo levanta el dedo, tambi\u00e9n sopla el humo de lo que se viene.<\/p>\n\n\n\n<p><\/p>\n\n\n\n<p>&nbsp;\u270d\ufe0f \u00a9\ufe0f 2025 ElCanillita.info \u2013 All Rights Reserved<\/p>\n\n\n\n<p><\/p>\n\n\n<small>\u00a9\ufe0f2025 \u201cEl \u00faltimo que dobla la esquina\u201d\n\u2026poque siempre hay alguien que reparte noticias mientras todos duermen.\nTodos los derechos reservados\nCopyright \u00a9\ufe0f 2025 ElCanillita.info \/ SalaStampa.eu, servicio mundial de prensa\nGuzzo Photos &#038; Graphic Publications \u2013 Registro Editori e Stampatori n. 1441 Torino, Italia<\/small>\n\n\n<p><\/p>\n","protected":false},"excerpt":{"rendered":"<p>Macri levant\u00f3 el pulgar a Milei tras la cumbre en Olivos.<br \/>\nDice que se viene una \u201cetapa de reformas estructurales\u201d.<br \/>\n\ud83d\udd38 El viejo ingeniero vuelve a escena y el libertario sonr\u00ede.<br \/>\n\ud83d\udd38 En campa\u00f1a, Milei busca gobernabilidad prestada.<br \/>\n\ud83d\udd38 Los amarillos y violetas tantean alianza para despu\u00e9s del 26-O.<br \/>\n\ud83d\udd38 En la rosca, Macri se queda con el dedo y Milei con la foto.<\/p>\n<p>\ud83d\udc49 Argentina, donde hasta los pulgares tienen partido.<\/p>\n","protected":false},"author":14,"featured_media":5461,"comment_status":"closed","ping_status":"","sticky":false,"template":"","format":"standard","meta":{"footnotes":"","_links_to":"","_links_to_target":""},"categories":[108,121,70,11,123,118,23,137],"tags":[29],"class_list":["post-5459","post","type-post","status-publish","format-standard","has-post-thumbnail","hentry","category-blogdiario","category-dc24","category-actualidad","category-america-del-sur","category-argentina","category-corrupcion","category-politica","category-sociedad-y-valores","tag-argentina","entry","double"],"yoast_head":"<!-- This site is optimized with the Yoast SEO plugin v27.4 - https:\/\/yoast.com\/product\/yoast-seo-wordpress\/ -->\n<title>\ud83d\udd4a\ufe0f Signor Pollice - ElCanillita.Info<\/title>\n<meta name=\"robots\" content=\"index, follow, max-snippet:-1, max-image-preview:large, max-video-preview:-1\" \/>\n<link rel=\"canonical\" href=\"https:\/\/elcanillita.info\/press\/2025\/10\/05\/signor-pollice\/\" \/>\n<meta property=\"og:locale\" content=\"es_ES\" \/>\n<meta property=\"og:type\" content=\"article\" \/>\n<meta property=\"og:title\" content=\"\ud83d\udd4a\ufe0f Signor Pollice - ElCanillita.Info\" \/>\n<meta property=\"og:description\" content=\"Macri levant\u00f3 el pulgar a Milei tras la cumbre en Olivos. Dice que se viene una \u201cetapa de reformas estructurales\u201d. \ud83d\udd38 El viejo ingeniero vuelve a escena y el libertario sonr\u00ede. \ud83d\udd38 En campa\u00f1a, Milei busca gobernabilidad prestada. \ud83d\udd38 Los amarillos y violetas tantean alianza para despu\u00e9s del 26-O. \ud83d\udd38 En la rosca, Macri se queda con el dedo y Milei con la foto. \ud83d\udc49 Argentina, donde hasta los pulgares tienen partido.\" \/>\n<meta property=\"og:url\" content=\"https:\/\/elcanillita.info\/press\/2025\/10\/05\/signor-pollice\/\" \/>\n<meta property=\"og:site_name\" content=\"ElCanillita.Info\" \/>\n<meta property=\"article:publisher\" content=\"https:\/\/ar-ar.facebook.com\/ElCanillitainfo-114249515285712\/\" \/>\n<meta property=\"article:published_time\" content=\"2025-10-05T04:17:58+00:00\" \/>\n<meta property=\"article:modified_time\" content=\"2025-10-05T04:27:26+00:00\" \/>\n<meta property=\"og:image\" content=\"https:\/\/elcanillita.info\/press\/images\/2025\/10\/img_0728.jpg\" \/>\n\t<meta property=\"og:image:width\" content=\"550\" \/>\n\t<meta property=\"og:image:height\" content=\"550\" \/>\n\t<meta property=\"og:image:type\" content=\"image\/jpeg\" \/>\n<meta name=\"author\" content=\"ElCanillita.info Guzzo Photos &amp; Graphic Publications\" \/>\n<meta name=\"twitter:card\" content=\"summary_large_image\" \/>\n<meta name=\"twitter:label1\" content=\"Escrito por\" \/>\n\t<meta name=\"twitter:data1\" content=\"ElCanillita.info Guzzo Photos &amp; Graphic Publications\" \/>\n\t<meta name=\"twitter:label2\" content=\"Tiempo de lectura\" \/>\n\t<meta name=\"twitter:data2\" content=\"2 minutos\" \/>\n<script type=\"application\/ld+json\" class=\"yoast-schema-graph\">{\"@context\":\"https:\\\/\\\/schema.org\",\"@graph\":[{\"@type\":\"Article\",\"@id\":\"https:\\\/\\\/elcanillita.info\\\/press\\\/2025\\\/10\\\/05\\\/signor-pollice\\\/#article\",\"isPartOf\":{\"@id\":\"https:\\\/\\\/elcanillita.info\\\/press\\\/2025\\\/10\\\/05\\\/signor-pollice\\\/\"},\"author\":{\"name\":\"ElCanillita.info Guzzo Photos &amp; Graphic Publications\",\"@id\":\"https:\\\/\\\/elcanillita.info\\\/press\\\/#\\\/schema\\\/person\\\/e37a550cff8f5f3407ed112e4cc619cb\"},\"headline\":\"\ud83d\udd4a\ufe0f Signor Pollice\",\"datePublished\":\"2025-10-05T04:17:58+00:00\",\"dateModified\":\"2025-10-05T04:27:26+00:00\",\"mainEntityOfPage\":{\"@id\":\"https:\\\/\\\/elcanillita.info\\\/press\\\/2025\\\/10\\\/05\\\/signor-pollice\\\/\"},\"wordCount\":365,\"publisher\":{\"@id\":\"https:\\\/\\\/elcanillita.info\\\/press\\\/#organization\"},\"image\":{\"@id\":\"https:\\\/\\\/elcanillita.info\\\/press\\\/2025\\\/10\\\/05\\\/signor-pollice\\\/#primaryimage\"},\"thumbnailUrl\":\"https:\\\/\\\/elcanillita.info\\\/press\\\/images\\\/2025\\\/10\\\/img_0728.jpg\",\"keywords\":[\"Argentina\"],\"articleSection\":[\".\",\".\",\"Actualidad\",\"Am\u00e9rica del Sur\",\"Argentina\",\"Corrupci\u00f3n\",\"Politica\",\"Sociedad y valores\"],\"inLanguage\":\"es-AR\"},{\"@type\":\"WebPage\",\"@id\":\"https:\\\/\\\/elcanillita.info\\\/press\\\/2025\\\/10\\\/05\\\/signor-pollice\\\/\",\"url\":\"https:\\\/\\\/elcanillita.info\\\/press\\\/2025\\\/10\\\/05\\\/signor-pollice\\\/\",\"name\":\"\ud83d\udd4a\ufe0f Signor Pollice - ElCanillita.Info\",\"isPartOf\":{\"@id\":\"https:\\\/\\\/elcanillita.info\\\/press\\\/#website\"},\"primaryImageOfPage\":{\"@id\":\"https:\\\/\\\/elcanillita.info\\\/press\\\/2025\\\/10\\\/05\\\/signor-pollice\\\/#primaryimage\"},\"image\":{\"@id\":\"https:\\\/\\\/elcanillita.info\\\/press\\\/2025\\\/10\\\/05\\\/signor-pollice\\\/#primaryimage\"},\"thumbnailUrl\":\"https:\\\/\\\/elcanillita.info\\\/press\\\/images\\\/2025\\\/10\\\/img_0728.jpg\",\"datePublished\":\"2025-10-05T04:17:58+00:00\",\"dateModified\":\"2025-10-05T04:27:26+00:00\",\"inLanguage\":\"es-AR\",\"potentialAction\":[{\"@type\":\"ReadAction\",\"target\":[\"https:\\\/\\\/elcanillita.info\\\/press\\\/2025\\\/10\\\/05\\\/signor-pollice\\\/\"]}]},{\"@type\":\"ImageObject\",\"inLanguage\":\"es-AR\",\"@id\":\"https:\\\/\\\/elcanillita.info\\\/press\\\/2025\\\/10\\\/05\\\/signor-pollice\\\/#primaryimage\",\"url\":\"https:\\\/\\\/elcanillita.info\\\/press\\\/images\\\/2025\\\/10\\\/img_0728.jpg\",\"contentUrl\":\"https:\\\/\\\/elcanillita.info\\\/press\\\/images\\\/2025\\\/10\\\/img_0728.jpg\",\"width\":550,\"height\":550},{\"@type\":\"WebSite\",\"@id\":\"https:\\\/\\\/elcanillita.info\\\/press\\\/#website\",\"url\":\"https:\\\/\\\/elcanillita.info\\\/press\\\/\",\"name\":\"ElCanillita.Info\",\"description\":\"desde los Apeninos a los Andes\",\"publisher\":{\"@id\":\"https:\\\/\\\/elcanillita.info\\\/press\\\/#organization\"},\"potentialAction\":[{\"@type\":\"SearchAction\",\"target\":{\"@type\":\"EntryPoint\",\"urlTemplate\":\"https:\\\/\\\/elcanillita.info\\\/press\\\/?s={search_term_string}\"},\"query-input\":{\"@type\":\"PropertyValueSpecification\",\"valueRequired\":true,\"valueName\":\"search_term_string\"}}],\"inLanguage\":\"es-AR\"},{\"@type\":\"Organization\",\"@id\":\"https:\\\/\\\/elcanillita.info\\\/press\\\/#organization\",\"name\":\"Guzzo Photos & Graphic Publications\",\"url\":\"https:\\\/\\\/elcanillita.info\\\/press\\\/\",\"logo\":{\"@type\":\"ImageObject\",\"inLanguage\":\"es-AR\",\"@id\":\"https:\\\/\\\/elcanillita.info\\\/press\\\/#\\\/schema\\\/logo\\\/image\\\/\",\"url\":\"https:\\\/\\\/elcanillita.info\\\/press\\\/images\\\/2020\\\/01\\\/cropped-cropped-cropped-elcanillitainfo.png\",\"contentUrl\":\"https:\\\/\\\/elcanillita.info\\\/press\\\/images\\\/2020\\\/01\\\/cropped-cropped-cropped-elcanillitainfo.png\",\"width\":460,\"height\":50,\"caption\":\"Guzzo Photos & Graphic Publications\"},\"image\":{\"@id\":\"https:\\\/\\\/elcanillita.info\\\/press\\\/#\\\/schema\\\/logo\\\/image\\\/\"},\"sameAs\":[\"https:\\\/\\\/ar-ar.facebook.com\\\/ElCanillitainfo-114249515285712\\\/\"]},{\"@type\":\"Person\",\"@id\":\"https:\\\/\\\/elcanillita.info\\\/press\\\/#\\\/schema\\\/person\\\/e37a550cff8f5f3407ed112e4cc619cb\",\"name\":\"ElCanillita.info Guzzo Photos &amp; Graphic Publications\",\"image\":{\"@type\":\"ImageObject\",\"inLanguage\":\"es-AR\",\"@id\":\"https:\\\/\\\/secure.gravatar.com\\\/avatar\\\/8914fbe0ef09248907e331ab93dfa89c7f76decf6b51cd1b2f8444e6260db772?s=96&d=mm&r=g\",\"url\":\"https:\\\/\\\/secure.gravatar.com\\\/avatar\\\/8914fbe0ef09248907e331ab93dfa89c7f76decf6b51cd1b2f8444e6260db772?s=96&d=mm&r=g\",\"contentUrl\":\"https:\\\/\\\/secure.gravatar.com\\\/avatar\\\/8914fbe0ef09248907e331ab93dfa89c7f76decf6b51cd1b2f8444e6260db772?s=96&d=mm&r=g\",\"caption\":\"ElCanillita.info Guzzo Photos &amp; Graphic Publications\"},\"sameAs\":[\"http:\\\/\\\/guzzophotos.com\"]}]}<\/script>\n<!-- \/ Yoast SEO plugin. -->","yoast_head_json":{"title":"\ud83d\udd4a\ufe0f Signor Pollice - ElCanillita.Info","robots":{"index":"index","follow":"follow","max-snippet":"max-snippet:-1","max-image-preview":"max-image-preview:large","max-video-preview":"max-video-preview:-1"},"canonical":"https:\/\/elcanillita.info\/press\/2025\/10\/05\/signor-pollice\/","og_locale":"es_ES","og_type":"article","og_title":"\ud83d\udd4a\ufe0f Signor Pollice - ElCanillita.Info","og_description":"Macri levant\u00f3 el pulgar a Milei tras la cumbre en Olivos. Dice que se viene una \u201cetapa de reformas estructurales\u201d. \ud83d\udd38 El viejo ingeniero vuelve a escena y el libertario sonr\u00ede. \ud83d\udd38 En campa\u00f1a, Milei busca gobernabilidad prestada. \ud83d\udd38 Los amarillos y violetas tantean alianza para despu\u00e9s del 26-O. \ud83d\udd38 En la rosca, Macri se queda con el dedo y Milei con la foto. \ud83d\udc49 Argentina, donde hasta los pulgares tienen partido.","og_url":"https:\/\/elcanillita.info\/press\/2025\/10\/05\/signor-pollice\/","og_site_name":"ElCanillita.Info","article_publisher":"https:\/\/ar-ar.facebook.com\/ElCanillitainfo-114249515285712\/","article_published_time":"2025-10-05T04:17:58+00:00","article_modified_time":"2025-10-05T04:27:26+00:00","og_image":[{"width":550,"height":550,"url":"https:\/\/elcanillita.info\/press\/images\/2025\/10\/img_0728.jpg","type":"image\/jpeg"}],"author":"ElCanillita.info Guzzo Photos &amp; Graphic Publications","twitter_card":"summary_large_image","twitter_misc":{"Escrito por":"ElCanillita.info Guzzo Photos &amp; Graphic Publications","Tiempo de lectura":"2 minutos"},"schema":{"@context":"https:\/\/schema.org","@graph":[{"@type":"Article","@id":"https:\/\/elcanillita.info\/press\/2025\/10\/05\/signor-pollice\/#article","isPartOf":{"@id":"https:\/\/elcanillita.info\/press\/2025\/10\/05\/signor-pollice\/"},"author":{"name":"ElCanillita.info Guzzo Photos &amp; Graphic Publications","@id":"https:\/\/elcanillita.info\/press\/#\/schema\/person\/e37a550cff8f5f3407ed112e4cc619cb"},"headline":"\ud83d\udd4a\ufe0f Signor Pollice","datePublished":"2025-10-05T04:17:58+00:00","dateModified":"2025-10-05T04:27:26+00:00","mainEntityOfPage":{"@id":"https:\/\/elcanillita.info\/press\/2025\/10\/05\/signor-pollice\/"},"wordCount":365,"publisher":{"@id":"https:\/\/elcanillita.info\/press\/#organization"},"image":{"@id":"https:\/\/elcanillita.info\/press\/2025\/10\/05\/signor-pollice\/#primaryimage"},"thumbnailUrl":"https:\/\/elcanillita.info\/press\/images\/2025\/10\/img_0728.jpg","keywords":["Argentina"],"articleSection":[".",".","Actualidad","Am\u00e9rica del Sur","Argentina","Corrupci\u00f3n","Politica","Sociedad y valores"],"inLanguage":"es-AR"},{"@type":"WebPage","@id":"https:\/\/elcanillita.info\/press\/2025\/10\/05\/signor-pollice\/","url":"https:\/\/elcanillita.info\/press\/2025\/10\/05\/signor-pollice\/","name":"\ud83d\udd4a\ufe0f Signor Pollice - ElCanillita.Info","isPartOf":{"@id":"https:\/\/elcanillita.info\/press\/#website"},"primaryImageOfPage":{"@id":"https:\/\/elcanillita.info\/press\/2025\/10\/05\/signor-pollice\/#primaryimage"},"image":{"@id":"https:\/\/elcanillita.info\/press\/2025\/10\/05\/signor-pollice\/#primaryimage"},"thumbnailUrl":"https:\/\/elcanillita.info\/press\/images\/2025\/10\/img_0728.jpg","datePublished":"2025-10-05T04:17:58+00:00","dateModified":"2025-10-05T04:27:26+00:00","inLanguage":"es-AR","potentialAction":[{"@type":"ReadAction","target":["https:\/\/elcanillita.info\/press\/2025\/10\/05\/signor-pollice\/"]}]},{"@type":"ImageObject","inLanguage":"es-AR","@id":"https:\/\/elcanillita.info\/press\/2025\/10\/05\/signor-pollice\/#primaryimage","url":"https:\/\/elcanillita.info\/press\/images\/2025\/10\/img_0728.jpg","contentUrl":"https:\/\/elcanillita.info\/press\/images\/2025\/10\/img_0728.jpg","width":550,"height":550},{"@type":"WebSite","@id":"https:\/\/elcanillita.info\/press\/#website","url":"https:\/\/elcanillita.info\/press\/","name":"ElCanillita.Info","description":"desde los Apeninos a los Andes","publisher":{"@id":"https:\/\/elcanillita.info\/press\/#organization"},"potentialAction":[{"@type":"SearchAction","target":{"@type":"EntryPoint","urlTemplate":"https:\/\/elcanillita.info\/press\/?s={search_term_string}"},"query-input":{"@type":"PropertyValueSpecification","valueRequired":true,"valueName":"search_term_string"}}],"inLanguage":"es-AR"},{"@type":"Organization","@id":"https:\/\/elcanillita.info\/press\/#organization","name":"Guzzo Photos & Graphic Publications","url":"https:\/\/elcanillita.info\/press\/","logo":{"@type":"ImageObject","inLanguage":"es-AR","@id":"https:\/\/elcanillita.info\/press\/#\/schema\/logo\/image\/","url":"https:\/\/elcanillita.info\/press\/images\/2020\/01\/cropped-cropped-cropped-elcanillitainfo.png","contentUrl":"https:\/\/elcanillita.info\/press\/images\/2020\/01\/cropped-cropped-cropped-elcanillitainfo.png","width":460,"height":50,"caption":"Guzzo Photos & Graphic Publications"},"image":{"@id":"https:\/\/elcanillita.info\/press\/#\/schema\/logo\/image\/"},"sameAs":["https:\/\/ar-ar.facebook.com\/ElCanillitainfo-114249515285712\/"]},{"@type":"Person","@id":"https:\/\/elcanillita.info\/press\/#\/schema\/person\/e37a550cff8f5f3407ed112e4cc619cb","name":"ElCanillita.info Guzzo Photos &amp; Graphic Publications","image":{"@type":"ImageObject","inLanguage":"es-AR","@id":"https:\/\/secure.gravatar.com\/avatar\/8914fbe0ef09248907e331ab93dfa89c7f76decf6b51cd1b2f8444e6260db772?s=96&d=mm&r=g","url":"https:\/\/secure.gravatar.com\/avatar\/8914fbe0ef09248907e331ab93dfa89c7f76decf6b51cd1b2f8444e6260db772?s=96&d=mm&r=g","contentUrl":"https:\/\/secure.gravatar.com\/avatar\/8914fbe0ef09248907e331ab93dfa89c7f76decf6b51cd1b2f8444e6260db772?s=96&d=mm&r=g","caption":"ElCanillita.info Guzzo Photos &amp; Graphic Publications"},"sameAs":["http:\/\/guzzophotos.com"]}]}},"views":122,"_links":{"self":[{"href":"https:\/\/elcanillita.info\/press\/wp-json\/wp\/v2\/posts\/5459","targetHints":{"allow":["GET"]}}],"collection":[{"href":"https:\/\/elcanillita.info\/press\/wp-json\/wp\/v2\/posts"}],"about":[{"href":"https:\/\/elcanillita.info\/press\/wp-json\/wp\/v2\/types\/post"}],"author":[{"embeddable":true,"href":"https:\/\/elcanillita.info\/press\/wp-json\/wp\/v2\/users\/14"}],"replies":[{"embeddable":true,"href":"https:\/\/elcanillita.info\/press\/wp-json\/wp\/v2\/comments?post=5459"}],"version-history":[{"count":0,"href":"https:\/\/elcanillita.info\/press\/wp-json\/wp\/v2\/posts\/5459\/revisions"}],"wp:featuredmedia":[{"embeddable":true,"href":"https:\/\/elcanillita.info\/press\/wp-json\/wp\/v2\/media\/5461"}],"wp:attachment":[{"href":"https:\/\/elcanillita.info\/press\/wp-json\/wp\/v2\/media?parent=5459"}],"wp:term":[{"taxonomy":"category","embeddable":true,"href":"https:\/\/elcanillita.info\/press\/wp-json\/wp\/v2\/categories?post=5459"},{"taxonomy":"post_tag","embeddable":true,"href":"https:\/\/elcanillita.info\/press\/wp-json\/wp\/v2\/tags?post=5459"}],"curies":[{"name":"wp","href":"https:\/\/api.w.org\/{rel}","templated":true}]}}