{"id":5456,"date":"2025-10-04T16:15:29","date_gmt":"2025-10-04T19:15:29","guid":{"rendered":"https:\/\/elcanillita.info\/press\/?p=5456"},"modified":"2025-10-04T16:15:29","modified_gmt":"2025-10-04T19:15:29","slug":"la-construccion-por-hacer-de-un-milagro","status":"publish","type":"post","link":"https:\/\/elcanillita.info\/press\/2025\/10\/04\/la-construccion-por-hacer-de-un-milagro\/","title":{"rendered":"\u201cLa construcci\u00f3n por hacer de un milagro\u201d"},"content":{"rendered":"\n<figure class=\"wp-block-image size-large\"><img loading=\"lazy\" decoding=\"async\" width=\"600\" height=\"400\" src=\"https:\/\/elcanillita.info\/press\/images\/2025\/10\/img_0717.jpg\" alt=\"\" class=\"wp-image-5457\" srcset=\"https:\/\/elcanillita.info\/press\/images\/2025\/10\/img_0717.jpg 600w, https:\/\/elcanillita.info\/press\/images\/2025\/10\/img_0717-300x200.jpg 300w\" sizes=\"auto, (max-width: 600px) 100vw, 600px\" \/><\/figure>\n\n\n\n<p class=\"p1\">(o c\u00f3mo cantar himnos libertarios en medio de gases lacrim\u00f3genos)<\/p>\n\n\n\n<p class=\"p1\">Santa Fe amaneci\u00f3 con barricadas improvisadas, banderas libertarias y olor a humo. El presidente Javier Milei lleg\u00f3 este s\u00e1bado a la capital provincial con el entusiasmo de quien anuncia un milagro en tiempos de descreimiento, pero termin\u00f3 encontr\u00e1ndose con otra realidad: piedras, insultos, cuatro detenidos y una agenda suspendida por \u201crazones de seguridad\u201d.<\/p>\n\n\n\n<p class=\"p1\">Lo que deb\u00eda ser una visita para empujar la campa\u00f1a legislativa del 26 de octubre deriv\u00f3 en un operativo conjunto de Prefectura, Polic\u00eda provincial y Casa Militar. A su paso por el puerto, la multitud se dividi\u00f3 en dos: de un lado, militantes con carteles de \u201cViva la libertad, carajo\u201d; del otro, manifestantes que reclamaban por sueldos, despidos y el cierre de programas sociales.<\/p>\n\n\n\n<p class=\"p1\">Desde el balc\u00f3n del hotel Los Silos, Milei salud\u00f3 al estilo papal, acompa\u00f1ado de su inseparable hermana Karina, mientras abajo el humo de las bengalas se mezclaba con el de los gases disuasivos. \u201cEl pa\u00eds atraviesa un punto de inflexi\u00f3n hist\u00f3rico\u201d, proclam\u00f3. \u201cEl camino es arduo, pero es el \u00fanico posible\u201d. Lo escuchaban \u2014con fe o con furia\u2014 los mismos que pocos minutos antes hab\u00edan chocado con la polic\u00eda en la costanera.<\/p>\n\n\n\n<p class=\"p1\">El libertario ten\u00eda previsto caminar por la peatonal San Mart\u00edn junto a su candidato Agust\u00edn Pellegrini, pero la caminata se transform\u00f3 en repliegue. Santa Fe no estaba para milagros de cercan\u00eda. El acto central se cancel\u00f3 y, en cuesti\u00f3n de minutos, la caravana presidencial parti\u00f3 rumbo a Paran\u00e1, escoltada como si fuera una evacuaci\u00f3n.<\/p>\n\n\n\n<p class=\"p1\">All\u00ed lo esperaba el gobernador Rogelio Frigerio, socio estrat\u00e9gico del Mile\u00edsmo y anfitri\u00f3n de un acto m\u00e1s controlado en la Costanera Baja. Las fuerzas de seguridad ya hab\u00edan sellado las calles hasta el t\u00fanel subfluvial. Nadie quer\u00eda repetir la escena santafesina.<\/p>\n\n\n\n<p class=\"p3\">\ud83d\udcda Entre milagros y escombros<\/p>\n\n\n\n<p class=\"p1\">El t\u00edtulo del nuevo libro del presidente, La construcci\u00f3n del milagro, suena m\u00e1s como advertencia que como presentaci\u00f3n literaria. Se lanzar\u00e1 el lunes 6 de octubre en el Movistar Arena \u2014s\u00ed, el mismo escenario donde Milei cant\u00f3 Panic Show antes de ganar la presidencia\u2014. Esta vez se espera que cante de nuevo, rodeado de ministros y fans libertarios.<\/p>\n\n\n\n<p class=\"p1\">Mientras tanto, su principal candidato bonaerense, Jos\u00e9 Luis Espert, intenta despegarse del esc\u00e1ndalo que lo vincula al empresario preso Federico \u201cFred\u201d Machado. Milei lo mantiene en la lista y en su confianza, convencido de que el verdadero enemigo es el \u201cstatus quo parasitario\u201d.<\/p>\n\n\n\n<p class=\"p1\">En Santa Fe y Entre R\u00edos, La Libertad Avanza busca revertir el golpe sufrido en Buenos Aires y consolidar una nueva mayor\u00eda parlamentaria. Pero el clima de protesta social y el eco de las sirenas sugieren que el milagro todav\u00eda est\u00e1 en construcci\u00f3n.<\/p>\n\n\n\n<p class=\"p1\">Quiz\u00e1, como insinu\u00f3 un vecino de la costanera mientras se alejaba del humo:<\/p>\n\n\n\n<blockquote class=\"wp-block-quote is-layout-flow wp-block-quote-is-layout-flow\">\n<p>\u201cMilagro ser\u00eda que lleguemos a fin de mes sin cantar en el Movistar Arena.\u201d<\/p>\n<\/blockquote>\n\n\n\n<p><\/p>\n\n\n\n<p>\u270d\ufe0f \u00a9\ufe0f 2025 ElCanillita.info \u2013 All Rights Reserved<\/p>\n\n\n\n<p><\/p>\n\n\n\n<p>&lt;small&gt;\u00a9 2025 ElCanillita.info \u2013 All Rights Reserved \u2013 SalaStampa.eu, world press service &#8211; Guzzo Photos &amp; Graphic Publications \u2013 Registro Editori e Stampatori n. 1441 Turin, Italy &lt;\/small&gt;<\/p>\n","protected":false},"excerpt":{"rendered":"<p>\u26a1\u201cLa construcci\u00f3n por hacer de un milagro\u201d<br \/>\nSanta Fe ardi\u00f3 entre bengalas, insultos y gases. Milei lleg\u00f3 prometiendo fe libertaria y encontr\u00f3 barricadas. Cuatro detenidos, agenda suspendida y un balc\u00f3n convertido en p\u00falpito.<br \/>\nEl lunes lanzar\u00e1 su libro La construcci\u00f3n del milagro en el Movistar Arena.<br \/>\nPor ahora, el milagro sigue en obra.<\/p>\n","protected":false},"author":14,"featured_media":5458,"comment_status":"closed","ping_status":"","sticky":false,"template":"","format":"standard","meta":{"footnotes":"","_links_to":"","_links_to_target":""},"categories":[121,108,70,11,123,23,137],"tags":[29],"class_list":["post-5456","post","type-post","status-publish","format-standard","has-post-thumbnail","hentry","category-dc24","category-blogdiario","category-actualidad","category-america-del-sur","category-argentina","category-politica","category-sociedad-y-valores","tag-argentina","entry","double"],"yoast_head":"<!-- This site is optimized with the Yoast SEO plugin v27.5 - https:\/\/yoast.com\/product\/yoast-seo-wordpress\/ -->\n<title>\u201cLa construcci\u00f3n por hacer de un milagro\u201d - ElCanillita.Info<\/title>\n<meta name=\"robots\" content=\"index, follow, max-snippet:-1, max-image-preview:large, max-video-preview:-1\" \/>\n<link rel=\"canonical\" href=\"https:\/\/elcanillita.info\/press\/2025\/10\/04\/la-construccion-por-hacer-de-un-milagro\/\" \/>\n<meta property=\"og:locale\" content=\"es_ES\" \/>\n<meta property=\"og:type\" content=\"article\" \/>\n<meta property=\"og:title\" content=\"\u201cLa construcci\u00f3n por hacer de un milagro\u201d - ElCanillita.Info\" \/>\n<meta property=\"og:description\" content=\"\u26a1\u201cLa construcci\u00f3n por hacer de un milagro\u201d Santa Fe ardi\u00f3 entre bengalas, insultos y gases. Milei lleg\u00f3 prometiendo fe libertaria y encontr\u00f3 barricadas. Cuatro detenidos, agenda suspendida y un balc\u00f3n convertido en p\u00falpito. El lunes lanzar\u00e1 su libro La construcci\u00f3n del milagro en el Movistar Arena. Por ahora, el milagro sigue en obra.\" \/>\n<meta property=\"og:url\" content=\"https:\/\/elcanillita.info\/press\/2025\/10\/04\/la-construccion-por-hacer-de-un-milagro\/\" \/>\n<meta property=\"og:site_name\" content=\"ElCanillita.Info\" \/>\n<meta property=\"article:publisher\" content=\"https:\/\/ar-ar.facebook.com\/ElCanillitainfo-114249515285712\/\" \/>\n<meta property=\"article:published_time\" content=\"2025-10-04T19:15:29+00:00\" \/>\n<meta property=\"og:image\" content=\"https:\/\/elcanillita.info\/press\/images\/2025\/10\/img_0717-1.jpg\" \/>\n\t<meta property=\"og:image:width\" content=\"600\" \/>\n\t<meta property=\"og:image:height\" content=\"400\" \/>\n\t<meta property=\"og:image:type\" content=\"image\/jpeg\" \/>\n<meta name=\"author\" content=\"ElCanillita.info Guzzo Photos &amp; Graphic Publications\" \/>\n<meta name=\"twitter:card\" content=\"summary_large_image\" \/>\n<meta name=\"twitter:label1\" content=\"Escrito por\" \/>\n\t<meta name=\"twitter:data1\" content=\"ElCanillita.info Guzzo Photos &amp; Graphic Publications\" \/>\n\t<meta name=\"twitter:label2\" content=\"Tiempo de lectura\" \/>\n\t<meta name=\"twitter:data2\" content=\"3 minutos\" \/>\n<script type=\"application\/ld+json\" class=\"yoast-schema-graph\">{\"@context\":\"https:\\\/\\\/schema.org\",\"@graph\":[{\"@type\":\"Article\",\"@id\":\"https:\\\/\\\/elcanillita.info\\\/press\\\/2025\\\/10\\\/04\\\/la-construccion-por-hacer-de-un-milagro\\\/#article\",\"isPartOf\":{\"@id\":\"https:\\\/\\\/elcanillita.info\\\/press\\\/2025\\\/10\\\/04\\\/la-construccion-por-hacer-de-un-milagro\\\/\"},\"author\":{\"name\":\"ElCanillita.info Guzzo Photos &amp; Graphic Publications\",\"@id\":\"https:\\\/\\\/elcanillita.info\\\/press\\\/#\\\/schema\\\/person\\\/e37a550cff8f5f3407ed112e4cc619cb\"},\"headline\":\"\u201cLa construcci\u00f3n por hacer de un milagro\u201d\",\"datePublished\":\"2025-10-04T19:15:29+00:00\",\"mainEntityOfPage\":{\"@id\":\"https:\\\/\\\/elcanillita.info\\\/press\\\/2025\\\/10\\\/04\\\/la-construccion-por-hacer-de-un-milagro\\\/\"},\"wordCount\":546,\"publisher\":{\"@id\":\"https:\\\/\\\/elcanillita.info\\\/press\\\/#organization\"},\"image\":{\"@id\":\"https:\\\/\\\/elcanillita.info\\\/press\\\/2025\\\/10\\\/04\\\/la-construccion-por-hacer-de-un-milagro\\\/#primaryimage\"},\"thumbnailUrl\":\"https:\\\/\\\/elcanillita.info\\\/press\\\/images\\\/2025\\\/10\\\/img_0717-1.jpg\",\"keywords\":[\"Argentina\"],\"articleSection\":[\".\",\".\",\"Actualidad\",\"Am\u00e9rica del Sur\",\"Argentina\",\"Politica\",\"Sociedad y valores\"],\"inLanguage\":\"es-AR\"},{\"@type\":\"WebPage\",\"@id\":\"https:\\\/\\\/elcanillita.info\\\/press\\\/2025\\\/10\\\/04\\\/la-construccion-por-hacer-de-un-milagro\\\/\",\"url\":\"https:\\\/\\\/elcanillita.info\\\/press\\\/2025\\\/10\\\/04\\\/la-construccion-por-hacer-de-un-milagro\\\/\",\"name\":\"\u201cLa construcci\u00f3n por hacer de un milagro\u201d - ElCanillita.Info\",\"isPartOf\":{\"@id\":\"https:\\\/\\\/elcanillita.info\\\/press\\\/#website\"},\"primaryImageOfPage\":{\"@id\":\"https:\\\/\\\/elcanillita.info\\\/press\\\/2025\\\/10\\\/04\\\/la-construccion-por-hacer-de-un-milagro\\\/#primaryimage\"},\"image\":{\"@id\":\"https:\\\/\\\/elcanillita.info\\\/press\\\/2025\\\/10\\\/04\\\/la-construccion-por-hacer-de-un-milagro\\\/#primaryimage\"},\"thumbnailUrl\":\"https:\\\/\\\/elcanillita.info\\\/press\\\/images\\\/2025\\\/10\\\/img_0717-1.jpg\",\"datePublished\":\"2025-10-04T19:15:29+00:00\",\"inLanguage\":\"es-AR\",\"potentialAction\":[{\"@type\":\"ReadAction\",\"target\":[\"https:\\\/\\\/elcanillita.info\\\/press\\\/2025\\\/10\\\/04\\\/la-construccion-por-hacer-de-un-milagro\\\/\"]}]},{\"@type\":\"ImageObject\",\"inLanguage\":\"es-AR\",\"@id\":\"https:\\\/\\\/elcanillita.info\\\/press\\\/2025\\\/10\\\/04\\\/la-construccion-por-hacer-de-un-milagro\\\/#primaryimage\",\"url\":\"https:\\\/\\\/elcanillita.info\\\/press\\\/images\\\/2025\\\/10\\\/img_0717-1.jpg\",\"contentUrl\":\"https:\\\/\\\/elcanillita.info\\\/press\\\/images\\\/2025\\\/10\\\/img_0717-1.jpg\",\"width\":600,\"height\":400},{\"@type\":\"WebSite\",\"@id\":\"https:\\\/\\\/elcanillita.info\\\/press\\\/#website\",\"url\":\"https:\\\/\\\/elcanillita.info\\\/press\\\/\",\"name\":\"ElCanillita.Info\",\"description\":\"desde los Apeninos a los Andes\",\"publisher\":{\"@id\":\"https:\\\/\\\/elcanillita.info\\\/press\\\/#organization\"},\"potentialAction\":[{\"@type\":\"SearchAction\",\"target\":{\"@type\":\"EntryPoint\",\"urlTemplate\":\"https:\\\/\\\/elcanillita.info\\\/press\\\/?s={search_term_string}\"},\"query-input\":{\"@type\":\"PropertyValueSpecification\",\"valueRequired\":true,\"valueName\":\"search_term_string\"}}],\"inLanguage\":\"es-AR\"},{\"@type\":\"Organization\",\"@id\":\"https:\\\/\\\/elcanillita.info\\\/press\\\/#organization\",\"name\":\"Guzzo Photos & Graphic Publications\",\"url\":\"https:\\\/\\\/elcanillita.info\\\/press\\\/\",\"logo\":{\"@type\":\"ImageObject\",\"inLanguage\":\"es-AR\",\"@id\":\"https:\\\/\\\/elcanillita.info\\\/press\\\/#\\\/schema\\\/logo\\\/image\\\/\",\"url\":\"https:\\\/\\\/elcanillita.info\\\/press\\\/images\\\/2020\\\/01\\\/cropped-cropped-cropped-elcanillitainfo.png\",\"contentUrl\":\"https:\\\/\\\/elcanillita.info\\\/press\\\/images\\\/2020\\\/01\\\/cropped-cropped-cropped-elcanillitainfo.png\",\"width\":460,\"height\":50,\"caption\":\"Guzzo Photos & Graphic Publications\"},\"image\":{\"@id\":\"https:\\\/\\\/elcanillita.info\\\/press\\\/#\\\/schema\\\/logo\\\/image\\\/\"},\"sameAs\":[\"https:\\\/\\\/ar-ar.facebook.com\\\/ElCanillitainfo-114249515285712\\\/\"]},{\"@type\":\"Person\",\"@id\":\"https:\\\/\\\/elcanillita.info\\\/press\\\/#\\\/schema\\\/person\\\/e37a550cff8f5f3407ed112e4cc619cb\",\"name\":\"ElCanillita.info Guzzo Photos &amp; Graphic Publications\",\"image\":{\"@type\":\"ImageObject\",\"inLanguage\":\"es-AR\",\"@id\":\"https:\\\/\\\/secure.gravatar.com\\\/avatar\\\/8914fbe0ef09248907e331ab93dfa89c7f76decf6b51cd1b2f8444e6260db772?s=96&d=mm&r=g\",\"url\":\"https:\\\/\\\/secure.gravatar.com\\\/avatar\\\/8914fbe0ef09248907e331ab93dfa89c7f76decf6b51cd1b2f8444e6260db772?s=96&d=mm&r=g\",\"contentUrl\":\"https:\\\/\\\/secure.gravatar.com\\\/avatar\\\/8914fbe0ef09248907e331ab93dfa89c7f76decf6b51cd1b2f8444e6260db772?s=96&d=mm&r=g\",\"caption\":\"ElCanillita.info Guzzo Photos &amp; Graphic Publications\"},\"sameAs\":[\"http:\\\/\\\/guzzophotos.com\"]}]}<\/script>\n<!-- \/ Yoast SEO plugin. -->","yoast_head_json":{"title":"\u201cLa construcci\u00f3n por hacer de un milagro\u201d - ElCanillita.Info","robots":{"index":"index","follow":"follow","max-snippet":"max-snippet:-1","max-image-preview":"max-image-preview:large","max-video-preview":"max-video-preview:-1"},"canonical":"https:\/\/elcanillita.info\/press\/2025\/10\/04\/la-construccion-por-hacer-de-un-milagro\/","og_locale":"es_ES","og_type":"article","og_title":"\u201cLa construcci\u00f3n por hacer de un milagro\u201d - ElCanillita.Info","og_description":"\u26a1\u201cLa construcci\u00f3n por hacer de un milagro\u201d Santa Fe ardi\u00f3 entre bengalas, insultos y gases. Milei lleg\u00f3 prometiendo fe libertaria y encontr\u00f3 barricadas. Cuatro detenidos, agenda suspendida y un balc\u00f3n convertido en p\u00falpito. El lunes lanzar\u00e1 su libro La construcci\u00f3n del milagro en el Movistar Arena. Por ahora, el milagro sigue en obra.","og_url":"https:\/\/elcanillita.info\/press\/2025\/10\/04\/la-construccion-por-hacer-de-un-milagro\/","og_site_name":"ElCanillita.Info","article_publisher":"https:\/\/ar-ar.facebook.com\/ElCanillitainfo-114249515285712\/","article_published_time":"2025-10-04T19:15:29+00:00","og_image":[{"width":600,"height":400,"url":"https:\/\/elcanillita.info\/press\/images\/2025\/10\/img_0717-1.jpg","type":"image\/jpeg"}],"author":"ElCanillita.info Guzzo Photos &amp; Graphic Publications","twitter_card":"summary_large_image","twitter_misc":{"Escrito por":"ElCanillita.info Guzzo Photos &amp; Graphic Publications","Tiempo de lectura":"3 minutos"},"schema":{"@context":"https:\/\/schema.org","@graph":[{"@type":"Article","@id":"https:\/\/elcanillita.info\/press\/2025\/10\/04\/la-construccion-por-hacer-de-un-milagro\/#article","isPartOf":{"@id":"https:\/\/elcanillita.info\/press\/2025\/10\/04\/la-construccion-por-hacer-de-un-milagro\/"},"author":{"name":"ElCanillita.info Guzzo Photos &amp; Graphic Publications","@id":"https:\/\/elcanillita.info\/press\/#\/schema\/person\/e37a550cff8f5f3407ed112e4cc619cb"},"headline":"\u201cLa construcci\u00f3n por hacer de un milagro\u201d","datePublished":"2025-10-04T19:15:29+00:00","mainEntityOfPage":{"@id":"https:\/\/elcanillita.info\/press\/2025\/10\/04\/la-construccion-por-hacer-de-un-milagro\/"},"wordCount":546,"publisher":{"@id":"https:\/\/elcanillita.info\/press\/#organization"},"image":{"@id":"https:\/\/elcanillita.info\/press\/2025\/10\/04\/la-construccion-por-hacer-de-un-milagro\/#primaryimage"},"thumbnailUrl":"https:\/\/elcanillita.info\/press\/images\/2025\/10\/img_0717-1.jpg","keywords":["Argentina"],"articleSection":[".",".","Actualidad","Am\u00e9rica del Sur","Argentina","Politica","Sociedad y valores"],"inLanguage":"es-AR"},{"@type":"WebPage","@id":"https:\/\/elcanillita.info\/press\/2025\/10\/04\/la-construccion-por-hacer-de-un-milagro\/","url":"https:\/\/elcanillita.info\/press\/2025\/10\/04\/la-construccion-por-hacer-de-un-milagro\/","name":"\u201cLa construcci\u00f3n por hacer de un milagro\u201d - ElCanillita.Info","isPartOf":{"@id":"https:\/\/elcanillita.info\/press\/#website"},"primaryImageOfPage":{"@id":"https:\/\/elcanillita.info\/press\/2025\/10\/04\/la-construccion-por-hacer-de-un-milagro\/#primaryimage"},"image":{"@id":"https:\/\/elcanillita.info\/press\/2025\/10\/04\/la-construccion-por-hacer-de-un-milagro\/#primaryimage"},"thumbnailUrl":"https:\/\/elcanillita.info\/press\/images\/2025\/10\/img_0717-1.jpg","datePublished":"2025-10-04T19:15:29+00:00","inLanguage":"es-AR","potentialAction":[{"@type":"ReadAction","target":["https:\/\/elcanillita.info\/press\/2025\/10\/04\/la-construccion-por-hacer-de-un-milagro\/"]}]},{"@type":"ImageObject","inLanguage":"es-AR","@id":"https:\/\/elcanillita.info\/press\/2025\/10\/04\/la-construccion-por-hacer-de-un-milagro\/#primaryimage","url":"https:\/\/elcanillita.info\/press\/images\/2025\/10\/img_0717-1.jpg","contentUrl":"https:\/\/elcanillita.info\/press\/images\/2025\/10\/img_0717-1.jpg","width":600,"height":400},{"@type":"WebSite","@id":"https:\/\/elcanillita.info\/press\/#website","url":"https:\/\/elcanillita.info\/press\/","name":"ElCanillita.Info","description":"desde los Apeninos a los Andes","publisher":{"@id":"https:\/\/elcanillita.info\/press\/#organization"},"potentialAction":[{"@type":"SearchAction","target":{"@type":"EntryPoint","urlTemplate":"https:\/\/elcanillita.info\/press\/?s={search_term_string}"},"query-input":{"@type":"PropertyValueSpecification","valueRequired":true,"valueName":"search_term_string"}}],"inLanguage":"es-AR"},{"@type":"Organization","@id":"https:\/\/elcanillita.info\/press\/#organization","name":"Guzzo Photos & Graphic Publications","url":"https:\/\/elcanillita.info\/press\/","logo":{"@type":"ImageObject","inLanguage":"es-AR","@id":"https:\/\/elcanillita.info\/press\/#\/schema\/logo\/image\/","url":"https:\/\/elcanillita.info\/press\/images\/2020\/01\/cropped-cropped-cropped-elcanillitainfo.png","contentUrl":"https:\/\/elcanillita.info\/press\/images\/2020\/01\/cropped-cropped-cropped-elcanillitainfo.png","width":460,"height":50,"caption":"Guzzo Photos & Graphic Publications"},"image":{"@id":"https:\/\/elcanillita.info\/press\/#\/schema\/logo\/image\/"},"sameAs":["https:\/\/ar-ar.facebook.com\/ElCanillitainfo-114249515285712\/"]},{"@type":"Person","@id":"https:\/\/elcanillita.info\/press\/#\/schema\/person\/e37a550cff8f5f3407ed112e4cc619cb","name":"ElCanillita.info Guzzo Photos &amp; Graphic Publications","image":{"@type":"ImageObject","inLanguage":"es-AR","@id":"https:\/\/secure.gravatar.com\/avatar\/8914fbe0ef09248907e331ab93dfa89c7f76decf6b51cd1b2f8444e6260db772?s=96&d=mm&r=g","url":"https:\/\/secure.gravatar.com\/avatar\/8914fbe0ef09248907e331ab93dfa89c7f76decf6b51cd1b2f8444e6260db772?s=96&d=mm&r=g","contentUrl":"https:\/\/secure.gravatar.com\/avatar\/8914fbe0ef09248907e331ab93dfa89c7f76decf6b51cd1b2f8444e6260db772?s=96&d=mm&r=g","caption":"ElCanillita.info Guzzo Photos &amp; Graphic Publications"},"sameAs":["http:\/\/guzzophotos.com"]}]}},"views":131,"_links":{"self":[{"href":"https:\/\/elcanillita.info\/press\/wp-json\/wp\/v2\/posts\/5456","targetHints":{"allow":["GET"]}}],"collection":[{"href":"https:\/\/elcanillita.info\/press\/wp-json\/wp\/v2\/posts"}],"about":[{"href":"https:\/\/elcanillita.info\/press\/wp-json\/wp\/v2\/types\/post"}],"author":[{"embeddable":true,"href":"https:\/\/elcanillita.info\/press\/wp-json\/wp\/v2\/users\/14"}],"replies":[{"embeddable":true,"href":"https:\/\/elcanillita.info\/press\/wp-json\/wp\/v2\/comments?post=5456"}],"version-history":[{"count":0,"href":"https:\/\/elcanillita.info\/press\/wp-json\/wp\/v2\/posts\/5456\/revisions"}],"wp:featuredmedia":[{"embeddable":true,"href":"https:\/\/elcanillita.info\/press\/wp-json\/wp\/v2\/media\/5458"}],"wp:attachment":[{"href":"https:\/\/elcanillita.info\/press\/wp-json\/wp\/v2\/media?parent=5456"}],"wp:term":[{"taxonomy":"category","embeddable":true,"href":"https:\/\/elcanillita.info\/press\/wp-json\/wp\/v2\/categories?post=5456"},{"taxonomy":"post_tag","embeddable":true,"href":"https:\/\/elcanillita.info\/press\/wp-json\/wp\/v2\/tags?post=5456"}],"curies":[{"name":"wp","href":"https:\/\/api.w.org\/{rel}","templated":true}]}}