{"id":5453,"date":"2025-10-03T19:41:15","date_gmt":"2025-10-03T22:41:15","guid":{"rendered":"https:\/\/elcanillita.info\/press\/?p=5453"},"modified":"2025-10-03T19:41:15","modified_gmt":"2025-10-03T22:41:15","slug":"la-paz-sea-con-vosotros","status":"publish","type":"post","link":"https:\/\/elcanillita.info\/press\/2025\/10\/03\/la-paz-sea-con-vosotros\/","title":{"rendered":"La Paz sea con Vosotros"},"content":{"rendered":"\n<figure class=\"wp-block-image size-large\"><img loading=\"lazy\" decoding=\"async\" width=\"600\" height=\"400\" src=\"https:\/\/elcanillita.info\/press\/images\/2025\/10\/img_0694.jpg\" alt=\"\" class=\"wp-image-5454\" srcset=\"https:\/\/elcanillita.info\/press\/images\/2025\/10\/img_0694.jpg 600w, https:\/\/elcanillita.info\/press\/images\/2025\/10\/img_0694-300x200.jpg 300w\" sizes=\"auto, (max-width: 600px) 100vw, 600px\" \/><figcaption class=\"wp-element-caption\"><br \/>Un cami\u00f3n atestado de familias y pertenencias huye de la Franja de Gaza, evocando los interminables \u00e9xodos del siglo XX.<br \/>\u00a9 2025 Guzzo Photos &amp; Graphic Publications \u2013 All rights reserved<\/figcaption><\/figure>\n\n\n\n<p class=\"p1\">Una frase inesperada abri\u00f3 paso a un giro de guion: \u201cEl Movimiento de Resistencia Isl\u00e1mica, Ham\u00e1s, aprecia los esfuerzos \u00e1rabes, isl\u00e1micos e internacionales, as\u00ed como los del presidente estadounidense Donald Trump\u2026\u201d.<\/p>\n\n\n\n<p class=\"p1\">El comunicado, publicado en Gaza, suena m\u00e1s a movimiento t\u00e1ctico que a rendici\u00f3n. Ham\u00e1s enumera los puntos del plan: fin de la guerra, intercambio de prisioneros, entrada inmediata de ayuda, rechazo a la ocupaci\u00f3n y evacuaci\u00f3n de su pueblo. Lo suficiente para mostrar buena cara, pero sin concretar plazos ni garant\u00edas.<\/p>\n\n\n\n<p class=\"p1\">Desde Jerusal\u00e9n, silencio absoluto. Los medios israel\u00edes despacharon la respuesta como \u201cevasiva y poco detallada\u201d. La presi\u00f3n sobre Netanyahu se multiplica: aceptar la tregua o mantener el fuego encendido a riesgo de quedar aislado.<\/p>\n\n\n\n<p class=\"p1\">En Washington, la Casa Blanca se apur\u00f3 a capitalizar la jugada. Karoline Leavitt, portavoz presidencial, difundi\u00f3 una foto de Trump en el Despacho Oval con un mensaje inequ\u00edvoco: \u201cEst\u00e9n atentos\u201d. El propio presidente, en su red Truth, dej\u00f3 claro el tono:<\/p>\n\n\n\n<blockquote class=\"wp-block-quote is-layout-flow wp-block-quote-is-layout-flow\">\n<p>\u201cCreo que est\u00e1n listos para una paz duradera. Israel debe detener de inmediato el bombardeo de Gaza para poder liberar a los rehenes de forma segura y r\u00e1pida. Ya estamos discutiendo los detalles. No se trata solo de Gaza, se trata de la tan ansiada paz en Oriente Medio\u201d.<\/p>\n<\/blockquote>\n\n\n\n<p class=\"p1\">Trump fij\u00f3 un plazo preciso: hasta el domingo por la noche. Si Ham\u00e1s no da un paso firme, advirti\u00f3, dar\u00e1 luz verde a Israel para \u201cdestruir a todas las facciones armadas en el enclave\u201d.<\/p>\n\n\n\n<p class=\"p1\">Con Gaza exhausta, Israel expectante y Trump jugando la carta de \u201chacedor de paz\u201d, el tablero se mueve con v\u00e9rtigo. Falta saber si la frase \u201cLa Paz sea con Vosotros\u201d es un gesto sincero\u2026 o la antesala de otra tormenta.<\/p>\n\n\n\n<p class=\"p1\">\u2712\ufe0f El int\u00e9rprete del c\u00f3digo silencioso<\/p>\n\n\n\n<p><\/p>\n\n\n<p><small>\u00a9\ufe0f2025  Guzzo Photos  &#038; Graphic Publications \u2013 All Rights Reserved \u2013 Copyright \u00a9\ufe0f 2025 SalaStampa.eu, world press service \u2013 Guzzo Photos &#038; Graphic Publications \u2013 Registro Editori e Stampatori n. 1441 Turin, Italy<\/small><\/p>\n\n\n<p><\/p>\n\n\n","protected":false},"excerpt":{"rendered":"<p>Un cami\u00f3n atestado de familias y pertenencias huye de la Franja de Gaza, evocando los interminables \u00e9xodos del siglo XX.<br \/>\n\u00a9 2025 Guzzo Photos &#038; Graphic Publications \u2013 All rights reserved<\/p>\n","protected":false},"author":14,"featured_media":5455,"comment_status":"closed","ping_status":"","sticky":false,"template":"","format":"standard","meta":{"footnotes":"","_links_to":"","_links_to_target":""},"categories":[121,108,70,119,15,23,137],"tags":[142],"class_list":["post-5453","post","type-post","status-publish","format-standard","has-post-thumbnail","hentry","category-dc24","category-blogdiario","category-actualidad","category-guerra","category-medio-oriente","category-politica","category-sociedad-y-valores","tag-gaza","entry","double"],"yoast_head":"<!-- This site is optimized with the Yoast SEO plugin v27.5 - https:\/\/yoast.com\/product\/yoast-seo-wordpress\/ -->\n<title>La Paz sea con Vosotros - ElCanillita.Info<\/title>\n<meta name=\"robots\" content=\"index, follow, max-snippet:-1, max-image-preview:large, max-video-preview:-1\" \/>\n<link rel=\"canonical\" href=\"https:\/\/elcanillita.info\/press\/2025\/10\/03\/la-paz-sea-con-vosotros\/\" \/>\n<meta property=\"og:locale\" content=\"es_ES\" \/>\n<meta property=\"og:type\" content=\"article\" \/>\n<meta property=\"og:title\" content=\"La Paz sea con Vosotros - ElCanillita.Info\" \/>\n<meta property=\"og:description\" content=\"Un cami\u00f3n atestado de familias y pertenencias huye de la Franja de Gaza, evocando los interminables \u00e9xodos del siglo XX. \u00a9 2025 Guzzo Photos &amp; Graphic Publications \u2013 All rights reserved\" \/>\n<meta property=\"og:url\" content=\"https:\/\/elcanillita.info\/press\/2025\/10\/03\/la-paz-sea-con-vosotros\/\" \/>\n<meta property=\"og:site_name\" content=\"ElCanillita.Info\" \/>\n<meta property=\"article:publisher\" content=\"https:\/\/ar-ar.facebook.com\/ElCanillitainfo-114249515285712\/\" \/>\n<meta property=\"article:published_time\" content=\"2025-10-03T22:41:15+00:00\" \/>\n<meta property=\"og:image\" content=\"https:\/\/elcanillita.info\/press\/images\/2025\/10\/img_0694-1.jpg\" \/>\n\t<meta property=\"og:image:width\" content=\"600\" \/>\n\t<meta property=\"og:image:height\" content=\"400\" \/>\n\t<meta property=\"og:image:type\" content=\"image\/jpeg\" \/>\n<meta name=\"author\" content=\"ElCanillita.info Guzzo Photos &amp; Graphic Publications\" \/>\n<meta name=\"twitter:card\" content=\"summary_large_image\" \/>\n<meta name=\"twitter:label1\" content=\"Escrito por\" \/>\n\t<meta name=\"twitter:data1\" content=\"ElCanillita.info Guzzo Photos &amp; Graphic Publications\" \/>\n\t<meta name=\"twitter:label2\" content=\"Tiempo de lectura\" \/>\n\t<meta name=\"twitter:data2\" content=\"2 minutos\" \/>\n<script type=\"application\/ld+json\" class=\"yoast-schema-graph\">{\"@context\":\"https:\\\/\\\/schema.org\",\"@graph\":[{\"@type\":\"Article\",\"@id\":\"https:\\\/\\\/elcanillita.info\\\/press\\\/2025\\\/10\\\/03\\\/la-paz-sea-con-vosotros\\\/#article\",\"isPartOf\":{\"@id\":\"https:\\\/\\\/elcanillita.info\\\/press\\\/2025\\\/10\\\/03\\\/la-paz-sea-con-vosotros\\\/\"},\"author\":{\"name\":\"ElCanillita.info Guzzo Photos &amp; Graphic Publications\",\"@id\":\"https:\\\/\\\/elcanillita.info\\\/press\\\/#\\\/schema\\\/person\\\/e37a550cff8f5f3407ed112e4cc619cb\"},\"headline\":\"La Paz sea con Vosotros\",\"datePublished\":\"2025-10-03T22:41:15+00:00\",\"mainEntityOfPage\":{\"@id\":\"https:\\\/\\\/elcanillita.info\\\/press\\\/2025\\\/10\\\/03\\\/la-paz-sea-con-vosotros\\\/\"},\"wordCount\":364,\"publisher\":{\"@id\":\"https:\\\/\\\/elcanillita.info\\\/press\\\/#organization\"},\"image\":{\"@id\":\"https:\\\/\\\/elcanillita.info\\\/press\\\/2025\\\/10\\\/03\\\/la-paz-sea-con-vosotros\\\/#primaryimage\"},\"thumbnailUrl\":\"https:\\\/\\\/elcanillita.info\\\/press\\\/images\\\/2025\\\/10\\\/img_0694-1.jpg\",\"keywords\":[\"Gaza\"],\"articleSection\":[\".\",\".\",\"Actualidad\",\"Guerra\",\"Medio Oriente\",\"Politica\",\"Sociedad y valores\"],\"inLanguage\":\"es-AR\"},{\"@type\":\"WebPage\",\"@id\":\"https:\\\/\\\/elcanillita.info\\\/press\\\/2025\\\/10\\\/03\\\/la-paz-sea-con-vosotros\\\/\",\"url\":\"https:\\\/\\\/elcanillita.info\\\/press\\\/2025\\\/10\\\/03\\\/la-paz-sea-con-vosotros\\\/\",\"name\":\"La Paz sea con Vosotros - ElCanillita.Info\",\"isPartOf\":{\"@id\":\"https:\\\/\\\/elcanillita.info\\\/press\\\/#website\"},\"primaryImageOfPage\":{\"@id\":\"https:\\\/\\\/elcanillita.info\\\/press\\\/2025\\\/10\\\/03\\\/la-paz-sea-con-vosotros\\\/#primaryimage\"},\"image\":{\"@id\":\"https:\\\/\\\/elcanillita.info\\\/press\\\/2025\\\/10\\\/03\\\/la-paz-sea-con-vosotros\\\/#primaryimage\"},\"thumbnailUrl\":\"https:\\\/\\\/elcanillita.info\\\/press\\\/images\\\/2025\\\/10\\\/img_0694-1.jpg\",\"datePublished\":\"2025-10-03T22:41:15+00:00\",\"inLanguage\":\"es-AR\",\"potentialAction\":[{\"@type\":\"ReadAction\",\"target\":[\"https:\\\/\\\/elcanillita.info\\\/press\\\/2025\\\/10\\\/03\\\/la-paz-sea-con-vosotros\\\/\"]}]},{\"@type\":\"ImageObject\",\"inLanguage\":\"es-AR\",\"@id\":\"https:\\\/\\\/elcanillita.info\\\/press\\\/2025\\\/10\\\/03\\\/la-paz-sea-con-vosotros\\\/#primaryimage\",\"url\":\"https:\\\/\\\/elcanillita.info\\\/press\\\/images\\\/2025\\\/10\\\/img_0694-1.jpg\",\"contentUrl\":\"https:\\\/\\\/elcanillita.info\\\/press\\\/images\\\/2025\\\/10\\\/img_0694-1.jpg\",\"width\":600,\"height\":400},{\"@type\":\"WebSite\",\"@id\":\"https:\\\/\\\/elcanillita.info\\\/press\\\/#website\",\"url\":\"https:\\\/\\\/elcanillita.info\\\/press\\\/\",\"name\":\"ElCanillita.Info\",\"description\":\"desde los Apeninos a los Andes\",\"publisher\":{\"@id\":\"https:\\\/\\\/elcanillita.info\\\/press\\\/#organization\"},\"potentialAction\":[{\"@type\":\"SearchAction\",\"target\":{\"@type\":\"EntryPoint\",\"urlTemplate\":\"https:\\\/\\\/elcanillita.info\\\/press\\\/?s={search_term_string}\"},\"query-input\":{\"@type\":\"PropertyValueSpecification\",\"valueRequired\":true,\"valueName\":\"search_term_string\"}}],\"inLanguage\":\"es-AR\"},{\"@type\":\"Organization\",\"@id\":\"https:\\\/\\\/elcanillita.info\\\/press\\\/#organization\",\"name\":\"Guzzo Photos & Graphic Publications\",\"url\":\"https:\\\/\\\/elcanillita.info\\\/press\\\/\",\"logo\":{\"@type\":\"ImageObject\",\"inLanguage\":\"es-AR\",\"@id\":\"https:\\\/\\\/elcanillita.info\\\/press\\\/#\\\/schema\\\/logo\\\/image\\\/\",\"url\":\"https:\\\/\\\/elcanillita.info\\\/press\\\/images\\\/2020\\\/01\\\/cropped-cropped-cropped-elcanillitainfo.png\",\"contentUrl\":\"https:\\\/\\\/elcanillita.info\\\/press\\\/images\\\/2020\\\/01\\\/cropped-cropped-cropped-elcanillitainfo.png\",\"width\":460,\"height\":50,\"caption\":\"Guzzo Photos & Graphic Publications\"},\"image\":{\"@id\":\"https:\\\/\\\/elcanillita.info\\\/press\\\/#\\\/schema\\\/logo\\\/image\\\/\"},\"sameAs\":[\"https:\\\/\\\/ar-ar.facebook.com\\\/ElCanillitainfo-114249515285712\\\/\"]},{\"@type\":\"Person\",\"@id\":\"https:\\\/\\\/elcanillita.info\\\/press\\\/#\\\/schema\\\/person\\\/e37a550cff8f5f3407ed112e4cc619cb\",\"name\":\"ElCanillita.info Guzzo Photos &amp; Graphic Publications\",\"image\":{\"@type\":\"ImageObject\",\"inLanguage\":\"es-AR\",\"@id\":\"https:\\\/\\\/secure.gravatar.com\\\/avatar\\\/8914fbe0ef09248907e331ab93dfa89c7f76decf6b51cd1b2f8444e6260db772?s=96&d=mm&r=g\",\"url\":\"https:\\\/\\\/secure.gravatar.com\\\/avatar\\\/8914fbe0ef09248907e331ab93dfa89c7f76decf6b51cd1b2f8444e6260db772?s=96&d=mm&r=g\",\"contentUrl\":\"https:\\\/\\\/secure.gravatar.com\\\/avatar\\\/8914fbe0ef09248907e331ab93dfa89c7f76decf6b51cd1b2f8444e6260db772?s=96&d=mm&r=g\",\"caption\":\"ElCanillita.info Guzzo Photos &amp; Graphic Publications\"},\"sameAs\":[\"http:\\\/\\\/guzzophotos.com\"]}]}<\/script>\n<!-- \/ Yoast SEO plugin. -->","yoast_head_json":{"title":"La Paz sea con Vosotros - ElCanillita.Info","robots":{"index":"index","follow":"follow","max-snippet":"max-snippet:-1","max-image-preview":"max-image-preview:large","max-video-preview":"max-video-preview:-1"},"canonical":"https:\/\/elcanillita.info\/press\/2025\/10\/03\/la-paz-sea-con-vosotros\/","og_locale":"es_ES","og_type":"article","og_title":"La Paz sea con Vosotros - ElCanillita.Info","og_description":"Un cami\u00f3n atestado de familias y pertenencias huye de la Franja de Gaza, evocando los interminables \u00e9xodos del siglo XX. \u00a9 2025 Guzzo Photos & Graphic Publications \u2013 All rights reserved","og_url":"https:\/\/elcanillita.info\/press\/2025\/10\/03\/la-paz-sea-con-vosotros\/","og_site_name":"ElCanillita.Info","article_publisher":"https:\/\/ar-ar.facebook.com\/ElCanillitainfo-114249515285712\/","article_published_time":"2025-10-03T22:41:15+00:00","og_image":[{"width":600,"height":400,"url":"https:\/\/elcanillita.info\/press\/images\/2025\/10\/img_0694-1.jpg","type":"image\/jpeg"}],"author":"ElCanillita.info Guzzo Photos &amp; Graphic Publications","twitter_card":"summary_large_image","twitter_misc":{"Escrito por":"ElCanillita.info Guzzo Photos &amp; Graphic Publications","Tiempo de lectura":"2 minutos"},"schema":{"@context":"https:\/\/schema.org","@graph":[{"@type":"Article","@id":"https:\/\/elcanillita.info\/press\/2025\/10\/03\/la-paz-sea-con-vosotros\/#article","isPartOf":{"@id":"https:\/\/elcanillita.info\/press\/2025\/10\/03\/la-paz-sea-con-vosotros\/"},"author":{"name":"ElCanillita.info Guzzo Photos &amp; Graphic Publications","@id":"https:\/\/elcanillita.info\/press\/#\/schema\/person\/e37a550cff8f5f3407ed112e4cc619cb"},"headline":"La Paz sea con Vosotros","datePublished":"2025-10-03T22:41:15+00:00","mainEntityOfPage":{"@id":"https:\/\/elcanillita.info\/press\/2025\/10\/03\/la-paz-sea-con-vosotros\/"},"wordCount":364,"publisher":{"@id":"https:\/\/elcanillita.info\/press\/#organization"},"image":{"@id":"https:\/\/elcanillita.info\/press\/2025\/10\/03\/la-paz-sea-con-vosotros\/#primaryimage"},"thumbnailUrl":"https:\/\/elcanillita.info\/press\/images\/2025\/10\/img_0694-1.jpg","keywords":["Gaza"],"articleSection":[".",".","Actualidad","Guerra","Medio Oriente","Politica","Sociedad y valores"],"inLanguage":"es-AR"},{"@type":"WebPage","@id":"https:\/\/elcanillita.info\/press\/2025\/10\/03\/la-paz-sea-con-vosotros\/","url":"https:\/\/elcanillita.info\/press\/2025\/10\/03\/la-paz-sea-con-vosotros\/","name":"La Paz sea con Vosotros - ElCanillita.Info","isPartOf":{"@id":"https:\/\/elcanillita.info\/press\/#website"},"primaryImageOfPage":{"@id":"https:\/\/elcanillita.info\/press\/2025\/10\/03\/la-paz-sea-con-vosotros\/#primaryimage"},"image":{"@id":"https:\/\/elcanillita.info\/press\/2025\/10\/03\/la-paz-sea-con-vosotros\/#primaryimage"},"thumbnailUrl":"https:\/\/elcanillita.info\/press\/images\/2025\/10\/img_0694-1.jpg","datePublished":"2025-10-03T22:41:15+00:00","inLanguage":"es-AR","potentialAction":[{"@type":"ReadAction","target":["https:\/\/elcanillita.info\/press\/2025\/10\/03\/la-paz-sea-con-vosotros\/"]}]},{"@type":"ImageObject","inLanguage":"es-AR","@id":"https:\/\/elcanillita.info\/press\/2025\/10\/03\/la-paz-sea-con-vosotros\/#primaryimage","url":"https:\/\/elcanillita.info\/press\/images\/2025\/10\/img_0694-1.jpg","contentUrl":"https:\/\/elcanillita.info\/press\/images\/2025\/10\/img_0694-1.jpg","width":600,"height":400},{"@type":"WebSite","@id":"https:\/\/elcanillita.info\/press\/#website","url":"https:\/\/elcanillita.info\/press\/","name":"ElCanillita.Info","description":"desde los Apeninos a los Andes","publisher":{"@id":"https:\/\/elcanillita.info\/press\/#organization"},"potentialAction":[{"@type":"SearchAction","target":{"@type":"EntryPoint","urlTemplate":"https:\/\/elcanillita.info\/press\/?s={search_term_string}"},"query-input":{"@type":"PropertyValueSpecification","valueRequired":true,"valueName":"search_term_string"}}],"inLanguage":"es-AR"},{"@type":"Organization","@id":"https:\/\/elcanillita.info\/press\/#organization","name":"Guzzo Photos & Graphic Publications","url":"https:\/\/elcanillita.info\/press\/","logo":{"@type":"ImageObject","inLanguage":"es-AR","@id":"https:\/\/elcanillita.info\/press\/#\/schema\/logo\/image\/","url":"https:\/\/elcanillita.info\/press\/images\/2020\/01\/cropped-cropped-cropped-elcanillitainfo.png","contentUrl":"https:\/\/elcanillita.info\/press\/images\/2020\/01\/cropped-cropped-cropped-elcanillitainfo.png","width":460,"height":50,"caption":"Guzzo Photos & Graphic Publications"},"image":{"@id":"https:\/\/elcanillita.info\/press\/#\/schema\/logo\/image\/"},"sameAs":["https:\/\/ar-ar.facebook.com\/ElCanillitainfo-114249515285712\/"]},{"@type":"Person","@id":"https:\/\/elcanillita.info\/press\/#\/schema\/person\/e37a550cff8f5f3407ed112e4cc619cb","name":"ElCanillita.info Guzzo Photos &amp; Graphic Publications","image":{"@type":"ImageObject","inLanguage":"es-AR","@id":"https:\/\/secure.gravatar.com\/avatar\/8914fbe0ef09248907e331ab93dfa89c7f76decf6b51cd1b2f8444e6260db772?s=96&d=mm&r=g","url":"https:\/\/secure.gravatar.com\/avatar\/8914fbe0ef09248907e331ab93dfa89c7f76decf6b51cd1b2f8444e6260db772?s=96&d=mm&r=g","contentUrl":"https:\/\/secure.gravatar.com\/avatar\/8914fbe0ef09248907e331ab93dfa89c7f76decf6b51cd1b2f8444e6260db772?s=96&d=mm&r=g","caption":"ElCanillita.info Guzzo Photos &amp; Graphic Publications"},"sameAs":["http:\/\/guzzophotos.com"]}]}},"views":152,"_links":{"self":[{"href":"https:\/\/elcanillita.info\/press\/wp-json\/wp\/v2\/posts\/5453","targetHints":{"allow":["GET"]}}],"collection":[{"href":"https:\/\/elcanillita.info\/press\/wp-json\/wp\/v2\/posts"}],"about":[{"href":"https:\/\/elcanillita.info\/press\/wp-json\/wp\/v2\/types\/post"}],"author":[{"embeddable":true,"href":"https:\/\/elcanillita.info\/press\/wp-json\/wp\/v2\/users\/14"}],"replies":[{"embeddable":true,"href":"https:\/\/elcanillita.info\/press\/wp-json\/wp\/v2\/comments?post=5453"}],"version-history":[{"count":0,"href":"https:\/\/elcanillita.info\/press\/wp-json\/wp\/v2\/posts\/5453\/revisions"}],"wp:featuredmedia":[{"embeddable":true,"href":"https:\/\/elcanillita.info\/press\/wp-json\/wp\/v2\/media\/5455"}],"wp:attachment":[{"href":"https:\/\/elcanillita.info\/press\/wp-json\/wp\/v2\/media?parent=5453"}],"wp:term":[{"taxonomy":"category","embeddable":true,"href":"https:\/\/elcanillita.info\/press\/wp-json\/wp\/v2\/categories?post=5453"},{"taxonomy":"post_tag","embeddable":true,"href":"https:\/\/elcanillita.info\/press\/wp-json\/wp\/v2\/tags?post=5453"}],"curies":[{"name":"wp","href":"https:\/\/api.w.org\/{rel}","templated":true}]}}