{"id":5449,"date":"2025-10-02T17:37:44","date_gmt":"2025-10-02T20:37:44","guid":{"rendered":"https:\/\/elcanillita.info\/press\/?p=5449"},"modified":"2025-10-02T17:45:42","modified_gmt":"2025-10-02T20:45:42","slug":"seis-minutos-que-llevaron-el-terror-a-los-judios-britanicos","status":"publish","type":"post","link":"https:\/\/elcanillita.info\/press\/2025\/10\/02\/seis-minutos-que-llevaron-el-terror-a-los-judios-britanicos\/","title":{"rendered":"\ud83d\udd4e Seis minutos que llevaron el terror a los jud\u00edos brit\u00e1nicos"},"content":{"rendered":"\n<figure class=\"wp-block-image size-full\"><img loading=\"lazy\" decoding=\"async\" width=\"600\" height=\"400\" src=\"https:\/\/elcanillita.info\/press\/images\/2025\/10\/atentEdit.jpg\" alt=\"\" class=\"wp-image-5450\" srcset=\"https:\/\/elcanillita.info\/press\/images\/2025\/10\/atentEdit.jpg 600w, https:\/\/elcanillita.info\/press\/images\/2025\/10\/atentEdit-300x200.jpg 300w\" sizes=\"auto, (max-width: 600px) 100vw, 600px\" \/><figcaption class=\"wp-element-caption\">Dise\u00f1o grafico de la Imagen del atentador ingresando a la Sinagoga<\/figcaption><\/figure>\n\n\n\n<h3 class=\"wp-block-heading\">Una ma\u00f1ana de Yom Kippur en Manchester termin\u00f3 entre sirenas, disparos y gritos<\/h3>\n\n\n\n<p>Lo que deb\u00eda ser un d\u00eda de recogimiento y solemnidad para la comunidad jud\u00eda de Manchester se convirti\u00f3 en un episodio de terror que dur\u00f3 apenas <strong>seis minutos<\/strong>, pero dej\u00f3 cicatrices dif\u00edciles de borrar.<\/p>\n\n\n\n<p>La <strong>Congregaci\u00f3n Hebrea de Heaton Park<\/strong> se encontraba abarrotada de fieles por Yom Kippur, el d\u00eda m\u00e1s sagrado del calendario jud\u00edo. A las 9:31 de la ma\u00f1ana, cuando la liturgia ya avanzaba en silencio, un <strong>Kia Picanto negro<\/strong> irrumpi\u00f3 a toda velocidad sobre la transitada Middleton Road y embisti\u00f3 a varios de los congregados que permanec\u00edan en la entrada.<\/p>\n\n\n\n<p>Al principio, todo pareci\u00f3 un accidente de tr\u00e1fico. Un testigo marc\u00f3 el <strong>999<\/strong> para alertar a emergencias. Pero en segundos la escena revel\u00f3 su verdadero rostro: el conductor, vestido de negro, con barba y la cabeza rapada, descendi\u00f3 del veh\u00edculo blandiendo un cuchillo y atac\u00f3 directamente a uno de los guardias de seguridad heridos en el atropello.<\/p>\n\n\n\n<h3 class=\"wp-block-heading\">El chaleco que hel\u00f3 la sangre<\/h3>\n\n\n\n<p>Llevaba encima lo que aparentaba ser un <strong>chaleco suicida<\/strong>. Los testigos, entre p\u00e1nico y confusi\u00f3n, vieron c\u00f3mo el atacante intentaba abrirse paso hacia la entrada principal de la sinagoga, golpeando incluso una de las ventanas con su cuchillo para penetrar en el edificio sagrado.<\/p>\n\n\n\n<p>Adentro, los congregantes reaccionaron con rapidez: <strong>cerraron las puertas desde el interior<\/strong>, impidiendo el acceso. Afuera, en esos segundos eternos, <strong>seis personas fueron apu\u00f1aladas<\/strong>, dos de ellas mortalmente.<\/p>\n\n\n\n<p>\u201cEra como si todo ocurriera a c\u00e1mara lenta: los gritos, el metal contra el vidrio, la sangre en el suelo\u201d, relat\u00f3 un sobreviviente.<\/p>\n\n\n\n<h3 class=\"wp-block-heading\">La respuesta armada<\/h3>\n\n\n\n<p>La polic\u00eda armada lleg\u00f3 <strong>siete minutos despu\u00e9s de la primera llamada<\/strong>. Al acercarse, ordenaron a la multitud retroceder:<br>\ud83d\udc49 \u201c\u00a1Atr\u00e1s, podr\u00eda tener una bomba!\u201d.<\/p>\n\n\n\n<p>El hombre intent\u00f3 ponerse de pie, como si buscara activar un dispositivo. Un transe\u00fante grit\u00f3 desesperado:<br>\ud83d\udc49 \u201c\u00a1Disp\u00e1renle, tiene una bomba, va a presionar el bot\u00f3n!\u201d.<\/p>\n\n\n\n<p>Sonaron entonces dos r\u00e1fagas de disparos. El atacante cay\u00f3 definitivamente al suelo, inm\u00f3vil, frente a la entrada de la sinagoga.<\/p>\n\n\n\n<h3 class=\"wp-block-heading\">Heridos y cicatrices<\/h3>\n\n\n\n<p>Los param\u00e9dicos del <strong>Servicio de Ambulancias del Noroeste<\/strong> llegaron a las 9:41, apenas diez minutos despu\u00e9s del inicio del ataque. Encontraron cuerpos tendidos, heridos graves y un escenario de caos contenido. Dos de las v\u00edctimas hab\u00edan muerto; otras cuatro fueron trasladadas con heridas de arma blanca.<\/p>\n\n\n\n<p>El episodio dur\u00f3 lo que dura un respiro en la historia: <strong>seis minutos<\/strong>. Pero en ese lapso breve se condens\u00f3 la peor pesadilla de la comunidad jud\u00eda brit\u00e1nica: la confirmaci\u00f3n de que la amenaza que se percibe desde los atentados del 7 de octubre de 2023 contra Israel puede irrumpir, sin aviso, incluso en el d\u00eda m\u00e1s sagrado del calendario hebreo.<\/p>\n\n\n\n<h3 class=\"wp-block-heading\">Ecos que no se apagan<\/h3>\n\n\n\n<p>Hoy, mientras los fieles recuerdan esa ma\u00f1ana, los ecos de los gritos a\u00fan resuenan:<br>\ud83d\udc49 el chirrido del coche,<br>\ud83d\udc49 los golpes de cuchillo contra el vidrio,<br>\ud83d\udc49 las \u00f3rdenes de la polic\u00eda,<br>\ud83d\udc49 las s\u00faplicas de quienes ped\u00edan disparar.<\/p>\n\n\n\n<p>El atentado de Manchester no solo deja muertos y heridos: deja la pregunta latente sobre <strong>qu\u00e9 tan segura puede sentirse la comunidad jud\u00eda en suelo brit\u00e1nico<\/strong> cuando la oraci\u00f3n puede transformarse, en segundos, en una escena de guerra.<br><br>\u270d\ufe0f <small>\u00a9 2025 ElCanillita.info &#8211; All Rights Reserved<\/small><br><small>\u00a9 2025 ElCanillita.info &#8211; All Rights Reserved &#8211; SalaStampa.eu, world press service -Guzzo Photos &amp; Graphic Publications \u2013 Registro Editori e Stampatori n. 1441 Turin, Italy<\/small><\/p>\n\n\n\n<p><\/p>\n","protected":false},"excerpt":{"rendered":"<p>\u23f1\ufe0f Seis minutos de terror en Manchester<br \/>\nUn auto embiste a fieles en Yom Kippur, el atacante apu\u00f1ala a seis personas y mueren dos. La polic\u00eda lo abati\u00f3 frente a la sinagoga. El chaleco suicida result\u00f3 falso, pero el miedo es real.<\/p>\n","protected":false},"author":1,"featured_media":5450,"comment_status":"closed","ping_status":"closed","sticky":false,"template":"","format":"standard","meta":{"footnotes":"","_links_to":"","_links_to_target":""},"categories":[108,121,70,116,137,143],"tags":[],"class_list":["post-5449","post","type-post","status-publish","format-standard","has-post-thumbnail","hentry","category-blogdiario","category-dc24","category-actualidad","category-united-kingdom","category-sociedad-y-valores","category-terrorismo","entry","double"],"yoast_head":"<!-- This site is optimized with the Yoast SEO plugin v27.5 - https:\/\/yoast.com\/product\/yoast-seo-wordpress\/ -->\n<title>\ud83d\udd4e Seis minutos que llevaron el terror a los jud\u00edos brit\u00e1nicos - ElCanillita.Info<\/title>\n<meta name=\"robots\" content=\"index, follow, max-snippet:-1, max-image-preview:large, max-video-preview:-1\" \/>\n<link rel=\"canonical\" href=\"https:\/\/elcanillita.info\/press\/2025\/10\/02\/seis-minutos-que-llevaron-el-terror-a-los-judios-britanicos\/\" \/>\n<meta property=\"og:locale\" content=\"es_ES\" \/>\n<meta property=\"og:type\" content=\"article\" \/>\n<meta property=\"og:title\" content=\"\ud83d\udd4e Seis minutos que llevaron el terror a los jud\u00edos brit\u00e1nicos - ElCanillita.Info\" \/>\n<meta property=\"og:description\" content=\"\u23f1\ufe0f Seis minutos de terror en Manchester Un auto embiste a fieles en Yom Kippur, el atacante apu\u00f1ala a seis personas y mueren dos. La polic\u00eda lo abati\u00f3 frente a la sinagoga. El chaleco suicida result\u00f3 falso, pero el miedo es real.\" \/>\n<meta property=\"og:url\" content=\"https:\/\/elcanillita.info\/press\/2025\/10\/02\/seis-minutos-que-llevaron-el-terror-a-los-judios-britanicos\/\" \/>\n<meta property=\"og:site_name\" content=\"ElCanillita.Info\" \/>\n<meta property=\"article:publisher\" content=\"https:\/\/ar-ar.facebook.com\/ElCanillitainfo-114249515285712\/\" \/>\n<meta property=\"article:published_time\" content=\"2025-10-02T20:37:44+00:00\" \/>\n<meta property=\"article:modified_time\" content=\"2025-10-02T20:45:42+00:00\" \/>\n<meta property=\"og:image\" content=\"https:\/\/elcanillita.info\/press\/images\/2025\/10\/atentEdit.jpg\" \/>\n\t<meta property=\"og:image:width\" content=\"600\" \/>\n\t<meta property=\"og:image:height\" content=\"400\" \/>\n\t<meta property=\"og:image:type\" content=\"image\/jpeg\" \/>\n<meta name=\"author\" content=\"SalaStampa.eu, world press service\" \/>\n<meta name=\"twitter:card\" content=\"summary_large_image\" \/>\n<meta name=\"twitter:label1\" content=\"Escrito por\" \/>\n\t<meta name=\"twitter:data1\" content=\"SalaStampa.eu, world press service\" \/>\n\t<meta name=\"twitter:label2\" content=\"Tiempo de lectura\" \/>\n\t<meta name=\"twitter:data2\" content=\"4 minutos\" \/>\n<script type=\"application\/ld+json\" class=\"yoast-schema-graph\">{\"@context\":\"https:\\\/\\\/schema.org\",\"@graph\":[{\"@type\":\"Article\",\"@id\":\"https:\\\/\\\/elcanillita.info\\\/press\\\/2025\\\/10\\\/02\\\/seis-minutos-que-llevaron-el-terror-a-los-judios-britanicos\\\/#article\",\"isPartOf\":{\"@id\":\"https:\\\/\\\/elcanillita.info\\\/press\\\/2025\\\/10\\\/02\\\/seis-minutos-que-llevaron-el-terror-a-los-judios-britanicos\\\/\"},\"author\":{\"name\":\"SalaStampa.eu, world press service\",\"@id\":\"https:\\\/\\\/elcanillita.info\\\/press\\\/#\\\/schema\\\/person\\\/7fcb79f38045700919f7da6d97e71ba0\"},\"headline\":\"\ud83d\udd4e Seis minutos que llevaron el terror a los jud\u00edos brit\u00e1nicos\",\"datePublished\":\"2025-10-02T20:37:44+00:00\",\"dateModified\":\"2025-10-02T20:45:42+00:00\",\"mainEntityOfPage\":{\"@id\":\"https:\\\/\\\/elcanillita.info\\\/press\\\/2025\\\/10\\\/02\\\/seis-minutos-que-llevaron-el-terror-a-los-judios-britanicos\\\/\"},\"wordCount\":617,\"publisher\":{\"@id\":\"https:\\\/\\\/elcanillita.info\\\/press\\\/#organization\"},\"image\":{\"@id\":\"https:\\\/\\\/elcanillita.info\\\/press\\\/2025\\\/10\\\/02\\\/seis-minutos-que-llevaron-el-terror-a-los-judios-britanicos\\\/#primaryimage\"},\"thumbnailUrl\":\"https:\\\/\\\/elcanillita.info\\\/press\\\/images\\\/2025\\\/10\\\/atentEdit.jpg\",\"articleSection\":[\".\",\".\",\"Actualidad\",\"Reino Unido\",\"Sociedad y valores\",\"Terrorismo\"],\"inLanguage\":\"es-AR\"},{\"@type\":\"WebPage\",\"@id\":\"https:\\\/\\\/elcanillita.info\\\/press\\\/2025\\\/10\\\/02\\\/seis-minutos-que-llevaron-el-terror-a-los-judios-britanicos\\\/\",\"url\":\"https:\\\/\\\/elcanillita.info\\\/press\\\/2025\\\/10\\\/02\\\/seis-minutos-que-llevaron-el-terror-a-los-judios-britanicos\\\/\",\"name\":\"\ud83d\udd4e Seis minutos que llevaron el terror a los jud\u00edos brit\u00e1nicos - ElCanillita.Info\",\"isPartOf\":{\"@id\":\"https:\\\/\\\/elcanillita.info\\\/press\\\/#website\"},\"primaryImageOfPage\":{\"@id\":\"https:\\\/\\\/elcanillita.info\\\/press\\\/2025\\\/10\\\/02\\\/seis-minutos-que-llevaron-el-terror-a-los-judios-britanicos\\\/#primaryimage\"},\"image\":{\"@id\":\"https:\\\/\\\/elcanillita.info\\\/press\\\/2025\\\/10\\\/02\\\/seis-minutos-que-llevaron-el-terror-a-los-judios-britanicos\\\/#primaryimage\"},\"thumbnailUrl\":\"https:\\\/\\\/elcanillita.info\\\/press\\\/images\\\/2025\\\/10\\\/atentEdit.jpg\",\"datePublished\":\"2025-10-02T20:37:44+00:00\",\"dateModified\":\"2025-10-02T20:45:42+00:00\",\"inLanguage\":\"es-AR\",\"potentialAction\":[{\"@type\":\"ReadAction\",\"target\":[\"https:\\\/\\\/elcanillita.info\\\/press\\\/2025\\\/10\\\/02\\\/seis-minutos-que-llevaron-el-terror-a-los-judios-britanicos\\\/\"]}]},{\"@type\":\"ImageObject\",\"inLanguage\":\"es-AR\",\"@id\":\"https:\\\/\\\/elcanillita.info\\\/press\\\/2025\\\/10\\\/02\\\/seis-minutos-que-llevaron-el-terror-a-los-judios-britanicos\\\/#primaryimage\",\"url\":\"https:\\\/\\\/elcanillita.info\\\/press\\\/images\\\/2025\\\/10\\\/atentEdit.jpg\",\"contentUrl\":\"https:\\\/\\\/elcanillita.info\\\/press\\\/images\\\/2025\\\/10\\\/atentEdit.jpg\",\"width\":600,\"height\":400},{\"@type\":\"WebSite\",\"@id\":\"https:\\\/\\\/elcanillita.info\\\/press\\\/#website\",\"url\":\"https:\\\/\\\/elcanillita.info\\\/press\\\/\",\"name\":\"ElCanillita.Info\",\"description\":\"desde los Apeninos a los Andes\",\"publisher\":{\"@id\":\"https:\\\/\\\/elcanillita.info\\\/press\\\/#organization\"},\"potentialAction\":[{\"@type\":\"SearchAction\",\"target\":{\"@type\":\"EntryPoint\",\"urlTemplate\":\"https:\\\/\\\/elcanillita.info\\\/press\\\/?s={search_term_string}\"},\"query-input\":{\"@type\":\"PropertyValueSpecification\",\"valueRequired\":true,\"valueName\":\"search_term_string\"}}],\"inLanguage\":\"es-AR\"},{\"@type\":\"Organization\",\"@id\":\"https:\\\/\\\/elcanillita.info\\\/press\\\/#organization\",\"name\":\"Guzzo Photos & Graphic Publications\",\"url\":\"https:\\\/\\\/elcanillita.info\\\/press\\\/\",\"logo\":{\"@type\":\"ImageObject\",\"inLanguage\":\"es-AR\",\"@id\":\"https:\\\/\\\/elcanillita.info\\\/press\\\/#\\\/schema\\\/logo\\\/image\\\/\",\"url\":\"https:\\\/\\\/elcanillita.info\\\/press\\\/images\\\/2020\\\/01\\\/cropped-cropped-cropped-elcanillitainfo.png\",\"contentUrl\":\"https:\\\/\\\/elcanillita.info\\\/press\\\/images\\\/2020\\\/01\\\/cropped-cropped-cropped-elcanillitainfo.png\",\"width\":460,\"height\":50,\"caption\":\"Guzzo Photos & Graphic Publications\"},\"image\":{\"@id\":\"https:\\\/\\\/elcanillita.info\\\/press\\\/#\\\/schema\\\/logo\\\/image\\\/\"},\"sameAs\":[\"https:\\\/\\\/ar-ar.facebook.com\\\/ElCanillitainfo-114249515285712\\\/\"]},{\"@type\":\"Person\",\"@id\":\"https:\\\/\\\/elcanillita.info\\\/press\\\/#\\\/schema\\\/person\\\/7fcb79f38045700919f7da6d97e71ba0\",\"name\":\"SalaStampa.eu, world press service\",\"image\":{\"@type\":\"ImageObject\",\"inLanguage\":\"es-AR\",\"@id\":\"https:\\\/\\\/secure.gravatar.com\\\/avatar\\\/c2f0e0d515a107624234994507816ca4724c7199cef73fc8bedebf6931d73888?s=96&d=mm&r=g\",\"url\":\"https:\\\/\\\/secure.gravatar.com\\\/avatar\\\/c2f0e0d515a107624234994507816ca4724c7199cef73fc8bedebf6931d73888?s=96&d=mm&r=g\",\"contentUrl\":\"https:\\\/\\\/secure.gravatar.com\\\/avatar\\\/c2f0e0d515a107624234994507816ca4724c7199cef73fc8bedebf6931d73888?s=96&d=mm&r=g\",\"caption\":\"SalaStampa.eu, world press service\"}}]}<\/script>\n<!-- \/ Yoast SEO plugin. -->","yoast_head_json":{"title":"\ud83d\udd4e Seis minutos que llevaron el terror a los jud\u00edos brit\u00e1nicos - ElCanillita.Info","robots":{"index":"index","follow":"follow","max-snippet":"max-snippet:-1","max-image-preview":"max-image-preview:large","max-video-preview":"max-video-preview:-1"},"canonical":"https:\/\/elcanillita.info\/press\/2025\/10\/02\/seis-minutos-que-llevaron-el-terror-a-los-judios-britanicos\/","og_locale":"es_ES","og_type":"article","og_title":"\ud83d\udd4e Seis minutos que llevaron el terror a los jud\u00edos brit\u00e1nicos - ElCanillita.Info","og_description":"\u23f1\ufe0f Seis minutos de terror en Manchester Un auto embiste a fieles en Yom Kippur, el atacante apu\u00f1ala a seis personas y mueren dos. La polic\u00eda lo abati\u00f3 frente a la sinagoga. El chaleco suicida result\u00f3 falso, pero el miedo es real.","og_url":"https:\/\/elcanillita.info\/press\/2025\/10\/02\/seis-minutos-que-llevaron-el-terror-a-los-judios-britanicos\/","og_site_name":"ElCanillita.Info","article_publisher":"https:\/\/ar-ar.facebook.com\/ElCanillitainfo-114249515285712\/","article_published_time":"2025-10-02T20:37:44+00:00","article_modified_time":"2025-10-02T20:45:42+00:00","og_image":[{"width":600,"height":400,"url":"https:\/\/elcanillita.info\/press\/images\/2025\/10\/atentEdit.jpg","type":"image\/jpeg"}],"author":"SalaStampa.eu, world press service","twitter_card":"summary_large_image","twitter_misc":{"Escrito por":"SalaStampa.eu, world press service","Tiempo de lectura":"4 minutos"},"schema":{"@context":"https:\/\/schema.org","@graph":[{"@type":"Article","@id":"https:\/\/elcanillita.info\/press\/2025\/10\/02\/seis-minutos-que-llevaron-el-terror-a-los-judios-britanicos\/#article","isPartOf":{"@id":"https:\/\/elcanillita.info\/press\/2025\/10\/02\/seis-minutos-que-llevaron-el-terror-a-los-judios-britanicos\/"},"author":{"name":"SalaStampa.eu, world press service","@id":"https:\/\/elcanillita.info\/press\/#\/schema\/person\/7fcb79f38045700919f7da6d97e71ba0"},"headline":"\ud83d\udd4e Seis minutos que llevaron el terror a los jud\u00edos brit\u00e1nicos","datePublished":"2025-10-02T20:37:44+00:00","dateModified":"2025-10-02T20:45:42+00:00","mainEntityOfPage":{"@id":"https:\/\/elcanillita.info\/press\/2025\/10\/02\/seis-minutos-que-llevaron-el-terror-a-los-judios-britanicos\/"},"wordCount":617,"publisher":{"@id":"https:\/\/elcanillita.info\/press\/#organization"},"image":{"@id":"https:\/\/elcanillita.info\/press\/2025\/10\/02\/seis-minutos-que-llevaron-el-terror-a-los-judios-britanicos\/#primaryimage"},"thumbnailUrl":"https:\/\/elcanillita.info\/press\/images\/2025\/10\/atentEdit.jpg","articleSection":[".",".","Actualidad","Reino Unido","Sociedad y valores","Terrorismo"],"inLanguage":"es-AR"},{"@type":"WebPage","@id":"https:\/\/elcanillita.info\/press\/2025\/10\/02\/seis-minutos-que-llevaron-el-terror-a-los-judios-britanicos\/","url":"https:\/\/elcanillita.info\/press\/2025\/10\/02\/seis-minutos-que-llevaron-el-terror-a-los-judios-britanicos\/","name":"\ud83d\udd4e Seis minutos que llevaron el terror a los jud\u00edos brit\u00e1nicos - ElCanillita.Info","isPartOf":{"@id":"https:\/\/elcanillita.info\/press\/#website"},"primaryImageOfPage":{"@id":"https:\/\/elcanillita.info\/press\/2025\/10\/02\/seis-minutos-que-llevaron-el-terror-a-los-judios-britanicos\/#primaryimage"},"image":{"@id":"https:\/\/elcanillita.info\/press\/2025\/10\/02\/seis-minutos-que-llevaron-el-terror-a-los-judios-britanicos\/#primaryimage"},"thumbnailUrl":"https:\/\/elcanillita.info\/press\/images\/2025\/10\/atentEdit.jpg","datePublished":"2025-10-02T20:37:44+00:00","dateModified":"2025-10-02T20:45:42+00:00","inLanguage":"es-AR","potentialAction":[{"@type":"ReadAction","target":["https:\/\/elcanillita.info\/press\/2025\/10\/02\/seis-minutos-que-llevaron-el-terror-a-los-judios-britanicos\/"]}]},{"@type":"ImageObject","inLanguage":"es-AR","@id":"https:\/\/elcanillita.info\/press\/2025\/10\/02\/seis-minutos-que-llevaron-el-terror-a-los-judios-britanicos\/#primaryimage","url":"https:\/\/elcanillita.info\/press\/images\/2025\/10\/atentEdit.jpg","contentUrl":"https:\/\/elcanillita.info\/press\/images\/2025\/10\/atentEdit.jpg","width":600,"height":400},{"@type":"WebSite","@id":"https:\/\/elcanillita.info\/press\/#website","url":"https:\/\/elcanillita.info\/press\/","name":"ElCanillita.Info","description":"desde los Apeninos a los Andes","publisher":{"@id":"https:\/\/elcanillita.info\/press\/#organization"},"potentialAction":[{"@type":"SearchAction","target":{"@type":"EntryPoint","urlTemplate":"https:\/\/elcanillita.info\/press\/?s={search_term_string}"},"query-input":{"@type":"PropertyValueSpecification","valueRequired":true,"valueName":"search_term_string"}}],"inLanguage":"es-AR"},{"@type":"Organization","@id":"https:\/\/elcanillita.info\/press\/#organization","name":"Guzzo Photos & Graphic Publications","url":"https:\/\/elcanillita.info\/press\/","logo":{"@type":"ImageObject","inLanguage":"es-AR","@id":"https:\/\/elcanillita.info\/press\/#\/schema\/logo\/image\/","url":"https:\/\/elcanillita.info\/press\/images\/2020\/01\/cropped-cropped-cropped-elcanillitainfo.png","contentUrl":"https:\/\/elcanillita.info\/press\/images\/2020\/01\/cropped-cropped-cropped-elcanillitainfo.png","width":460,"height":50,"caption":"Guzzo Photos & Graphic Publications"},"image":{"@id":"https:\/\/elcanillita.info\/press\/#\/schema\/logo\/image\/"},"sameAs":["https:\/\/ar-ar.facebook.com\/ElCanillitainfo-114249515285712\/"]},{"@type":"Person","@id":"https:\/\/elcanillita.info\/press\/#\/schema\/person\/7fcb79f38045700919f7da6d97e71ba0","name":"SalaStampa.eu, world press service","image":{"@type":"ImageObject","inLanguage":"es-AR","@id":"https:\/\/secure.gravatar.com\/avatar\/c2f0e0d515a107624234994507816ca4724c7199cef73fc8bedebf6931d73888?s=96&d=mm&r=g","url":"https:\/\/secure.gravatar.com\/avatar\/c2f0e0d515a107624234994507816ca4724c7199cef73fc8bedebf6931d73888?s=96&d=mm&r=g","contentUrl":"https:\/\/secure.gravatar.com\/avatar\/c2f0e0d515a107624234994507816ca4724c7199cef73fc8bedebf6931d73888?s=96&d=mm&r=g","caption":"SalaStampa.eu, world press service"}}]}},"views":150,"_links":{"self":[{"href":"https:\/\/elcanillita.info\/press\/wp-json\/wp\/v2\/posts\/5449","targetHints":{"allow":["GET"]}}],"collection":[{"href":"https:\/\/elcanillita.info\/press\/wp-json\/wp\/v2\/posts"}],"about":[{"href":"https:\/\/elcanillita.info\/press\/wp-json\/wp\/v2\/types\/post"}],"author":[{"embeddable":true,"href":"https:\/\/elcanillita.info\/press\/wp-json\/wp\/v2\/users\/1"}],"replies":[{"embeddable":true,"href":"https:\/\/elcanillita.info\/press\/wp-json\/wp\/v2\/comments?post=5449"}],"version-history":[{"count":0,"href":"https:\/\/elcanillita.info\/press\/wp-json\/wp\/v2\/posts\/5449\/revisions"}],"wp:featuredmedia":[{"embeddable":true,"href":"https:\/\/elcanillita.info\/press\/wp-json\/wp\/v2\/media\/5450"}],"wp:attachment":[{"href":"https:\/\/elcanillita.info\/press\/wp-json\/wp\/v2\/media?parent=5449"}],"wp:term":[{"taxonomy":"category","embeddable":true,"href":"https:\/\/elcanillita.info\/press\/wp-json\/wp\/v2\/categories?post=5449"},{"taxonomy":"post_tag","embeddable":true,"href":"https:\/\/elcanillita.info\/press\/wp-json\/wp\/v2\/tags?post=5449"}],"curies":[{"name":"wp","href":"https:\/\/api.w.org\/{rel}","templated":true}]}}