{"id":5445,"date":"2025-10-02T13:55:09","date_gmt":"2025-10-02T16:55:09","guid":{"rendered":"https:\/\/elcanillita.info\/press\/?p=5445"},"modified":"2025-10-02T17:22:02","modified_gmt":"2025-10-02T20:22:02","slug":"manchester-yom-kipur-bajo-fuego-y-sirenas","status":"publish","type":"post","link":"https:\/\/elcanillita.info\/press\/2025\/10\/02\/manchester-yom-kipur-bajo-fuego-y-sirenas\/","title":{"rendered":"\ud83d\udcf0 Manchester: Yom Kipur bajo fuego y sirenas"},"content":{"rendered":"\n<figure class=\"wp-block-image size-full\"><img loading=\"lazy\" decoding=\"async\" width=\"600\" height=\"400\" src=\"https:\/\/elcanillita.info\/press\/images\/2025\/10\/sinedit20251002.jpg\" alt=\"\" class=\"wp-image-5447\" srcset=\"https:\/\/elcanillita.info\/press\/images\/2025\/10\/sinedit20251002.jpg 600w, https:\/\/elcanillita.info\/press\/images\/2025\/10\/sinedit20251002-300x200.jpg 300w\" sizes=\"auto, (max-width: 600px) 100vw, 600px\" \/><\/figure>\n\n\n\n<p>Manchester amaneci\u00f3 hoy con un Yom Kipur te\u00f1ido de p\u00e1nico.<br>Un hombre armado con un cintur\u00f3n explosivo intent\u00f3 irrumpir en una sinagoga ortodoxa repleta de fieles. No lo logr\u00f3: la r\u00e1pida reacci\u00f3n de guardias y congregantes se lo impidi\u00f3. El balance: dos muertos, incluido el atacante, y al menos cuatro heridos.<\/p>\n\n\n\n<p>\u201c\u00a1Al\u00e9jense, tiene una bomba!\u201d, grita un polic\u00eda en un video que ya recorre las redes. En las im\u00e1genes se ve al sospechoso, calvo, barbudo, con chaleco antibalas y paquetes blancos colgando de su cintur\u00f3n. La brigada antibombas lleg\u00f3 con cami\u00f3n y robots para asegurarse de que nada quedara activo.<\/p>\n\n\n\n<p>Sir Stephen Watson, comandante de la Polic\u00eda del Gran Manchester, describi\u00f3 la escena con crudeza:<\/p>\n\n\n\n<blockquote class=\"wp-block-quote is-layout-flow wp-block-quote-is-layout-flow\">\n<p>\u201cLa valent\u00eda de los guardias y los fieles evit\u00f3 una masacre\u201d.<\/p>\n<\/blockquote>\n\n\n\n<p>El primer ministro Keir Starmer cort\u00f3 viaje en Copenhague y volvi\u00f3 de urgencia a Londres para presidir una reuni\u00f3n del comit\u00e9 Cobra. Downing Street confirm\u00f3 que la investigaci\u00f3n se maneja como <strong>terrorismo<\/strong>.<\/p>\n\n\n\n<p>El Reino Unido no estaba solo en el duelo: Carlos III y la reina Camila enviaron un comunicado conjunto desde Buckingham, expresando \u201cprofunda tristeza y conmoci\u00f3n\u201d en un d\u00eda tan cargado de significado religioso.<\/p>\n\n\n\n<p>La ciudad de Manchester qued\u00f3 paralizada por horas, con un per\u00edmetro asegurado alrededor del templo y fieles evacuados bajo custodia policial.<br>Un Yom Kipur que deb\u00eda ser recogimiento y silencio termin\u00f3 en estampida, sirenas y miedo.<br><br>\u270d\ufe0f <small>\u00a9 2025 ElCanillita.info &#8211; All Rights Reserved<\/small><br><br><small>\u00a9 2025 ElCanillita.info &#8211; All Rights Reserved &#8211; SalaStampa.eu, world press service -Guzzo Photos &amp; Graphic Publications \u2013 Registro Editori e Stampatori n. 1441 Turin, Italy<\/small><\/p>\n\n\n\n<p><\/p>\n","protected":false},"excerpt":{"rendered":"<p>\ud83d\udd34 Atentado en Manchester en pleno Yom Kippur: 2 muertos y 3 heridos graves en la sinagoga de Heaton Park. El atentador fue abatido. Israel culpa a Starmer de \u201cantisemitismo t\u00f3xico\u201d.<\/p>\n","protected":false},"author":14,"featured_media":5447,"comment_status":"closed","ping_status":"closed","sticky":false,"template":"","format":"standard","meta":{"footnotes":"","_links_to":"","_links_to_target":""},"categories":[108,121,70,5,116,137,143],"tags":[58],"class_list":["post-5445","post","type-post","status-publish","format-standard","has-post-thumbnail","hentry","category-blogdiario","category-dc24","category-actualidad","category-europa","category-united-kingdom","category-sociedad-y-valores","category-terrorismo","tag-reino-unido","entry","double"],"yoast_head":"<!-- This site is optimized with the Yoast SEO plugin v27.5 - https:\/\/yoast.com\/product\/yoast-seo-wordpress\/ -->\n<title>\ud83d\udcf0 Manchester: Yom Kipur bajo fuego y sirenas - ElCanillita.Info<\/title>\n<meta name=\"robots\" content=\"index, follow, max-snippet:-1, max-image-preview:large, max-video-preview:-1\" \/>\n<link rel=\"canonical\" href=\"https:\/\/elcanillita.info\/press\/2025\/10\/02\/manchester-yom-kipur-bajo-fuego-y-sirenas\/\" \/>\n<meta property=\"og:locale\" content=\"es_ES\" \/>\n<meta property=\"og:type\" content=\"article\" \/>\n<meta property=\"og:title\" content=\"\ud83d\udcf0 Manchester: Yom Kipur bajo fuego y sirenas - ElCanillita.Info\" \/>\n<meta property=\"og:description\" content=\"\ud83d\udd34 Atentado en Manchester en pleno Yom Kippur: 2 muertos y 3 heridos graves en la sinagoga de Heaton Park. El atentador fue abatido. Israel culpa a Starmer de \u201cantisemitismo t\u00f3xico\u201d.\" \/>\n<meta property=\"og:url\" content=\"https:\/\/elcanillita.info\/press\/2025\/10\/02\/manchester-yom-kipur-bajo-fuego-y-sirenas\/\" \/>\n<meta property=\"og:site_name\" content=\"ElCanillita.Info\" \/>\n<meta property=\"article:publisher\" content=\"https:\/\/ar-ar.facebook.com\/ElCanillitainfo-114249515285712\/\" \/>\n<meta property=\"article:published_time\" content=\"2025-10-02T16:55:09+00:00\" \/>\n<meta property=\"article:modified_time\" content=\"2025-10-02T20:22:02+00:00\" \/>\n<meta property=\"og:image\" content=\"https:\/\/elcanillita.info\/press\/images\/2025\/10\/sinedit20251002.jpg\" \/>\n\t<meta property=\"og:image:width\" content=\"600\" \/>\n\t<meta property=\"og:image:height\" content=\"400\" \/>\n\t<meta property=\"og:image:type\" content=\"image\/jpeg\" \/>\n<meta name=\"author\" content=\"ElCanillita.info Guzzo Photos &amp; Graphic Publications\" \/>\n<meta name=\"twitter:card\" content=\"summary_large_image\" \/>\n<meta name=\"twitter:label1\" content=\"Escrito por\" \/>\n\t<meta name=\"twitter:data1\" content=\"ElCanillita.info Guzzo Photos &amp; Graphic Publications\" \/>\n\t<meta name=\"twitter:label2\" content=\"Tiempo de lectura\" \/>\n\t<meta name=\"twitter:data2\" content=\"2 minutos\" \/>\n<script type=\"application\/ld+json\" class=\"yoast-schema-graph\">{\"@context\":\"https:\\\/\\\/schema.org\",\"@graph\":[{\"@type\":\"Article\",\"@id\":\"https:\\\/\\\/elcanillita.info\\\/press\\\/2025\\\/10\\\/02\\\/manchester-yom-kipur-bajo-fuego-y-sirenas\\\/#article\",\"isPartOf\":{\"@id\":\"https:\\\/\\\/elcanillita.info\\\/press\\\/2025\\\/10\\\/02\\\/manchester-yom-kipur-bajo-fuego-y-sirenas\\\/\"},\"author\":{\"name\":\"ElCanillita.info Guzzo Photos &amp; Graphic Publications\",\"@id\":\"https:\\\/\\\/elcanillita.info\\\/press\\\/#\\\/schema\\\/person\\\/e37a550cff8f5f3407ed112e4cc619cb\"},\"headline\":\"\ud83d\udcf0 Manchester: Yom Kipur bajo fuego y sirenas\",\"datePublished\":\"2025-10-02T16:55:09+00:00\",\"dateModified\":\"2025-10-02T20:22:02+00:00\",\"mainEntityOfPage\":{\"@id\":\"https:\\\/\\\/elcanillita.info\\\/press\\\/2025\\\/10\\\/02\\\/manchester-yom-kipur-bajo-fuego-y-sirenas\\\/\"},\"wordCount\":283,\"publisher\":{\"@id\":\"https:\\\/\\\/elcanillita.info\\\/press\\\/#organization\"},\"image\":{\"@id\":\"https:\\\/\\\/elcanillita.info\\\/press\\\/2025\\\/10\\\/02\\\/manchester-yom-kipur-bajo-fuego-y-sirenas\\\/#primaryimage\"},\"thumbnailUrl\":\"https:\\\/\\\/elcanillita.info\\\/press\\\/images\\\/2025\\\/10\\\/sinedit20251002.jpg\",\"keywords\":[\"Reino Unido\"],\"articleSection\":[\".\",\".\",\"Actualidad\",\"Europa\",\"Reino Unido\",\"Sociedad y valores\",\"Terrorismo\"],\"inLanguage\":\"es-AR\"},{\"@type\":\"WebPage\",\"@id\":\"https:\\\/\\\/elcanillita.info\\\/press\\\/2025\\\/10\\\/02\\\/manchester-yom-kipur-bajo-fuego-y-sirenas\\\/\",\"url\":\"https:\\\/\\\/elcanillita.info\\\/press\\\/2025\\\/10\\\/02\\\/manchester-yom-kipur-bajo-fuego-y-sirenas\\\/\",\"name\":\"\ud83d\udcf0 Manchester: Yom Kipur bajo fuego y sirenas - ElCanillita.Info\",\"isPartOf\":{\"@id\":\"https:\\\/\\\/elcanillita.info\\\/press\\\/#website\"},\"primaryImageOfPage\":{\"@id\":\"https:\\\/\\\/elcanillita.info\\\/press\\\/2025\\\/10\\\/02\\\/manchester-yom-kipur-bajo-fuego-y-sirenas\\\/#primaryimage\"},\"image\":{\"@id\":\"https:\\\/\\\/elcanillita.info\\\/press\\\/2025\\\/10\\\/02\\\/manchester-yom-kipur-bajo-fuego-y-sirenas\\\/#primaryimage\"},\"thumbnailUrl\":\"https:\\\/\\\/elcanillita.info\\\/press\\\/images\\\/2025\\\/10\\\/sinedit20251002.jpg\",\"datePublished\":\"2025-10-02T16:55:09+00:00\",\"dateModified\":\"2025-10-02T20:22:02+00:00\",\"inLanguage\":\"es-AR\",\"potentialAction\":[{\"@type\":\"ReadAction\",\"target\":[\"https:\\\/\\\/elcanillita.info\\\/press\\\/2025\\\/10\\\/02\\\/manchester-yom-kipur-bajo-fuego-y-sirenas\\\/\"]}]},{\"@type\":\"ImageObject\",\"inLanguage\":\"es-AR\",\"@id\":\"https:\\\/\\\/elcanillita.info\\\/press\\\/2025\\\/10\\\/02\\\/manchester-yom-kipur-bajo-fuego-y-sirenas\\\/#primaryimage\",\"url\":\"https:\\\/\\\/elcanillita.info\\\/press\\\/images\\\/2025\\\/10\\\/sinedit20251002.jpg\",\"contentUrl\":\"https:\\\/\\\/elcanillita.info\\\/press\\\/images\\\/2025\\\/10\\\/sinedit20251002.jpg\",\"width\":600,\"height\":400},{\"@type\":\"WebSite\",\"@id\":\"https:\\\/\\\/elcanillita.info\\\/press\\\/#website\",\"url\":\"https:\\\/\\\/elcanillita.info\\\/press\\\/\",\"name\":\"ElCanillita.Info\",\"description\":\"desde los Apeninos a los Andes\",\"publisher\":{\"@id\":\"https:\\\/\\\/elcanillita.info\\\/press\\\/#organization\"},\"potentialAction\":[{\"@type\":\"SearchAction\",\"target\":{\"@type\":\"EntryPoint\",\"urlTemplate\":\"https:\\\/\\\/elcanillita.info\\\/press\\\/?s={search_term_string}\"},\"query-input\":{\"@type\":\"PropertyValueSpecification\",\"valueRequired\":true,\"valueName\":\"search_term_string\"}}],\"inLanguage\":\"es-AR\"},{\"@type\":\"Organization\",\"@id\":\"https:\\\/\\\/elcanillita.info\\\/press\\\/#organization\",\"name\":\"Guzzo Photos & Graphic Publications\",\"url\":\"https:\\\/\\\/elcanillita.info\\\/press\\\/\",\"logo\":{\"@type\":\"ImageObject\",\"inLanguage\":\"es-AR\",\"@id\":\"https:\\\/\\\/elcanillita.info\\\/press\\\/#\\\/schema\\\/logo\\\/image\\\/\",\"url\":\"https:\\\/\\\/elcanillita.info\\\/press\\\/images\\\/2020\\\/01\\\/cropped-cropped-cropped-elcanillitainfo.png\",\"contentUrl\":\"https:\\\/\\\/elcanillita.info\\\/press\\\/images\\\/2020\\\/01\\\/cropped-cropped-cropped-elcanillitainfo.png\",\"width\":460,\"height\":50,\"caption\":\"Guzzo Photos & Graphic Publications\"},\"image\":{\"@id\":\"https:\\\/\\\/elcanillita.info\\\/press\\\/#\\\/schema\\\/logo\\\/image\\\/\"},\"sameAs\":[\"https:\\\/\\\/ar-ar.facebook.com\\\/ElCanillitainfo-114249515285712\\\/\"]},{\"@type\":\"Person\",\"@id\":\"https:\\\/\\\/elcanillita.info\\\/press\\\/#\\\/schema\\\/person\\\/e37a550cff8f5f3407ed112e4cc619cb\",\"name\":\"ElCanillita.info Guzzo Photos &amp; Graphic Publications\",\"image\":{\"@type\":\"ImageObject\",\"inLanguage\":\"es-AR\",\"@id\":\"https:\\\/\\\/secure.gravatar.com\\\/avatar\\\/8914fbe0ef09248907e331ab93dfa89c7f76decf6b51cd1b2f8444e6260db772?s=96&d=mm&r=g\",\"url\":\"https:\\\/\\\/secure.gravatar.com\\\/avatar\\\/8914fbe0ef09248907e331ab93dfa89c7f76decf6b51cd1b2f8444e6260db772?s=96&d=mm&r=g\",\"contentUrl\":\"https:\\\/\\\/secure.gravatar.com\\\/avatar\\\/8914fbe0ef09248907e331ab93dfa89c7f76decf6b51cd1b2f8444e6260db772?s=96&d=mm&r=g\",\"caption\":\"ElCanillita.info Guzzo Photos &amp; Graphic Publications\"},\"sameAs\":[\"http:\\\/\\\/guzzophotos.com\"]}]}<\/script>\n<!-- \/ Yoast SEO plugin. -->","yoast_head_json":{"title":"\ud83d\udcf0 Manchester: Yom Kipur bajo fuego y sirenas - ElCanillita.Info","robots":{"index":"index","follow":"follow","max-snippet":"max-snippet:-1","max-image-preview":"max-image-preview:large","max-video-preview":"max-video-preview:-1"},"canonical":"https:\/\/elcanillita.info\/press\/2025\/10\/02\/manchester-yom-kipur-bajo-fuego-y-sirenas\/","og_locale":"es_ES","og_type":"article","og_title":"\ud83d\udcf0 Manchester: Yom Kipur bajo fuego y sirenas - ElCanillita.Info","og_description":"\ud83d\udd34 Atentado en Manchester en pleno Yom Kippur: 2 muertos y 3 heridos graves en la sinagoga de Heaton Park. El atentador fue abatido. Israel culpa a Starmer de \u201cantisemitismo t\u00f3xico\u201d.","og_url":"https:\/\/elcanillita.info\/press\/2025\/10\/02\/manchester-yom-kipur-bajo-fuego-y-sirenas\/","og_site_name":"ElCanillita.Info","article_publisher":"https:\/\/ar-ar.facebook.com\/ElCanillitainfo-114249515285712\/","article_published_time":"2025-10-02T16:55:09+00:00","article_modified_time":"2025-10-02T20:22:02+00:00","og_image":[{"width":600,"height":400,"url":"https:\/\/elcanillita.info\/press\/images\/2025\/10\/sinedit20251002.jpg","type":"image\/jpeg"}],"author":"ElCanillita.info Guzzo Photos &amp; Graphic Publications","twitter_card":"summary_large_image","twitter_misc":{"Escrito por":"ElCanillita.info Guzzo Photos &amp; Graphic Publications","Tiempo de lectura":"2 minutos"},"schema":{"@context":"https:\/\/schema.org","@graph":[{"@type":"Article","@id":"https:\/\/elcanillita.info\/press\/2025\/10\/02\/manchester-yom-kipur-bajo-fuego-y-sirenas\/#article","isPartOf":{"@id":"https:\/\/elcanillita.info\/press\/2025\/10\/02\/manchester-yom-kipur-bajo-fuego-y-sirenas\/"},"author":{"name":"ElCanillita.info Guzzo Photos &amp; Graphic Publications","@id":"https:\/\/elcanillita.info\/press\/#\/schema\/person\/e37a550cff8f5f3407ed112e4cc619cb"},"headline":"\ud83d\udcf0 Manchester: Yom Kipur bajo fuego y sirenas","datePublished":"2025-10-02T16:55:09+00:00","dateModified":"2025-10-02T20:22:02+00:00","mainEntityOfPage":{"@id":"https:\/\/elcanillita.info\/press\/2025\/10\/02\/manchester-yom-kipur-bajo-fuego-y-sirenas\/"},"wordCount":283,"publisher":{"@id":"https:\/\/elcanillita.info\/press\/#organization"},"image":{"@id":"https:\/\/elcanillita.info\/press\/2025\/10\/02\/manchester-yom-kipur-bajo-fuego-y-sirenas\/#primaryimage"},"thumbnailUrl":"https:\/\/elcanillita.info\/press\/images\/2025\/10\/sinedit20251002.jpg","keywords":["Reino Unido"],"articleSection":[".",".","Actualidad","Europa","Reino Unido","Sociedad y valores","Terrorismo"],"inLanguage":"es-AR"},{"@type":"WebPage","@id":"https:\/\/elcanillita.info\/press\/2025\/10\/02\/manchester-yom-kipur-bajo-fuego-y-sirenas\/","url":"https:\/\/elcanillita.info\/press\/2025\/10\/02\/manchester-yom-kipur-bajo-fuego-y-sirenas\/","name":"\ud83d\udcf0 Manchester: Yom Kipur bajo fuego y sirenas - ElCanillita.Info","isPartOf":{"@id":"https:\/\/elcanillita.info\/press\/#website"},"primaryImageOfPage":{"@id":"https:\/\/elcanillita.info\/press\/2025\/10\/02\/manchester-yom-kipur-bajo-fuego-y-sirenas\/#primaryimage"},"image":{"@id":"https:\/\/elcanillita.info\/press\/2025\/10\/02\/manchester-yom-kipur-bajo-fuego-y-sirenas\/#primaryimage"},"thumbnailUrl":"https:\/\/elcanillita.info\/press\/images\/2025\/10\/sinedit20251002.jpg","datePublished":"2025-10-02T16:55:09+00:00","dateModified":"2025-10-02T20:22:02+00:00","inLanguage":"es-AR","potentialAction":[{"@type":"ReadAction","target":["https:\/\/elcanillita.info\/press\/2025\/10\/02\/manchester-yom-kipur-bajo-fuego-y-sirenas\/"]}]},{"@type":"ImageObject","inLanguage":"es-AR","@id":"https:\/\/elcanillita.info\/press\/2025\/10\/02\/manchester-yom-kipur-bajo-fuego-y-sirenas\/#primaryimage","url":"https:\/\/elcanillita.info\/press\/images\/2025\/10\/sinedit20251002.jpg","contentUrl":"https:\/\/elcanillita.info\/press\/images\/2025\/10\/sinedit20251002.jpg","width":600,"height":400},{"@type":"WebSite","@id":"https:\/\/elcanillita.info\/press\/#website","url":"https:\/\/elcanillita.info\/press\/","name":"ElCanillita.Info","description":"desde los Apeninos a los Andes","publisher":{"@id":"https:\/\/elcanillita.info\/press\/#organization"},"potentialAction":[{"@type":"SearchAction","target":{"@type":"EntryPoint","urlTemplate":"https:\/\/elcanillita.info\/press\/?s={search_term_string}"},"query-input":{"@type":"PropertyValueSpecification","valueRequired":true,"valueName":"search_term_string"}}],"inLanguage":"es-AR"},{"@type":"Organization","@id":"https:\/\/elcanillita.info\/press\/#organization","name":"Guzzo Photos & Graphic Publications","url":"https:\/\/elcanillita.info\/press\/","logo":{"@type":"ImageObject","inLanguage":"es-AR","@id":"https:\/\/elcanillita.info\/press\/#\/schema\/logo\/image\/","url":"https:\/\/elcanillita.info\/press\/images\/2020\/01\/cropped-cropped-cropped-elcanillitainfo.png","contentUrl":"https:\/\/elcanillita.info\/press\/images\/2020\/01\/cropped-cropped-cropped-elcanillitainfo.png","width":460,"height":50,"caption":"Guzzo Photos & Graphic Publications"},"image":{"@id":"https:\/\/elcanillita.info\/press\/#\/schema\/logo\/image\/"},"sameAs":["https:\/\/ar-ar.facebook.com\/ElCanillitainfo-114249515285712\/"]},{"@type":"Person","@id":"https:\/\/elcanillita.info\/press\/#\/schema\/person\/e37a550cff8f5f3407ed112e4cc619cb","name":"ElCanillita.info Guzzo Photos &amp; Graphic Publications","image":{"@type":"ImageObject","inLanguage":"es-AR","@id":"https:\/\/secure.gravatar.com\/avatar\/8914fbe0ef09248907e331ab93dfa89c7f76decf6b51cd1b2f8444e6260db772?s=96&d=mm&r=g","url":"https:\/\/secure.gravatar.com\/avatar\/8914fbe0ef09248907e331ab93dfa89c7f76decf6b51cd1b2f8444e6260db772?s=96&d=mm&r=g","contentUrl":"https:\/\/secure.gravatar.com\/avatar\/8914fbe0ef09248907e331ab93dfa89c7f76decf6b51cd1b2f8444e6260db772?s=96&d=mm&r=g","caption":"ElCanillita.info Guzzo Photos &amp; Graphic Publications"},"sameAs":["http:\/\/guzzophotos.com"]}]}},"views":156,"_links":{"self":[{"href":"https:\/\/elcanillita.info\/press\/wp-json\/wp\/v2\/posts\/5445","targetHints":{"allow":["GET"]}}],"collection":[{"href":"https:\/\/elcanillita.info\/press\/wp-json\/wp\/v2\/posts"}],"about":[{"href":"https:\/\/elcanillita.info\/press\/wp-json\/wp\/v2\/types\/post"}],"author":[{"embeddable":true,"href":"https:\/\/elcanillita.info\/press\/wp-json\/wp\/v2\/users\/14"}],"replies":[{"embeddable":true,"href":"https:\/\/elcanillita.info\/press\/wp-json\/wp\/v2\/comments?post=5445"}],"version-history":[{"count":0,"href":"https:\/\/elcanillita.info\/press\/wp-json\/wp\/v2\/posts\/5445\/revisions"}],"wp:featuredmedia":[{"embeddable":true,"href":"https:\/\/elcanillita.info\/press\/wp-json\/wp\/v2\/media\/5447"}],"wp:attachment":[{"href":"https:\/\/elcanillita.info\/press\/wp-json\/wp\/v2\/media?parent=5445"}],"wp:term":[{"taxonomy":"category","embeddable":true,"href":"https:\/\/elcanillita.info\/press\/wp-json\/wp\/v2\/categories?post=5445"},{"taxonomy":"post_tag","embeddable":true,"href":"https:\/\/elcanillita.info\/press\/wp-json\/wp\/v2\/tags?post=5445"}],"curies":[{"name":"wp","href":"https:\/\/api.w.org\/{rel}","templated":true}]}}