{"id":5419,"date":"2025-09-29T18:10:12","date_gmt":"2025-09-29T21:10:12","guid":{"rendered":"https:\/\/elcanillita.info\/press\/?p=5419"},"modified":"2025-09-30T05:14:52","modified_gmt":"2025-09-30T08:14:52","slug":"dolar-en-campana-entre-el-rulo-pinchado-y-la-espera-del-27","status":"publish","type":"post","link":"https:\/\/elcanillita.info\/press\/2025\/09\/29\/dolar-en-campana-entre-el-rulo-pinchado-y-la-espera-del-27\/","title":{"rendered":"D\u00f3lar en campa\u00f1a: entre el rulo pinchado y la espera del 27"},"content":{"rendered":"\n<figure class=\"wp-block-image size-large\"><img loading=\"lazy\" decoding=\"async\" width=\"1024\" height=\"1024\" src=\"https:\/\/elcanillita.info\/press\/images\/2025\/09\/img_0636.jpg\" alt=\"\" class=\"wp-image-5420\" srcset=\"https:\/\/elcanillita.info\/press\/images\/2025\/09\/img_0636.jpg 1024w, https:\/\/elcanillita.info\/press\/images\/2025\/09\/img_0636-300x300.jpg 300w, https:\/\/elcanillita.info\/press\/images\/2025\/09\/img_0636-150x150.jpg 150w, https:\/\/elcanillita.info\/press\/images\/2025\/09\/img_0636-768x768.jpg 768w\" sizes=\"auto, (max-width: 1024px) 100vw, 1024px\" \/><\/figure>\n\n\n\n<p class=\"p1\">La pel\u00edcula del d\u00f3lar en la Argentina tiene dos actos bien marcados:<\/p>\n\n\n\n<p class=\"p1\">\ud83d\udc49 hasta el 26 de octubre (elecciones)<\/p>\n\n\n\n<p class=\"p1\">\ud83d\udc49 y desde el 27 en adelante (cuando se despeje el panorama pol\u00edtico).<\/p>\n\n\n\n<p class=\"p3\"><strong>Acto 1: escasez en la boleter\u00eda<\/strong><\/p>\n\n\n\n<p class=\"p1\">Esta semana arranca con menos d\u00f3lares en la cancha: el campo liquida menos, y la demanda tiende a subir porque mucha gente ve al billete a $1380\u2013$1400 y piensa: \u201cest\u00e1 barato, compro ahora\u201d. Resultado: se aprieta la oferta justo en plena campa\u00f1a.<\/p>\n\n\n\n<p class=\"p1\">El Gobierno ya se movi\u00f3 para frenar las maniobras de arbitraje:<\/p>\n\n\n\n<p class=\"p3\">Quien compre d\u00f3lares oficiales ya no podr\u00e1 venderlos en el mercado financiero durante 90 d\u00edas. Es decir: se acab\u00f3 el famoso \u201crulo\u201d, el jueguito de ganar plata con la brecha cambiaria.<\/p>\n\n\n\n<p class=\"p3\"><strong>Acto 2: la brecha que se estira<\/strong><\/p>\n\n\n\n<p class=\"p1\">Con esa jugada, el Banco Central espera quedarse con m\u00e1s d\u00f3lares, pero a cambio sube la brecha:<\/p>\n\n\n\n<p class=\"p3\">El d\u00f3lar MEP est\u00e1 en $1448. El contado con liqui en $1488. Contra el oficial ($1380), la diferencia ya roza el 10%.<\/p>\n\n\n\n<p class=\"p1\">Y claro: cuanto m\u00e1s grande es la brecha, m\u00e1s tentador se vuelve el mercado paralelo.<\/p>\n\n\n\n<p class=\"p3\"><strong>Bolsa y bonos: monta\u00f1a rusa<\/strong><\/p>\n\n\n\n<p class=\"p1\">Mientras tanto:<\/p>\n\n\n\n<p class=\"p3\">Bonos locales caen hasta 1,2%. Bonos globales suben m\u00e1s del 6%. Riesgo pa\u00eds salta a 1088 puntos (+30). La Bolsa porte\u00f1a se queda quieta: algunos bancos y constructoras arriba, empresas de energ\u00eda abajo.<\/p>\n\n\n\n<p class=\"p3\">En resumen<\/p>\n\n\n\n<p class=\"p1\">Hasta las elecciones: menos d\u00f3lares, m\u00e1s nervios y una brecha que crece.<\/p>\n\n\n\n<p class=\"p1\">Despu\u00e9s del 27: todo depende de si el pr\u00f3ximo Gobierno decide m\u00e1s restricciones\u2026 o una flotaci\u00f3n plena que deje al d\u00f3lar correr libre.<\/p>\n\n\n\n<p class=\"p1\">Argentina, como siempre, bailando en la cornisa del billete verde.<\/p>\n\n\n\n<p><\/p>\n\n\n\n<p>\u270d\ufe0f \u00a9\ufe0f 2025 ElCanillita.info \u2013 All Rights Reserved<\/p>\n\n\n\n<p><\/p>\n\n\n<p><small>\u00a9 2025 ElCanillita.info \u2013 All Rights Reserved \u2013 SalaStampa.eu, world press service &#8211; Guzzo Photos &#038; Graphic Publications \u2013 Registro Editori e Stampatori n. 1441 Turin, Italy <\/small><\/p>\n\n\n<p><\/p>\n","protected":false},"excerpt":{"rendered":"<p>\ud83c\udde6\ud83c\uddf7 Hasta el 26 de octubre: menos d\u00f3lares, m\u00e1s nervios.<br \/>\n\ud83d\udcc9 El campo liquida menos y la demanda sube: el oficial ya est\u00e1 en $1380\u2013$1400.<\/p>\n","protected":false},"author":14,"featured_media":5421,"comment_status":"closed","ping_status":"","sticky":false,"template":"","format":"standard","meta":{"footnotes":"","_links_to":"","_links_to_target":""},"categories":[121,108,70,11,123,20,23,130,25],"tags":[29],"class_list":["post-5419","post","type-post","status-publish","format-standard","has-post-thumbnail","hentry","category-dc24","category-blogdiario","category-actualidad","category-america-del-sur","category-argentina","category-economia","category-politica","category-reportero-de-dinero","category-sociedad","tag-argentina","entry","double"],"yoast_head":"<!-- This site is optimized with the Yoast SEO plugin v27.4 - https:\/\/yoast.com\/product\/yoast-seo-wordpress\/ -->\n<title>D\u00f3lar en campa\u00f1a: entre el rulo pinchado y la espera del 27 - ElCanillita.Info<\/title>\n<meta name=\"robots\" content=\"index, follow, max-snippet:-1, max-image-preview:large, max-video-preview:-1\" \/>\n<link rel=\"canonical\" href=\"https:\/\/elcanillita.info\/press\/2025\/09\/29\/dolar-en-campana-entre-el-rulo-pinchado-y-la-espera-del-27\/\" \/>\n<meta property=\"og:locale\" content=\"es_ES\" \/>\n<meta property=\"og:type\" content=\"article\" \/>\n<meta property=\"og:title\" content=\"D\u00f3lar en campa\u00f1a: entre el rulo pinchado y la espera del 27 - ElCanillita.Info\" \/>\n<meta property=\"og:description\" content=\"\ud83c\udde6\ud83c\uddf7 Hasta el 26 de octubre: menos d\u00f3lares, m\u00e1s nervios. \ud83d\udcc9 El campo liquida menos y la demanda sube: el oficial ya est\u00e1 en $1380\u2013$1400.\" \/>\n<meta property=\"og:url\" content=\"https:\/\/elcanillita.info\/press\/2025\/09\/29\/dolar-en-campana-entre-el-rulo-pinchado-y-la-espera-del-27\/\" \/>\n<meta property=\"og:site_name\" content=\"ElCanillita.Info\" \/>\n<meta property=\"article:publisher\" content=\"https:\/\/ar-ar.facebook.com\/ElCanillitainfo-114249515285712\/\" \/>\n<meta property=\"article:published_time\" content=\"2025-09-29T21:10:12+00:00\" \/>\n<meta property=\"article:modified_time\" content=\"2025-09-30T08:14:52+00:00\" \/>\n<meta property=\"og:image\" content=\"https:\/\/elcanillita.info\/press\/images\/2025\/09\/img_0636-1.jpg\" \/>\n\t<meta property=\"og:image:width\" content=\"1024\" \/>\n\t<meta property=\"og:image:height\" content=\"1024\" \/>\n\t<meta property=\"og:image:type\" content=\"image\/jpeg\" \/>\n<meta name=\"author\" content=\"ElCanillita.info Guzzo Photos &amp; Graphic Publications\" \/>\n<meta name=\"twitter:card\" content=\"summary_large_image\" \/>\n<meta name=\"twitter:label1\" content=\"Escrito por\" \/>\n\t<meta name=\"twitter:data1\" content=\"ElCanillita.info Guzzo Photos &amp; Graphic Publications\" \/>\n\t<meta name=\"twitter:label2\" content=\"Tiempo de lectura\" \/>\n\t<meta name=\"twitter:data2\" content=\"2 minutos\" \/>\n<script type=\"application\/ld+json\" class=\"yoast-schema-graph\">{\"@context\":\"https:\\\/\\\/schema.org\",\"@graph\":[{\"@type\":\"Article\",\"@id\":\"https:\\\/\\\/elcanillita.info\\\/press\\\/2025\\\/09\\\/29\\\/dolar-en-campana-entre-el-rulo-pinchado-y-la-espera-del-27\\\/#article\",\"isPartOf\":{\"@id\":\"https:\\\/\\\/elcanillita.info\\\/press\\\/2025\\\/09\\\/29\\\/dolar-en-campana-entre-el-rulo-pinchado-y-la-espera-del-27\\\/\"},\"author\":{\"name\":\"ElCanillita.info Guzzo Photos &amp; Graphic Publications\",\"@id\":\"https:\\\/\\\/elcanillita.info\\\/press\\\/#\\\/schema\\\/person\\\/e37a550cff8f5f3407ed112e4cc619cb\"},\"headline\":\"D\u00f3lar en campa\u00f1a: entre el rulo pinchado y la espera del 27\",\"datePublished\":\"2025-09-29T21:10:12+00:00\",\"dateModified\":\"2025-09-30T08:14:52+00:00\",\"mainEntityOfPage\":{\"@id\":\"https:\\\/\\\/elcanillita.info\\\/press\\\/2025\\\/09\\\/29\\\/dolar-en-campana-entre-el-rulo-pinchado-y-la-espera-del-27\\\/\"},\"wordCount\":318,\"publisher\":{\"@id\":\"https:\\\/\\\/elcanillita.info\\\/press\\\/#organization\"},\"image\":{\"@id\":\"https:\\\/\\\/elcanillita.info\\\/press\\\/2025\\\/09\\\/29\\\/dolar-en-campana-entre-el-rulo-pinchado-y-la-espera-del-27\\\/#primaryimage\"},\"thumbnailUrl\":\"https:\\\/\\\/elcanillita.info\\\/press\\\/images\\\/2025\\\/09\\\/img_0636-1.jpg\",\"keywords\":[\"Argentina\"],\"articleSection\":[\".\",\".\",\"Actualidad\",\"Am\u00e9rica del Sur\",\"Argentina\",\"Economia\",\"Politica\",\"Reportero de dinero\",\"Sociedad\"],\"inLanguage\":\"es-AR\"},{\"@type\":\"WebPage\",\"@id\":\"https:\\\/\\\/elcanillita.info\\\/press\\\/2025\\\/09\\\/29\\\/dolar-en-campana-entre-el-rulo-pinchado-y-la-espera-del-27\\\/\",\"url\":\"https:\\\/\\\/elcanillita.info\\\/press\\\/2025\\\/09\\\/29\\\/dolar-en-campana-entre-el-rulo-pinchado-y-la-espera-del-27\\\/\",\"name\":\"D\u00f3lar en campa\u00f1a: entre el rulo pinchado y la espera del 27 - ElCanillita.Info\",\"isPartOf\":{\"@id\":\"https:\\\/\\\/elcanillita.info\\\/press\\\/#website\"},\"primaryImageOfPage\":{\"@id\":\"https:\\\/\\\/elcanillita.info\\\/press\\\/2025\\\/09\\\/29\\\/dolar-en-campana-entre-el-rulo-pinchado-y-la-espera-del-27\\\/#primaryimage\"},\"image\":{\"@id\":\"https:\\\/\\\/elcanillita.info\\\/press\\\/2025\\\/09\\\/29\\\/dolar-en-campana-entre-el-rulo-pinchado-y-la-espera-del-27\\\/#primaryimage\"},\"thumbnailUrl\":\"https:\\\/\\\/elcanillita.info\\\/press\\\/images\\\/2025\\\/09\\\/img_0636-1.jpg\",\"datePublished\":\"2025-09-29T21:10:12+00:00\",\"dateModified\":\"2025-09-30T08:14:52+00:00\",\"inLanguage\":\"es-AR\",\"potentialAction\":[{\"@type\":\"ReadAction\",\"target\":[\"https:\\\/\\\/elcanillita.info\\\/press\\\/2025\\\/09\\\/29\\\/dolar-en-campana-entre-el-rulo-pinchado-y-la-espera-del-27\\\/\"]}]},{\"@type\":\"ImageObject\",\"inLanguage\":\"es-AR\",\"@id\":\"https:\\\/\\\/elcanillita.info\\\/press\\\/2025\\\/09\\\/29\\\/dolar-en-campana-entre-el-rulo-pinchado-y-la-espera-del-27\\\/#primaryimage\",\"url\":\"https:\\\/\\\/elcanillita.info\\\/press\\\/images\\\/2025\\\/09\\\/img_0636-1.jpg\",\"contentUrl\":\"https:\\\/\\\/elcanillita.info\\\/press\\\/images\\\/2025\\\/09\\\/img_0636-1.jpg\",\"width\":1024,\"height\":1024},{\"@type\":\"WebSite\",\"@id\":\"https:\\\/\\\/elcanillita.info\\\/press\\\/#website\",\"url\":\"https:\\\/\\\/elcanillita.info\\\/press\\\/\",\"name\":\"ElCanillita.Info\",\"description\":\"desde los Apeninos a los Andes\",\"publisher\":{\"@id\":\"https:\\\/\\\/elcanillita.info\\\/press\\\/#organization\"},\"potentialAction\":[{\"@type\":\"SearchAction\",\"target\":{\"@type\":\"EntryPoint\",\"urlTemplate\":\"https:\\\/\\\/elcanillita.info\\\/press\\\/?s={search_term_string}\"},\"query-input\":{\"@type\":\"PropertyValueSpecification\",\"valueRequired\":true,\"valueName\":\"search_term_string\"}}],\"inLanguage\":\"es-AR\"},{\"@type\":\"Organization\",\"@id\":\"https:\\\/\\\/elcanillita.info\\\/press\\\/#organization\",\"name\":\"Guzzo Photos & Graphic Publications\",\"url\":\"https:\\\/\\\/elcanillita.info\\\/press\\\/\",\"logo\":{\"@type\":\"ImageObject\",\"inLanguage\":\"es-AR\",\"@id\":\"https:\\\/\\\/elcanillita.info\\\/press\\\/#\\\/schema\\\/logo\\\/image\\\/\",\"url\":\"https:\\\/\\\/elcanillita.info\\\/press\\\/images\\\/2020\\\/01\\\/cropped-cropped-cropped-elcanillitainfo.png\",\"contentUrl\":\"https:\\\/\\\/elcanillita.info\\\/press\\\/images\\\/2020\\\/01\\\/cropped-cropped-cropped-elcanillitainfo.png\",\"width\":460,\"height\":50,\"caption\":\"Guzzo Photos & Graphic Publications\"},\"image\":{\"@id\":\"https:\\\/\\\/elcanillita.info\\\/press\\\/#\\\/schema\\\/logo\\\/image\\\/\"},\"sameAs\":[\"https:\\\/\\\/ar-ar.facebook.com\\\/ElCanillitainfo-114249515285712\\\/\"]},{\"@type\":\"Person\",\"@id\":\"https:\\\/\\\/elcanillita.info\\\/press\\\/#\\\/schema\\\/person\\\/e37a550cff8f5f3407ed112e4cc619cb\",\"name\":\"ElCanillita.info Guzzo Photos &amp; Graphic Publications\",\"image\":{\"@type\":\"ImageObject\",\"inLanguage\":\"es-AR\",\"@id\":\"https:\\\/\\\/secure.gravatar.com\\\/avatar\\\/8914fbe0ef09248907e331ab93dfa89c7f76decf6b51cd1b2f8444e6260db772?s=96&d=mm&r=g\",\"url\":\"https:\\\/\\\/secure.gravatar.com\\\/avatar\\\/8914fbe0ef09248907e331ab93dfa89c7f76decf6b51cd1b2f8444e6260db772?s=96&d=mm&r=g\",\"contentUrl\":\"https:\\\/\\\/secure.gravatar.com\\\/avatar\\\/8914fbe0ef09248907e331ab93dfa89c7f76decf6b51cd1b2f8444e6260db772?s=96&d=mm&r=g\",\"caption\":\"ElCanillita.info Guzzo Photos &amp; Graphic Publications\"},\"sameAs\":[\"http:\\\/\\\/guzzophotos.com\"]}]}<\/script>\n<!-- \/ Yoast SEO plugin. -->","yoast_head_json":{"title":"D\u00f3lar en campa\u00f1a: entre el rulo pinchado y la espera del 27 - ElCanillita.Info","robots":{"index":"index","follow":"follow","max-snippet":"max-snippet:-1","max-image-preview":"max-image-preview:large","max-video-preview":"max-video-preview:-1"},"canonical":"https:\/\/elcanillita.info\/press\/2025\/09\/29\/dolar-en-campana-entre-el-rulo-pinchado-y-la-espera-del-27\/","og_locale":"es_ES","og_type":"article","og_title":"D\u00f3lar en campa\u00f1a: entre el rulo pinchado y la espera del 27 - ElCanillita.Info","og_description":"\ud83c\udde6\ud83c\uddf7 Hasta el 26 de octubre: menos d\u00f3lares, m\u00e1s nervios. \ud83d\udcc9 El campo liquida menos y la demanda sube: el oficial ya est\u00e1 en $1380\u2013$1400.","og_url":"https:\/\/elcanillita.info\/press\/2025\/09\/29\/dolar-en-campana-entre-el-rulo-pinchado-y-la-espera-del-27\/","og_site_name":"ElCanillita.Info","article_publisher":"https:\/\/ar-ar.facebook.com\/ElCanillitainfo-114249515285712\/","article_published_time":"2025-09-29T21:10:12+00:00","article_modified_time":"2025-09-30T08:14:52+00:00","og_image":[{"width":1024,"height":1024,"url":"https:\/\/elcanillita.info\/press\/images\/2025\/09\/img_0636-1.jpg","type":"image\/jpeg"}],"author":"ElCanillita.info Guzzo Photos &amp; Graphic Publications","twitter_card":"summary_large_image","twitter_misc":{"Escrito por":"ElCanillita.info Guzzo Photos &amp; Graphic Publications","Tiempo de lectura":"2 minutos"},"schema":{"@context":"https:\/\/schema.org","@graph":[{"@type":"Article","@id":"https:\/\/elcanillita.info\/press\/2025\/09\/29\/dolar-en-campana-entre-el-rulo-pinchado-y-la-espera-del-27\/#article","isPartOf":{"@id":"https:\/\/elcanillita.info\/press\/2025\/09\/29\/dolar-en-campana-entre-el-rulo-pinchado-y-la-espera-del-27\/"},"author":{"name":"ElCanillita.info Guzzo Photos &amp; Graphic Publications","@id":"https:\/\/elcanillita.info\/press\/#\/schema\/person\/e37a550cff8f5f3407ed112e4cc619cb"},"headline":"D\u00f3lar en campa\u00f1a: entre el rulo pinchado y la espera del 27","datePublished":"2025-09-29T21:10:12+00:00","dateModified":"2025-09-30T08:14:52+00:00","mainEntityOfPage":{"@id":"https:\/\/elcanillita.info\/press\/2025\/09\/29\/dolar-en-campana-entre-el-rulo-pinchado-y-la-espera-del-27\/"},"wordCount":318,"publisher":{"@id":"https:\/\/elcanillita.info\/press\/#organization"},"image":{"@id":"https:\/\/elcanillita.info\/press\/2025\/09\/29\/dolar-en-campana-entre-el-rulo-pinchado-y-la-espera-del-27\/#primaryimage"},"thumbnailUrl":"https:\/\/elcanillita.info\/press\/images\/2025\/09\/img_0636-1.jpg","keywords":["Argentina"],"articleSection":[".",".","Actualidad","Am\u00e9rica del Sur","Argentina","Economia","Politica","Reportero de dinero","Sociedad"],"inLanguage":"es-AR"},{"@type":"WebPage","@id":"https:\/\/elcanillita.info\/press\/2025\/09\/29\/dolar-en-campana-entre-el-rulo-pinchado-y-la-espera-del-27\/","url":"https:\/\/elcanillita.info\/press\/2025\/09\/29\/dolar-en-campana-entre-el-rulo-pinchado-y-la-espera-del-27\/","name":"D\u00f3lar en campa\u00f1a: entre el rulo pinchado y la espera del 27 - ElCanillita.Info","isPartOf":{"@id":"https:\/\/elcanillita.info\/press\/#website"},"primaryImageOfPage":{"@id":"https:\/\/elcanillita.info\/press\/2025\/09\/29\/dolar-en-campana-entre-el-rulo-pinchado-y-la-espera-del-27\/#primaryimage"},"image":{"@id":"https:\/\/elcanillita.info\/press\/2025\/09\/29\/dolar-en-campana-entre-el-rulo-pinchado-y-la-espera-del-27\/#primaryimage"},"thumbnailUrl":"https:\/\/elcanillita.info\/press\/images\/2025\/09\/img_0636-1.jpg","datePublished":"2025-09-29T21:10:12+00:00","dateModified":"2025-09-30T08:14:52+00:00","inLanguage":"es-AR","potentialAction":[{"@type":"ReadAction","target":["https:\/\/elcanillita.info\/press\/2025\/09\/29\/dolar-en-campana-entre-el-rulo-pinchado-y-la-espera-del-27\/"]}]},{"@type":"ImageObject","inLanguage":"es-AR","@id":"https:\/\/elcanillita.info\/press\/2025\/09\/29\/dolar-en-campana-entre-el-rulo-pinchado-y-la-espera-del-27\/#primaryimage","url":"https:\/\/elcanillita.info\/press\/images\/2025\/09\/img_0636-1.jpg","contentUrl":"https:\/\/elcanillita.info\/press\/images\/2025\/09\/img_0636-1.jpg","width":1024,"height":1024},{"@type":"WebSite","@id":"https:\/\/elcanillita.info\/press\/#website","url":"https:\/\/elcanillita.info\/press\/","name":"ElCanillita.Info","description":"desde los Apeninos a los Andes","publisher":{"@id":"https:\/\/elcanillita.info\/press\/#organization"},"potentialAction":[{"@type":"SearchAction","target":{"@type":"EntryPoint","urlTemplate":"https:\/\/elcanillita.info\/press\/?s={search_term_string}"},"query-input":{"@type":"PropertyValueSpecification","valueRequired":true,"valueName":"search_term_string"}}],"inLanguage":"es-AR"},{"@type":"Organization","@id":"https:\/\/elcanillita.info\/press\/#organization","name":"Guzzo Photos & Graphic Publications","url":"https:\/\/elcanillita.info\/press\/","logo":{"@type":"ImageObject","inLanguage":"es-AR","@id":"https:\/\/elcanillita.info\/press\/#\/schema\/logo\/image\/","url":"https:\/\/elcanillita.info\/press\/images\/2020\/01\/cropped-cropped-cropped-elcanillitainfo.png","contentUrl":"https:\/\/elcanillita.info\/press\/images\/2020\/01\/cropped-cropped-cropped-elcanillitainfo.png","width":460,"height":50,"caption":"Guzzo Photos & Graphic Publications"},"image":{"@id":"https:\/\/elcanillita.info\/press\/#\/schema\/logo\/image\/"},"sameAs":["https:\/\/ar-ar.facebook.com\/ElCanillitainfo-114249515285712\/"]},{"@type":"Person","@id":"https:\/\/elcanillita.info\/press\/#\/schema\/person\/e37a550cff8f5f3407ed112e4cc619cb","name":"ElCanillita.info Guzzo Photos &amp; Graphic Publications","image":{"@type":"ImageObject","inLanguage":"es-AR","@id":"https:\/\/secure.gravatar.com\/avatar\/8914fbe0ef09248907e331ab93dfa89c7f76decf6b51cd1b2f8444e6260db772?s=96&d=mm&r=g","url":"https:\/\/secure.gravatar.com\/avatar\/8914fbe0ef09248907e331ab93dfa89c7f76decf6b51cd1b2f8444e6260db772?s=96&d=mm&r=g","contentUrl":"https:\/\/secure.gravatar.com\/avatar\/8914fbe0ef09248907e331ab93dfa89c7f76decf6b51cd1b2f8444e6260db772?s=96&d=mm&r=g","caption":"ElCanillita.info Guzzo Photos &amp; Graphic Publications"},"sameAs":["http:\/\/guzzophotos.com"]}]}},"views":147,"_links":{"self":[{"href":"https:\/\/elcanillita.info\/press\/wp-json\/wp\/v2\/posts\/5419","targetHints":{"allow":["GET"]}}],"collection":[{"href":"https:\/\/elcanillita.info\/press\/wp-json\/wp\/v2\/posts"}],"about":[{"href":"https:\/\/elcanillita.info\/press\/wp-json\/wp\/v2\/types\/post"}],"author":[{"embeddable":true,"href":"https:\/\/elcanillita.info\/press\/wp-json\/wp\/v2\/users\/14"}],"replies":[{"embeddable":true,"href":"https:\/\/elcanillita.info\/press\/wp-json\/wp\/v2\/comments?post=5419"}],"version-history":[{"count":0,"href":"https:\/\/elcanillita.info\/press\/wp-json\/wp\/v2\/posts\/5419\/revisions"}],"wp:featuredmedia":[{"embeddable":true,"href":"https:\/\/elcanillita.info\/press\/wp-json\/wp\/v2\/media\/5421"}],"wp:attachment":[{"href":"https:\/\/elcanillita.info\/press\/wp-json\/wp\/v2\/media?parent=5419"}],"wp:term":[{"taxonomy":"category","embeddable":true,"href":"https:\/\/elcanillita.info\/press\/wp-json\/wp\/v2\/categories?post=5419"},{"taxonomy":"post_tag","embeddable":true,"href":"https:\/\/elcanillita.info\/press\/wp-json\/wp\/v2\/tags?post=5419"}],"curies":[{"name":"wp","href":"https:\/\/api.w.org\/{rel}","templated":true}]}}