{"id":5412,"date":"2025-09-26T17:44:31","date_gmt":"2025-09-26T20:44:31","guid":{"rendered":"https:\/\/elcanillita.info\/press\/?p=5412"},"modified":"2025-09-26T18:08:44","modified_gmt":"2025-09-26T21:08:44","slug":"erase-una-vez-gaza","status":"publish","type":"post","link":"https:\/\/elcanillita.info\/press\/2025\/09\/26\/erase-una-vez-gaza\/","title":{"rendered":"\u00c9rase una vez Gaza"},"content":{"rendered":"\n<figure class=\"wp-block-image size-full\"><img loading=\"lazy\" decoding=\"async\" width=\"600\" height=\"400\" src=\"https:\/\/elcanillita.info\/press\/images\/2025\/09\/mataEdit.jpg\" alt=\"\" class=\"wp-image-5413\" srcset=\"https:\/\/elcanillita.info\/press\/images\/2025\/09\/mataEdit.jpg 600w, https:\/\/elcanillita.info\/press\/images\/2025\/09\/mataEdit-300x200.jpg 300w\" sizes=\"auto, (max-width: 600px) 100vw, 600px\" \/><\/figure>\n\n\n\n<p>En Italia, cuando habla el presidente de la Rep\u00fablica, se escucha en silencio.<br>Esta vez, Sergio <strong>Mattarella<\/strong> alz\u00f3 la voz para pedir a la Flotilla Global Sumud que acepte la mediaci\u00f3n: entregar la ayuda humanitaria en Chipre, bajo la custodia del <strong>Patriarcado Latino de Jerusal\u00e9n<\/strong>, que luego la llevar\u00eda a Ashdod y, a trav\u00e9s de un corredor abierto por la <strong>Misericordia<\/strong>, hasta Gaza.<\/p>\n\n\n\n<p>El mensaje fue tan solemne como urgente: <em>\u201cEl valor de la vida humana nos exige evitar poner en peligro la seguridad de cualquier persona\u201d<\/em>.<\/p>\n\n\n\n<p>Pero la respuesta de la Flotilla fue tajante: <strong>\u201cno cambiaremos de rumbo\u201d<\/strong>.<\/p>\n\n\n\n<ul class=\"wp-block-list\">\n<li>Para los activistas, aceptar la propuesta equivaldr\u00eda a legitimar un bloqueo naval que consideran ilegal.<\/li>\n\n\n\n<li>\u201cEstamos dispuestos a considerar mediaciones, pero no a renunciar a navegar hasta Gaza\u201d, enfatiz\u00f3 la portavoz italiana Maria Elena Delia, quien regres\u00f3 a Roma para dialogar con las instituciones.<\/li>\n<\/ul>\n\n\n\n<p>Mientras tanto, la tensi\u00f3n aumenta:<\/p>\n\n\n\n<ul class=\"wp-block-list\">\n<li>Tel Aviv repite su advertencia: <em>\u201cNo permitiremos la violaci\u00f3n de un bloqueo naval leg\u00edtimo\u201d<\/em>.<\/li>\n\n\n\n<li>Los activistas recuerdan los drones que lanzaron granadas cegadoras durante la noche.<\/li>\n\n\n\n<li>El gobierno italiano, con Crosetto a la cabeza, insiste en que la prioridad es proteger a los cuatro parlamentarios y al resto de ciudadanos italianos embarcados.<\/li>\n<\/ul>\n\n\n\n<p>El choque parece inminente, pero las negociaciones no se detienen. Roma, Bruselas, Nicosia y Tel Aviv mantienen abiertos canales discretos.<br>El dilema est\u00e1 planteado: \u00bfprima la raz\u00f3n de Estado o la rebeld\u00eda de quienes quieren romper el asedio a toda costa?<\/p>\n\n\n\n<p>Mattarella cerr\u00f3 su apelaci\u00f3n con un llamado a la humanidad: <em>\u201cEn Gaza la vida humana ha perdido valor. No podemos permitirnos a\u00f1adir m\u00e1s riesgo al sufrimiento ya inhumano de su poblaci\u00f3n\u201d<\/em>.<\/p>\n\n\n\n<p>La Flotilla, sin embargo, prefiere mantener su propia partitura: avanzar hacia Gaza, cueste lo que cueste.<br><br>\u270d\ufe0f <small>\u00a9 2025 ElCanillita.info &#8211; All Rights Reserved<\/small><\/p>\n\n\n<hr style=\"border: none; height: 1px; background-color: #e0e0e0; max-width: 80%; margin: 2em auto;\" \/>\n<p>\u00bfQuieres decir algo ?<\/p>\n<p>\ud83d\udcec Envia tu texto a email@soapboxorators.org o bien sube a la Caja de los oradores: <br \/> SoapBoxOrators.org. <\/p>\n<p>\ud83c\udde6\ud83c\uddf7 CASTELLANO<\/p>\n<form action=\"https:\/\/formspree.io\/f\/mjkrjzed\" method=\"POST\">\n  <label for=\"name\">Nombre o seud\u00f3nimo:<\/label><br \/>\n  <input type=\"text\" id=\"name\" name=\"name\" required><\/p>\n<p>  <label for=\"title\">T\u00edtulo del discurso o editorial:<\/label><br \/>\n  <input type=\"text\" id=\"title\" name=\"title\" required><\/p>\n<p>  <label for=\"message\">Texto (m\u00e1x. 3.000 caracteres):<\/label><br \/>\n  <textarea id=\"message\" name=\"message\" rows=\"10\" maxlength=\"3000\" required><\/textarea><\/p>\n<p>  <label><br \/>\n    <input type=\"checkbox\" name=\"consent\" required><br \/>\n    Autorizo la publicaci\u00f3n de este texto en SoapboxOrators.org<br \/>\n  <\/label><\/p>\n<p>  <button type=\"submit\">Enviar<\/button><br \/>\n  <button type=\"reset\">Borrar<\/button><br \/>\n<\/form>\n\n\n<p><small>\u00a9 2025 ElCanillita.info &#8211; All Rights Reserved &#8211; SalaStampa.eu, world press service -Guzzo Photos &amp; Graphic Publications \u2013 Registro Editori e Stampatori n. 1441 Turin, Italy<\/small><\/p>\n","protected":false},"excerpt":{"rendered":"<p>\ud83d\udea2\ud83c\uddee\ud83c\uddf9 NAVAL DURA PALESTRA<br \/>\nMattarella pide a la Flotilla aceptar mediaci\u00f3n y entregar ayuda en Chipre: \u201cLa vida humana exige evitar m\u00e1s riesgos\u201d.<br \/>\nLa respuesta: \u201cSeguimos rumbo a Gaza\u201d.<br \/>\nRoma y Tel Aviv negocian a contrarreloj.<\/p>\n","protected":false},"author":14,"featured_media":5413,"comment_status":"closed","ping_status":"closed","sticky":false,"template":"","format":"standard","meta":{"footnotes":"","_links_to":"","_links_to_target":""},"categories":[121,108,70,119,15,23],"tags":[142,67,60],"class_list":["post-5412","post","type-post","status-publish","format-standard","has-post-thumbnail","hentry","category-dc24","category-blogdiario","category-actualidad","category-guerra","category-medio-oriente","category-politica","tag-gaza","tag-israel","tag-italia","entry","double"],"yoast_head":"<!-- This site is optimized with the Yoast SEO plugin v27.4 - https:\/\/yoast.com\/product\/yoast-seo-wordpress\/ -->\n<title>\u00c9rase una vez Gaza - ElCanillita.Info<\/title>\n<meta name=\"robots\" content=\"index, follow, max-snippet:-1, max-image-preview:large, max-video-preview:-1\" \/>\n<link rel=\"canonical\" href=\"https:\/\/elcanillita.info\/press\/2025\/09\/26\/erase-una-vez-gaza\/\" \/>\n<meta property=\"og:locale\" content=\"es_ES\" \/>\n<meta property=\"og:type\" content=\"article\" \/>\n<meta property=\"og:title\" content=\"\u00c9rase una vez Gaza - ElCanillita.Info\" \/>\n<meta property=\"og:description\" content=\"\ud83d\udea2\ud83c\uddee\ud83c\uddf9 NAVAL DURA PALESTRA Mattarella pide a la Flotilla aceptar mediaci\u00f3n y entregar ayuda en Chipre: \u201cLa vida humana exige evitar m\u00e1s riesgos\u201d. La respuesta: \u201cSeguimos rumbo a Gaza\u201d. Roma y Tel Aviv negocian a contrarreloj.\" \/>\n<meta property=\"og:url\" content=\"https:\/\/elcanillita.info\/press\/2025\/09\/26\/erase-una-vez-gaza\/\" \/>\n<meta property=\"og:site_name\" content=\"ElCanillita.Info\" \/>\n<meta property=\"article:publisher\" content=\"https:\/\/ar-ar.facebook.com\/ElCanillitainfo-114249515285712\/\" \/>\n<meta property=\"article:published_time\" content=\"2025-09-26T20:44:31+00:00\" \/>\n<meta property=\"article:modified_time\" content=\"2025-09-26T21:08:44+00:00\" \/>\n<meta property=\"og:image\" content=\"https:\/\/elcanillita.info\/press\/images\/2025\/09\/mataEdit.jpg\" \/>\n\t<meta property=\"og:image:width\" content=\"600\" \/>\n\t<meta property=\"og:image:height\" content=\"400\" \/>\n\t<meta property=\"og:image:type\" content=\"image\/jpeg\" \/>\n<meta name=\"author\" content=\"ElCanillita.info Guzzo Photos &amp; Graphic Publications\" \/>\n<meta name=\"twitter:card\" content=\"summary_large_image\" \/>\n<meta name=\"twitter:label1\" content=\"Escrito por\" \/>\n\t<meta name=\"twitter:data1\" content=\"ElCanillita.info Guzzo Photos &amp; Graphic Publications\" \/>\n\t<meta name=\"twitter:label2\" content=\"Tiempo de lectura\" \/>\n\t<meta name=\"twitter:data2\" content=\"3 minutos\" \/>\n<script type=\"application\/ld+json\" class=\"yoast-schema-graph\">{\"@context\":\"https:\\\/\\\/schema.org\",\"@graph\":[{\"@type\":\"Article\",\"@id\":\"https:\\\/\\\/elcanillita.info\\\/press\\\/2025\\\/09\\\/26\\\/erase-una-vez-gaza\\\/#article\",\"isPartOf\":{\"@id\":\"https:\\\/\\\/elcanillita.info\\\/press\\\/2025\\\/09\\\/26\\\/erase-una-vez-gaza\\\/\"},\"author\":{\"name\":\"ElCanillita.info Guzzo Photos &amp; Graphic Publications\",\"@id\":\"https:\\\/\\\/elcanillita.info\\\/press\\\/#\\\/schema\\\/person\\\/e37a550cff8f5f3407ed112e4cc619cb\"},\"headline\":\"\u00c9rase una vez Gaza\",\"datePublished\":\"2025-09-26T20:44:31+00:00\",\"dateModified\":\"2025-09-26T21:08:44+00:00\",\"mainEntityOfPage\":{\"@id\":\"https:\\\/\\\/elcanillita.info\\\/press\\\/2025\\\/09\\\/26\\\/erase-una-vez-gaza\\\/\"},\"wordCount\":385,\"publisher\":{\"@id\":\"https:\\\/\\\/elcanillita.info\\\/press\\\/#organization\"},\"image\":{\"@id\":\"https:\\\/\\\/elcanillita.info\\\/press\\\/2025\\\/09\\\/26\\\/erase-una-vez-gaza\\\/#primaryimage\"},\"thumbnailUrl\":\"https:\\\/\\\/elcanillita.info\\\/press\\\/images\\\/2025\\\/09\\\/mataEdit.jpg\",\"keywords\":[\"Gaza\",\"Israel\",\"Italia\"],\"articleSection\":[\".\",\".\",\"Actualidad\",\"Guerra\",\"Medio Oriente\",\"Politica\"],\"inLanguage\":\"es-AR\"},{\"@type\":\"WebPage\",\"@id\":\"https:\\\/\\\/elcanillita.info\\\/press\\\/2025\\\/09\\\/26\\\/erase-una-vez-gaza\\\/\",\"url\":\"https:\\\/\\\/elcanillita.info\\\/press\\\/2025\\\/09\\\/26\\\/erase-una-vez-gaza\\\/\",\"name\":\"\u00c9rase una vez Gaza - ElCanillita.Info\",\"isPartOf\":{\"@id\":\"https:\\\/\\\/elcanillita.info\\\/press\\\/#website\"},\"primaryImageOfPage\":{\"@id\":\"https:\\\/\\\/elcanillita.info\\\/press\\\/2025\\\/09\\\/26\\\/erase-una-vez-gaza\\\/#primaryimage\"},\"image\":{\"@id\":\"https:\\\/\\\/elcanillita.info\\\/press\\\/2025\\\/09\\\/26\\\/erase-una-vez-gaza\\\/#primaryimage\"},\"thumbnailUrl\":\"https:\\\/\\\/elcanillita.info\\\/press\\\/images\\\/2025\\\/09\\\/mataEdit.jpg\",\"datePublished\":\"2025-09-26T20:44:31+00:00\",\"dateModified\":\"2025-09-26T21:08:44+00:00\",\"inLanguage\":\"es-AR\",\"potentialAction\":[{\"@type\":\"ReadAction\",\"target\":[\"https:\\\/\\\/elcanillita.info\\\/press\\\/2025\\\/09\\\/26\\\/erase-una-vez-gaza\\\/\"]}]},{\"@type\":\"ImageObject\",\"inLanguage\":\"es-AR\",\"@id\":\"https:\\\/\\\/elcanillita.info\\\/press\\\/2025\\\/09\\\/26\\\/erase-una-vez-gaza\\\/#primaryimage\",\"url\":\"https:\\\/\\\/elcanillita.info\\\/press\\\/images\\\/2025\\\/09\\\/mataEdit.jpg\",\"contentUrl\":\"https:\\\/\\\/elcanillita.info\\\/press\\\/images\\\/2025\\\/09\\\/mataEdit.jpg\",\"width\":600,\"height\":400},{\"@type\":\"WebSite\",\"@id\":\"https:\\\/\\\/elcanillita.info\\\/press\\\/#website\",\"url\":\"https:\\\/\\\/elcanillita.info\\\/press\\\/\",\"name\":\"ElCanillita.Info\",\"description\":\"desde los Apeninos a los Andes\",\"publisher\":{\"@id\":\"https:\\\/\\\/elcanillita.info\\\/press\\\/#organization\"},\"potentialAction\":[{\"@type\":\"SearchAction\",\"target\":{\"@type\":\"EntryPoint\",\"urlTemplate\":\"https:\\\/\\\/elcanillita.info\\\/press\\\/?s={search_term_string}\"},\"query-input\":{\"@type\":\"PropertyValueSpecification\",\"valueRequired\":true,\"valueName\":\"search_term_string\"}}],\"inLanguage\":\"es-AR\"},{\"@type\":\"Organization\",\"@id\":\"https:\\\/\\\/elcanillita.info\\\/press\\\/#organization\",\"name\":\"Guzzo Photos & Graphic Publications\",\"url\":\"https:\\\/\\\/elcanillita.info\\\/press\\\/\",\"logo\":{\"@type\":\"ImageObject\",\"inLanguage\":\"es-AR\",\"@id\":\"https:\\\/\\\/elcanillita.info\\\/press\\\/#\\\/schema\\\/logo\\\/image\\\/\",\"url\":\"https:\\\/\\\/elcanillita.info\\\/press\\\/images\\\/2020\\\/01\\\/cropped-cropped-cropped-elcanillitainfo.png\",\"contentUrl\":\"https:\\\/\\\/elcanillita.info\\\/press\\\/images\\\/2020\\\/01\\\/cropped-cropped-cropped-elcanillitainfo.png\",\"width\":460,\"height\":50,\"caption\":\"Guzzo Photos & Graphic Publications\"},\"image\":{\"@id\":\"https:\\\/\\\/elcanillita.info\\\/press\\\/#\\\/schema\\\/logo\\\/image\\\/\"},\"sameAs\":[\"https:\\\/\\\/ar-ar.facebook.com\\\/ElCanillitainfo-114249515285712\\\/\"]},{\"@type\":\"Person\",\"@id\":\"https:\\\/\\\/elcanillita.info\\\/press\\\/#\\\/schema\\\/person\\\/e37a550cff8f5f3407ed112e4cc619cb\",\"name\":\"ElCanillita.info Guzzo Photos &amp; Graphic Publications\",\"image\":{\"@type\":\"ImageObject\",\"inLanguage\":\"es-AR\",\"@id\":\"https:\\\/\\\/secure.gravatar.com\\\/avatar\\\/8914fbe0ef09248907e331ab93dfa89c7f76decf6b51cd1b2f8444e6260db772?s=96&d=mm&r=g\",\"url\":\"https:\\\/\\\/secure.gravatar.com\\\/avatar\\\/8914fbe0ef09248907e331ab93dfa89c7f76decf6b51cd1b2f8444e6260db772?s=96&d=mm&r=g\",\"contentUrl\":\"https:\\\/\\\/secure.gravatar.com\\\/avatar\\\/8914fbe0ef09248907e331ab93dfa89c7f76decf6b51cd1b2f8444e6260db772?s=96&d=mm&r=g\",\"caption\":\"ElCanillita.info Guzzo Photos &amp; Graphic Publications\"},\"sameAs\":[\"http:\\\/\\\/guzzophotos.com\"]}]}<\/script>\n<!-- \/ Yoast SEO plugin. -->","yoast_head_json":{"title":"\u00c9rase una vez Gaza - ElCanillita.Info","robots":{"index":"index","follow":"follow","max-snippet":"max-snippet:-1","max-image-preview":"max-image-preview:large","max-video-preview":"max-video-preview:-1"},"canonical":"https:\/\/elcanillita.info\/press\/2025\/09\/26\/erase-una-vez-gaza\/","og_locale":"es_ES","og_type":"article","og_title":"\u00c9rase una vez Gaza - ElCanillita.Info","og_description":"\ud83d\udea2\ud83c\uddee\ud83c\uddf9 NAVAL DURA PALESTRA Mattarella pide a la Flotilla aceptar mediaci\u00f3n y entregar ayuda en Chipre: \u201cLa vida humana exige evitar m\u00e1s riesgos\u201d. La respuesta: \u201cSeguimos rumbo a Gaza\u201d. Roma y Tel Aviv negocian a contrarreloj.","og_url":"https:\/\/elcanillita.info\/press\/2025\/09\/26\/erase-una-vez-gaza\/","og_site_name":"ElCanillita.Info","article_publisher":"https:\/\/ar-ar.facebook.com\/ElCanillitainfo-114249515285712\/","article_published_time":"2025-09-26T20:44:31+00:00","article_modified_time":"2025-09-26T21:08:44+00:00","og_image":[{"width":600,"height":400,"url":"https:\/\/elcanillita.info\/press\/images\/2025\/09\/mataEdit.jpg","type":"image\/jpeg"}],"author":"ElCanillita.info Guzzo Photos &amp; Graphic Publications","twitter_card":"summary_large_image","twitter_misc":{"Escrito por":"ElCanillita.info Guzzo Photos &amp; Graphic Publications","Tiempo de lectura":"3 minutos"},"schema":{"@context":"https:\/\/schema.org","@graph":[{"@type":"Article","@id":"https:\/\/elcanillita.info\/press\/2025\/09\/26\/erase-una-vez-gaza\/#article","isPartOf":{"@id":"https:\/\/elcanillita.info\/press\/2025\/09\/26\/erase-una-vez-gaza\/"},"author":{"name":"ElCanillita.info Guzzo Photos &amp; Graphic Publications","@id":"https:\/\/elcanillita.info\/press\/#\/schema\/person\/e37a550cff8f5f3407ed112e4cc619cb"},"headline":"\u00c9rase una vez Gaza","datePublished":"2025-09-26T20:44:31+00:00","dateModified":"2025-09-26T21:08:44+00:00","mainEntityOfPage":{"@id":"https:\/\/elcanillita.info\/press\/2025\/09\/26\/erase-una-vez-gaza\/"},"wordCount":385,"publisher":{"@id":"https:\/\/elcanillita.info\/press\/#organization"},"image":{"@id":"https:\/\/elcanillita.info\/press\/2025\/09\/26\/erase-una-vez-gaza\/#primaryimage"},"thumbnailUrl":"https:\/\/elcanillita.info\/press\/images\/2025\/09\/mataEdit.jpg","keywords":["Gaza","Israel","Italia"],"articleSection":[".",".","Actualidad","Guerra","Medio Oriente","Politica"],"inLanguage":"es-AR"},{"@type":"WebPage","@id":"https:\/\/elcanillita.info\/press\/2025\/09\/26\/erase-una-vez-gaza\/","url":"https:\/\/elcanillita.info\/press\/2025\/09\/26\/erase-una-vez-gaza\/","name":"\u00c9rase una vez Gaza - ElCanillita.Info","isPartOf":{"@id":"https:\/\/elcanillita.info\/press\/#website"},"primaryImageOfPage":{"@id":"https:\/\/elcanillita.info\/press\/2025\/09\/26\/erase-una-vez-gaza\/#primaryimage"},"image":{"@id":"https:\/\/elcanillita.info\/press\/2025\/09\/26\/erase-una-vez-gaza\/#primaryimage"},"thumbnailUrl":"https:\/\/elcanillita.info\/press\/images\/2025\/09\/mataEdit.jpg","datePublished":"2025-09-26T20:44:31+00:00","dateModified":"2025-09-26T21:08:44+00:00","inLanguage":"es-AR","potentialAction":[{"@type":"ReadAction","target":["https:\/\/elcanillita.info\/press\/2025\/09\/26\/erase-una-vez-gaza\/"]}]},{"@type":"ImageObject","inLanguage":"es-AR","@id":"https:\/\/elcanillita.info\/press\/2025\/09\/26\/erase-una-vez-gaza\/#primaryimage","url":"https:\/\/elcanillita.info\/press\/images\/2025\/09\/mataEdit.jpg","contentUrl":"https:\/\/elcanillita.info\/press\/images\/2025\/09\/mataEdit.jpg","width":600,"height":400},{"@type":"WebSite","@id":"https:\/\/elcanillita.info\/press\/#website","url":"https:\/\/elcanillita.info\/press\/","name":"ElCanillita.Info","description":"desde los Apeninos a los Andes","publisher":{"@id":"https:\/\/elcanillita.info\/press\/#organization"},"potentialAction":[{"@type":"SearchAction","target":{"@type":"EntryPoint","urlTemplate":"https:\/\/elcanillita.info\/press\/?s={search_term_string}"},"query-input":{"@type":"PropertyValueSpecification","valueRequired":true,"valueName":"search_term_string"}}],"inLanguage":"es-AR"},{"@type":"Organization","@id":"https:\/\/elcanillita.info\/press\/#organization","name":"Guzzo Photos & Graphic Publications","url":"https:\/\/elcanillita.info\/press\/","logo":{"@type":"ImageObject","inLanguage":"es-AR","@id":"https:\/\/elcanillita.info\/press\/#\/schema\/logo\/image\/","url":"https:\/\/elcanillita.info\/press\/images\/2020\/01\/cropped-cropped-cropped-elcanillitainfo.png","contentUrl":"https:\/\/elcanillita.info\/press\/images\/2020\/01\/cropped-cropped-cropped-elcanillitainfo.png","width":460,"height":50,"caption":"Guzzo Photos & Graphic Publications"},"image":{"@id":"https:\/\/elcanillita.info\/press\/#\/schema\/logo\/image\/"},"sameAs":["https:\/\/ar-ar.facebook.com\/ElCanillitainfo-114249515285712\/"]},{"@type":"Person","@id":"https:\/\/elcanillita.info\/press\/#\/schema\/person\/e37a550cff8f5f3407ed112e4cc619cb","name":"ElCanillita.info Guzzo Photos &amp; Graphic Publications","image":{"@type":"ImageObject","inLanguage":"es-AR","@id":"https:\/\/secure.gravatar.com\/avatar\/8914fbe0ef09248907e331ab93dfa89c7f76decf6b51cd1b2f8444e6260db772?s=96&d=mm&r=g","url":"https:\/\/secure.gravatar.com\/avatar\/8914fbe0ef09248907e331ab93dfa89c7f76decf6b51cd1b2f8444e6260db772?s=96&d=mm&r=g","contentUrl":"https:\/\/secure.gravatar.com\/avatar\/8914fbe0ef09248907e331ab93dfa89c7f76decf6b51cd1b2f8444e6260db772?s=96&d=mm&r=g","caption":"ElCanillita.info Guzzo Photos &amp; Graphic Publications"},"sameAs":["http:\/\/guzzophotos.com"]}]}},"views":174,"_links":{"self":[{"href":"https:\/\/elcanillita.info\/press\/wp-json\/wp\/v2\/posts\/5412","targetHints":{"allow":["GET"]}}],"collection":[{"href":"https:\/\/elcanillita.info\/press\/wp-json\/wp\/v2\/posts"}],"about":[{"href":"https:\/\/elcanillita.info\/press\/wp-json\/wp\/v2\/types\/post"}],"author":[{"embeddable":true,"href":"https:\/\/elcanillita.info\/press\/wp-json\/wp\/v2\/users\/14"}],"replies":[{"embeddable":true,"href":"https:\/\/elcanillita.info\/press\/wp-json\/wp\/v2\/comments?post=5412"}],"version-history":[{"count":0,"href":"https:\/\/elcanillita.info\/press\/wp-json\/wp\/v2\/posts\/5412\/revisions"}],"wp:featuredmedia":[{"embeddable":true,"href":"https:\/\/elcanillita.info\/press\/wp-json\/wp\/v2\/media\/5413"}],"wp:attachment":[{"href":"https:\/\/elcanillita.info\/press\/wp-json\/wp\/v2\/media?parent=5412"}],"wp:term":[{"taxonomy":"category","embeddable":true,"href":"https:\/\/elcanillita.info\/press\/wp-json\/wp\/v2\/categories?post=5412"},{"taxonomy":"post_tag","embeddable":true,"href":"https:\/\/elcanillita.info\/press\/wp-json\/wp\/v2\/tags?post=5412"}],"curies":[{"name":"wp","href":"https:\/\/api.w.org\/{rel}","templated":true}]}}