{"id":5409,"date":"2025-09-26T00:53:07","date_gmt":"2025-09-26T03:53:07","guid":{"rendered":"https:\/\/elcanillita.info\/press\/?p=5409"},"modified":"2025-09-26T00:53:07","modified_gmt":"2025-09-26T03:53:07","slug":"la-mediacion-italiana-se-hunde-en-la-global-sumud-flotilla","status":"publish","type":"post","link":"https:\/\/elcanillita.info\/press\/2025\/09\/26\/la-mediacion-italiana-se-hunde-en-la-global-sumud-flotilla\/","title":{"rendered":"La mediaci\u00f3n italiana se hunde en la Global Sumud Flotilla"},"content":{"rendered":"\n<figure class=\"wp-block-image size-large\"><img loading=\"lazy\" decoding=\"async\" width=\"1024\" height=\"683\" src=\"https:\/\/elcanillita.info\/press\/images\/2025\/09\/img_0597-1024x683.jpg\" alt=\"\" class=\"wp-image-5410\" srcset=\"https:\/\/elcanillita.info\/press\/images\/2025\/09\/img_0597-1024x683.jpg 1024w, https:\/\/elcanillita.info\/press\/images\/2025\/09\/img_0597-300x200.jpg 300w, https:\/\/elcanillita.info\/press\/images\/2025\/09\/img_0597-768x512.jpg 768w, https:\/\/elcanillita.info\/press\/images\/2025\/09\/img_0597.jpg 1536w\" sizes=\"auto, (max-width: 1024px) 100vw, 1024px\" \/><\/figure>\n\n\n\n<p class=\"p1\">La escena se repite con sabor amargo.<\/p>\n\n\n\n<p class=\"p1\">Una flotilla de 50 barcos \u2013entre ellos, la de Greta Thunberg\u2013 navega desde Creta hacia Gaza con la misi\u00f3n declarada de romper el bloqueo. Los activistas aseguran que \u201cno dejaremos la ayuda en Chipre\u201d, porque hacerlo ser\u00eda traicionar el objetivo de su viaje: entrar a Gaza.<\/p>\n\n\n\n<p class=\"p1\">Pero desde Israel, el mensaje es de hierro: \u201cNo permitiremos la entrada de barcos en una zona de combate activa ni la violaci\u00f3n de un bloqueo naval leg\u00edtimo\u201d, advirti\u00f3 el ministro de Exteriores Gideon Sa\u2019ar.<\/p>\n\n\n\n<p class=\"p1\">Italia intent\u00f3 mediar. Guido Crosetto, ministro de Defensa, puso sobre la mesa una salida \u201csegura\u201d: descargar en Chipre, trasladar la ayuda al puerto israel\u00ed de Ashdod y, de all\u00ed, v\u00eda corredor humanitario, a Gaza. La propuesta fue rechazada. Igual que la alternativa de Ashkelon, a \u201cminutos de Gaza\u201d.<\/p>\n\n\n\n<p class=\"p1\">El resultado: la ruta de colisi\u00f3n parece inevitable.<\/p>\n\n\n\n<p class=\"p3\">La Farnesina ya envi\u00f3 un mensaje claro a los participantes italianos: continuar significa hacerlo \u201cbajo su propia responsabilidad\u201d. Crosetto advirti\u00f3 en el Parlamento que cuando la flotilla cruce las aguas internacionales, \u201cnadie podr\u00e1 garantizar la seguridad\u201d. Mientras tanto, las fragatas Fasan (Italia) y otra unidad espa\u00f1ola vigilan discretamente, con relevo programado para el viernes con el Alpino.<\/p>\n\n\n\n<p class=\"p1\">\u00bfPodr\u00e1n intervenir en caso de choque? Crosetto lo descart\u00f3: \u201cNo haremos la guerra a un pa\u00eds amigo. Estamos ah\u00ed para proteger a nuestros ciudadanos, no para escoltar la flotilla\u201d.<\/p>\n\n\n\n<p class=\"p1\">En Tel Aviv se insiste: la flotilla es \u201cprovocaci\u00f3n al servicio de Hamas, no un esfuerzo humanitario\u201d. En la otra orilla, los activistas replican: \u201cIsrael no tiene ninguna autoridad sobre las aguas de Gaza. No nos intimida. No daremos marcha atr\u00e1s. Esto no es solo una misi\u00f3n, es una toma de posici\u00f3n contra el genocidio\u201d.<\/p>\n\n\n\n<p class=\"p1\">La historia pesa como una sombra. El 31 de mayo de 2010, la llamada Freedom Flotilla intent\u00f3 lo mismo: diez civiles murieron tras la intervenci\u00f3n del ej\u00e9rcito israel\u00ed. Hoy el recuerdo es un fantasma que sobrevuela cada ola.<\/p>\n\n\n\n<p class=\"p1\">Italia sigue en la primera l\u00ednea de la mediaci\u00f3n, pero con un margen cada vez m\u00e1s estrecho. Crosetto lanz\u00f3 la pregunta al aire: \u201c\u00bfera realmente necesario poner en peligro la seguridad de ciudadanos italianos para llevar ayuda a Gaza?\u201d<\/p>\n\n\n\n<p class=\"p1\">La respuesta no est\u00e1 en Roma, ni en Tel Aviv. Est\u00e1 en alta mar, donde los barcos avanzan hacia un horizonte cargado de tormenta.<\/p>\n\n\n\n<p><\/p>\n\n\n\n<p>\u270d\ufe0f \u00a9\ufe0f 2025 ElCanillita.info \u2013 All Rights Reserved<\/p>\n\n\n\n<p><\/p>\n\n\n<hr style=\"\n    border: none;\n    height: 1px;\n    background: linear-gradient(to right, transparent, #ccc, transparent);\n    margin: 0;\n\" \/><\/p>\n<p><strong>\u00bfQuieres decir algo?<\/strong><\/p>\n<p>\ud83d\udcec Env\u00eda tu texto a : email@soapboxorators.org o s\u00fabelo a la Speakers&#8217; Box: SoapBoxOrators.org.<\/p>\n<p><!-- \/wp:post-content --><\/p>\n<form action=\"https:\/\/formspree.io\/f\/mjkrjzed\" method=\"POST\">\n  <label for=\"name\">Nombre o seud\u00f3nimo:<\/label><br \/>\n  <input type=\"text\" id=\"name\" name=\"name\" required><\/p>\n<p>  <label for=\"title\">T\u00edtulo del discurso\/editorial:<\/label><br \/>\n  <input type=\"text\" id=\"title\" name=\"title\" required><\/p>\n<p>  <label for=\"message\">Texto (m\u00e1x. 3.000 caracteres):<\/label><br \/>\n  <textarea id=\"message\" name=\"message\" rows=\"10\" maxlength=\"3000\" required><\/textarea><\/p>\n<p>  <label><br \/>\n    <input type=\"checkbox\" name=\"consent\" required><br \/>\n    Autorizo la publicaci\u00f3n de este texto en SoapboxOrators.org<br \/>\n  <\/label><\/p>\n<p>  <button type=\"submit\">Enviar<\/button><br \/>\n  <button type=\"reset\">Borrar formulario<\/button><\/p>\n<\/form>\n<p><!-- wp:paragraph --><\/p>\n<p><!-- \/wp:paragraph --><\/p>\n<p><!-- wp:paragraph --><\/p>\n<p><!-- \/wp:paragraph --><\/p>\n<p><small>\u00a9\ufe0f2025  Guzzo Photos  &#038; Graphic Publications \u2013 All Rights Reserved \u2013 Copyright \u00a9\ufe0f 2025 ElCanillita.info \/ SoapBoxOrators.org \/SalaStampa.eu, world press service \u2013 Guzzo Photos &#038; Graphic Publications \u2013 Registro Editori e Stampatori n. 1441 Turin, Italy<\/small><\/p>\n<p><!-- wp:paragraph --><\/p>\n<p><!-- \/wp:paragraph --><\/p>","protected":false},"excerpt":{"rendered":"<p>\ud83c\udf0a\ud83d\udea2 La mediaci\u00f3n italiana se hunde.<br \/>\nLa Flotilla Global Sumud rechaza parar en Chipre y sigue hacia Gaza.<br \/>\nCrosetto advierte: \u201ccuando salgan de aguas internacionales nadie podr\u00e1 garantizar su seguridad\u201d.<br \/>\nIsrael promete impedir la entrada. Fantasma 2010 en el aire.<\/p>\n","protected":false},"author":14,"featured_media":5411,"comment_status":"closed","ping_status":"","sticky":false,"template":"","format":"standard","meta":{"footnotes":"","_links_to":"","_links_to_target":""},"categories":[108,121,70,119,15,23,137],"tags":[],"class_list":["post-5409","post","type-post","status-publish","format-standard","has-post-thumbnail","hentry","category-blogdiario","category-dc24","category-actualidad","category-guerra","category-medio-oriente","category-politica","category-sociedad-y-valores","entry","double"],"yoast_head":"<!-- This site is optimized with the Yoast SEO plugin v27.4 - https:\/\/yoast.com\/product\/yoast-seo-wordpress\/ -->\n<title>La mediaci\u00f3n italiana se hunde en la Global Sumud Flotilla - ElCanillita.Info<\/title>\n<meta name=\"robots\" content=\"index, follow, max-snippet:-1, max-image-preview:large, max-video-preview:-1\" \/>\n<link rel=\"canonical\" href=\"https:\/\/elcanillita.info\/press\/2025\/09\/26\/la-mediacion-italiana-se-hunde-en-la-global-sumud-flotilla\/\" \/>\n<meta property=\"og:locale\" content=\"es_ES\" \/>\n<meta property=\"og:type\" content=\"article\" \/>\n<meta property=\"og:title\" content=\"La mediaci\u00f3n italiana se hunde en la Global Sumud Flotilla - ElCanillita.Info\" \/>\n<meta property=\"og:description\" content=\"\ud83c\udf0a\ud83d\udea2 La mediaci\u00f3n italiana se hunde. La Flotilla Global Sumud rechaza parar en Chipre y sigue hacia Gaza. Crosetto advierte: \u201ccuando salgan de aguas internacionales nadie podr\u00e1 garantizar su seguridad\u201d. Israel promete impedir la entrada. Fantasma 2010 en el aire.\" \/>\n<meta property=\"og:url\" content=\"https:\/\/elcanillita.info\/press\/2025\/09\/26\/la-mediacion-italiana-se-hunde-en-la-global-sumud-flotilla\/\" \/>\n<meta property=\"og:site_name\" content=\"ElCanillita.Info\" \/>\n<meta property=\"article:publisher\" content=\"https:\/\/ar-ar.facebook.com\/ElCanillitainfo-114249515285712\/\" \/>\n<meta property=\"article:published_time\" content=\"2025-09-26T03:53:07+00:00\" \/>\n<meta property=\"og:image\" content=\"https:\/\/elcanillita.info\/press\/images\/2025\/09\/img_0597-1.jpg\" \/>\n\t<meta property=\"og:image:width\" content=\"1536\" \/>\n\t<meta property=\"og:image:height\" content=\"1024\" \/>\n\t<meta property=\"og:image:type\" content=\"image\/jpeg\" \/>\n<meta name=\"author\" content=\"ElCanillita.info Guzzo Photos &amp; Graphic Publications\" \/>\n<meta name=\"twitter:card\" content=\"summary_large_image\" \/>\n<meta name=\"twitter:label1\" content=\"Escrito por\" \/>\n\t<meta name=\"twitter:data1\" content=\"ElCanillita.info Guzzo Photos &amp; Graphic Publications\" \/>\n\t<meta name=\"twitter:label2\" content=\"Tiempo de lectura\" \/>\n\t<meta name=\"twitter:data2\" content=\"2 minutos\" \/>\n<script type=\"application\/ld+json\" class=\"yoast-schema-graph\">{\"@context\":\"https:\\\/\\\/schema.org\",\"@graph\":[{\"@type\":\"Article\",\"@id\":\"https:\\\/\\\/elcanillita.info\\\/press\\\/2025\\\/09\\\/26\\\/la-mediacion-italiana-se-hunde-en-la-global-sumud-flotilla\\\/#article\",\"isPartOf\":{\"@id\":\"https:\\\/\\\/elcanillita.info\\\/press\\\/2025\\\/09\\\/26\\\/la-mediacion-italiana-se-hunde-en-la-global-sumud-flotilla\\\/\"},\"author\":{\"name\":\"ElCanillita.info Guzzo Photos &amp; Graphic Publications\",\"@id\":\"https:\\\/\\\/elcanillita.info\\\/press\\\/#\\\/schema\\\/person\\\/e37a550cff8f5f3407ed112e4cc619cb\"},\"headline\":\"La mediaci\u00f3n italiana se hunde en la Global Sumud Flotilla\",\"datePublished\":\"2025-09-26T03:53:07+00:00\",\"mainEntityOfPage\":{\"@id\":\"https:\\\/\\\/elcanillita.info\\\/press\\\/2025\\\/09\\\/26\\\/la-mediacion-italiana-se-hunde-en-la-global-sumud-flotilla\\\/\"},\"wordCount\":492,\"publisher\":{\"@id\":\"https:\\\/\\\/elcanillita.info\\\/press\\\/#organization\"},\"image\":{\"@id\":\"https:\\\/\\\/elcanillita.info\\\/press\\\/2025\\\/09\\\/26\\\/la-mediacion-italiana-se-hunde-en-la-global-sumud-flotilla\\\/#primaryimage\"},\"thumbnailUrl\":\"https:\\\/\\\/elcanillita.info\\\/press\\\/images\\\/2025\\\/09\\\/img_0597-1.jpg\",\"articleSection\":[\".\",\".\",\"Actualidad\",\"Guerra\",\"Medio Oriente\",\"Politica\",\"Sociedad y valores\"],\"inLanguage\":\"es-AR\"},{\"@type\":\"WebPage\",\"@id\":\"https:\\\/\\\/elcanillita.info\\\/press\\\/2025\\\/09\\\/26\\\/la-mediacion-italiana-se-hunde-en-la-global-sumud-flotilla\\\/\",\"url\":\"https:\\\/\\\/elcanillita.info\\\/press\\\/2025\\\/09\\\/26\\\/la-mediacion-italiana-se-hunde-en-la-global-sumud-flotilla\\\/\",\"name\":\"La mediaci\u00f3n italiana se hunde en la Global Sumud Flotilla - ElCanillita.Info\",\"isPartOf\":{\"@id\":\"https:\\\/\\\/elcanillita.info\\\/press\\\/#website\"},\"primaryImageOfPage\":{\"@id\":\"https:\\\/\\\/elcanillita.info\\\/press\\\/2025\\\/09\\\/26\\\/la-mediacion-italiana-se-hunde-en-la-global-sumud-flotilla\\\/#primaryimage\"},\"image\":{\"@id\":\"https:\\\/\\\/elcanillita.info\\\/press\\\/2025\\\/09\\\/26\\\/la-mediacion-italiana-se-hunde-en-la-global-sumud-flotilla\\\/#primaryimage\"},\"thumbnailUrl\":\"https:\\\/\\\/elcanillita.info\\\/press\\\/images\\\/2025\\\/09\\\/img_0597-1.jpg\",\"datePublished\":\"2025-09-26T03:53:07+00:00\",\"inLanguage\":\"es-AR\",\"potentialAction\":[{\"@type\":\"ReadAction\",\"target\":[\"https:\\\/\\\/elcanillita.info\\\/press\\\/2025\\\/09\\\/26\\\/la-mediacion-italiana-se-hunde-en-la-global-sumud-flotilla\\\/\"]}]},{\"@type\":\"ImageObject\",\"inLanguage\":\"es-AR\",\"@id\":\"https:\\\/\\\/elcanillita.info\\\/press\\\/2025\\\/09\\\/26\\\/la-mediacion-italiana-se-hunde-en-la-global-sumud-flotilla\\\/#primaryimage\",\"url\":\"https:\\\/\\\/elcanillita.info\\\/press\\\/images\\\/2025\\\/09\\\/img_0597-1.jpg\",\"contentUrl\":\"https:\\\/\\\/elcanillita.info\\\/press\\\/images\\\/2025\\\/09\\\/img_0597-1.jpg\",\"width\":1536,\"height\":1024},{\"@type\":\"WebSite\",\"@id\":\"https:\\\/\\\/elcanillita.info\\\/press\\\/#website\",\"url\":\"https:\\\/\\\/elcanillita.info\\\/press\\\/\",\"name\":\"ElCanillita.Info\",\"description\":\"desde los Apeninos a los Andes\",\"publisher\":{\"@id\":\"https:\\\/\\\/elcanillita.info\\\/press\\\/#organization\"},\"potentialAction\":[{\"@type\":\"SearchAction\",\"target\":{\"@type\":\"EntryPoint\",\"urlTemplate\":\"https:\\\/\\\/elcanillita.info\\\/press\\\/?s={search_term_string}\"},\"query-input\":{\"@type\":\"PropertyValueSpecification\",\"valueRequired\":true,\"valueName\":\"search_term_string\"}}],\"inLanguage\":\"es-AR\"},{\"@type\":\"Organization\",\"@id\":\"https:\\\/\\\/elcanillita.info\\\/press\\\/#organization\",\"name\":\"Guzzo Photos & Graphic Publications\",\"url\":\"https:\\\/\\\/elcanillita.info\\\/press\\\/\",\"logo\":{\"@type\":\"ImageObject\",\"inLanguage\":\"es-AR\",\"@id\":\"https:\\\/\\\/elcanillita.info\\\/press\\\/#\\\/schema\\\/logo\\\/image\\\/\",\"url\":\"https:\\\/\\\/elcanillita.info\\\/press\\\/images\\\/2020\\\/01\\\/cropped-cropped-cropped-elcanillitainfo.png\",\"contentUrl\":\"https:\\\/\\\/elcanillita.info\\\/press\\\/images\\\/2020\\\/01\\\/cropped-cropped-cropped-elcanillitainfo.png\",\"width\":460,\"height\":50,\"caption\":\"Guzzo Photos & Graphic Publications\"},\"image\":{\"@id\":\"https:\\\/\\\/elcanillita.info\\\/press\\\/#\\\/schema\\\/logo\\\/image\\\/\"},\"sameAs\":[\"https:\\\/\\\/ar-ar.facebook.com\\\/ElCanillitainfo-114249515285712\\\/\"]},{\"@type\":\"Person\",\"@id\":\"https:\\\/\\\/elcanillita.info\\\/press\\\/#\\\/schema\\\/person\\\/e37a550cff8f5f3407ed112e4cc619cb\",\"name\":\"ElCanillita.info Guzzo Photos &amp; Graphic Publications\",\"image\":{\"@type\":\"ImageObject\",\"inLanguage\":\"es-AR\",\"@id\":\"https:\\\/\\\/secure.gravatar.com\\\/avatar\\\/8914fbe0ef09248907e331ab93dfa89c7f76decf6b51cd1b2f8444e6260db772?s=96&d=mm&r=g\",\"url\":\"https:\\\/\\\/secure.gravatar.com\\\/avatar\\\/8914fbe0ef09248907e331ab93dfa89c7f76decf6b51cd1b2f8444e6260db772?s=96&d=mm&r=g\",\"contentUrl\":\"https:\\\/\\\/secure.gravatar.com\\\/avatar\\\/8914fbe0ef09248907e331ab93dfa89c7f76decf6b51cd1b2f8444e6260db772?s=96&d=mm&r=g\",\"caption\":\"ElCanillita.info Guzzo Photos &amp; Graphic Publications\"},\"sameAs\":[\"http:\\\/\\\/guzzophotos.com\"]}]}<\/script>\n<!-- \/ Yoast SEO plugin. -->","yoast_head_json":{"title":"La mediaci\u00f3n italiana se hunde en la Global Sumud Flotilla - ElCanillita.Info","robots":{"index":"index","follow":"follow","max-snippet":"max-snippet:-1","max-image-preview":"max-image-preview:large","max-video-preview":"max-video-preview:-1"},"canonical":"https:\/\/elcanillita.info\/press\/2025\/09\/26\/la-mediacion-italiana-se-hunde-en-la-global-sumud-flotilla\/","og_locale":"es_ES","og_type":"article","og_title":"La mediaci\u00f3n italiana se hunde en la Global Sumud Flotilla - ElCanillita.Info","og_description":"\ud83c\udf0a\ud83d\udea2 La mediaci\u00f3n italiana se hunde. La Flotilla Global Sumud rechaza parar en Chipre y sigue hacia Gaza. Crosetto advierte: \u201ccuando salgan de aguas internacionales nadie podr\u00e1 garantizar su seguridad\u201d. Israel promete impedir la entrada. Fantasma 2010 en el aire.","og_url":"https:\/\/elcanillita.info\/press\/2025\/09\/26\/la-mediacion-italiana-se-hunde-en-la-global-sumud-flotilla\/","og_site_name":"ElCanillita.Info","article_publisher":"https:\/\/ar-ar.facebook.com\/ElCanillitainfo-114249515285712\/","article_published_time":"2025-09-26T03:53:07+00:00","og_image":[{"width":1536,"height":1024,"url":"https:\/\/elcanillita.info\/press\/images\/2025\/09\/img_0597-1.jpg","type":"image\/jpeg"}],"author":"ElCanillita.info Guzzo Photos &amp; Graphic Publications","twitter_card":"summary_large_image","twitter_misc":{"Escrito por":"ElCanillita.info Guzzo Photos &amp; Graphic Publications","Tiempo de lectura":"2 minutos"},"schema":{"@context":"https:\/\/schema.org","@graph":[{"@type":"Article","@id":"https:\/\/elcanillita.info\/press\/2025\/09\/26\/la-mediacion-italiana-se-hunde-en-la-global-sumud-flotilla\/#article","isPartOf":{"@id":"https:\/\/elcanillita.info\/press\/2025\/09\/26\/la-mediacion-italiana-se-hunde-en-la-global-sumud-flotilla\/"},"author":{"name":"ElCanillita.info Guzzo Photos &amp; Graphic Publications","@id":"https:\/\/elcanillita.info\/press\/#\/schema\/person\/e37a550cff8f5f3407ed112e4cc619cb"},"headline":"La mediaci\u00f3n italiana se hunde en la Global Sumud Flotilla","datePublished":"2025-09-26T03:53:07+00:00","mainEntityOfPage":{"@id":"https:\/\/elcanillita.info\/press\/2025\/09\/26\/la-mediacion-italiana-se-hunde-en-la-global-sumud-flotilla\/"},"wordCount":492,"publisher":{"@id":"https:\/\/elcanillita.info\/press\/#organization"},"image":{"@id":"https:\/\/elcanillita.info\/press\/2025\/09\/26\/la-mediacion-italiana-se-hunde-en-la-global-sumud-flotilla\/#primaryimage"},"thumbnailUrl":"https:\/\/elcanillita.info\/press\/images\/2025\/09\/img_0597-1.jpg","articleSection":[".",".","Actualidad","Guerra","Medio Oriente","Politica","Sociedad y valores"],"inLanguage":"es-AR"},{"@type":"WebPage","@id":"https:\/\/elcanillita.info\/press\/2025\/09\/26\/la-mediacion-italiana-se-hunde-en-la-global-sumud-flotilla\/","url":"https:\/\/elcanillita.info\/press\/2025\/09\/26\/la-mediacion-italiana-se-hunde-en-la-global-sumud-flotilla\/","name":"La mediaci\u00f3n italiana se hunde en la Global Sumud Flotilla - ElCanillita.Info","isPartOf":{"@id":"https:\/\/elcanillita.info\/press\/#website"},"primaryImageOfPage":{"@id":"https:\/\/elcanillita.info\/press\/2025\/09\/26\/la-mediacion-italiana-se-hunde-en-la-global-sumud-flotilla\/#primaryimage"},"image":{"@id":"https:\/\/elcanillita.info\/press\/2025\/09\/26\/la-mediacion-italiana-se-hunde-en-la-global-sumud-flotilla\/#primaryimage"},"thumbnailUrl":"https:\/\/elcanillita.info\/press\/images\/2025\/09\/img_0597-1.jpg","datePublished":"2025-09-26T03:53:07+00:00","inLanguage":"es-AR","potentialAction":[{"@type":"ReadAction","target":["https:\/\/elcanillita.info\/press\/2025\/09\/26\/la-mediacion-italiana-se-hunde-en-la-global-sumud-flotilla\/"]}]},{"@type":"ImageObject","inLanguage":"es-AR","@id":"https:\/\/elcanillita.info\/press\/2025\/09\/26\/la-mediacion-italiana-se-hunde-en-la-global-sumud-flotilla\/#primaryimage","url":"https:\/\/elcanillita.info\/press\/images\/2025\/09\/img_0597-1.jpg","contentUrl":"https:\/\/elcanillita.info\/press\/images\/2025\/09\/img_0597-1.jpg","width":1536,"height":1024},{"@type":"WebSite","@id":"https:\/\/elcanillita.info\/press\/#website","url":"https:\/\/elcanillita.info\/press\/","name":"ElCanillita.Info","description":"desde los Apeninos a los Andes","publisher":{"@id":"https:\/\/elcanillita.info\/press\/#organization"},"potentialAction":[{"@type":"SearchAction","target":{"@type":"EntryPoint","urlTemplate":"https:\/\/elcanillita.info\/press\/?s={search_term_string}"},"query-input":{"@type":"PropertyValueSpecification","valueRequired":true,"valueName":"search_term_string"}}],"inLanguage":"es-AR"},{"@type":"Organization","@id":"https:\/\/elcanillita.info\/press\/#organization","name":"Guzzo Photos & Graphic Publications","url":"https:\/\/elcanillita.info\/press\/","logo":{"@type":"ImageObject","inLanguage":"es-AR","@id":"https:\/\/elcanillita.info\/press\/#\/schema\/logo\/image\/","url":"https:\/\/elcanillita.info\/press\/images\/2020\/01\/cropped-cropped-cropped-elcanillitainfo.png","contentUrl":"https:\/\/elcanillita.info\/press\/images\/2020\/01\/cropped-cropped-cropped-elcanillitainfo.png","width":460,"height":50,"caption":"Guzzo Photos & Graphic Publications"},"image":{"@id":"https:\/\/elcanillita.info\/press\/#\/schema\/logo\/image\/"},"sameAs":["https:\/\/ar-ar.facebook.com\/ElCanillitainfo-114249515285712\/"]},{"@type":"Person","@id":"https:\/\/elcanillita.info\/press\/#\/schema\/person\/e37a550cff8f5f3407ed112e4cc619cb","name":"ElCanillita.info Guzzo Photos &amp; Graphic Publications","image":{"@type":"ImageObject","inLanguage":"es-AR","@id":"https:\/\/secure.gravatar.com\/avatar\/8914fbe0ef09248907e331ab93dfa89c7f76decf6b51cd1b2f8444e6260db772?s=96&d=mm&r=g","url":"https:\/\/secure.gravatar.com\/avatar\/8914fbe0ef09248907e331ab93dfa89c7f76decf6b51cd1b2f8444e6260db772?s=96&d=mm&r=g","contentUrl":"https:\/\/secure.gravatar.com\/avatar\/8914fbe0ef09248907e331ab93dfa89c7f76decf6b51cd1b2f8444e6260db772?s=96&d=mm&r=g","caption":"ElCanillita.info Guzzo Photos &amp; Graphic Publications"},"sameAs":["http:\/\/guzzophotos.com"]}]}},"views":156,"_links":{"self":[{"href":"https:\/\/elcanillita.info\/press\/wp-json\/wp\/v2\/posts\/5409","targetHints":{"allow":["GET"]}}],"collection":[{"href":"https:\/\/elcanillita.info\/press\/wp-json\/wp\/v2\/posts"}],"about":[{"href":"https:\/\/elcanillita.info\/press\/wp-json\/wp\/v2\/types\/post"}],"author":[{"embeddable":true,"href":"https:\/\/elcanillita.info\/press\/wp-json\/wp\/v2\/users\/14"}],"replies":[{"embeddable":true,"href":"https:\/\/elcanillita.info\/press\/wp-json\/wp\/v2\/comments?post=5409"}],"version-history":[{"count":0,"href":"https:\/\/elcanillita.info\/press\/wp-json\/wp\/v2\/posts\/5409\/revisions"}],"wp:featuredmedia":[{"embeddable":true,"href":"https:\/\/elcanillita.info\/press\/wp-json\/wp\/v2\/media\/5411"}],"wp:attachment":[{"href":"https:\/\/elcanillita.info\/press\/wp-json\/wp\/v2\/media?parent=5409"}],"wp:term":[{"taxonomy":"category","embeddable":true,"href":"https:\/\/elcanillita.info\/press\/wp-json\/wp\/v2\/categories?post=5409"},{"taxonomy":"post_tag","embeddable":true,"href":"https:\/\/elcanillita.info\/press\/wp-json\/wp\/v2\/tags?post=5409"}],"curies":[{"name":"wp","href":"https:\/\/api.w.org\/{rel}","templated":true}]}}