{"id":5405,"date":"2025-09-24T20:26:18","date_gmt":"2025-09-24T23:26:18","guid":{"rendered":"https:\/\/elcanillita.info\/press\/?p=5405"},"modified":"2025-09-24T20:26:18","modified_gmt":"2025-09-24T23:26:18","slug":"greta-se-fue-a-la-guerra-y-nadie-sabe-como-le-ira","status":"publish","type":"post","link":"https:\/\/elcanillita.info\/press\/2025\/09\/24\/greta-se-fue-a-la-guerra-y-nadie-sabe-como-le-ira\/","title":{"rendered":"Greta se fue a la guerra \u2026 y nadie sabe c\u00f3mo le ir\u00e1"},"content":{"rendered":"<div class=\"wp-block-image\">\n<figure class=\"alignleft size-medium\" id=\"Y-\"><img loading=\"lazy\" decoding=\"async\" width=\"200\" height=\"300\" src=\"https:\/\/elcanillita.info\/press\/images\/2025\/09\/fe97d005-407d-45bb-b1b2-43ccb7529fd5-200x300.jpg\" alt=\"\" class=\"wp-image-5406\" srcset=\"https:\/\/elcanillita.info\/press\/images\/2025\/09\/fe97d005-407d-45bb-b1b2-43ccb7529fd5-200x300.jpg 200w, https:\/\/elcanillita.info\/press\/images\/2025\/09\/fe97d005-407d-45bb-b1b2-43ccb7529fd5-683x1024.jpg 683w, https:\/\/elcanillita.info\/press\/images\/2025\/09\/fe97d005-407d-45bb-b1b2-43ccb7529fd5-768x1152.jpg 768w, https:\/\/elcanillita.info\/press\/images\/2025\/09\/fe97d005-407d-45bb-b1b2-43ccb7529fd5.jpg 1024w\" sizes=\"auto, (max-width: 200px) 100vw, 200px\" \/><\/figure>\n<\/div>\n\n\n<p class=\"p1\">La canci\u00f3n infantil dec\u00eda: Mambr\u00fa se fue a la guerra, qu\u00e9 dolor, qu\u00e9 dolor, qu\u00e9 pena\u2026<\/p>\n\n\n\n<p class=\"p1\">Hoy la melod\u00eda parece reencarnada en Greta Thunberg, la activista sueca que, a falta de fusil y tambor, comanda una flotilla de barcos rumbo a Gaza cargados con alimentos y suministros.<\/p>\n\n\n\n<p class=\"p1\"><strong>El viaje no es un cuento:<\/strong><\/p>\n\n\n\n<p class=\"p3\">Ataques con explosivos fueron lanzados sobre los barcos de la organizaci\u00f3n Global Sumud. Las comunicaciones fueron bloqueadas y, en un toque surrealista, las radios empezaron a transmitir canciones de ABBA a todo volumen. Hubo susto, pero no heridos.<\/p>\n\n\n\n<p class=\"p1\">Italia reaccion\u00f3 primero. El ministro de Defensa, Guido Crosetto, desvi\u00f3 la fragata Fasan desde un ejercicio de la OTAN: \u201cCondena total\u201d de los ataques y promesa de proteger a los ciudadanos italianos embarcados.<\/p>\n\n\n\n<p class=\"p1\">Giorgia Meloni, sin perder el paso, calific\u00f3 la flotilla como un truco pol\u00edtico \u201cpeligroso e irresponsable\u201d. Para ella, los diputados de la oposici\u00f3n que se embarcaron s\u00f3lo buscan \u201ccrear problemas\u201d a su gobierno, que mantiene firme la negativa a reconocer al Estado palestino.<\/p>\n\n\n\n<p class=\"p1\">Horas despu\u00e9s, Pedro S\u00e1nchez anunci\u00f3 que tambi\u00e9n enviar\u00e1 un barco espa\u00f1ol. No s\u00f3lo por solidaridad pol\u00edtica: en la flotilla hay ciudadanos espa\u00f1oles que se consideran blanco de una intimidaci\u00f3n internacional.<\/p>\n\n\n\n<p class=\"p1\">El guion es cinematogr\u00e1fico: j\u00f3venes europeos navegando bajo velas, explosiones en la noche, una radio pirata que salta con ABBA\u2026 y dos fragatas de la OTAN corriendo a escena para escoltar a Greta.<\/p>\n\n\n\n<p class=\"p1\">La pregunta infantil resuena hoy con tono adulto: Greta se fue a la guerra\u2026 \u00bfy c\u00f3mo volver\u00e1?<\/p>\n\n\n\n<p><\/p>\n\n\n\n<p>\u270d\ufe0f \u00a9\ufe0f 2025 ElCanillita.info \u2013 All Rights Reserved<\/p>\n\n\n\n<p><\/p>\n\n\n<hr style=\"\n    border: none;\n    height: 1px;\n    background: linear-gradient(to right, transparent, #ccc, transparent);\n    margin: 0;\n\" \/><\/p>\n<p><strong>\u00bfQuieres decir algo?<\/strong><\/p>\n<p>\ud83d\udcec Env\u00eda tu texto a elcanillita@yahoo.com o s\u00fabelo a la Speakers&#8217; Box: SoapBoxOrators.org.<\/p>\n<p><!-- \/wp:post-content --><\/p>\n<form action=\"https:\/\/formspree.io\/f\/mjkrjzed\" method=\"POST\">\n  <label for=\"name\">Nombre o seud\u00f3nimo:<\/label><br \/>\n  <input type=\"text\" id=\"name\" name=\"name\" required><\/p>\n<p>  <label for=\"title\">T\u00edtulo del discurso\/editorial:<\/label><br \/>\n  <input type=\"text\" id=\"title\" name=\"title\" required><\/p>\n<p>  <label for=\"message\">Texto (m\u00e1x. 3.000 caracteres):<\/label><br \/>\n  <textarea id=\"message\" name=\"message\" rows=\"10\" maxlength=\"3000\" required><\/textarea><\/p>\n<p>  <label><br \/>\n    <input type=\"checkbox\" name=\"consent\" required><br \/>\n    Autorizo la publicaci\u00f3n de este texto en SoapboxOrators.org<br \/>\n  <\/label><\/p>\n<p>  <button type=\"submit\">Enviar<\/button><br \/>\n  <button type=\"reset\">Borrar formulario<\/button><\/p>\n<\/form>\n<p><!-- wp:paragraph --><\/p>\n<p><!-- \/wp:paragraph --><\/p>\n<p><!-- wp:paragraph --><\/p>\n<p><!-- \/wp:paragraph --><\/p>\n<p><small>\u00a9\ufe0f2025  Guzzo Photos  &#038; Graphic Publications \u2013 All Rights Reserved \u2013 Copyright \u00a9\ufe0f 2025 ElCanillita.info \/ SoapBoxOrators.org \/SalaStampa.eu, world press service \u2013 Guzzo Photos &#038; Graphic Publications \u2013 Registro Editori e Stampatori n. 1441 Turin, Italy<\/small><\/p>\n<p><!-- wp:paragraph --><\/p>\n<p><!-- \/wp:paragraph --><\/p>\n<p><!-- wp:gallery {\"linkTo\":\"none\",\"align\":\"left\"} --><\/p>\n<figure class=\"wp-block-gallery alignleft has-nested-images columns-default is-cropped\"><\/figure>\n<p><!-- \/wp:gallery --><\/p>","protected":false},"excerpt":{"rendered":"<p>\ud83c\uddea\ud83c\uddf8\ud83d\udea2 Greta se fue a la guerra\u2026<br \/>\nFragatas de Italia y Espa\u00f1a escoltan la flotilla rumbo a Gaza tras ataques con explosivos y bloqueos de radio (con ABBA incluido \ud83c\udfb6).<br \/>\nMeloni habla de \u201ctruco pol\u00edtico irresponsable\u201d, mientras Crosetto y S\u00e1nchez despliegan barcos.<\/p>\n","protected":false},"author":14,"featured_media":5408,"comment_status":"closed","ping_status":"","sticky":false,"template":"","format":"standard","meta":{"footnotes":"","_links_to":"","_links_to_target":""},"categories":[108,121,70,88,119,15,23,137],"tags":[],"class_list":["post-5405","post","type-post","status-publish","format-standard","has-post-thumbnail","hentry","category-blogdiario","category-dc24","category-actualidad","category-despunte-noticias","category-guerra","category-medio-oriente","category-politica","category-sociedad-y-valores","entry","double"],"yoast_head":"<!-- This site is optimized with the Yoast SEO plugin v27.4 - https:\/\/yoast.com\/product\/yoast-seo-wordpress\/ -->\n<title>Greta se fue a la guerra \u2026 y nadie sabe c\u00f3mo le ir\u00e1 - ElCanillita.Info<\/title>\n<meta name=\"robots\" content=\"index, follow, max-snippet:-1, max-image-preview:large, max-video-preview:-1\" \/>\n<link rel=\"canonical\" href=\"https:\/\/elcanillita.info\/press\/2025\/09\/24\/greta-se-fue-a-la-guerra-y-nadie-sabe-como-le-ira\/\" \/>\n<meta property=\"og:locale\" content=\"es_ES\" \/>\n<meta property=\"og:type\" content=\"article\" \/>\n<meta property=\"og:title\" content=\"Greta se fue a la guerra \u2026 y nadie sabe c\u00f3mo le ir\u00e1 - ElCanillita.Info\" \/>\n<meta property=\"og:description\" content=\"\ud83c\uddea\ud83c\uddf8\ud83d\udea2 Greta se fue a la guerra\u2026 Fragatas de Italia y Espa\u00f1a escoltan la flotilla rumbo a Gaza tras ataques con explosivos y bloqueos de radio (con ABBA incluido \ud83c\udfb6). Meloni habla de \u201ctruco pol\u00edtico irresponsable\u201d, mientras Crosetto y S\u00e1nchez despliegan barcos.\" \/>\n<meta property=\"og:url\" content=\"https:\/\/elcanillita.info\/press\/2025\/09\/24\/greta-se-fue-a-la-guerra-y-nadie-sabe-como-le-ira\/\" \/>\n<meta property=\"og:site_name\" content=\"ElCanillita.Info\" \/>\n<meta property=\"article:publisher\" content=\"https:\/\/ar-ar.facebook.com\/ElCanillitainfo-114249515285712\/\" \/>\n<meta property=\"article:published_time\" content=\"2025-09-24T23:26:18+00:00\" \/>\n<meta property=\"og:image\" content=\"https:\/\/elcanillita.info\/press\/images\/2025\/09\/fe97d005-407d-45bb-b1b2-43ccb7529fd5-2.jpg\" \/>\n\t<meta property=\"og:image:width\" content=\"1009\" \/>\n\t<meta property=\"og:image:height\" content=\"1009\" \/>\n\t<meta property=\"og:image:type\" content=\"image\/jpeg\" \/>\n<meta name=\"author\" content=\"ElCanillita.info Guzzo Photos &amp; Graphic Publications\" \/>\n<meta name=\"twitter:card\" content=\"summary_large_image\" \/>\n<meta name=\"twitter:label1\" content=\"Escrito por\" \/>\n\t<meta name=\"twitter:data1\" content=\"ElCanillita.info Guzzo Photos &amp; Graphic Publications\" \/>\n\t<meta name=\"twitter:label2\" content=\"Tiempo de lectura\" \/>\n\t<meta name=\"twitter:data2\" content=\"2 minutos\" \/>\n<script type=\"application\/ld+json\" class=\"yoast-schema-graph\">{\"@context\":\"https:\\\/\\\/schema.org\",\"@graph\":[{\"@type\":\"Article\",\"@id\":\"https:\\\/\\\/elcanillita.info\\\/press\\\/2025\\\/09\\\/24\\\/greta-se-fue-a-la-guerra-y-nadie-sabe-como-le-ira\\\/#article\",\"isPartOf\":{\"@id\":\"https:\\\/\\\/elcanillita.info\\\/press\\\/2025\\\/09\\\/24\\\/greta-se-fue-a-la-guerra-y-nadie-sabe-como-le-ira\\\/\"},\"author\":{\"name\":\"ElCanillita.info Guzzo Photos &amp; Graphic Publications\",\"@id\":\"https:\\\/\\\/elcanillita.info\\\/press\\\/#\\\/schema\\\/person\\\/e37a550cff8f5f3407ed112e4cc619cb\"},\"headline\":\"Greta se fue a la guerra \u2026 y nadie sabe c\u00f3mo le ir\u00e1\",\"datePublished\":\"2025-09-24T23:26:18+00:00\",\"mainEntityOfPage\":{\"@id\":\"https:\\\/\\\/elcanillita.info\\\/press\\\/2025\\\/09\\\/24\\\/greta-se-fue-a-la-guerra-y-nadie-sabe-como-le-ira\\\/\"},\"wordCount\":357,\"publisher\":{\"@id\":\"https:\\\/\\\/elcanillita.info\\\/press\\\/#organization\"},\"image\":{\"@id\":\"https:\\\/\\\/elcanillita.info\\\/press\\\/2025\\\/09\\\/24\\\/greta-se-fue-a-la-guerra-y-nadie-sabe-como-le-ira\\\/#primaryimage\"},\"thumbnailUrl\":\"https:\\\/\\\/elcanillita.info\\\/press\\\/images\\\/2025\\\/09\\\/fe97d005-407d-45bb-b1b2-43ccb7529fd5-2.jpg\",\"articleSection\":[\".\",\".\",\"Actualidad\",\"despunte-noticias\",\"Guerra\",\"Medio Oriente\",\"Politica\",\"Sociedad y valores\"],\"inLanguage\":\"es-AR\"},{\"@type\":\"WebPage\",\"@id\":\"https:\\\/\\\/elcanillita.info\\\/press\\\/2025\\\/09\\\/24\\\/greta-se-fue-a-la-guerra-y-nadie-sabe-como-le-ira\\\/\",\"url\":\"https:\\\/\\\/elcanillita.info\\\/press\\\/2025\\\/09\\\/24\\\/greta-se-fue-a-la-guerra-y-nadie-sabe-como-le-ira\\\/\",\"name\":\"Greta se fue a la guerra \u2026 y nadie sabe c\u00f3mo le ir\u00e1 - ElCanillita.Info\",\"isPartOf\":{\"@id\":\"https:\\\/\\\/elcanillita.info\\\/press\\\/#website\"},\"primaryImageOfPage\":{\"@id\":\"https:\\\/\\\/elcanillita.info\\\/press\\\/2025\\\/09\\\/24\\\/greta-se-fue-a-la-guerra-y-nadie-sabe-como-le-ira\\\/#primaryimage\"},\"image\":{\"@id\":\"https:\\\/\\\/elcanillita.info\\\/press\\\/2025\\\/09\\\/24\\\/greta-se-fue-a-la-guerra-y-nadie-sabe-como-le-ira\\\/#primaryimage\"},\"thumbnailUrl\":\"https:\\\/\\\/elcanillita.info\\\/press\\\/images\\\/2025\\\/09\\\/fe97d005-407d-45bb-b1b2-43ccb7529fd5-2.jpg\",\"datePublished\":\"2025-09-24T23:26:18+00:00\",\"inLanguage\":\"es-AR\",\"potentialAction\":[{\"@type\":\"ReadAction\",\"target\":[\"https:\\\/\\\/elcanillita.info\\\/press\\\/2025\\\/09\\\/24\\\/greta-se-fue-a-la-guerra-y-nadie-sabe-como-le-ira\\\/\"]}]},{\"@type\":\"ImageObject\",\"inLanguage\":\"es-AR\",\"@id\":\"https:\\\/\\\/elcanillita.info\\\/press\\\/2025\\\/09\\\/24\\\/greta-se-fue-a-la-guerra-y-nadie-sabe-como-le-ira\\\/#primaryimage\",\"url\":\"https:\\\/\\\/elcanillita.info\\\/press\\\/images\\\/2025\\\/09\\\/fe97d005-407d-45bb-b1b2-43ccb7529fd5-2.jpg\",\"contentUrl\":\"https:\\\/\\\/elcanillita.info\\\/press\\\/images\\\/2025\\\/09\\\/fe97d005-407d-45bb-b1b2-43ccb7529fd5-2.jpg\",\"width\":1009,\"height\":1009},{\"@type\":\"WebSite\",\"@id\":\"https:\\\/\\\/elcanillita.info\\\/press\\\/#website\",\"url\":\"https:\\\/\\\/elcanillita.info\\\/press\\\/\",\"name\":\"ElCanillita.Info\",\"description\":\"desde los Apeninos a los Andes\",\"publisher\":{\"@id\":\"https:\\\/\\\/elcanillita.info\\\/press\\\/#organization\"},\"potentialAction\":[{\"@type\":\"SearchAction\",\"target\":{\"@type\":\"EntryPoint\",\"urlTemplate\":\"https:\\\/\\\/elcanillita.info\\\/press\\\/?s={search_term_string}\"},\"query-input\":{\"@type\":\"PropertyValueSpecification\",\"valueRequired\":true,\"valueName\":\"search_term_string\"}}],\"inLanguage\":\"es-AR\"},{\"@type\":\"Organization\",\"@id\":\"https:\\\/\\\/elcanillita.info\\\/press\\\/#organization\",\"name\":\"Guzzo Photos & Graphic Publications\",\"url\":\"https:\\\/\\\/elcanillita.info\\\/press\\\/\",\"logo\":{\"@type\":\"ImageObject\",\"inLanguage\":\"es-AR\",\"@id\":\"https:\\\/\\\/elcanillita.info\\\/press\\\/#\\\/schema\\\/logo\\\/image\\\/\",\"url\":\"https:\\\/\\\/elcanillita.info\\\/press\\\/images\\\/2020\\\/01\\\/cropped-cropped-cropped-elcanillitainfo.png\",\"contentUrl\":\"https:\\\/\\\/elcanillita.info\\\/press\\\/images\\\/2020\\\/01\\\/cropped-cropped-cropped-elcanillitainfo.png\",\"width\":460,\"height\":50,\"caption\":\"Guzzo Photos & Graphic Publications\"},\"image\":{\"@id\":\"https:\\\/\\\/elcanillita.info\\\/press\\\/#\\\/schema\\\/logo\\\/image\\\/\"},\"sameAs\":[\"https:\\\/\\\/ar-ar.facebook.com\\\/ElCanillitainfo-114249515285712\\\/\"]},{\"@type\":\"Person\",\"@id\":\"https:\\\/\\\/elcanillita.info\\\/press\\\/#\\\/schema\\\/person\\\/e37a550cff8f5f3407ed112e4cc619cb\",\"name\":\"ElCanillita.info Guzzo Photos &amp; Graphic Publications\",\"image\":{\"@type\":\"ImageObject\",\"inLanguage\":\"es-AR\",\"@id\":\"https:\\\/\\\/secure.gravatar.com\\\/avatar\\\/8914fbe0ef09248907e331ab93dfa89c7f76decf6b51cd1b2f8444e6260db772?s=96&d=mm&r=g\",\"url\":\"https:\\\/\\\/secure.gravatar.com\\\/avatar\\\/8914fbe0ef09248907e331ab93dfa89c7f76decf6b51cd1b2f8444e6260db772?s=96&d=mm&r=g\",\"contentUrl\":\"https:\\\/\\\/secure.gravatar.com\\\/avatar\\\/8914fbe0ef09248907e331ab93dfa89c7f76decf6b51cd1b2f8444e6260db772?s=96&d=mm&r=g\",\"caption\":\"ElCanillita.info Guzzo Photos &amp; Graphic Publications\"},\"sameAs\":[\"http:\\\/\\\/guzzophotos.com\"]}]}<\/script>\n<!-- \/ Yoast SEO plugin. -->","yoast_head_json":{"title":"Greta se fue a la guerra \u2026 y nadie sabe c\u00f3mo le ir\u00e1 - ElCanillita.Info","robots":{"index":"index","follow":"follow","max-snippet":"max-snippet:-1","max-image-preview":"max-image-preview:large","max-video-preview":"max-video-preview:-1"},"canonical":"https:\/\/elcanillita.info\/press\/2025\/09\/24\/greta-se-fue-a-la-guerra-y-nadie-sabe-como-le-ira\/","og_locale":"es_ES","og_type":"article","og_title":"Greta se fue a la guerra \u2026 y nadie sabe c\u00f3mo le ir\u00e1 - ElCanillita.Info","og_description":"\ud83c\uddea\ud83c\uddf8\ud83d\udea2 Greta se fue a la guerra\u2026 Fragatas de Italia y Espa\u00f1a escoltan la flotilla rumbo a Gaza tras ataques con explosivos y bloqueos de radio (con ABBA incluido \ud83c\udfb6). Meloni habla de \u201ctruco pol\u00edtico irresponsable\u201d, mientras Crosetto y S\u00e1nchez despliegan barcos.","og_url":"https:\/\/elcanillita.info\/press\/2025\/09\/24\/greta-se-fue-a-la-guerra-y-nadie-sabe-como-le-ira\/","og_site_name":"ElCanillita.Info","article_publisher":"https:\/\/ar-ar.facebook.com\/ElCanillitainfo-114249515285712\/","article_published_time":"2025-09-24T23:26:18+00:00","og_image":[{"width":1009,"height":1009,"url":"https:\/\/elcanillita.info\/press\/images\/2025\/09\/fe97d005-407d-45bb-b1b2-43ccb7529fd5-2.jpg","type":"image\/jpeg"}],"author":"ElCanillita.info Guzzo Photos &amp; Graphic Publications","twitter_card":"summary_large_image","twitter_misc":{"Escrito por":"ElCanillita.info Guzzo Photos &amp; Graphic Publications","Tiempo de lectura":"2 minutos"},"schema":{"@context":"https:\/\/schema.org","@graph":[{"@type":"Article","@id":"https:\/\/elcanillita.info\/press\/2025\/09\/24\/greta-se-fue-a-la-guerra-y-nadie-sabe-como-le-ira\/#article","isPartOf":{"@id":"https:\/\/elcanillita.info\/press\/2025\/09\/24\/greta-se-fue-a-la-guerra-y-nadie-sabe-como-le-ira\/"},"author":{"name":"ElCanillita.info Guzzo Photos &amp; Graphic Publications","@id":"https:\/\/elcanillita.info\/press\/#\/schema\/person\/e37a550cff8f5f3407ed112e4cc619cb"},"headline":"Greta se fue a la guerra \u2026 y nadie sabe c\u00f3mo le ir\u00e1","datePublished":"2025-09-24T23:26:18+00:00","mainEntityOfPage":{"@id":"https:\/\/elcanillita.info\/press\/2025\/09\/24\/greta-se-fue-a-la-guerra-y-nadie-sabe-como-le-ira\/"},"wordCount":357,"publisher":{"@id":"https:\/\/elcanillita.info\/press\/#organization"},"image":{"@id":"https:\/\/elcanillita.info\/press\/2025\/09\/24\/greta-se-fue-a-la-guerra-y-nadie-sabe-como-le-ira\/#primaryimage"},"thumbnailUrl":"https:\/\/elcanillita.info\/press\/images\/2025\/09\/fe97d005-407d-45bb-b1b2-43ccb7529fd5-2.jpg","articleSection":[".",".","Actualidad","despunte-noticias","Guerra","Medio Oriente","Politica","Sociedad y valores"],"inLanguage":"es-AR"},{"@type":"WebPage","@id":"https:\/\/elcanillita.info\/press\/2025\/09\/24\/greta-se-fue-a-la-guerra-y-nadie-sabe-como-le-ira\/","url":"https:\/\/elcanillita.info\/press\/2025\/09\/24\/greta-se-fue-a-la-guerra-y-nadie-sabe-como-le-ira\/","name":"Greta se fue a la guerra \u2026 y nadie sabe c\u00f3mo le ir\u00e1 - ElCanillita.Info","isPartOf":{"@id":"https:\/\/elcanillita.info\/press\/#website"},"primaryImageOfPage":{"@id":"https:\/\/elcanillita.info\/press\/2025\/09\/24\/greta-se-fue-a-la-guerra-y-nadie-sabe-como-le-ira\/#primaryimage"},"image":{"@id":"https:\/\/elcanillita.info\/press\/2025\/09\/24\/greta-se-fue-a-la-guerra-y-nadie-sabe-como-le-ira\/#primaryimage"},"thumbnailUrl":"https:\/\/elcanillita.info\/press\/images\/2025\/09\/fe97d005-407d-45bb-b1b2-43ccb7529fd5-2.jpg","datePublished":"2025-09-24T23:26:18+00:00","inLanguage":"es-AR","potentialAction":[{"@type":"ReadAction","target":["https:\/\/elcanillita.info\/press\/2025\/09\/24\/greta-se-fue-a-la-guerra-y-nadie-sabe-como-le-ira\/"]}]},{"@type":"ImageObject","inLanguage":"es-AR","@id":"https:\/\/elcanillita.info\/press\/2025\/09\/24\/greta-se-fue-a-la-guerra-y-nadie-sabe-como-le-ira\/#primaryimage","url":"https:\/\/elcanillita.info\/press\/images\/2025\/09\/fe97d005-407d-45bb-b1b2-43ccb7529fd5-2.jpg","contentUrl":"https:\/\/elcanillita.info\/press\/images\/2025\/09\/fe97d005-407d-45bb-b1b2-43ccb7529fd5-2.jpg","width":1009,"height":1009},{"@type":"WebSite","@id":"https:\/\/elcanillita.info\/press\/#website","url":"https:\/\/elcanillita.info\/press\/","name":"ElCanillita.Info","description":"desde los Apeninos a los Andes","publisher":{"@id":"https:\/\/elcanillita.info\/press\/#organization"},"potentialAction":[{"@type":"SearchAction","target":{"@type":"EntryPoint","urlTemplate":"https:\/\/elcanillita.info\/press\/?s={search_term_string}"},"query-input":{"@type":"PropertyValueSpecification","valueRequired":true,"valueName":"search_term_string"}}],"inLanguage":"es-AR"},{"@type":"Organization","@id":"https:\/\/elcanillita.info\/press\/#organization","name":"Guzzo Photos & Graphic Publications","url":"https:\/\/elcanillita.info\/press\/","logo":{"@type":"ImageObject","inLanguage":"es-AR","@id":"https:\/\/elcanillita.info\/press\/#\/schema\/logo\/image\/","url":"https:\/\/elcanillita.info\/press\/images\/2020\/01\/cropped-cropped-cropped-elcanillitainfo.png","contentUrl":"https:\/\/elcanillita.info\/press\/images\/2020\/01\/cropped-cropped-cropped-elcanillitainfo.png","width":460,"height":50,"caption":"Guzzo Photos & Graphic Publications"},"image":{"@id":"https:\/\/elcanillita.info\/press\/#\/schema\/logo\/image\/"},"sameAs":["https:\/\/ar-ar.facebook.com\/ElCanillitainfo-114249515285712\/"]},{"@type":"Person","@id":"https:\/\/elcanillita.info\/press\/#\/schema\/person\/e37a550cff8f5f3407ed112e4cc619cb","name":"ElCanillita.info Guzzo Photos &amp; Graphic Publications","image":{"@type":"ImageObject","inLanguage":"es-AR","@id":"https:\/\/secure.gravatar.com\/avatar\/8914fbe0ef09248907e331ab93dfa89c7f76decf6b51cd1b2f8444e6260db772?s=96&d=mm&r=g","url":"https:\/\/secure.gravatar.com\/avatar\/8914fbe0ef09248907e331ab93dfa89c7f76decf6b51cd1b2f8444e6260db772?s=96&d=mm&r=g","contentUrl":"https:\/\/secure.gravatar.com\/avatar\/8914fbe0ef09248907e331ab93dfa89c7f76decf6b51cd1b2f8444e6260db772?s=96&d=mm&r=g","caption":"ElCanillita.info Guzzo Photos &amp; Graphic Publications"},"sameAs":["http:\/\/guzzophotos.com"]}]}},"views":158,"_links":{"self":[{"href":"https:\/\/elcanillita.info\/press\/wp-json\/wp\/v2\/posts\/5405","targetHints":{"allow":["GET"]}}],"collection":[{"href":"https:\/\/elcanillita.info\/press\/wp-json\/wp\/v2\/posts"}],"about":[{"href":"https:\/\/elcanillita.info\/press\/wp-json\/wp\/v2\/types\/post"}],"author":[{"embeddable":true,"href":"https:\/\/elcanillita.info\/press\/wp-json\/wp\/v2\/users\/14"}],"replies":[{"embeddable":true,"href":"https:\/\/elcanillita.info\/press\/wp-json\/wp\/v2\/comments?post=5405"}],"version-history":[{"count":0,"href":"https:\/\/elcanillita.info\/press\/wp-json\/wp\/v2\/posts\/5405\/revisions"}],"wp:featuredmedia":[{"embeddable":true,"href":"https:\/\/elcanillita.info\/press\/wp-json\/wp\/v2\/media\/5408"}],"wp:attachment":[{"href":"https:\/\/elcanillita.info\/press\/wp-json\/wp\/v2\/media?parent=5405"}],"wp:term":[{"taxonomy":"category","embeddable":true,"href":"https:\/\/elcanillita.info\/press\/wp-json\/wp\/v2\/categories?post=5405"},{"taxonomy":"post_tag","embeddable":true,"href":"https:\/\/elcanillita.info\/press\/wp-json\/wp\/v2\/tags?post=5405"}],"curies":[{"name":"wp","href":"https:\/\/api.w.org\/{rel}","templated":true}]}}