{"id":5354,"date":"2025-09-11T10:40:36","date_gmt":"2025-09-11T13:40:36","guid":{"rendered":"https:\/\/elcanillita.info\/press\/?p=5354"},"modified":"2025-09-11T10:40:37","modified_gmt":"2025-09-11T13:40:37","slug":"italia-refuerza-el-flanco-oriental-de-la-otan-tras-la-incursion-rusa-en-polonia","status":"publish","type":"post","link":"https:\/\/elcanillita.info\/press\/2025\/09\/11\/italia-refuerza-el-flanco-oriental-de-la-otan-tras-la-incursion-rusa-en-polonia\/","title":{"rendered":"Italia refuerza el flanco oriental de la OTAN tras la incursi\u00f3n rusa en Polonia"},"content":{"rendered":"\n<figure class=\"wp-block-image size-full\"><img loading=\"lazy\" decoding=\"async\" width=\"500\" height=\"333\" src=\"https:\/\/elcanillita.info\/press\/images\/2025\/09\/ita_av_filtered.jpg\" alt=\"\" class=\"wp-image-5355\" srcset=\"https:\/\/elcanillita.info\/press\/images\/2025\/09\/ita_av_filtered.jpg 500w, https:\/\/elcanillita.info\/press\/images\/2025\/09\/ita_av_filtered-300x200.jpg 300w\" sizes=\"auto, (max-width: 500px) 100vw, 500px\" \/><\/figure>\n\n\n\n<p class=\"p1\">Un avi\u00f3n italiano de reconocimiento electr\u00f3nico particip\u00f3 en la madrugada del mi\u00e9rcoles en una misi\u00f3n de la OTAN en Polonia, en respuesta a la incursi\u00f3n de drones rusos sobre territorio aliado. El aparato, un Gulfstream G550 con base en Estonia, despeg\u00f3 a las 00.47 desde la base de \u00c4mari y apag\u00f3 su transpondedor para evitar ser identificado durante la operaci\u00f3n. Reapareci\u00f3 en los radares a las 7.54, ya de regreso.<\/p>\n\n\n\n<p class=\"p1\">El dispositivo italiano forma parte de un contingente multinacional desplegado por la Alianza Atl\u00e1ntica en el flanco oriental, que incluye tambi\u00e9n cazas F-35 y bater\u00edas antia\u00e9reas Samp\/T. En la operaci\u00f3n intervinieron asimismo cazas polacos y neerlandeses, mientras el G550 proporcionaba la llamada situational awareness, es decir, la capacidad de anticipar riesgos mediante el radar de exploraci\u00f3n electr\u00f3nica que equipa la aeronave.<\/p>\n\n\n\n<p class=\"p1\">El ministro de Defensa, Guido Crosetto, calific\u00f3 el ataque ruso como \u201cdeliberado\u201d, con un doble objetivo: \u201cprovocar y poner a prueba\u201d la capacidad de reacci\u00f3n aliada. \u201cMosc\u00fa alimenta una escalada que nadie desea\u201d, advirti\u00f3 el responsable italiano, subrayando que el incidente no afecta solo a Polonia, sino al conjunto de la OTAN. La primera ministra, Giorgia Meloni, asegur\u00f3 que Italia continuar\u00e1 garantizando \u201cla seguridad europea\u201d y la solidaridad con los socios del Tratado Atl\u00e1ntico.<\/p>\n\n\n\n<p class=\"p1\">Desde el inicio de la guerra en Ucrania, los cazas italianos han interceptado en diversas ocasiones aeronaves rusas que se aproximaban al espacio a\u00e9reo polaco y b\u00e1ltico. Sin embargo, la incursi\u00f3n con drones sobre Polonia supone, seg\u00fan Defensa, un salto cualitativo en la confrontaci\u00f3n. Roma insiste en que cualquier ataque contra un miembro de la Alianza ser\u00e1 interpretado como una agresi\u00f3n a la OTAN en su conjunto.<\/p>\n\n\n\n<p><\/p>\n\n\n\n<p>\u270d\ufe0f ElCanillita.info &#8211; All Rights Reserved<\/p>\n\n\n<p><small>\u00a9\ufe0f2025 \u201cEl \u00faltimo que dobla la esquina\u201d<br \/>\n\u2026poque siempre hay alguien que reparte noticias mientras todos duermen.<br \/>\nTodos los derechos reservados<br \/>\nCopyright \u00a9\ufe0f 2025 ElCanillita.info \/ SalaStampa.eu, servicio mundial de prensa<br \/>\nGuzzo Photos &#038; Graphic Publications \u2013 Registro Editori e Stampatori n. 1441 Torino, Italia<\/small><\/p>\n\n\n<p><\/p>\n\n\n\n<p><\/p>\n","protected":false},"excerpt":{"rendered":"<p>\ud83d\udccc Un zorro elegante en los cielos del Este.<br \/>\nMientras cazas polacos y holandeses rug\u00edan contra drones rusos, un discreto Gulfstream italiano apagaba su transpondedor y se volv\u00eda fantasma.<br \/>\nNo dispar\u00f3, pero vio todo: el guardi\u00e1n invisible de Europa.<\/p>\n","protected":false},"author":14,"featured_media":5355,"comment_status":"closed","ping_status":"closed","sticky":false,"template":"","format":"standard","meta":{"footnotes":"","_links_to":"","_links_to_target":""},"categories":[108,121,70,5,119,23],"tags":[138],"class_list":["post-5354","post","type-post","status-publish","format-standard","has-post-thumbnail","hentry","category-blogdiario","category-dc24","category-actualidad","category-europa","category-guerra","category-politica","tag-polonia","entry","double"],"yoast_head":"<!-- This site is optimized with the Yoast SEO plugin v27.4 - https:\/\/yoast.com\/product\/yoast-seo-wordpress\/ -->\n<title>Italia refuerza el flanco oriental de la OTAN tras la incursi\u00f3n rusa en Polonia - ElCanillita.Info<\/title>\n<meta name=\"robots\" content=\"index, follow, max-snippet:-1, max-image-preview:large, max-video-preview:-1\" \/>\n<link rel=\"canonical\" href=\"https:\/\/elcanillita.info\/press\/2025\/09\/11\/italia-refuerza-el-flanco-oriental-de-la-otan-tras-la-incursion-rusa-en-polonia\/\" \/>\n<meta property=\"og:locale\" content=\"es_ES\" \/>\n<meta property=\"og:type\" content=\"article\" \/>\n<meta property=\"og:title\" content=\"Italia refuerza el flanco oriental de la OTAN tras la incursi\u00f3n rusa en Polonia - ElCanillita.Info\" \/>\n<meta property=\"og:description\" content=\"\ud83d\udccc Un zorro elegante en los cielos del Este. Mientras cazas polacos y holandeses rug\u00edan contra drones rusos, un discreto Gulfstream italiano apagaba su transpondedor y se volv\u00eda fantasma. No dispar\u00f3, pero vio todo: el guardi\u00e1n invisible de Europa.\" \/>\n<meta property=\"og:url\" content=\"https:\/\/elcanillita.info\/press\/2025\/09\/11\/italia-refuerza-el-flanco-oriental-de-la-otan-tras-la-incursion-rusa-en-polonia\/\" \/>\n<meta property=\"og:site_name\" content=\"ElCanillita.Info\" \/>\n<meta property=\"article:publisher\" content=\"https:\/\/ar-ar.facebook.com\/ElCanillitainfo-114249515285712\/\" \/>\n<meta property=\"article:published_time\" content=\"2025-09-11T13:40:36+00:00\" \/>\n<meta property=\"article:modified_time\" content=\"2025-09-11T13:40:37+00:00\" \/>\n<meta property=\"og:image\" content=\"https:\/\/elcanillita.info\/press\/images\/2025\/09\/ita_av_filtered.jpg\" \/>\n\t<meta property=\"og:image:width\" content=\"500\" \/>\n\t<meta property=\"og:image:height\" content=\"333\" \/>\n\t<meta property=\"og:image:type\" content=\"image\/jpeg\" \/>\n<meta name=\"author\" content=\"ElCanillita.info Guzzo Photos &amp; Graphic Publications\" \/>\n<meta name=\"twitter:card\" content=\"summary_large_image\" \/>\n<meta name=\"twitter:label1\" content=\"Escrito por\" \/>\n\t<meta name=\"twitter:data1\" content=\"ElCanillita.info Guzzo Photos &amp; Graphic Publications\" \/>\n\t<meta name=\"twitter:label2\" content=\"Tiempo de lectura\" \/>\n\t<meta name=\"twitter:data2\" content=\"2 minutos\" \/>\n<script type=\"application\/ld+json\" class=\"yoast-schema-graph\">{\"@context\":\"https:\\\/\\\/schema.org\",\"@graph\":[{\"@type\":\"Article\",\"@id\":\"https:\\\/\\\/elcanillita.info\\\/press\\\/2025\\\/09\\\/11\\\/italia-refuerza-el-flanco-oriental-de-la-otan-tras-la-incursion-rusa-en-polonia\\\/#article\",\"isPartOf\":{\"@id\":\"https:\\\/\\\/elcanillita.info\\\/press\\\/2025\\\/09\\\/11\\\/italia-refuerza-el-flanco-oriental-de-la-otan-tras-la-incursion-rusa-en-polonia\\\/\"},\"author\":{\"name\":\"ElCanillita.info Guzzo Photos &amp; Graphic Publications\",\"@id\":\"https:\\\/\\\/elcanillita.info\\\/press\\\/#\\\/schema\\\/person\\\/e37a550cff8f5f3407ed112e4cc619cb\"},\"headline\":\"Italia refuerza el flanco oriental de la OTAN tras la incursi\u00f3n rusa en Polonia\",\"datePublished\":\"2025-09-11T13:40:36+00:00\",\"dateModified\":\"2025-09-11T13:40:37+00:00\",\"mainEntityOfPage\":{\"@id\":\"https:\\\/\\\/elcanillita.info\\\/press\\\/2025\\\/09\\\/11\\\/italia-refuerza-el-flanco-oriental-de-la-otan-tras-la-incursion-rusa-en-polonia\\\/\"},\"wordCount\":353,\"publisher\":{\"@id\":\"https:\\\/\\\/elcanillita.info\\\/press\\\/#organization\"},\"image\":{\"@id\":\"https:\\\/\\\/elcanillita.info\\\/press\\\/2025\\\/09\\\/11\\\/italia-refuerza-el-flanco-oriental-de-la-otan-tras-la-incursion-rusa-en-polonia\\\/#primaryimage\"},\"thumbnailUrl\":\"https:\\\/\\\/elcanillita.info\\\/press\\\/images\\\/2025\\\/09\\\/ita_av_filtered.jpg\",\"keywords\":[\"Polonia\"],\"articleSection\":[\".\",\".\",\"Actualidad\",\"Europa\",\"Guerra\",\"Politica\"],\"inLanguage\":\"es-AR\"},{\"@type\":\"WebPage\",\"@id\":\"https:\\\/\\\/elcanillita.info\\\/press\\\/2025\\\/09\\\/11\\\/italia-refuerza-el-flanco-oriental-de-la-otan-tras-la-incursion-rusa-en-polonia\\\/\",\"url\":\"https:\\\/\\\/elcanillita.info\\\/press\\\/2025\\\/09\\\/11\\\/italia-refuerza-el-flanco-oriental-de-la-otan-tras-la-incursion-rusa-en-polonia\\\/\",\"name\":\"Italia refuerza el flanco oriental de la OTAN tras la incursi\u00f3n rusa en Polonia - ElCanillita.Info\",\"isPartOf\":{\"@id\":\"https:\\\/\\\/elcanillita.info\\\/press\\\/#website\"},\"primaryImageOfPage\":{\"@id\":\"https:\\\/\\\/elcanillita.info\\\/press\\\/2025\\\/09\\\/11\\\/italia-refuerza-el-flanco-oriental-de-la-otan-tras-la-incursion-rusa-en-polonia\\\/#primaryimage\"},\"image\":{\"@id\":\"https:\\\/\\\/elcanillita.info\\\/press\\\/2025\\\/09\\\/11\\\/italia-refuerza-el-flanco-oriental-de-la-otan-tras-la-incursion-rusa-en-polonia\\\/#primaryimage\"},\"thumbnailUrl\":\"https:\\\/\\\/elcanillita.info\\\/press\\\/images\\\/2025\\\/09\\\/ita_av_filtered.jpg\",\"datePublished\":\"2025-09-11T13:40:36+00:00\",\"dateModified\":\"2025-09-11T13:40:37+00:00\",\"inLanguage\":\"es-AR\",\"potentialAction\":[{\"@type\":\"ReadAction\",\"target\":[\"https:\\\/\\\/elcanillita.info\\\/press\\\/2025\\\/09\\\/11\\\/italia-refuerza-el-flanco-oriental-de-la-otan-tras-la-incursion-rusa-en-polonia\\\/\"]}]},{\"@type\":\"ImageObject\",\"inLanguage\":\"es-AR\",\"@id\":\"https:\\\/\\\/elcanillita.info\\\/press\\\/2025\\\/09\\\/11\\\/italia-refuerza-el-flanco-oriental-de-la-otan-tras-la-incursion-rusa-en-polonia\\\/#primaryimage\",\"url\":\"https:\\\/\\\/elcanillita.info\\\/press\\\/images\\\/2025\\\/09\\\/ita_av_filtered.jpg\",\"contentUrl\":\"https:\\\/\\\/elcanillita.info\\\/press\\\/images\\\/2025\\\/09\\\/ita_av_filtered.jpg\",\"width\":500,\"height\":333},{\"@type\":\"WebSite\",\"@id\":\"https:\\\/\\\/elcanillita.info\\\/press\\\/#website\",\"url\":\"https:\\\/\\\/elcanillita.info\\\/press\\\/\",\"name\":\"ElCanillita.Info\",\"description\":\"desde los Apeninos a los Andes\",\"publisher\":{\"@id\":\"https:\\\/\\\/elcanillita.info\\\/press\\\/#organization\"},\"potentialAction\":[{\"@type\":\"SearchAction\",\"target\":{\"@type\":\"EntryPoint\",\"urlTemplate\":\"https:\\\/\\\/elcanillita.info\\\/press\\\/?s={search_term_string}\"},\"query-input\":{\"@type\":\"PropertyValueSpecification\",\"valueRequired\":true,\"valueName\":\"search_term_string\"}}],\"inLanguage\":\"es-AR\"},{\"@type\":\"Organization\",\"@id\":\"https:\\\/\\\/elcanillita.info\\\/press\\\/#organization\",\"name\":\"Guzzo Photos & Graphic Publications\",\"url\":\"https:\\\/\\\/elcanillita.info\\\/press\\\/\",\"logo\":{\"@type\":\"ImageObject\",\"inLanguage\":\"es-AR\",\"@id\":\"https:\\\/\\\/elcanillita.info\\\/press\\\/#\\\/schema\\\/logo\\\/image\\\/\",\"url\":\"https:\\\/\\\/elcanillita.info\\\/press\\\/images\\\/2020\\\/01\\\/cropped-cropped-cropped-elcanillitainfo.png\",\"contentUrl\":\"https:\\\/\\\/elcanillita.info\\\/press\\\/images\\\/2020\\\/01\\\/cropped-cropped-cropped-elcanillitainfo.png\",\"width\":460,\"height\":50,\"caption\":\"Guzzo Photos & Graphic Publications\"},\"image\":{\"@id\":\"https:\\\/\\\/elcanillita.info\\\/press\\\/#\\\/schema\\\/logo\\\/image\\\/\"},\"sameAs\":[\"https:\\\/\\\/ar-ar.facebook.com\\\/ElCanillitainfo-114249515285712\\\/\"]},{\"@type\":\"Person\",\"@id\":\"https:\\\/\\\/elcanillita.info\\\/press\\\/#\\\/schema\\\/person\\\/e37a550cff8f5f3407ed112e4cc619cb\",\"name\":\"ElCanillita.info Guzzo Photos &amp; Graphic Publications\",\"image\":{\"@type\":\"ImageObject\",\"inLanguage\":\"es-AR\",\"@id\":\"https:\\\/\\\/secure.gravatar.com\\\/avatar\\\/8914fbe0ef09248907e331ab93dfa89c7f76decf6b51cd1b2f8444e6260db772?s=96&d=mm&r=g\",\"url\":\"https:\\\/\\\/secure.gravatar.com\\\/avatar\\\/8914fbe0ef09248907e331ab93dfa89c7f76decf6b51cd1b2f8444e6260db772?s=96&d=mm&r=g\",\"contentUrl\":\"https:\\\/\\\/secure.gravatar.com\\\/avatar\\\/8914fbe0ef09248907e331ab93dfa89c7f76decf6b51cd1b2f8444e6260db772?s=96&d=mm&r=g\",\"caption\":\"ElCanillita.info Guzzo Photos &amp; Graphic Publications\"},\"sameAs\":[\"http:\\\/\\\/guzzophotos.com\"]}]}<\/script>\n<!-- \/ Yoast SEO plugin. -->","yoast_head_json":{"title":"Italia refuerza el flanco oriental de la OTAN tras la incursi\u00f3n rusa en Polonia - ElCanillita.Info","robots":{"index":"index","follow":"follow","max-snippet":"max-snippet:-1","max-image-preview":"max-image-preview:large","max-video-preview":"max-video-preview:-1"},"canonical":"https:\/\/elcanillita.info\/press\/2025\/09\/11\/italia-refuerza-el-flanco-oriental-de-la-otan-tras-la-incursion-rusa-en-polonia\/","og_locale":"es_ES","og_type":"article","og_title":"Italia refuerza el flanco oriental de la OTAN tras la incursi\u00f3n rusa en Polonia - ElCanillita.Info","og_description":"\ud83d\udccc Un zorro elegante en los cielos del Este. Mientras cazas polacos y holandeses rug\u00edan contra drones rusos, un discreto Gulfstream italiano apagaba su transpondedor y se volv\u00eda fantasma. No dispar\u00f3, pero vio todo: el guardi\u00e1n invisible de Europa.","og_url":"https:\/\/elcanillita.info\/press\/2025\/09\/11\/italia-refuerza-el-flanco-oriental-de-la-otan-tras-la-incursion-rusa-en-polonia\/","og_site_name":"ElCanillita.Info","article_publisher":"https:\/\/ar-ar.facebook.com\/ElCanillitainfo-114249515285712\/","article_published_time":"2025-09-11T13:40:36+00:00","article_modified_time":"2025-09-11T13:40:37+00:00","og_image":[{"width":500,"height":333,"url":"https:\/\/elcanillita.info\/press\/images\/2025\/09\/ita_av_filtered.jpg","type":"image\/jpeg"}],"author":"ElCanillita.info Guzzo Photos &amp; Graphic Publications","twitter_card":"summary_large_image","twitter_misc":{"Escrito por":"ElCanillita.info Guzzo Photos &amp; Graphic Publications","Tiempo de lectura":"2 minutos"},"schema":{"@context":"https:\/\/schema.org","@graph":[{"@type":"Article","@id":"https:\/\/elcanillita.info\/press\/2025\/09\/11\/italia-refuerza-el-flanco-oriental-de-la-otan-tras-la-incursion-rusa-en-polonia\/#article","isPartOf":{"@id":"https:\/\/elcanillita.info\/press\/2025\/09\/11\/italia-refuerza-el-flanco-oriental-de-la-otan-tras-la-incursion-rusa-en-polonia\/"},"author":{"name":"ElCanillita.info Guzzo Photos &amp; Graphic Publications","@id":"https:\/\/elcanillita.info\/press\/#\/schema\/person\/e37a550cff8f5f3407ed112e4cc619cb"},"headline":"Italia refuerza el flanco oriental de la OTAN tras la incursi\u00f3n rusa en Polonia","datePublished":"2025-09-11T13:40:36+00:00","dateModified":"2025-09-11T13:40:37+00:00","mainEntityOfPage":{"@id":"https:\/\/elcanillita.info\/press\/2025\/09\/11\/italia-refuerza-el-flanco-oriental-de-la-otan-tras-la-incursion-rusa-en-polonia\/"},"wordCount":353,"publisher":{"@id":"https:\/\/elcanillita.info\/press\/#organization"},"image":{"@id":"https:\/\/elcanillita.info\/press\/2025\/09\/11\/italia-refuerza-el-flanco-oriental-de-la-otan-tras-la-incursion-rusa-en-polonia\/#primaryimage"},"thumbnailUrl":"https:\/\/elcanillita.info\/press\/images\/2025\/09\/ita_av_filtered.jpg","keywords":["Polonia"],"articleSection":[".",".","Actualidad","Europa","Guerra","Politica"],"inLanguage":"es-AR"},{"@type":"WebPage","@id":"https:\/\/elcanillita.info\/press\/2025\/09\/11\/italia-refuerza-el-flanco-oriental-de-la-otan-tras-la-incursion-rusa-en-polonia\/","url":"https:\/\/elcanillita.info\/press\/2025\/09\/11\/italia-refuerza-el-flanco-oriental-de-la-otan-tras-la-incursion-rusa-en-polonia\/","name":"Italia refuerza el flanco oriental de la OTAN tras la incursi\u00f3n rusa en Polonia - ElCanillita.Info","isPartOf":{"@id":"https:\/\/elcanillita.info\/press\/#website"},"primaryImageOfPage":{"@id":"https:\/\/elcanillita.info\/press\/2025\/09\/11\/italia-refuerza-el-flanco-oriental-de-la-otan-tras-la-incursion-rusa-en-polonia\/#primaryimage"},"image":{"@id":"https:\/\/elcanillita.info\/press\/2025\/09\/11\/italia-refuerza-el-flanco-oriental-de-la-otan-tras-la-incursion-rusa-en-polonia\/#primaryimage"},"thumbnailUrl":"https:\/\/elcanillita.info\/press\/images\/2025\/09\/ita_av_filtered.jpg","datePublished":"2025-09-11T13:40:36+00:00","dateModified":"2025-09-11T13:40:37+00:00","inLanguage":"es-AR","potentialAction":[{"@type":"ReadAction","target":["https:\/\/elcanillita.info\/press\/2025\/09\/11\/italia-refuerza-el-flanco-oriental-de-la-otan-tras-la-incursion-rusa-en-polonia\/"]}]},{"@type":"ImageObject","inLanguage":"es-AR","@id":"https:\/\/elcanillita.info\/press\/2025\/09\/11\/italia-refuerza-el-flanco-oriental-de-la-otan-tras-la-incursion-rusa-en-polonia\/#primaryimage","url":"https:\/\/elcanillita.info\/press\/images\/2025\/09\/ita_av_filtered.jpg","contentUrl":"https:\/\/elcanillita.info\/press\/images\/2025\/09\/ita_av_filtered.jpg","width":500,"height":333},{"@type":"WebSite","@id":"https:\/\/elcanillita.info\/press\/#website","url":"https:\/\/elcanillita.info\/press\/","name":"ElCanillita.Info","description":"desde los Apeninos a los Andes","publisher":{"@id":"https:\/\/elcanillita.info\/press\/#organization"},"potentialAction":[{"@type":"SearchAction","target":{"@type":"EntryPoint","urlTemplate":"https:\/\/elcanillita.info\/press\/?s={search_term_string}"},"query-input":{"@type":"PropertyValueSpecification","valueRequired":true,"valueName":"search_term_string"}}],"inLanguage":"es-AR"},{"@type":"Organization","@id":"https:\/\/elcanillita.info\/press\/#organization","name":"Guzzo Photos & Graphic Publications","url":"https:\/\/elcanillita.info\/press\/","logo":{"@type":"ImageObject","inLanguage":"es-AR","@id":"https:\/\/elcanillita.info\/press\/#\/schema\/logo\/image\/","url":"https:\/\/elcanillita.info\/press\/images\/2020\/01\/cropped-cropped-cropped-elcanillitainfo.png","contentUrl":"https:\/\/elcanillita.info\/press\/images\/2020\/01\/cropped-cropped-cropped-elcanillitainfo.png","width":460,"height":50,"caption":"Guzzo Photos & Graphic Publications"},"image":{"@id":"https:\/\/elcanillita.info\/press\/#\/schema\/logo\/image\/"},"sameAs":["https:\/\/ar-ar.facebook.com\/ElCanillitainfo-114249515285712\/"]},{"@type":"Person","@id":"https:\/\/elcanillita.info\/press\/#\/schema\/person\/e37a550cff8f5f3407ed112e4cc619cb","name":"ElCanillita.info Guzzo Photos &amp; Graphic Publications","image":{"@type":"ImageObject","inLanguage":"es-AR","@id":"https:\/\/secure.gravatar.com\/avatar\/8914fbe0ef09248907e331ab93dfa89c7f76decf6b51cd1b2f8444e6260db772?s=96&d=mm&r=g","url":"https:\/\/secure.gravatar.com\/avatar\/8914fbe0ef09248907e331ab93dfa89c7f76decf6b51cd1b2f8444e6260db772?s=96&d=mm&r=g","contentUrl":"https:\/\/secure.gravatar.com\/avatar\/8914fbe0ef09248907e331ab93dfa89c7f76decf6b51cd1b2f8444e6260db772?s=96&d=mm&r=g","caption":"ElCanillita.info Guzzo Photos &amp; Graphic Publications"},"sameAs":["http:\/\/guzzophotos.com"]}]}},"views":145,"_links":{"self":[{"href":"https:\/\/elcanillita.info\/press\/wp-json\/wp\/v2\/posts\/5354","targetHints":{"allow":["GET"]}}],"collection":[{"href":"https:\/\/elcanillita.info\/press\/wp-json\/wp\/v2\/posts"}],"about":[{"href":"https:\/\/elcanillita.info\/press\/wp-json\/wp\/v2\/types\/post"}],"author":[{"embeddable":true,"href":"https:\/\/elcanillita.info\/press\/wp-json\/wp\/v2\/users\/14"}],"replies":[{"embeddable":true,"href":"https:\/\/elcanillita.info\/press\/wp-json\/wp\/v2\/comments?post=5354"}],"version-history":[{"count":0,"href":"https:\/\/elcanillita.info\/press\/wp-json\/wp\/v2\/posts\/5354\/revisions"}],"wp:featuredmedia":[{"embeddable":true,"href":"https:\/\/elcanillita.info\/press\/wp-json\/wp\/v2\/media\/5355"}],"wp:attachment":[{"href":"https:\/\/elcanillita.info\/press\/wp-json\/wp\/v2\/media?parent=5354"}],"wp:term":[{"taxonomy":"category","embeddable":true,"href":"https:\/\/elcanillita.info\/press\/wp-json\/wp\/v2\/categories?post=5354"},{"taxonomy":"post_tag","embeddable":true,"href":"https:\/\/elcanillita.info\/press\/wp-json\/wp\/v2\/tags?post=5354"}],"curies":[{"name":"wp","href":"https:\/\/api.w.org\/{rel}","templated":true}]}}