{"id":5319,"date":"2025-09-08T11:23:51","date_gmt":"2025-09-08T14:23:51","guid":{"rendered":"https:\/\/elcanillita.info\/press\/?p=5319"},"modified":"2025-09-08T13:54:14","modified_gmt":"2025-09-08T16:54:14","slug":"black-monday","status":"publish","type":"post","link":"https:\/\/elcanillita.info\/press\/2025\/09\/08\/black-monday\/","title":{"rendered":"Black Monday"},"content":{"rendered":"<div class=\"wp-block-image\">\n<figure class=\"alignleft is-resized\"><img loading=\"lazy\" decoding=\"async\" width=\"683\" height=\"1024\" src=\"https:\/\/elcanillita.info\/press\/images\/2025\/09\/img_0473-2-1-683x1024.jpg\" alt=\"\" class=\"wp-image-5322\" style=\"width:360px;height:auto\" srcset=\"https:\/\/elcanillita.info\/press\/images\/2025\/09\/img_0473-2-1-683x1024.jpg 683w, https:\/\/elcanillita.info\/press\/images\/2025\/09\/img_0473-2-1-200x300.jpg 200w, https:\/\/elcanillita.info\/press\/images\/2025\/09\/img_0473-2-1-768x1152.jpg 768w, https:\/\/elcanillita.info\/press\/images\/2025\/09\/img_0473-2-1.jpg 1024w\" sizes=\"auto, (max-width: 683px) 100vw, 683px\" \/><\/figure>\n<\/div>\n\n\n<p><strong>Argentina<\/strong><\/p>\n\n\n\n<p class=\"p1\">\ud83d\udcf0 \u00bfQu\u00e9 pas\u00f3?<\/p>\n\n\n\n<p class=\"p1\">Las elecciones en la provincia de Buenos Aires dieron una paliza inesperada al gobierno: la oposici\u00f3n sac\u00f3 m\u00e1s de 14 puntos de diferencia. Los inversores, que esperaban una pelea m\u00e1s pareja, se asustaron. El resultado peg\u00f3 de lleno en los mercados financieros.<\/p>\n\n\n\n<p class=\"p1\">\ud83d\udcb8 La reacci\u00f3n inmediata<\/p>\n\n\n\n<p class=\"p3\">Antes de que abrieran oficialmente los mercados de Nueva York, ya se ve\u00edan las pantallas te\u00f1idas de rojo. Acciones argentinas (los \u201cpapeles\u201d de bancos, petroleras, energ\u00e9ticas y empresas locales que cotizan en Wall Street) cayeron entre 10% y 16% en pocas horas. Bonos (la deuda que emite el Estado) tambi\u00e9n se desplomaron: hasta 9% abajo. El riesgo pa\u00eds \u2014ese term\u00f3metro de cu\u00e1nto conf\u00edan en que Argentina pague sus deudas\u2014 volvi\u00f3 a dispararse, arriba de los 900 puntos. El d\u00f3lar cripto salt\u00f3 a $1440.<\/p>\n\n\n\n<p class=\"p1\">\u26a1 \u00bfPor qu\u00e9 tanta ca\u00edda?<\/p>\n\n\n\n<p class=\"p1\">El mercado financiero odia las sorpresas.<\/p>\n\n\n\n<p class=\"p3\">Ya contaban con que el oficialismo pod\u00eda perder, pero no por tanto margen. Una derrota amplia alimenta dudas: \u00bftendr\u00e1 Milei fuerza pol\u00edtica para sostener su plan econ\u00f3mico? Los inversores temen m\u00e1s gasto, m\u00e1s d\u00e9ficit, menos reformas, m\u00e1s trabas. Y cuando hay miedo, venden.<\/p>\n\n\n\n<p class=\"p1\">\ud83c\udfe6 Qui\u00e9nes perdieron m\u00e1s<\/p>\n\n\n\n<p class=\"p3\">Bancos: Galicia -16%, Supervielle -13%, Macro -12%, BBVA -11%. Energ\u00e9ticas: Edenor -15%, YPF -14%, Pampa Energ\u00eda -13%. Industriales y agro: Loma Negra -11%, Cresud -6%. Tecnolog\u00eda: Mercado Libre, m\u00e1s protegida por ser regional, apenas -2%.<\/p>\n\n\n\n<p class=\"p1\">\ud83d\udcc9 \u00bfEs p\u00e1nico?<\/p>\n\n\n\n<p class=\"p1\">No todav\u00eda. En 2019, tras una derrota electoral, las acciones argentinas llegaron a derrumbarse 50% en un solo d\u00eda. Esta vez la ca\u00edda es fuerte, pero no un derrumbe total.<\/p>\n\n\n\n<p class=\"p1\">La diferencia es que los inversores, aunque golpeados, a\u00fan esperan que el gobierno reaccione y use las herramientas que tiene: subir tasas, vender d\u00f3lares del Tesoro, pedir m\u00e1s apoyo al FMI.<\/p>\n\n\n\n<p class=\"p1\">\u23f3 Qu\u00e9 se viene<\/p>\n\n\n\n<p class=\"p3\">Los pr\u00f3ximos d\u00edas ser\u00e1n un test: si el d\u00f3lar se dispara y los bonos siguen cayendo, la presi\u00f3n sobre el Banco Central y el Tesoro ser\u00e1 m\u00e1xima. Todo depende de si el gobierno logra dar se\u00f1ales claras de estabilidad antes de las elecciones de octubre. Mientras tanto, la frase clave de hoy es: \u201cBlack Monday\u201d \u2014el lunes negro de la econom\u00eda argentina en Wall Street.<\/p>\n\n\n\n<p class=\"p1\">\ud83d\udc49 En resumen:<\/p>\n\n\n\n<p class=\"p1\">Lo que ocurri\u00f3 no es una discusi\u00f3n entre financistas, es un reflejo directo de c\u00f3mo la pol\u00edtica impacta en tu bolsillo: d\u00f3lar m\u00e1s caro, inflaci\u00f3n que puede acelerarse y tasas que pueden subir.<\/p>\n\n\n<p><small>\u00a9\ufe0f 2025 ElCanillita.info \u2013 All Rights Reserved  \u2013 SalaStampa.eu, world press service &#8211; Guzzo Photos &amp; Graphic Publications \u2013 Registro Editori e Stampatori n. 1441 Turin, Italy<\/small><\/p>\n\n\n<p><\/p>\n\n\n\n<p><\/p>\n\n\n\n<p><\/p>\n\n\n\n<figure class=\"wp-block-gallery alignleft has-nested-images columns-default is-cropped wp-block-gallery-1 is-layout-flex wp-block-gallery-is-layout-flex\"><\/figure>\n","protected":false},"excerpt":{"rendered":"<p>\ud83d\udc49 \u201cCuando en Bs.As. votan\u2026 \u00a1en Wall Street tiemblan!\u201d<\/p>\n","protected":false},"author":14,"featured_media":5321,"comment_status":"closed","ping_status":"closed","sticky":false,"template":"","format":"standard","meta":{"footnotes":"","_links_to":"","_links_to_target":""},"categories":[108,121,70,11,20,23,25],"tags":[29],"class_list":["post-5319","post","type-post","status-publish","format-standard","has-post-thumbnail","hentry","category-blogdiario","category-dc24","category-actualidad","category-america-del-sur","category-economia","category-politica","category-sociedad","tag-argentina","entry","double"],"yoast_head":"<!-- This site is optimized with the Yoast SEO plugin v27.4 - https:\/\/yoast.com\/product\/yoast-seo-wordpress\/ -->\n<title>Black Monday - ElCanillita.Info<\/title>\n<meta name=\"robots\" content=\"index, follow, max-snippet:-1, max-image-preview:large, max-video-preview:-1\" \/>\n<link rel=\"canonical\" href=\"https:\/\/elcanillita.info\/press\/2025\/09\/08\/black-monday\/\" \/>\n<meta property=\"og:locale\" content=\"es_ES\" \/>\n<meta property=\"og:type\" content=\"article\" \/>\n<meta property=\"og:title\" content=\"Black Monday - ElCanillita.Info\" \/>\n<meta property=\"og:description\" content=\"\ud83d\udc49 \u201cCuando en Bs.As. votan\u2026 \u00a1en Wall Street tiemblan!\u201d\" \/>\n<meta property=\"og:url\" content=\"https:\/\/elcanillita.info\/press\/2025\/09\/08\/black-monday\/\" \/>\n<meta property=\"og:site_name\" content=\"ElCanillita.Info\" \/>\n<meta property=\"article:publisher\" content=\"https:\/\/ar-ar.facebook.com\/ElCanillitainfo-114249515285712\/\" \/>\n<meta property=\"article:published_time\" content=\"2025-09-08T14:23:51+00:00\" \/>\n<meta property=\"article:modified_time\" content=\"2025-09-08T16:54:14+00:00\" \/>\n<meta property=\"og:image\" content=\"https:\/\/elcanillita.info\/press\/images\/2025\/09\/fcc790b5-33b2-4d8e-a509-8c0631d3b7dd-1.jpg\" \/>\n\t<meta property=\"og:image:width\" content=\"1536\" \/>\n\t<meta property=\"og:image:height\" content=\"1024\" \/>\n\t<meta property=\"og:image:type\" content=\"image\/jpeg\" \/>\n<meta name=\"author\" content=\"ElCanillita.info Guzzo Photos &amp; Graphic Publications\" \/>\n<meta name=\"twitter:card\" content=\"summary_large_image\" \/>\n<meta name=\"twitter:label1\" content=\"Escrito por\" \/>\n\t<meta name=\"twitter:data1\" content=\"ElCanillita.info Guzzo Photos &amp; Graphic Publications\" \/>\n\t<meta name=\"twitter:label2\" content=\"Tiempo de lectura\" \/>\n\t<meta name=\"twitter:data2\" content=\"3 minutos\" \/>\n<script type=\"application\/ld+json\" class=\"yoast-schema-graph\">{\"@context\":\"https:\\\/\\\/schema.org\",\"@graph\":[{\"@type\":\"Article\",\"@id\":\"https:\\\/\\\/elcanillita.info\\\/press\\\/2025\\\/09\\\/08\\\/black-monday\\\/#article\",\"isPartOf\":{\"@id\":\"https:\\\/\\\/elcanillita.info\\\/press\\\/2025\\\/09\\\/08\\\/black-monday\\\/\"},\"author\":{\"name\":\"ElCanillita.info Guzzo Photos &amp; Graphic Publications\",\"@id\":\"https:\\\/\\\/elcanillita.info\\\/press\\\/#\\\/schema\\\/person\\\/e37a550cff8f5f3407ed112e4cc619cb\"},\"headline\":\"Black Monday\",\"datePublished\":\"2025-09-08T14:23:51+00:00\",\"dateModified\":\"2025-09-08T16:54:14+00:00\",\"mainEntityOfPage\":{\"@id\":\"https:\\\/\\\/elcanillita.info\\\/press\\\/2025\\\/09\\\/08\\\/black-monday\\\/\"},\"wordCount\":453,\"publisher\":{\"@id\":\"https:\\\/\\\/elcanillita.info\\\/press\\\/#organization\"},\"image\":{\"@id\":\"https:\\\/\\\/elcanillita.info\\\/press\\\/2025\\\/09\\\/08\\\/black-monday\\\/#primaryimage\"},\"thumbnailUrl\":\"https:\\\/\\\/elcanillita.info\\\/press\\\/images\\\/2025\\\/09\\\/fcc790b5-33b2-4d8e-a509-8c0631d3b7dd-1.jpg\",\"keywords\":[\"Argentina\"],\"articleSection\":[\".\",\".\",\"Actualidad\",\"Am\u00e9rica del Sur\",\"Economia\",\"Politica\",\"Sociedad\"],\"inLanguage\":\"es-AR\"},{\"@type\":\"WebPage\",\"@id\":\"https:\\\/\\\/elcanillita.info\\\/press\\\/2025\\\/09\\\/08\\\/black-monday\\\/\",\"url\":\"https:\\\/\\\/elcanillita.info\\\/press\\\/2025\\\/09\\\/08\\\/black-monday\\\/\",\"name\":\"Black Monday - ElCanillita.Info\",\"isPartOf\":{\"@id\":\"https:\\\/\\\/elcanillita.info\\\/press\\\/#website\"},\"primaryImageOfPage\":{\"@id\":\"https:\\\/\\\/elcanillita.info\\\/press\\\/2025\\\/09\\\/08\\\/black-monday\\\/#primaryimage\"},\"image\":{\"@id\":\"https:\\\/\\\/elcanillita.info\\\/press\\\/2025\\\/09\\\/08\\\/black-monday\\\/#primaryimage\"},\"thumbnailUrl\":\"https:\\\/\\\/elcanillita.info\\\/press\\\/images\\\/2025\\\/09\\\/fcc790b5-33b2-4d8e-a509-8c0631d3b7dd-1.jpg\",\"datePublished\":\"2025-09-08T14:23:51+00:00\",\"dateModified\":\"2025-09-08T16:54:14+00:00\",\"inLanguage\":\"es-AR\",\"potentialAction\":[{\"@type\":\"ReadAction\",\"target\":[\"https:\\\/\\\/elcanillita.info\\\/press\\\/2025\\\/09\\\/08\\\/black-monday\\\/\"]}]},{\"@type\":\"ImageObject\",\"inLanguage\":\"es-AR\",\"@id\":\"https:\\\/\\\/elcanillita.info\\\/press\\\/2025\\\/09\\\/08\\\/black-monday\\\/#primaryimage\",\"url\":\"https:\\\/\\\/elcanillita.info\\\/press\\\/images\\\/2025\\\/09\\\/fcc790b5-33b2-4d8e-a509-8c0631d3b7dd-1.jpg\",\"contentUrl\":\"https:\\\/\\\/elcanillita.info\\\/press\\\/images\\\/2025\\\/09\\\/fcc790b5-33b2-4d8e-a509-8c0631d3b7dd-1.jpg\",\"width\":1536,\"height\":1024},{\"@type\":\"WebSite\",\"@id\":\"https:\\\/\\\/elcanillita.info\\\/press\\\/#website\",\"url\":\"https:\\\/\\\/elcanillita.info\\\/press\\\/\",\"name\":\"ElCanillita.Info\",\"description\":\"desde los Apeninos a los Andes\",\"publisher\":{\"@id\":\"https:\\\/\\\/elcanillita.info\\\/press\\\/#organization\"},\"potentialAction\":[{\"@type\":\"SearchAction\",\"target\":{\"@type\":\"EntryPoint\",\"urlTemplate\":\"https:\\\/\\\/elcanillita.info\\\/press\\\/?s={search_term_string}\"},\"query-input\":{\"@type\":\"PropertyValueSpecification\",\"valueRequired\":true,\"valueName\":\"search_term_string\"}}],\"inLanguage\":\"es-AR\"},{\"@type\":\"Organization\",\"@id\":\"https:\\\/\\\/elcanillita.info\\\/press\\\/#organization\",\"name\":\"Guzzo Photos & Graphic Publications\",\"url\":\"https:\\\/\\\/elcanillita.info\\\/press\\\/\",\"logo\":{\"@type\":\"ImageObject\",\"inLanguage\":\"es-AR\",\"@id\":\"https:\\\/\\\/elcanillita.info\\\/press\\\/#\\\/schema\\\/logo\\\/image\\\/\",\"url\":\"https:\\\/\\\/elcanillita.info\\\/press\\\/images\\\/2020\\\/01\\\/cropped-cropped-cropped-elcanillitainfo.png\",\"contentUrl\":\"https:\\\/\\\/elcanillita.info\\\/press\\\/images\\\/2020\\\/01\\\/cropped-cropped-cropped-elcanillitainfo.png\",\"width\":460,\"height\":50,\"caption\":\"Guzzo Photos & Graphic Publications\"},\"image\":{\"@id\":\"https:\\\/\\\/elcanillita.info\\\/press\\\/#\\\/schema\\\/logo\\\/image\\\/\"},\"sameAs\":[\"https:\\\/\\\/ar-ar.facebook.com\\\/ElCanillitainfo-114249515285712\\\/\"]},{\"@type\":\"Person\",\"@id\":\"https:\\\/\\\/elcanillita.info\\\/press\\\/#\\\/schema\\\/person\\\/e37a550cff8f5f3407ed112e4cc619cb\",\"name\":\"ElCanillita.info Guzzo Photos &amp; Graphic Publications\",\"image\":{\"@type\":\"ImageObject\",\"inLanguage\":\"es-AR\",\"@id\":\"https:\\\/\\\/secure.gravatar.com\\\/avatar\\\/8914fbe0ef09248907e331ab93dfa89c7f76decf6b51cd1b2f8444e6260db772?s=96&d=mm&r=g\",\"url\":\"https:\\\/\\\/secure.gravatar.com\\\/avatar\\\/8914fbe0ef09248907e331ab93dfa89c7f76decf6b51cd1b2f8444e6260db772?s=96&d=mm&r=g\",\"contentUrl\":\"https:\\\/\\\/secure.gravatar.com\\\/avatar\\\/8914fbe0ef09248907e331ab93dfa89c7f76decf6b51cd1b2f8444e6260db772?s=96&d=mm&r=g\",\"caption\":\"ElCanillita.info Guzzo Photos &amp; Graphic Publications\"},\"sameAs\":[\"http:\\\/\\\/guzzophotos.com\"]}]}<\/script>\n<!-- \/ Yoast SEO plugin. -->","yoast_head_json":{"title":"Black Monday - ElCanillita.Info","robots":{"index":"index","follow":"follow","max-snippet":"max-snippet:-1","max-image-preview":"max-image-preview:large","max-video-preview":"max-video-preview:-1"},"canonical":"https:\/\/elcanillita.info\/press\/2025\/09\/08\/black-monday\/","og_locale":"es_ES","og_type":"article","og_title":"Black Monday - ElCanillita.Info","og_description":"\ud83d\udc49 \u201cCuando en Bs.As. votan\u2026 \u00a1en Wall Street tiemblan!\u201d","og_url":"https:\/\/elcanillita.info\/press\/2025\/09\/08\/black-monday\/","og_site_name":"ElCanillita.Info","article_publisher":"https:\/\/ar-ar.facebook.com\/ElCanillitainfo-114249515285712\/","article_published_time":"2025-09-08T14:23:51+00:00","article_modified_time":"2025-09-08T16:54:14+00:00","og_image":[{"width":1536,"height":1024,"url":"https:\/\/elcanillita.info\/press\/images\/2025\/09\/fcc790b5-33b2-4d8e-a509-8c0631d3b7dd-1.jpg","type":"image\/jpeg"}],"author":"ElCanillita.info Guzzo Photos &amp; Graphic Publications","twitter_card":"summary_large_image","twitter_misc":{"Escrito por":"ElCanillita.info Guzzo Photos &amp; Graphic Publications","Tiempo de lectura":"3 minutos"},"schema":{"@context":"https:\/\/schema.org","@graph":[{"@type":"Article","@id":"https:\/\/elcanillita.info\/press\/2025\/09\/08\/black-monday\/#article","isPartOf":{"@id":"https:\/\/elcanillita.info\/press\/2025\/09\/08\/black-monday\/"},"author":{"name":"ElCanillita.info Guzzo Photos &amp; Graphic Publications","@id":"https:\/\/elcanillita.info\/press\/#\/schema\/person\/e37a550cff8f5f3407ed112e4cc619cb"},"headline":"Black Monday","datePublished":"2025-09-08T14:23:51+00:00","dateModified":"2025-09-08T16:54:14+00:00","mainEntityOfPage":{"@id":"https:\/\/elcanillita.info\/press\/2025\/09\/08\/black-monday\/"},"wordCount":453,"publisher":{"@id":"https:\/\/elcanillita.info\/press\/#organization"},"image":{"@id":"https:\/\/elcanillita.info\/press\/2025\/09\/08\/black-monday\/#primaryimage"},"thumbnailUrl":"https:\/\/elcanillita.info\/press\/images\/2025\/09\/fcc790b5-33b2-4d8e-a509-8c0631d3b7dd-1.jpg","keywords":["Argentina"],"articleSection":[".",".","Actualidad","Am\u00e9rica del Sur","Economia","Politica","Sociedad"],"inLanguage":"es-AR"},{"@type":"WebPage","@id":"https:\/\/elcanillita.info\/press\/2025\/09\/08\/black-monday\/","url":"https:\/\/elcanillita.info\/press\/2025\/09\/08\/black-monday\/","name":"Black Monday - ElCanillita.Info","isPartOf":{"@id":"https:\/\/elcanillita.info\/press\/#website"},"primaryImageOfPage":{"@id":"https:\/\/elcanillita.info\/press\/2025\/09\/08\/black-monday\/#primaryimage"},"image":{"@id":"https:\/\/elcanillita.info\/press\/2025\/09\/08\/black-monday\/#primaryimage"},"thumbnailUrl":"https:\/\/elcanillita.info\/press\/images\/2025\/09\/fcc790b5-33b2-4d8e-a509-8c0631d3b7dd-1.jpg","datePublished":"2025-09-08T14:23:51+00:00","dateModified":"2025-09-08T16:54:14+00:00","inLanguage":"es-AR","potentialAction":[{"@type":"ReadAction","target":["https:\/\/elcanillita.info\/press\/2025\/09\/08\/black-monday\/"]}]},{"@type":"ImageObject","inLanguage":"es-AR","@id":"https:\/\/elcanillita.info\/press\/2025\/09\/08\/black-monday\/#primaryimage","url":"https:\/\/elcanillita.info\/press\/images\/2025\/09\/fcc790b5-33b2-4d8e-a509-8c0631d3b7dd-1.jpg","contentUrl":"https:\/\/elcanillita.info\/press\/images\/2025\/09\/fcc790b5-33b2-4d8e-a509-8c0631d3b7dd-1.jpg","width":1536,"height":1024},{"@type":"WebSite","@id":"https:\/\/elcanillita.info\/press\/#website","url":"https:\/\/elcanillita.info\/press\/","name":"ElCanillita.Info","description":"desde los Apeninos a los Andes","publisher":{"@id":"https:\/\/elcanillita.info\/press\/#organization"},"potentialAction":[{"@type":"SearchAction","target":{"@type":"EntryPoint","urlTemplate":"https:\/\/elcanillita.info\/press\/?s={search_term_string}"},"query-input":{"@type":"PropertyValueSpecification","valueRequired":true,"valueName":"search_term_string"}}],"inLanguage":"es-AR"},{"@type":"Organization","@id":"https:\/\/elcanillita.info\/press\/#organization","name":"Guzzo Photos & Graphic Publications","url":"https:\/\/elcanillita.info\/press\/","logo":{"@type":"ImageObject","inLanguage":"es-AR","@id":"https:\/\/elcanillita.info\/press\/#\/schema\/logo\/image\/","url":"https:\/\/elcanillita.info\/press\/images\/2020\/01\/cropped-cropped-cropped-elcanillitainfo.png","contentUrl":"https:\/\/elcanillita.info\/press\/images\/2020\/01\/cropped-cropped-cropped-elcanillitainfo.png","width":460,"height":50,"caption":"Guzzo Photos & Graphic Publications"},"image":{"@id":"https:\/\/elcanillita.info\/press\/#\/schema\/logo\/image\/"},"sameAs":["https:\/\/ar-ar.facebook.com\/ElCanillitainfo-114249515285712\/"]},{"@type":"Person","@id":"https:\/\/elcanillita.info\/press\/#\/schema\/person\/e37a550cff8f5f3407ed112e4cc619cb","name":"ElCanillita.info Guzzo Photos &amp; Graphic Publications","image":{"@type":"ImageObject","inLanguage":"es-AR","@id":"https:\/\/secure.gravatar.com\/avatar\/8914fbe0ef09248907e331ab93dfa89c7f76decf6b51cd1b2f8444e6260db772?s=96&d=mm&r=g","url":"https:\/\/secure.gravatar.com\/avatar\/8914fbe0ef09248907e331ab93dfa89c7f76decf6b51cd1b2f8444e6260db772?s=96&d=mm&r=g","contentUrl":"https:\/\/secure.gravatar.com\/avatar\/8914fbe0ef09248907e331ab93dfa89c7f76decf6b51cd1b2f8444e6260db772?s=96&d=mm&r=g","caption":"ElCanillita.info Guzzo Photos &amp; Graphic Publications"},"sameAs":["http:\/\/guzzophotos.com"]}]}},"views":132,"_links":{"self":[{"href":"https:\/\/elcanillita.info\/press\/wp-json\/wp\/v2\/posts\/5319","targetHints":{"allow":["GET"]}}],"collection":[{"href":"https:\/\/elcanillita.info\/press\/wp-json\/wp\/v2\/posts"}],"about":[{"href":"https:\/\/elcanillita.info\/press\/wp-json\/wp\/v2\/types\/post"}],"author":[{"embeddable":true,"href":"https:\/\/elcanillita.info\/press\/wp-json\/wp\/v2\/users\/14"}],"replies":[{"embeddable":true,"href":"https:\/\/elcanillita.info\/press\/wp-json\/wp\/v2\/comments?post=5319"}],"version-history":[{"count":0,"href":"https:\/\/elcanillita.info\/press\/wp-json\/wp\/v2\/posts\/5319\/revisions"}],"wp:featuredmedia":[{"embeddable":true,"href":"https:\/\/elcanillita.info\/press\/wp-json\/wp\/v2\/media\/5321"}],"wp:attachment":[{"href":"https:\/\/elcanillita.info\/press\/wp-json\/wp\/v2\/media?parent=5319"}],"wp:term":[{"taxonomy":"category","embeddable":true,"href":"https:\/\/elcanillita.info\/press\/wp-json\/wp\/v2\/categories?post=5319"},{"taxonomy":"post_tag","embeddable":true,"href":"https:\/\/elcanillita.info\/press\/wp-json\/wp\/v2\/tags?post=5319"}],"curies":[{"name":"wp","href":"https:\/\/api.w.org\/{rel}","templated":true}]}}