{"id":531,"date":"2020-02-23T09:56:43","date_gmt":"2020-02-23T12:56:43","guid":{"rendered":"https:\/\/elcanillita.info\/press\/?p=531"},"modified":"2020-02-24T11:21:54","modified_gmt":"2020-02-24T14:21:54","slug":"papa-francisco-populismo-asusta-recuerda-los-anos-30","status":"publish","type":"post","link":"https:\/\/elcanillita.info\/press\/2020\/02\/23\/papa-francisco-populismo-asusta-recuerda-los-anos-30\/","title":{"rendered":"Papa Francisco: &#8220;El populismo me asusta, me recuerda a los a\u00f1os 30&#8221;."},"content":{"rendered":"\n<p><img decoding=\"async\" src=\"https:\/\/elcanillita.info\/press\/images\/2020\/02\/pope3.jpg\"><br><small>Carnaval de Viareggio en Italia. &#8211; Foto: PanPress.Eu\/Vittorino Neme<\/small><br><br> Bari, 23.02.2020 &#8211; &#8220;La ret\u00f3rica del choque de civilizaciones s\u00f3lo sirve para justificar la violencia y para alimentar el odio&#8221;, a\u00f1adi\u00f3 el Papa durante el encuentro con los obispos del Mediterr\u00e1neo.<\/p>\n\n\n\n<p>&#8220;Nunca aceptamos que los que buscan la esperanza por mar mueran sin recibir ayuda o que los que vienen de lejos se conviertan en v\u00edctimas de la explotaci\u00f3n sexual, sean mal pagados o contratados por las mafias&#8221; &#8211; dijo el Papa a los obispos del Mediterr\u00e1neo en Bari.<\/p>\n\n\n\n<p><strong>El Papa Francis a\u00f1adi\u00f3<\/strong>: &#8220;Los populismos me asustan, me recuerdan a los a\u00f1os 30 y a los discursos que sembraban el miedo y el odio.<\/p>\n\n\n\n<p>Ciertamente -a\u00f1adi\u00f3 el Papa- la acogida y una integraci\u00f3n digna son etapas de un proceso no f\u00e1cil, sin embargo, es impensable afrontarlo levantando muros. De esta manera, m\u00e1s bien, se impide a uno el acceso a la riqueza de la que el otro es portador y que siempre constituye una oportunidad de crecimiento&#8221;. <\/p>\n\n\n\n<p>En la conclusi\u00f3n del encuentro &#8220;La frontera mediterr\u00e1nea de la paz&#8221; -un evento organizado por la Conferencia Episcopal Italiana en el que participaron 58 obispos de 20 pa\u00edses- el Papa destac\u00f3 que &#8220;entre los que m\u00e1s luchan en la zona del Mediterr\u00e1neo est\u00e1n los que huyen de la guerra o dejan su tierra en busca de una vida digna del hombre&#8221;. <\/p>\n\n\n\n<p>&#8220;El n\u00famero de estos hermanos -obligados a abandonar sus afectos y su patria y a exponerse a condiciones de extrema precariedad- ha ido en aumento debido al incremento de los conflictos y a las dram\u00e1ticas condiciones clim\u00e1ticas y ambientales de zonas cada vez m\u00e1s extensas&#8221;, se\u00f1al\u00f3.<\/p>\n\n\n\n<p>Seg\u00fan el Papa, &#8220;es f\u00e1cil prever que este fen\u00f3meno, con su din\u00e1mica de \u00e9poca, marcar\u00e1 profundamente la regi\u00f3n del Mediterr\u00e1neo, de modo que los Estados y las comunidades religiosas no pueden encontrarse desprevenidos&#8221;.<\/p>\n\n\n\n<p>&#8220;Los pa\u00edses atravesados por las corrientes migratorias y los de destino final est\u00e1n interesados -subray\u00f3 Francisco en la reuni\u00f3n celebrada en la Bas\u00edlica de San Nicol\u00e1s- pero tambi\u00e9n lo est\u00e1n los gobiernos e iglesias de los Estados de origen de los migrantes, que con la partida de tantos j\u00f3venes ven empobrecido su futuro&#8221;. <\/p>\n\n\n\n<p>&#8220;Somos conscientes -dijo- de que en diferentes contextos sociales existe un sentimiento generalizado de indiferencia e incluso de rechazo, lo que nos hace pensar en la actitud, estigmatizada en muchas par\u00e1bolas evang\u00e9licas, de quienes se encierran en su riqueza y autonom\u00eda, sin darse cuenta de qui\u00e9n, con palabras o simplemente con su estado de pobreza, pide ayuda. &#8220;La ret\u00f3rica del choque de civilizaciones s\u00f3lo sirve para justificar la violencia y alimentar el odio.<\/p>\n\n\n\n<p><strong>El incumplimiento pol\u00edtico causa radicalismo y terror <\/strong><\/p>\n\n\n\n<p>&#8220;El incumplimiento pol\u00edtico, sin embargo, la debilidad de la pol\u00edtica y el sectarismo son causas de radicalismo y terrorismo. La comunidad internacional se ha detenido en la intervenci\u00f3n militar, mientras que debe construir instituciones que garanticen la igualdad de oportunidades y lugares donde los ciudadanos puedan hacerse cargo del bien com\u00fan&#8221;, dijo el Papa, que luego afirm\u00f3 con firmeza: &#8220;La guerra, que dirige los recursos a la compra de armas y al esfuerzo militar, desvi\u00e1ndolos de las funciones vitales de una sociedad, como el apoyo a las familias, la salud y la educaci\u00f3n, es contraria a la raz\u00f3n, seg\u00fan la ense\u00f1anza de San Juan XXIII (cf. Pacem in Terris)&#8221;.<\/p>\n\n\n\n<p>&#8220;En otras palabras&#8221;, dijo, &#8220;es una locura, porque es una locura destruir casas, puentes, f\u00e1bricas, hospitales, matar gente y destruir recursos en lugar de construir relaciones humanas y con\u00f3micas&#8221;. Es una locura a la que no podemos resignarnos, nunca&#8221;.  <\/p>\n\n\n\n<p>Por lo tanto, &#8220;no hay ninguna alternativa sensata a la paz, porque todo proyecto de explotaci\u00f3n y supremac\u00eda destruye a los que golpean y a los que son golpeados, y revela una concepci\u00f3n miope de la realidad, ya que priva no s\u00f3lo al otro, sino tambi\u00e9n a uno mismo del futuro&#8221;.<\/p>\n\n\n\n<p>&#8220;Entre Israel y Palestina existe el peligro de soluciones desiguales&#8221;<br>&#8220;Hoy en d\u00eda, la zona del Mediterr\u00e1neo est\u00e1 minada por muchos focos de inestabilidad y guerra, tanto en Oriente Medio como en varios Estados del norte de \u00c1frica, as\u00ed como entre diferentes grupos \u00e9tnicos o religiosos y confesionales; tampoco podemos olvidar el conflicto a\u00fan no resuelto entre israel\u00edes y palestinos, con el peligro de soluciones desiguales y, por lo tanto, presagio de nuevas crisis&#8221;, dijo Francesco al final de la reuni\u00f3n.<br><small>ElCanillita.info<\/small> <br><br><small>2020 \u00a9 SalaStampa.Eu &#8211; ElCanillita.Info  <\/small><\/p>\n\n\n\n<p><\/p>\n","protected":false},"excerpt":{"rendered":"<p> Bari, 23.02.2020 &#8211; &#8220;La ret\u00f3rica del choque de civilizaciones s\u00f3lo sirve para justificar la violencia y para alimentar el odio&#8221;, a\u00f1adi\u00f3 el Papa durante el encuentro con los obispos del Mediterr\u00e1neo.<\/p>\n","protected":false},"author":1,"featured_media":0,"comment_status":"closed","ping_status":"closed","sticky":false,"template":"","format":"standard","meta":{"footnotes":"","_links_to":"","_links_to_target":""},"categories":[70,5,23,25],"tags":[60],"class_list":["post-531","post","type-post","status-publish","format-standard","hentry","category-actualidad","category-europa","category-politica","category-sociedad","tag-italia","entry","double"],"yoast_head":"<!-- This site is optimized with the Yoast SEO plugin v27.5 - https:\/\/yoast.com\/product\/yoast-seo-wordpress\/ -->\n<title>Papa Francisco: &quot;El populismo me asusta, me recuerda a los a\u00f1os 30&quot;. - ElCanillita.Info<\/title>\n<meta name=\"robots\" content=\"index, follow, max-snippet:-1, max-image-preview:large, max-video-preview:-1\" \/>\n<link rel=\"canonical\" href=\"https:\/\/elcanillita.info\/press\/2020\/02\/23\/papa-francisco-populismo-asusta-recuerda-los-anos-30\/\" \/>\n<meta property=\"og:locale\" content=\"es_ES\" \/>\n<meta property=\"og:type\" content=\"article\" \/>\n<meta property=\"og:title\" content=\"Papa Francisco: &quot;El populismo me asusta, me recuerda a los a\u00f1os 30&quot;. - ElCanillita.Info\" \/>\n<meta property=\"og:description\" content=\"Bari, 23.02.2020 - &quot;La ret\u00f3rica del choque de civilizaciones s\u00f3lo sirve para justificar la violencia y para alimentar el odio&quot;, a\u00f1adi\u00f3 el Papa durante el encuentro con los obispos del Mediterr\u00e1neo.\" \/>\n<meta property=\"og:url\" content=\"https:\/\/elcanillita.info\/press\/2020\/02\/23\/papa-francisco-populismo-asusta-recuerda-los-anos-30\/\" \/>\n<meta property=\"og:site_name\" content=\"ElCanillita.Info\" \/>\n<meta property=\"article:publisher\" content=\"https:\/\/ar-ar.facebook.com\/ElCanillitainfo-114249515285712\/\" \/>\n<meta property=\"article:published_time\" content=\"2020-02-23T12:56:43+00:00\" \/>\n<meta property=\"article:modified_time\" content=\"2020-02-24T14:21:54+00:00\" \/>\n<meta property=\"og:image\" content=\"https:\/\/elcanillita.info\/press\/images\/2020\/02\/pope3.jpg\" \/>\n<meta name=\"author\" content=\"SalaStampa.eu, world press service\" \/>\n<meta name=\"twitter:card\" content=\"summary_large_image\" \/>\n<meta name=\"twitter:label1\" content=\"Escrito por\" \/>\n\t<meta name=\"twitter:data1\" content=\"SalaStampa.eu, world press service\" \/>\n\t<meta name=\"twitter:label2\" content=\"Tiempo de lectura\" \/>\n\t<meta name=\"twitter:data2\" content=\"4 minutos\" \/>\n<script type=\"application\/ld+json\" class=\"yoast-schema-graph\">{\"@context\":\"https:\\\/\\\/schema.org\",\"@graph\":[{\"@type\":\"Article\",\"@id\":\"https:\\\/\\\/elcanillita.info\\\/press\\\/2020\\\/02\\\/23\\\/papa-francisco-populismo-asusta-recuerda-los-anos-30\\\/#article\",\"isPartOf\":{\"@id\":\"https:\\\/\\\/elcanillita.info\\\/press\\\/2020\\\/02\\\/23\\\/papa-francisco-populismo-asusta-recuerda-los-anos-30\\\/\"},\"author\":{\"name\":\"SalaStampa.eu, world press service\",\"@id\":\"https:\\\/\\\/elcanillita.info\\\/press\\\/#\\\/schema\\\/person\\\/7fcb79f38045700919f7da6d97e71ba0\"},\"headline\":\"Papa Francisco: &#8220;El populismo me asusta, me recuerda a los a\u00f1os 30&#8221;.\",\"datePublished\":\"2020-02-23T12:56:43+00:00\",\"dateModified\":\"2020-02-24T14:21:54+00:00\",\"mainEntityOfPage\":{\"@id\":\"https:\\\/\\\/elcanillita.info\\\/press\\\/2020\\\/02\\\/23\\\/papa-francisco-populismo-asusta-recuerda-los-anos-30\\\/\"},\"wordCount\":802,\"publisher\":{\"@id\":\"https:\\\/\\\/elcanillita.info\\\/press\\\/#organization\"},\"image\":{\"@id\":\"https:\\\/\\\/elcanillita.info\\\/press\\\/2020\\\/02\\\/23\\\/papa-francisco-populismo-asusta-recuerda-los-anos-30\\\/#primaryimage\"},\"thumbnailUrl\":\"https:\\\/\\\/elcanillita.info\\\/press\\\/images\\\/2020\\\/02\\\/pope3.jpg\",\"keywords\":[\"Italia\"],\"articleSection\":[\"Actualidad\",\"Europa\",\"Politica\",\"Sociedad\"],\"inLanguage\":\"es-AR\"},{\"@type\":\"WebPage\",\"@id\":\"https:\\\/\\\/elcanillita.info\\\/press\\\/2020\\\/02\\\/23\\\/papa-francisco-populismo-asusta-recuerda-los-anos-30\\\/\",\"url\":\"https:\\\/\\\/elcanillita.info\\\/press\\\/2020\\\/02\\\/23\\\/papa-francisco-populismo-asusta-recuerda-los-anos-30\\\/\",\"name\":\"Papa Francisco: \\\"El populismo me asusta, me recuerda a los a\u00f1os 30\\\". - ElCanillita.Info\",\"isPartOf\":{\"@id\":\"https:\\\/\\\/elcanillita.info\\\/press\\\/#website\"},\"primaryImageOfPage\":{\"@id\":\"https:\\\/\\\/elcanillita.info\\\/press\\\/2020\\\/02\\\/23\\\/papa-francisco-populismo-asusta-recuerda-los-anos-30\\\/#primaryimage\"},\"image\":{\"@id\":\"https:\\\/\\\/elcanillita.info\\\/press\\\/2020\\\/02\\\/23\\\/papa-francisco-populismo-asusta-recuerda-los-anos-30\\\/#primaryimage\"},\"thumbnailUrl\":\"https:\\\/\\\/elcanillita.info\\\/press\\\/images\\\/2020\\\/02\\\/pope3.jpg\",\"datePublished\":\"2020-02-23T12:56:43+00:00\",\"dateModified\":\"2020-02-24T14:21:54+00:00\",\"inLanguage\":\"es-AR\",\"potentialAction\":[{\"@type\":\"ReadAction\",\"target\":[\"https:\\\/\\\/elcanillita.info\\\/press\\\/2020\\\/02\\\/23\\\/papa-francisco-populismo-asusta-recuerda-los-anos-30\\\/\"]}]},{\"@type\":\"ImageObject\",\"inLanguage\":\"es-AR\",\"@id\":\"https:\\\/\\\/elcanillita.info\\\/press\\\/2020\\\/02\\\/23\\\/papa-francisco-populismo-asusta-recuerda-los-anos-30\\\/#primaryimage\",\"url\":\"https:\\\/\\\/elcanillita.info\\\/press\\\/images\\\/2020\\\/02\\\/pope3.jpg\",\"contentUrl\":\"https:\\\/\\\/elcanillita.info\\\/press\\\/images\\\/2020\\\/02\\\/pope3.jpg\"},{\"@type\":\"WebSite\",\"@id\":\"https:\\\/\\\/elcanillita.info\\\/press\\\/#website\",\"url\":\"https:\\\/\\\/elcanillita.info\\\/press\\\/\",\"name\":\"ElCanillita.Info\",\"description\":\"desde los Apeninos a los Andes\",\"publisher\":{\"@id\":\"https:\\\/\\\/elcanillita.info\\\/press\\\/#organization\"},\"potentialAction\":[{\"@type\":\"SearchAction\",\"target\":{\"@type\":\"EntryPoint\",\"urlTemplate\":\"https:\\\/\\\/elcanillita.info\\\/press\\\/?s={search_term_string}\"},\"query-input\":{\"@type\":\"PropertyValueSpecification\",\"valueRequired\":true,\"valueName\":\"search_term_string\"}}],\"inLanguage\":\"es-AR\"},{\"@type\":\"Organization\",\"@id\":\"https:\\\/\\\/elcanillita.info\\\/press\\\/#organization\",\"name\":\"Guzzo Photos & Graphic Publications\",\"url\":\"https:\\\/\\\/elcanillita.info\\\/press\\\/\",\"logo\":{\"@type\":\"ImageObject\",\"inLanguage\":\"es-AR\",\"@id\":\"https:\\\/\\\/elcanillita.info\\\/press\\\/#\\\/schema\\\/logo\\\/image\\\/\",\"url\":\"https:\\\/\\\/elcanillita.info\\\/press\\\/images\\\/2020\\\/01\\\/cropped-cropped-cropped-elcanillitainfo.png\",\"contentUrl\":\"https:\\\/\\\/elcanillita.info\\\/press\\\/images\\\/2020\\\/01\\\/cropped-cropped-cropped-elcanillitainfo.png\",\"width\":460,\"height\":50,\"caption\":\"Guzzo Photos & Graphic Publications\"},\"image\":{\"@id\":\"https:\\\/\\\/elcanillita.info\\\/press\\\/#\\\/schema\\\/logo\\\/image\\\/\"},\"sameAs\":[\"https:\\\/\\\/ar-ar.facebook.com\\\/ElCanillitainfo-114249515285712\\\/\"]},{\"@type\":\"Person\",\"@id\":\"https:\\\/\\\/elcanillita.info\\\/press\\\/#\\\/schema\\\/person\\\/7fcb79f38045700919f7da6d97e71ba0\",\"name\":\"SalaStampa.eu, world press service\",\"image\":{\"@type\":\"ImageObject\",\"inLanguage\":\"es-AR\",\"@id\":\"https:\\\/\\\/secure.gravatar.com\\\/avatar\\\/c2f0e0d515a107624234994507816ca4724c7199cef73fc8bedebf6931d73888?s=96&d=mm&r=g\",\"url\":\"https:\\\/\\\/secure.gravatar.com\\\/avatar\\\/c2f0e0d515a107624234994507816ca4724c7199cef73fc8bedebf6931d73888?s=96&d=mm&r=g\",\"contentUrl\":\"https:\\\/\\\/secure.gravatar.com\\\/avatar\\\/c2f0e0d515a107624234994507816ca4724c7199cef73fc8bedebf6931d73888?s=96&d=mm&r=g\",\"caption\":\"SalaStampa.eu, world press service\"}}]}<\/script>\n<!-- \/ Yoast SEO plugin. -->","yoast_head_json":{"title":"Papa Francisco: \"El populismo me asusta, me recuerda a los a\u00f1os 30\". - ElCanillita.Info","robots":{"index":"index","follow":"follow","max-snippet":"max-snippet:-1","max-image-preview":"max-image-preview:large","max-video-preview":"max-video-preview:-1"},"canonical":"https:\/\/elcanillita.info\/press\/2020\/02\/23\/papa-francisco-populismo-asusta-recuerda-los-anos-30\/","og_locale":"es_ES","og_type":"article","og_title":"Papa Francisco: \"El populismo me asusta, me recuerda a los a\u00f1os 30\". - ElCanillita.Info","og_description":"Bari, 23.02.2020 - \"La ret\u00f3rica del choque de civilizaciones s\u00f3lo sirve para justificar la violencia y para alimentar el odio\", a\u00f1adi\u00f3 el Papa durante el encuentro con los obispos del Mediterr\u00e1neo.","og_url":"https:\/\/elcanillita.info\/press\/2020\/02\/23\/papa-francisco-populismo-asusta-recuerda-los-anos-30\/","og_site_name":"ElCanillita.Info","article_publisher":"https:\/\/ar-ar.facebook.com\/ElCanillitainfo-114249515285712\/","article_published_time":"2020-02-23T12:56:43+00:00","article_modified_time":"2020-02-24T14:21:54+00:00","og_image":[{"url":"https:\/\/elcanillita.info\/press\/images\/2020\/02\/pope3.jpg","type":"","width":"","height":""}],"author":"SalaStampa.eu, world press service","twitter_card":"summary_large_image","twitter_misc":{"Escrito por":"SalaStampa.eu, world press service","Tiempo de lectura":"4 minutos"},"schema":{"@context":"https:\/\/schema.org","@graph":[{"@type":"Article","@id":"https:\/\/elcanillita.info\/press\/2020\/02\/23\/papa-francisco-populismo-asusta-recuerda-los-anos-30\/#article","isPartOf":{"@id":"https:\/\/elcanillita.info\/press\/2020\/02\/23\/papa-francisco-populismo-asusta-recuerda-los-anos-30\/"},"author":{"name":"SalaStampa.eu, world press service","@id":"https:\/\/elcanillita.info\/press\/#\/schema\/person\/7fcb79f38045700919f7da6d97e71ba0"},"headline":"Papa Francisco: &#8220;El populismo me asusta, me recuerda a los a\u00f1os 30&#8221;.","datePublished":"2020-02-23T12:56:43+00:00","dateModified":"2020-02-24T14:21:54+00:00","mainEntityOfPage":{"@id":"https:\/\/elcanillita.info\/press\/2020\/02\/23\/papa-francisco-populismo-asusta-recuerda-los-anos-30\/"},"wordCount":802,"publisher":{"@id":"https:\/\/elcanillita.info\/press\/#organization"},"image":{"@id":"https:\/\/elcanillita.info\/press\/2020\/02\/23\/papa-francisco-populismo-asusta-recuerda-los-anos-30\/#primaryimage"},"thumbnailUrl":"https:\/\/elcanillita.info\/press\/images\/2020\/02\/pope3.jpg","keywords":["Italia"],"articleSection":["Actualidad","Europa","Politica","Sociedad"],"inLanguage":"es-AR"},{"@type":"WebPage","@id":"https:\/\/elcanillita.info\/press\/2020\/02\/23\/papa-francisco-populismo-asusta-recuerda-los-anos-30\/","url":"https:\/\/elcanillita.info\/press\/2020\/02\/23\/papa-francisco-populismo-asusta-recuerda-los-anos-30\/","name":"Papa Francisco: \"El populismo me asusta, me recuerda a los a\u00f1os 30\". - ElCanillita.Info","isPartOf":{"@id":"https:\/\/elcanillita.info\/press\/#website"},"primaryImageOfPage":{"@id":"https:\/\/elcanillita.info\/press\/2020\/02\/23\/papa-francisco-populismo-asusta-recuerda-los-anos-30\/#primaryimage"},"image":{"@id":"https:\/\/elcanillita.info\/press\/2020\/02\/23\/papa-francisco-populismo-asusta-recuerda-los-anos-30\/#primaryimage"},"thumbnailUrl":"https:\/\/elcanillita.info\/press\/images\/2020\/02\/pope3.jpg","datePublished":"2020-02-23T12:56:43+00:00","dateModified":"2020-02-24T14:21:54+00:00","inLanguage":"es-AR","potentialAction":[{"@type":"ReadAction","target":["https:\/\/elcanillita.info\/press\/2020\/02\/23\/papa-francisco-populismo-asusta-recuerda-los-anos-30\/"]}]},{"@type":"ImageObject","inLanguage":"es-AR","@id":"https:\/\/elcanillita.info\/press\/2020\/02\/23\/papa-francisco-populismo-asusta-recuerda-los-anos-30\/#primaryimage","url":"https:\/\/elcanillita.info\/press\/images\/2020\/02\/pope3.jpg","contentUrl":"https:\/\/elcanillita.info\/press\/images\/2020\/02\/pope3.jpg"},{"@type":"WebSite","@id":"https:\/\/elcanillita.info\/press\/#website","url":"https:\/\/elcanillita.info\/press\/","name":"ElCanillita.Info","description":"desde los Apeninos a los Andes","publisher":{"@id":"https:\/\/elcanillita.info\/press\/#organization"},"potentialAction":[{"@type":"SearchAction","target":{"@type":"EntryPoint","urlTemplate":"https:\/\/elcanillita.info\/press\/?s={search_term_string}"},"query-input":{"@type":"PropertyValueSpecification","valueRequired":true,"valueName":"search_term_string"}}],"inLanguage":"es-AR"},{"@type":"Organization","@id":"https:\/\/elcanillita.info\/press\/#organization","name":"Guzzo Photos & Graphic Publications","url":"https:\/\/elcanillita.info\/press\/","logo":{"@type":"ImageObject","inLanguage":"es-AR","@id":"https:\/\/elcanillita.info\/press\/#\/schema\/logo\/image\/","url":"https:\/\/elcanillita.info\/press\/images\/2020\/01\/cropped-cropped-cropped-elcanillitainfo.png","contentUrl":"https:\/\/elcanillita.info\/press\/images\/2020\/01\/cropped-cropped-cropped-elcanillitainfo.png","width":460,"height":50,"caption":"Guzzo Photos & Graphic Publications"},"image":{"@id":"https:\/\/elcanillita.info\/press\/#\/schema\/logo\/image\/"},"sameAs":["https:\/\/ar-ar.facebook.com\/ElCanillitainfo-114249515285712\/"]},{"@type":"Person","@id":"https:\/\/elcanillita.info\/press\/#\/schema\/person\/7fcb79f38045700919f7da6d97e71ba0","name":"SalaStampa.eu, world press service","image":{"@type":"ImageObject","inLanguage":"es-AR","@id":"https:\/\/secure.gravatar.com\/avatar\/c2f0e0d515a107624234994507816ca4724c7199cef73fc8bedebf6931d73888?s=96&d=mm&r=g","url":"https:\/\/secure.gravatar.com\/avatar\/c2f0e0d515a107624234994507816ca4724c7199cef73fc8bedebf6931d73888?s=96&d=mm&r=g","contentUrl":"https:\/\/secure.gravatar.com\/avatar\/c2f0e0d515a107624234994507816ca4724c7199cef73fc8bedebf6931d73888?s=96&d=mm&r=g","caption":"SalaStampa.eu, world press service"}}]}},"views":801,"_links":{"self":[{"href":"https:\/\/elcanillita.info\/press\/wp-json\/wp\/v2\/posts\/531","targetHints":{"allow":["GET"]}}],"collection":[{"href":"https:\/\/elcanillita.info\/press\/wp-json\/wp\/v2\/posts"}],"about":[{"href":"https:\/\/elcanillita.info\/press\/wp-json\/wp\/v2\/types\/post"}],"author":[{"embeddable":true,"href":"https:\/\/elcanillita.info\/press\/wp-json\/wp\/v2\/users\/1"}],"replies":[{"embeddable":true,"href":"https:\/\/elcanillita.info\/press\/wp-json\/wp\/v2\/comments?post=531"}],"version-history":[{"count":0,"href":"https:\/\/elcanillita.info\/press\/wp-json\/wp\/v2\/posts\/531\/revisions"}],"wp:attachment":[{"href":"https:\/\/elcanillita.info\/press\/wp-json\/wp\/v2\/media?parent=531"}],"wp:term":[{"taxonomy":"category","embeddable":true,"href":"https:\/\/elcanillita.info\/press\/wp-json\/wp\/v2\/categories?post=531"},{"taxonomy":"post_tag","embeddable":true,"href":"https:\/\/elcanillita.info\/press\/wp-json\/wp\/v2\/tags?post=531"}],"curies":[{"name":"wp","href":"https:\/\/api.w.org\/{rel}","templated":true}]}}