{"id":5305,"date":"2025-09-04T20:22:09","date_gmt":"2025-09-04T23:22:09","guid":{"rendered":"https:\/\/elcanillita.info\/press\/?p=5305"},"modified":"2025-09-05T05:49:28","modified_gmt":"2025-09-05T08:49:28","slug":"guajira-alta-coimera","status":"publish","type":"post","link":"https:\/\/elcanillita.info\/press\/2025\/09\/04\/guajira-alta-coimera\/","title":{"rendered":"Guajira\u2026 \u00a1Alta Coimera!"},"content":{"rendered":"\n<figure class=\"wp-block-image size-large\"><img loading=\"lazy\" decoding=\"async\" width=\"1024\" height=\"683\" src=\"https:\/\/elcanillita.info\/press\/images\/2025\/09\/c438a9fb-f6a6-46bb-91eb-1136024a852f-1-1024x683.jpg\" class=\"wp-image-5306\" srcset=\"https:\/\/elcanillita.info\/press\/images\/2025\/09\/c438a9fb-f6a6-46bb-91eb-1136024a852f-1-1024x683.jpg 1024w, https:\/\/elcanillita.info\/press\/images\/2025\/09\/c438a9fb-f6a6-46bb-91eb-1136024a852f-1-300x200.jpg 300w, https:\/\/elcanillita.info\/press\/images\/2025\/09\/c438a9fb-f6a6-46bb-91eb-1136024a852f-1-768x512.jpg 768w, https:\/\/elcanillita.info\/press\/images\/2025\/09\/c438a9fb-f6a6-46bb-91eb-1136024a852f-1.jpg 1536w\" sizes=\"auto, (max-width: 1024px) 100vw, 1024px\" \/><\/figure>\n\n\n\n<p class=\"p1\">El Senado argentino escribi\u00f3 anoche una de esas p\u00e1ginas que quedar\u00e1n en la historia parlamentaria: con un mazazo de 63 votos a favor, siete en contra y ninguna abstenci\u00f3n, se le plant\u00f3 a Javier Milei y revirti\u00f3 el primer veto de su gesti\u00f3n.<\/p>\n\n\n\n<p class=\"p1\">La v\u00edctima del l\u00e1tigo libertario fue la ley de emergencia en discapacidad, que ahora deber\u00e1 aplicarse tal cual fue aprobada en julio: pensiones no contributivas al 70% del haber m\u00ednimo, actualizaci\u00f3n de aranceles y regularizaci\u00f3n de deudas del sistema de salud con los prestadores.<\/p>\n\n\n\n<p class=\"p1\">El oficialismo qued\u00f3 reducido a un club de autoayuda: seis libertarios m\u00e1s una senadora bullrichista levantaron la mano para sostener el veto. Ni siquiera lograron disciplinar a toda su tropa: la juje\u00f1a Vilma Bedia prefiri\u00f3 no votar contra personas con discapacidad. Y para colmo, otro ausente \u2013el chaque\u00f1o Jos\u00e9 Rodas\u2013 apareci\u00f3 con parte de enfermo.<\/p>\n\n\n\n<p class=\"p1\">Con Milei en Los \u00c1ngeles y Villarruel jugando de presidenta suplente, el tim\u00f3n de la sesi\u00f3n lo llev\u00f3 Bartolom\u00e9 Abdala, que vio c\u00f3mo la oposici\u00f3n \u2013desde UP hasta el PRO larretista\u2013 aprovechaba la ocasi\u00f3n para pasar factura pol\u00edtica con los audios de las coimas en Discapacidad sonando de fondo como m\u00fasica incidental.<\/p>\n\n\n\n<p class=\"p1\">El catamarque\u00f1o Guillermo Andrada lo dijo sin anestesia: \u201cEsto no es eficiencia, es crueldad\u201d.<\/p>\n\n\n\n<p class=\"p1\">La fueguina Cristina L\u00f3pez, afinando la iron\u00eda, enton\u00f3 en el recinto una versi\u00f3n criolla de Guantanamera:<\/p>\n\n\n\n<p class=\"p1\">\ud83c\udfb6 \u201cAlta coimera, Karina es alta coimera\u201d \ud83c\udfb6<\/p>\n\n\n\n<p class=\"p1\">Guadalupe Tagliaferri (PRO) remat\u00f3 con bistur\u00ed: \u201cCuando me pregunten de d\u00f3nde sale la plata, voy a contestar que sale de la coima\u201d.<\/p>\n\n\n\n<p class=\"p1\">Y Alejandra Vigo (Unidad Federal) le puso el mo\u00f1o t\u00e9cnico: el costo fiscal no pasa del 0,3% del PBI, pero para las familias es la diferencia entre sobrevivir o caer en la desesperaci\u00f3n.<\/p>\n\n\n\n<p class=\"p1\">El golpe legislativo llega a tres d\u00edas de las elecciones bonaerenses y deja al descubierto lo que ya todos ven: la fragilidad parlamentaria de La Libertad Avanza, que por primera vez prob\u00f3 el sabor amargo de un veto volteado.<\/p>\n\n\n\n<p class=\"p1\">Guajira, guantanamera\u2026 Milei ya no baila solo.<\/p>\n\n\n\n<p><\/p>\n\n\n<p><small>\u00a9\ufe0f 2025 ElCanillita.info \/ BlogDiario.info \u2013 All Rights Reserved \u2013 SalaStampa.eu, world press service &#8211; Guzzo Photos &#038; Graphic Publications \u2013 Registro Editori e Stampatori n. 1441 Turin, Italy<\/small><\/p>\n\n\n<p><\/p>\n","protected":false},"excerpt":{"rendered":"<p>\ud83c\udde6\ud83c\uddf7 Senado 63-7 volte\u00f3 el veto de Milei a la ley de discapacidad.<br \/>\n\ud83c\udfb6 En el recinto son\u00f3: \u201cAlta coimera, Karina es alta coimera\u201d.<br \/>\n\ud83d\udca5 Primer mazazo opositor: fragilidad libertaria al desnudo.<\/p>\n","protected":false},"author":14,"featured_media":5312,"comment_status":"closed","ping_status":"closed","sticky":false,"template":"","format":"standard","meta":{"footnotes":"","_links_to":"","_links_to_target":""},"categories":[108,121,70,11,118,20,23,25],"tags":[29],"class_list":["post-5305","post","type-post","status-publish","format-standard","has-post-thumbnail","hentry","category-blogdiario","category-dc24","category-actualidad","category-america-del-sur","category-corrupcion","category-economia","category-politica","category-sociedad","tag-argentina","entry","double"],"yoast_head":"<!-- This site is optimized with the Yoast SEO plugin v27.4 - https:\/\/yoast.com\/product\/yoast-seo-wordpress\/ -->\n<title>Guajira\u2026 \u00a1Alta Coimera! - ElCanillita.Info<\/title>\n<meta name=\"robots\" content=\"index, follow, max-snippet:-1, max-image-preview:large, max-video-preview:-1\" \/>\n<link rel=\"canonical\" href=\"https:\/\/elcanillita.info\/press\/2025\/09\/04\/guajira-alta-coimera\/\" \/>\n<meta property=\"og:locale\" content=\"es_ES\" \/>\n<meta property=\"og:type\" content=\"article\" \/>\n<meta property=\"og:title\" content=\"Guajira\u2026 \u00a1Alta Coimera! - ElCanillita.Info\" \/>\n<meta property=\"og:description\" content=\"\ud83c\udde6\ud83c\uddf7 Senado 63-7 volte\u00f3 el veto de Milei a la ley de discapacidad. \ud83c\udfb6 En el recinto son\u00f3: \u201cAlta coimera, Karina es alta coimera\u201d. \ud83d\udca5 Primer mazazo opositor: fragilidad libertaria al desnudo.\" \/>\n<meta property=\"og:url\" content=\"https:\/\/elcanillita.info\/press\/2025\/09\/04\/guajira-alta-coimera\/\" \/>\n<meta property=\"og:site_name\" content=\"ElCanillita.Info\" \/>\n<meta property=\"article:publisher\" content=\"https:\/\/ar-ar.facebook.com\/ElCanillitainfo-114249515285712\/\" \/>\n<meta property=\"article:published_time\" content=\"2025-09-04T23:22:09+00:00\" \/>\n<meta property=\"article:modified_time\" content=\"2025-09-05T08:49:28+00:00\" \/>\n<meta property=\"og:image\" content=\"https:\/\/elcanillita.info\/press\/images\/2025\/09\/c438a9fb-f6a6-46bb-91eb-1136024a852f-2-2-1-1.jpg\" \/>\n\t<meta property=\"og:image:width\" content=\"450\" \/>\n\t<meta property=\"og:image:height\" content=\"300\" \/>\n\t<meta property=\"og:image:type\" content=\"image\/jpeg\" \/>\n<meta name=\"author\" content=\"ElCanillita.info Guzzo Photos &amp; Graphic Publications\" \/>\n<meta name=\"twitter:card\" content=\"summary_large_image\" \/>\n<meta name=\"twitter:label1\" content=\"Escrito por\" \/>\n\t<meta name=\"twitter:data1\" content=\"ElCanillita.info Guzzo Photos &amp; Graphic Publications\" \/>\n\t<meta name=\"twitter:label2\" content=\"Tiempo de lectura\" \/>\n\t<meta name=\"twitter:data2\" content=\"3 minutos\" \/>\n<script type=\"application\/ld+json\" class=\"yoast-schema-graph\">{\"@context\":\"https:\\\/\\\/schema.org\",\"@graph\":[{\"@type\":\"Article\",\"@id\":\"https:\\\/\\\/elcanillita.info\\\/press\\\/2025\\\/09\\\/04\\\/guajira-alta-coimera\\\/#article\",\"isPartOf\":{\"@id\":\"https:\\\/\\\/elcanillita.info\\\/press\\\/2025\\\/09\\\/04\\\/guajira-alta-coimera\\\/\"},\"author\":{\"name\":\"ElCanillita.info Guzzo Photos &amp; Graphic Publications\",\"@id\":\"https:\\\/\\\/elcanillita.info\\\/press\\\/#\\\/schema\\\/person\\\/e37a550cff8f5f3407ed112e4cc619cb\"},\"headline\":\"Guajira\u2026 \u00a1Alta Coimera!\",\"datePublished\":\"2025-09-04T23:22:09+00:00\",\"dateModified\":\"2025-09-05T08:49:28+00:00\",\"mainEntityOfPage\":{\"@id\":\"https:\\\/\\\/elcanillita.info\\\/press\\\/2025\\\/09\\\/04\\\/guajira-alta-coimera\\\/\"},\"wordCount\":383,\"publisher\":{\"@id\":\"https:\\\/\\\/elcanillita.info\\\/press\\\/#organization\"},\"image\":{\"@id\":\"https:\\\/\\\/elcanillita.info\\\/press\\\/2025\\\/09\\\/04\\\/guajira-alta-coimera\\\/#primaryimage\"},\"thumbnailUrl\":\"https:\\\/\\\/elcanillita.info\\\/press\\\/images\\\/2025\\\/09\\\/c438a9fb-f6a6-46bb-91eb-1136024a852f-2-2-1-1.jpg\",\"keywords\":[\"Argentina\"],\"articleSection\":[\".\",\".\",\"Actualidad\",\"Am\u00e9rica del Sur\",\"Corrupci\u00f3n\",\"Economia\",\"Politica\",\"Sociedad\"],\"inLanguage\":\"es-AR\"},{\"@type\":\"WebPage\",\"@id\":\"https:\\\/\\\/elcanillita.info\\\/press\\\/2025\\\/09\\\/04\\\/guajira-alta-coimera\\\/\",\"url\":\"https:\\\/\\\/elcanillita.info\\\/press\\\/2025\\\/09\\\/04\\\/guajira-alta-coimera\\\/\",\"name\":\"Guajira\u2026 \u00a1Alta Coimera! - ElCanillita.Info\",\"isPartOf\":{\"@id\":\"https:\\\/\\\/elcanillita.info\\\/press\\\/#website\"},\"primaryImageOfPage\":{\"@id\":\"https:\\\/\\\/elcanillita.info\\\/press\\\/2025\\\/09\\\/04\\\/guajira-alta-coimera\\\/#primaryimage\"},\"image\":{\"@id\":\"https:\\\/\\\/elcanillita.info\\\/press\\\/2025\\\/09\\\/04\\\/guajira-alta-coimera\\\/#primaryimage\"},\"thumbnailUrl\":\"https:\\\/\\\/elcanillita.info\\\/press\\\/images\\\/2025\\\/09\\\/c438a9fb-f6a6-46bb-91eb-1136024a852f-2-2-1-1.jpg\",\"datePublished\":\"2025-09-04T23:22:09+00:00\",\"dateModified\":\"2025-09-05T08:49:28+00:00\",\"inLanguage\":\"es-AR\",\"potentialAction\":[{\"@type\":\"ReadAction\",\"target\":[\"https:\\\/\\\/elcanillita.info\\\/press\\\/2025\\\/09\\\/04\\\/guajira-alta-coimera\\\/\"]}]},{\"@type\":\"ImageObject\",\"inLanguage\":\"es-AR\",\"@id\":\"https:\\\/\\\/elcanillita.info\\\/press\\\/2025\\\/09\\\/04\\\/guajira-alta-coimera\\\/#primaryimage\",\"url\":\"https:\\\/\\\/elcanillita.info\\\/press\\\/images\\\/2025\\\/09\\\/c438a9fb-f6a6-46bb-91eb-1136024a852f-2-2-1-1.jpg\",\"contentUrl\":\"https:\\\/\\\/elcanillita.info\\\/press\\\/images\\\/2025\\\/09\\\/c438a9fb-f6a6-46bb-91eb-1136024a852f-2-2-1-1.jpg\",\"width\":450,\"height\":300},{\"@type\":\"WebSite\",\"@id\":\"https:\\\/\\\/elcanillita.info\\\/press\\\/#website\",\"url\":\"https:\\\/\\\/elcanillita.info\\\/press\\\/\",\"name\":\"ElCanillita.Info\",\"description\":\"desde los Apeninos a los Andes\",\"publisher\":{\"@id\":\"https:\\\/\\\/elcanillita.info\\\/press\\\/#organization\"},\"potentialAction\":[{\"@type\":\"SearchAction\",\"target\":{\"@type\":\"EntryPoint\",\"urlTemplate\":\"https:\\\/\\\/elcanillita.info\\\/press\\\/?s={search_term_string}\"},\"query-input\":{\"@type\":\"PropertyValueSpecification\",\"valueRequired\":true,\"valueName\":\"search_term_string\"}}],\"inLanguage\":\"es-AR\"},{\"@type\":\"Organization\",\"@id\":\"https:\\\/\\\/elcanillita.info\\\/press\\\/#organization\",\"name\":\"Guzzo Photos & Graphic Publications\",\"url\":\"https:\\\/\\\/elcanillita.info\\\/press\\\/\",\"logo\":{\"@type\":\"ImageObject\",\"inLanguage\":\"es-AR\",\"@id\":\"https:\\\/\\\/elcanillita.info\\\/press\\\/#\\\/schema\\\/logo\\\/image\\\/\",\"url\":\"https:\\\/\\\/elcanillita.info\\\/press\\\/images\\\/2020\\\/01\\\/cropped-cropped-cropped-elcanillitainfo.png\",\"contentUrl\":\"https:\\\/\\\/elcanillita.info\\\/press\\\/images\\\/2020\\\/01\\\/cropped-cropped-cropped-elcanillitainfo.png\",\"width\":460,\"height\":50,\"caption\":\"Guzzo Photos & Graphic Publications\"},\"image\":{\"@id\":\"https:\\\/\\\/elcanillita.info\\\/press\\\/#\\\/schema\\\/logo\\\/image\\\/\"},\"sameAs\":[\"https:\\\/\\\/ar-ar.facebook.com\\\/ElCanillitainfo-114249515285712\\\/\"]},{\"@type\":\"Person\",\"@id\":\"https:\\\/\\\/elcanillita.info\\\/press\\\/#\\\/schema\\\/person\\\/e37a550cff8f5f3407ed112e4cc619cb\",\"name\":\"ElCanillita.info Guzzo Photos &amp; Graphic Publications\",\"image\":{\"@type\":\"ImageObject\",\"inLanguage\":\"es-AR\",\"@id\":\"https:\\\/\\\/secure.gravatar.com\\\/avatar\\\/8914fbe0ef09248907e331ab93dfa89c7f76decf6b51cd1b2f8444e6260db772?s=96&d=mm&r=g\",\"url\":\"https:\\\/\\\/secure.gravatar.com\\\/avatar\\\/8914fbe0ef09248907e331ab93dfa89c7f76decf6b51cd1b2f8444e6260db772?s=96&d=mm&r=g\",\"contentUrl\":\"https:\\\/\\\/secure.gravatar.com\\\/avatar\\\/8914fbe0ef09248907e331ab93dfa89c7f76decf6b51cd1b2f8444e6260db772?s=96&d=mm&r=g\",\"caption\":\"ElCanillita.info Guzzo Photos &amp; Graphic Publications\"},\"sameAs\":[\"http:\\\/\\\/guzzophotos.com\"]}]}<\/script>\n<!-- \/ Yoast SEO plugin. -->","yoast_head_json":{"title":"Guajira\u2026 \u00a1Alta Coimera! - ElCanillita.Info","robots":{"index":"index","follow":"follow","max-snippet":"max-snippet:-1","max-image-preview":"max-image-preview:large","max-video-preview":"max-video-preview:-1"},"canonical":"https:\/\/elcanillita.info\/press\/2025\/09\/04\/guajira-alta-coimera\/","og_locale":"es_ES","og_type":"article","og_title":"Guajira\u2026 \u00a1Alta Coimera! - ElCanillita.Info","og_description":"\ud83c\udde6\ud83c\uddf7 Senado 63-7 volte\u00f3 el veto de Milei a la ley de discapacidad. \ud83c\udfb6 En el recinto son\u00f3: \u201cAlta coimera, Karina es alta coimera\u201d. \ud83d\udca5 Primer mazazo opositor: fragilidad libertaria al desnudo.","og_url":"https:\/\/elcanillita.info\/press\/2025\/09\/04\/guajira-alta-coimera\/","og_site_name":"ElCanillita.Info","article_publisher":"https:\/\/ar-ar.facebook.com\/ElCanillitainfo-114249515285712\/","article_published_time":"2025-09-04T23:22:09+00:00","article_modified_time":"2025-09-05T08:49:28+00:00","og_image":[{"width":450,"height":300,"url":"https:\/\/elcanillita.info\/press\/images\/2025\/09\/c438a9fb-f6a6-46bb-91eb-1136024a852f-2-2-1-1.jpg","type":"image\/jpeg"}],"author":"ElCanillita.info Guzzo Photos &amp; Graphic Publications","twitter_card":"summary_large_image","twitter_misc":{"Escrito por":"ElCanillita.info Guzzo Photos &amp; Graphic Publications","Tiempo de lectura":"3 minutos"},"schema":{"@context":"https:\/\/schema.org","@graph":[{"@type":"Article","@id":"https:\/\/elcanillita.info\/press\/2025\/09\/04\/guajira-alta-coimera\/#article","isPartOf":{"@id":"https:\/\/elcanillita.info\/press\/2025\/09\/04\/guajira-alta-coimera\/"},"author":{"name":"ElCanillita.info Guzzo Photos &amp; Graphic Publications","@id":"https:\/\/elcanillita.info\/press\/#\/schema\/person\/e37a550cff8f5f3407ed112e4cc619cb"},"headline":"Guajira\u2026 \u00a1Alta Coimera!","datePublished":"2025-09-04T23:22:09+00:00","dateModified":"2025-09-05T08:49:28+00:00","mainEntityOfPage":{"@id":"https:\/\/elcanillita.info\/press\/2025\/09\/04\/guajira-alta-coimera\/"},"wordCount":383,"publisher":{"@id":"https:\/\/elcanillita.info\/press\/#organization"},"image":{"@id":"https:\/\/elcanillita.info\/press\/2025\/09\/04\/guajira-alta-coimera\/#primaryimage"},"thumbnailUrl":"https:\/\/elcanillita.info\/press\/images\/2025\/09\/c438a9fb-f6a6-46bb-91eb-1136024a852f-2-2-1-1.jpg","keywords":["Argentina"],"articleSection":[".",".","Actualidad","Am\u00e9rica del Sur","Corrupci\u00f3n","Economia","Politica","Sociedad"],"inLanguage":"es-AR"},{"@type":"WebPage","@id":"https:\/\/elcanillita.info\/press\/2025\/09\/04\/guajira-alta-coimera\/","url":"https:\/\/elcanillita.info\/press\/2025\/09\/04\/guajira-alta-coimera\/","name":"Guajira\u2026 \u00a1Alta Coimera! - ElCanillita.Info","isPartOf":{"@id":"https:\/\/elcanillita.info\/press\/#website"},"primaryImageOfPage":{"@id":"https:\/\/elcanillita.info\/press\/2025\/09\/04\/guajira-alta-coimera\/#primaryimage"},"image":{"@id":"https:\/\/elcanillita.info\/press\/2025\/09\/04\/guajira-alta-coimera\/#primaryimage"},"thumbnailUrl":"https:\/\/elcanillita.info\/press\/images\/2025\/09\/c438a9fb-f6a6-46bb-91eb-1136024a852f-2-2-1-1.jpg","datePublished":"2025-09-04T23:22:09+00:00","dateModified":"2025-09-05T08:49:28+00:00","inLanguage":"es-AR","potentialAction":[{"@type":"ReadAction","target":["https:\/\/elcanillita.info\/press\/2025\/09\/04\/guajira-alta-coimera\/"]}]},{"@type":"ImageObject","inLanguage":"es-AR","@id":"https:\/\/elcanillita.info\/press\/2025\/09\/04\/guajira-alta-coimera\/#primaryimage","url":"https:\/\/elcanillita.info\/press\/images\/2025\/09\/c438a9fb-f6a6-46bb-91eb-1136024a852f-2-2-1-1.jpg","contentUrl":"https:\/\/elcanillita.info\/press\/images\/2025\/09\/c438a9fb-f6a6-46bb-91eb-1136024a852f-2-2-1-1.jpg","width":450,"height":300},{"@type":"WebSite","@id":"https:\/\/elcanillita.info\/press\/#website","url":"https:\/\/elcanillita.info\/press\/","name":"ElCanillita.Info","description":"desde los Apeninos a los Andes","publisher":{"@id":"https:\/\/elcanillita.info\/press\/#organization"},"potentialAction":[{"@type":"SearchAction","target":{"@type":"EntryPoint","urlTemplate":"https:\/\/elcanillita.info\/press\/?s={search_term_string}"},"query-input":{"@type":"PropertyValueSpecification","valueRequired":true,"valueName":"search_term_string"}}],"inLanguage":"es-AR"},{"@type":"Organization","@id":"https:\/\/elcanillita.info\/press\/#organization","name":"Guzzo Photos & Graphic Publications","url":"https:\/\/elcanillita.info\/press\/","logo":{"@type":"ImageObject","inLanguage":"es-AR","@id":"https:\/\/elcanillita.info\/press\/#\/schema\/logo\/image\/","url":"https:\/\/elcanillita.info\/press\/images\/2020\/01\/cropped-cropped-cropped-elcanillitainfo.png","contentUrl":"https:\/\/elcanillita.info\/press\/images\/2020\/01\/cropped-cropped-cropped-elcanillitainfo.png","width":460,"height":50,"caption":"Guzzo Photos & Graphic Publications"},"image":{"@id":"https:\/\/elcanillita.info\/press\/#\/schema\/logo\/image\/"},"sameAs":["https:\/\/ar-ar.facebook.com\/ElCanillitainfo-114249515285712\/"]},{"@type":"Person","@id":"https:\/\/elcanillita.info\/press\/#\/schema\/person\/e37a550cff8f5f3407ed112e4cc619cb","name":"ElCanillita.info Guzzo Photos &amp; Graphic Publications","image":{"@type":"ImageObject","inLanguage":"es-AR","@id":"https:\/\/secure.gravatar.com\/avatar\/8914fbe0ef09248907e331ab93dfa89c7f76decf6b51cd1b2f8444e6260db772?s=96&d=mm&r=g","url":"https:\/\/secure.gravatar.com\/avatar\/8914fbe0ef09248907e331ab93dfa89c7f76decf6b51cd1b2f8444e6260db772?s=96&d=mm&r=g","contentUrl":"https:\/\/secure.gravatar.com\/avatar\/8914fbe0ef09248907e331ab93dfa89c7f76decf6b51cd1b2f8444e6260db772?s=96&d=mm&r=g","caption":"ElCanillita.info Guzzo Photos &amp; Graphic Publications"},"sameAs":["http:\/\/guzzophotos.com"]}]}},"views":145,"_links":{"self":[{"href":"https:\/\/elcanillita.info\/press\/wp-json\/wp\/v2\/posts\/5305","targetHints":{"allow":["GET"]}}],"collection":[{"href":"https:\/\/elcanillita.info\/press\/wp-json\/wp\/v2\/posts"}],"about":[{"href":"https:\/\/elcanillita.info\/press\/wp-json\/wp\/v2\/types\/post"}],"author":[{"embeddable":true,"href":"https:\/\/elcanillita.info\/press\/wp-json\/wp\/v2\/users\/14"}],"replies":[{"embeddable":true,"href":"https:\/\/elcanillita.info\/press\/wp-json\/wp\/v2\/comments?post=5305"}],"version-history":[{"count":0,"href":"https:\/\/elcanillita.info\/press\/wp-json\/wp\/v2\/posts\/5305\/revisions"}],"wp:featuredmedia":[{"embeddable":true,"href":"https:\/\/elcanillita.info\/press\/wp-json\/wp\/v2\/media\/5312"}],"wp:attachment":[{"href":"https:\/\/elcanillita.info\/press\/wp-json\/wp\/v2\/media?parent=5305"}],"wp:term":[{"taxonomy":"category","embeddable":true,"href":"https:\/\/elcanillita.info\/press\/wp-json\/wp\/v2\/categories?post=5305"},{"taxonomy":"post_tag","embeddable":true,"href":"https:\/\/elcanillita.info\/press\/wp-json\/wp\/v2\/tags?post=5305"}],"curies":[{"name":"wp","href":"https:\/\/api.w.org\/{rel}","templated":true}]}}