{"id":5290,"date":"2025-09-03T19:16:22","date_gmt":"2025-09-03T22:16:22","guid":{"rendered":"https:\/\/elcanillita.info\/press\/?p=5290"},"modified":"2025-09-03T19:18:54","modified_gmt":"2025-09-03T22:18:54","slug":"el-fondo-y-su-arte-callar-cuando-mas-ruido-hay","status":"publish","type":"post","link":"https:\/\/elcanillita.info\/press\/2025\/09\/03\/el-fondo-y-su-arte-callar-cuando-mas-ruido-hay\/","title":{"rendered":"El Fondo y su arte: callar cuando m\u00e1s ruido hay"},"content":{"rendered":"\n<figure class=\"wp-block-image size-large\"><img loading=\"lazy\" decoding=\"async\" width=\"400\" height=\"400\" src=\"https:\/\/elcanillita.info\/press\/images\/2025\/09\/fb2379be-cf64-484f-995f-0a98e6112bfe-1-2.jpg\" alt=\"\" class=\"wp-image-5293\" srcset=\"https:\/\/elcanillita.info\/press\/images\/2025\/09\/fb2379be-cf64-484f-995f-0a98e6112bfe-1-2.jpg 400w, https:\/\/elcanillita.info\/press\/images\/2025\/09\/fb2379be-cf64-484f-995f-0a98e6112bfe-1-2-300x300.jpg 300w, https:\/\/elcanillita.info\/press\/images\/2025\/09\/fb2379be-cf64-484f-995f-0a98e6112bfe-1-2-150x150.jpg 150w\" sizes=\"auto, (max-width: 400px) 100vw, 400px\" \/><\/figure>\n\n\n\n<p><strong>Argentina<\/strong> <\/p>\n\n\n\n<p class=\"p1\">El Fondo Monetario Internacional, ese viejo prestamista con fama de maestro severo, ha elegido un recurso milenario: el silencio. Y vaya si incomoda. Tras la jugada del Gobierno argentino de intervenir en el mercado cambiario para calmar la fiebre del d\u00f3lar, en Washington nadie levant\u00f3 el tel\u00e9fono, ni siquiera para soltar un tibio \u201ctodo bajo control\u201d.<\/p>\n\n\n\n<p class=\"p1\">Los mercados, claro, no entienden de silencios. Prefieren comunicados oficiales, frases hechas, esas que se pronuncian con acento diplom\u00e1tico y sirven para decir mucho sin comprometer nada. En 2019, cuando Mauricio Macri interrumpi\u00f3 la flotaci\u00f3n de bandas, Gerry Rice, vocero de entonces, tuite\u00f3 un aval rapidito. Hoy, en cambio, los tuiteros del Fondo guardan la pluma.<\/p>\n\n\n\n<p class=\"p1\">El ministro Caputo y el presidente del BCRA, Bausili, tampoco abren la boca. Entre la discreci\u00f3n y la mudez, el pa\u00eds entero se pregunta si el actual esquema cambiario sobrevivir\u00e1 a las elecciones legislativas. Exfuncionarios con cicatrices de pasadas negociaciones aseguran que habr\u00e1 \u201crecalibraciones\u201d. Una palabra elegante para decir \u201ccambio de planes\u201d.<\/p>\n\n\n\n<p class=\"p1\">El riesgo pa\u00eds, ese term\u00f3metro que nadie quiere mirar, trepa a 898 puntos b\u00e1sicos. Muy lejos de los 726 que festej\u00e1bamos hace apenas unos meses. Los economistas hablan de \u201cloop negativo\u201d y de bandas cambiarias que ya no existen ni en la imaginaci\u00f3n. Rubinstein, sin anestesia, sentencia: \u201cLas bandas murieron. Despu\u00e9s de octubre habr\u00e1 otro esquema. Y ser\u00e1 con un d\u00f3lar m\u00e1s alto\u201d.<\/p>\n\n\n\n<p class=\"p1\">El Fondo, mientras tanto, no dice ni \u201cmu\u201d. Y en Argentina ya sabemos que cuando los poderosos callan, el ruido lo hacen los bolsillos.<\/p>\n\n\n\n<p><\/p>\n\n\n<p><small>\u00a9\ufe0f2025 \u201cEl \u00faltimo que dobla la esquina\u201d<br \/>\n\u2026poque siempre hay alguien que reparte noticias mientras todos duermen.<br \/>\nTodos los derechos reservados<br \/>\nCopyright \u00a9\ufe0f 2025 ElCanillita.info \/ SalaStampa.eu, servicio mundial de prensa<br \/>\nGuzzo Photos &#038; Graphic Publications \u2013 Registro Editori e Stampatori n. 1441 Torino, Italia<\/small><\/p>\n\n\n<p><\/p>\n","protected":false},"excerpt":{"rendered":"<p>El riesgo pa\u00eds, ese term\u00f3metro que nadie quiere mirar, trepa a 898 puntos b\u00e1sicos.<\/p>\n","protected":false},"author":14,"featured_media":5294,"comment_status":"closed","ping_status":"","sticky":false,"template":"","format":"standard","meta":{"footnotes":"","_links_to":"","_links_to_target":""},"categories":[108,121,70,11,20,23,25],"tags":[29],"class_list":["post-5290","post","type-post","status-publish","format-standard","has-post-thumbnail","hentry","category-blogdiario","category-dc24","category-actualidad","category-america-del-sur","category-economia","category-politica","category-sociedad","tag-argentina","entry","double"],"yoast_head":"<!-- This site is optimized with the Yoast SEO plugin v27.4 - https:\/\/yoast.com\/product\/yoast-seo-wordpress\/ -->\n<title>El Fondo y su arte: callar cuando m\u00e1s ruido hay - ElCanillita.Info<\/title>\n<meta name=\"robots\" content=\"index, follow, max-snippet:-1, max-image-preview:large, max-video-preview:-1\" \/>\n<link rel=\"canonical\" href=\"https:\/\/elcanillita.info\/press\/2025\/09\/03\/el-fondo-y-su-arte-callar-cuando-mas-ruido-hay\/\" \/>\n<meta property=\"og:locale\" content=\"es_ES\" \/>\n<meta property=\"og:type\" content=\"article\" \/>\n<meta property=\"og:title\" content=\"El Fondo y su arte: callar cuando m\u00e1s ruido hay - ElCanillita.Info\" \/>\n<meta property=\"og:description\" content=\"El riesgo pa\u00eds, ese term\u00f3metro que nadie quiere mirar, trepa a 898 puntos b\u00e1sicos.\" \/>\n<meta property=\"og:url\" content=\"https:\/\/elcanillita.info\/press\/2025\/09\/03\/el-fondo-y-su-arte-callar-cuando-mas-ruido-hay\/\" \/>\n<meta property=\"og:site_name\" content=\"ElCanillita.Info\" \/>\n<meta property=\"article:publisher\" content=\"https:\/\/ar-ar.facebook.com\/ElCanillitainfo-114249515285712\/\" \/>\n<meta property=\"article:published_time\" content=\"2025-09-03T22:16:22+00:00\" \/>\n<meta property=\"article:modified_time\" content=\"2025-09-03T22:18:54+00:00\" \/>\n<meta property=\"og:image\" content=\"https:\/\/elcanillita.info\/press\/images\/2025\/09\/fb2379be-cf64-484f-995f-0a98e6112bfe-2-1.jpg\" \/>\n\t<meta property=\"og:image:width\" content=\"400\" \/>\n\t<meta property=\"og:image:height\" content=\"400\" \/>\n\t<meta property=\"og:image:type\" content=\"image\/jpeg\" \/>\n<meta name=\"author\" content=\"ElCanillita.info Guzzo Photos &amp; Graphic Publications\" \/>\n<meta name=\"twitter:card\" content=\"summary_large_image\" \/>\n<meta name=\"twitter:label1\" content=\"Escrito por\" \/>\n\t<meta name=\"twitter:data1\" content=\"ElCanillita.info Guzzo Photos &amp; Graphic Publications\" \/>\n\t<meta name=\"twitter:label2\" content=\"Tiempo de lectura\" \/>\n\t<meta name=\"twitter:data2\" content=\"2 minutos\" \/>\n<script type=\"application\/ld+json\" class=\"yoast-schema-graph\">{\"@context\":\"https:\\\/\\\/schema.org\",\"@graph\":[{\"@type\":\"Article\",\"@id\":\"https:\\\/\\\/elcanillita.info\\\/press\\\/2025\\\/09\\\/03\\\/el-fondo-y-su-arte-callar-cuando-mas-ruido-hay\\\/#article\",\"isPartOf\":{\"@id\":\"https:\\\/\\\/elcanillita.info\\\/press\\\/2025\\\/09\\\/03\\\/el-fondo-y-su-arte-callar-cuando-mas-ruido-hay\\\/\"},\"author\":{\"name\":\"ElCanillita.info Guzzo Photos &amp; Graphic Publications\",\"@id\":\"https:\\\/\\\/elcanillita.info\\\/press\\\/#\\\/schema\\\/person\\\/e37a550cff8f5f3407ed112e4cc619cb\"},\"headline\":\"El Fondo y su arte: callar cuando m\u00e1s ruido hay\",\"datePublished\":\"2025-09-03T22:16:22+00:00\",\"dateModified\":\"2025-09-03T22:18:54+00:00\",\"mainEntityOfPage\":{\"@id\":\"https:\\\/\\\/elcanillita.info\\\/press\\\/2025\\\/09\\\/03\\\/el-fondo-y-su-arte-callar-cuando-mas-ruido-hay\\\/\"},\"wordCount\":314,\"publisher\":{\"@id\":\"https:\\\/\\\/elcanillita.info\\\/press\\\/#organization\"},\"image\":{\"@id\":\"https:\\\/\\\/elcanillita.info\\\/press\\\/2025\\\/09\\\/03\\\/el-fondo-y-su-arte-callar-cuando-mas-ruido-hay\\\/#primaryimage\"},\"thumbnailUrl\":\"https:\\\/\\\/elcanillita.info\\\/press\\\/images\\\/2025\\\/09\\\/fb2379be-cf64-484f-995f-0a98e6112bfe-2-1.jpg\",\"keywords\":[\"Argentina\"],\"articleSection\":[\".\",\".\",\"Actualidad\",\"Am\u00e9rica del Sur\",\"Economia\",\"Politica\",\"Sociedad\"],\"inLanguage\":\"es-AR\"},{\"@type\":\"WebPage\",\"@id\":\"https:\\\/\\\/elcanillita.info\\\/press\\\/2025\\\/09\\\/03\\\/el-fondo-y-su-arte-callar-cuando-mas-ruido-hay\\\/\",\"url\":\"https:\\\/\\\/elcanillita.info\\\/press\\\/2025\\\/09\\\/03\\\/el-fondo-y-su-arte-callar-cuando-mas-ruido-hay\\\/\",\"name\":\"El Fondo y su arte: callar cuando m\u00e1s ruido hay - ElCanillita.Info\",\"isPartOf\":{\"@id\":\"https:\\\/\\\/elcanillita.info\\\/press\\\/#website\"},\"primaryImageOfPage\":{\"@id\":\"https:\\\/\\\/elcanillita.info\\\/press\\\/2025\\\/09\\\/03\\\/el-fondo-y-su-arte-callar-cuando-mas-ruido-hay\\\/#primaryimage\"},\"image\":{\"@id\":\"https:\\\/\\\/elcanillita.info\\\/press\\\/2025\\\/09\\\/03\\\/el-fondo-y-su-arte-callar-cuando-mas-ruido-hay\\\/#primaryimage\"},\"thumbnailUrl\":\"https:\\\/\\\/elcanillita.info\\\/press\\\/images\\\/2025\\\/09\\\/fb2379be-cf64-484f-995f-0a98e6112bfe-2-1.jpg\",\"datePublished\":\"2025-09-03T22:16:22+00:00\",\"dateModified\":\"2025-09-03T22:18:54+00:00\",\"inLanguage\":\"es-AR\",\"potentialAction\":[{\"@type\":\"ReadAction\",\"target\":[\"https:\\\/\\\/elcanillita.info\\\/press\\\/2025\\\/09\\\/03\\\/el-fondo-y-su-arte-callar-cuando-mas-ruido-hay\\\/\"]}]},{\"@type\":\"ImageObject\",\"inLanguage\":\"es-AR\",\"@id\":\"https:\\\/\\\/elcanillita.info\\\/press\\\/2025\\\/09\\\/03\\\/el-fondo-y-su-arte-callar-cuando-mas-ruido-hay\\\/#primaryimage\",\"url\":\"https:\\\/\\\/elcanillita.info\\\/press\\\/images\\\/2025\\\/09\\\/fb2379be-cf64-484f-995f-0a98e6112bfe-2-1.jpg\",\"contentUrl\":\"https:\\\/\\\/elcanillita.info\\\/press\\\/images\\\/2025\\\/09\\\/fb2379be-cf64-484f-995f-0a98e6112bfe-2-1.jpg\",\"width\":400,\"height\":400},{\"@type\":\"WebSite\",\"@id\":\"https:\\\/\\\/elcanillita.info\\\/press\\\/#website\",\"url\":\"https:\\\/\\\/elcanillita.info\\\/press\\\/\",\"name\":\"ElCanillita.Info\",\"description\":\"desde los Apeninos a los Andes\",\"publisher\":{\"@id\":\"https:\\\/\\\/elcanillita.info\\\/press\\\/#organization\"},\"potentialAction\":[{\"@type\":\"SearchAction\",\"target\":{\"@type\":\"EntryPoint\",\"urlTemplate\":\"https:\\\/\\\/elcanillita.info\\\/press\\\/?s={search_term_string}\"},\"query-input\":{\"@type\":\"PropertyValueSpecification\",\"valueRequired\":true,\"valueName\":\"search_term_string\"}}],\"inLanguage\":\"es-AR\"},{\"@type\":\"Organization\",\"@id\":\"https:\\\/\\\/elcanillita.info\\\/press\\\/#organization\",\"name\":\"Guzzo Photos & Graphic Publications\",\"url\":\"https:\\\/\\\/elcanillita.info\\\/press\\\/\",\"logo\":{\"@type\":\"ImageObject\",\"inLanguage\":\"es-AR\",\"@id\":\"https:\\\/\\\/elcanillita.info\\\/press\\\/#\\\/schema\\\/logo\\\/image\\\/\",\"url\":\"https:\\\/\\\/elcanillita.info\\\/press\\\/images\\\/2020\\\/01\\\/cropped-cropped-cropped-elcanillitainfo.png\",\"contentUrl\":\"https:\\\/\\\/elcanillita.info\\\/press\\\/images\\\/2020\\\/01\\\/cropped-cropped-cropped-elcanillitainfo.png\",\"width\":460,\"height\":50,\"caption\":\"Guzzo Photos & Graphic Publications\"},\"image\":{\"@id\":\"https:\\\/\\\/elcanillita.info\\\/press\\\/#\\\/schema\\\/logo\\\/image\\\/\"},\"sameAs\":[\"https:\\\/\\\/ar-ar.facebook.com\\\/ElCanillitainfo-114249515285712\\\/\"]},{\"@type\":\"Person\",\"@id\":\"https:\\\/\\\/elcanillita.info\\\/press\\\/#\\\/schema\\\/person\\\/e37a550cff8f5f3407ed112e4cc619cb\",\"name\":\"ElCanillita.info Guzzo Photos &amp; Graphic Publications\",\"image\":{\"@type\":\"ImageObject\",\"inLanguage\":\"es-AR\",\"@id\":\"https:\\\/\\\/secure.gravatar.com\\\/avatar\\\/8914fbe0ef09248907e331ab93dfa89c7f76decf6b51cd1b2f8444e6260db772?s=96&d=mm&r=g\",\"url\":\"https:\\\/\\\/secure.gravatar.com\\\/avatar\\\/8914fbe0ef09248907e331ab93dfa89c7f76decf6b51cd1b2f8444e6260db772?s=96&d=mm&r=g\",\"contentUrl\":\"https:\\\/\\\/secure.gravatar.com\\\/avatar\\\/8914fbe0ef09248907e331ab93dfa89c7f76decf6b51cd1b2f8444e6260db772?s=96&d=mm&r=g\",\"caption\":\"ElCanillita.info Guzzo Photos &amp; Graphic Publications\"},\"sameAs\":[\"http:\\\/\\\/guzzophotos.com\"]}]}<\/script>\n<!-- \/ Yoast SEO plugin. -->","yoast_head_json":{"title":"El Fondo y su arte: callar cuando m\u00e1s ruido hay - ElCanillita.Info","robots":{"index":"index","follow":"follow","max-snippet":"max-snippet:-1","max-image-preview":"max-image-preview:large","max-video-preview":"max-video-preview:-1"},"canonical":"https:\/\/elcanillita.info\/press\/2025\/09\/03\/el-fondo-y-su-arte-callar-cuando-mas-ruido-hay\/","og_locale":"es_ES","og_type":"article","og_title":"El Fondo y su arte: callar cuando m\u00e1s ruido hay - ElCanillita.Info","og_description":"El riesgo pa\u00eds, ese term\u00f3metro que nadie quiere mirar, trepa a 898 puntos b\u00e1sicos.","og_url":"https:\/\/elcanillita.info\/press\/2025\/09\/03\/el-fondo-y-su-arte-callar-cuando-mas-ruido-hay\/","og_site_name":"ElCanillita.Info","article_publisher":"https:\/\/ar-ar.facebook.com\/ElCanillitainfo-114249515285712\/","article_published_time":"2025-09-03T22:16:22+00:00","article_modified_time":"2025-09-03T22:18:54+00:00","og_image":[{"width":400,"height":400,"url":"https:\/\/elcanillita.info\/press\/images\/2025\/09\/fb2379be-cf64-484f-995f-0a98e6112bfe-2-1.jpg","type":"image\/jpeg"}],"author":"ElCanillita.info Guzzo Photos &amp; Graphic Publications","twitter_card":"summary_large_image","twitter_misc":{"Escrito por":"ElCanillita.info Guzzo Photos &amp; Graphic Publications","Tiempo de lectura":"2 minutos"},"schema":{"@context":"https:\/\/schema.org","@graph":[{"@type":"Article","@id":"https:\/\/elcanillita.info\/press\/2025\/09\/03\/el-fondo-y-su-arte-callar-cuando-mas-ruido-hay\/#article","isPartOf":{"@id":"https:\/\/elcanillita.info\/press\/2025\/09\/03\/el-fondo-y-su-arte-callar-cuando-mas-ruido-hay\/"},"author":{"name":"ElCanillita.info Guzzo Photos &amp; Graphic Publications","@id":"https:\/\/elcanillita.info\/press\/#\/schema\/person\/e37a550cff8f5f3407ed112e4cc619cb"},"headline":"El Fondo y su arte: callar cuando m\u00e1s ruido hay","datePublished":"2025-09-03T22:16:22+00:00","dateModified":"2025-09-03T22:18:54+00:00","mainEntityOfPage":{"@id":"https:\/\/elcanillita.info\/press\/2025\/09\/03\/el-fondo-y-su-arte-callar-cuando-mas-ruido-hay\/"},"wordCount":314,"publisher":{"@id":"https:\/\/elcanillita.info\/press\/#organization"},"image":{"@id":"https:\/\/elcanillita.info\/press\/2025\/09\/03\/el-fondo-y-su-arte-callar-cuando-mas-ruido-hay\/#primaryimage"},"thumbnailUrl":"https:\/\/elcanillita.info\/press\/images\/2025\/09\/fb2379be-cf64-484f-995f-0a98e6112bfe-2-1.jpg","keywords":["Argentina"],"articleSection":[".",".","Actualidad","Am\u00e9rica del Sur","Economia","Politica","Sociedad"],"inLanguage":"es-AR"},{"@type":"WebPage","@id":"https:\/\/elcanillita.info\/press\/2025\/09\/03\/el-fondo-y-su-arte-callar-cuando-mas-ruido-hay\/","url":"https:\/\/elcanillita.info\/press\/2025\/09\/03\/el-fondo-y-su-arte-callar-cuando-mas-ruido-hay\/","name":"El Fondo y su arte: callar cuando m\u00e1s ruido hay - ElCanillita.Info","isPartOf":{"@id":"https:\/\/elcanillita.info\/press\/#website"},"primaryImageOfPage":{"@id":"https:\/\/elcanillita.info\/press\/2025\/09\/03\/el-fondo-y-su-arte-callar-cuando-mas-ruido-hay\/#primaryimage"},"image":{"@id":"https:\/\/elcanillita.info\/press\/2025\/09\/03\/el-fondo-y-su-arte-callar-cuando-mas-ruido-hay\/#primaryimage"},"thumbnailUrl":"https:\/\/elcanillita.info\/press\/images\/2025\/09\/fb2379be-cf64-484f-995f-0a98e6112bfe-2-1.jpg","datePublished":"2025-09-03T22:16:22+00:00","dateModified":"2025-09-03T22:18:54+00:00","inLanguage":"es-AR","potentialAction":[{"@type":"ReadAction","target":["https:\/\/elcanillita.info\/press\/2025\/09\/03\/el-fondo-y-su-arte-callar-cuando-mas-ruido-hay\/"]}]},{"@type":"ImageObject","inLanguage":"es-AR","@id":"https:\/\/elcanillita.info\/press\/2025\/09\/03\/el-fondo-y-su-arte-callar-cuando-mas-ruido-hay\/#primaryimage","url":"https:\/\/elcanillita.info\/press\/images\/2025\/09\/fb2379be-cf64-484f-995f-0a98e6112bfe-2-1.jpg","contentUrl":"https:\/\/elcanillita.info\/press\/images\/2025\/09\/fb2379be-cf64-484f-995f-0a98e6112bfe-2-1.jpg","width":400,"height":400},{"@type":"WebSite","@id":"https:\/\/elcanillita.info\/press\/#website","url":"https:\/\/elcanillita.info\/press\/","name":"ElCanillita.Info","description":"desde los Apeninos a los Andes","publisher":{"@id":"https:\/\/elcanillita.info\/press\/#organization"},"potentialAction":[{"@type":"SearchAction","target":{"@type":"EntryPoint","urlTemplate":"https:\/\/elcanillita.info\/press\/?s={search_term_string}"},"query-input":{"@type":"PropertyValueSpecification","valueRequired":true,"valueName":"search_term_string"}}],"inLanguage":"es-AR"},{"@type":"Organization","@id":"https:\/\/elcanillita.info\/press\/#organization","name":"Guzzo Photos & Graphic Publications","url":"https:\/\/elcanillita.info\/press\/","logo":{"@type":"ImageObject","inLanguage":"es-AR","@id":"https:\/\/elcanillita.info\/press\/#\/schema\/logo\/image\/","url":"https:\/\/elcanillita.info\/press\/images\/2020\/01\/cropped-cropped-cropped-elcanillitainfo.png","contentUrl":"https:\/\/elcanillita.info\/press\/images\/2020\/01\/cropped-cropped-cropped-elcanillitainfo.png","width":460,"height":50,"caption":"Guzzo Photos & Graphic Publications"},"image":{"@id":"https:\/\/elcanillita.info\/press\/#\/schema\/logo\/image\/"},"sameAs":["https:\/\/ar-ar.facebook.com\/ElCanillitainfo-114249515285712\/"]},{"@type":"Person","@id":"https:\/\/elcanillita.info\/press\/#\/schema\/person\/e37a550cff8f5f3407ed112e4cc619cb","name":"ElCanillita.info Guzzo Photos &amp; Graphic Publications","image":{"@type":"ImageObject","inLanguage":"es-AR","@id":"https:\/\/secure.gravatar.com\/avatar\/8914fbe0ef09248907e331ab93dfa89c7f76decf6b51cd1b2f8444e6260db772?s=96&d=mm&r=g","url":"https:\/\/secure.gravatar.com\/avatar\/8914fbe0ef09248907e331ab93dfa89c7f76decf6b51cd1b2f8444e6260db772?s=96&d=mm&r=g","contentUrl":"https:\/\/secure.gravatar.com\/avatar\/8914fbe0ef09248907e331ab93dfa89c7f76decf6b51cd1b2f8444e6260db772?s=96&d=mm&r=g","caption":"ElCanillita.info Guzzo Photos &amp; Graphic Publications"},"sameAs":["http:\/\/guzzophotos.com"]}]}},"views":139,"_links":{"self":[{"href":"https:\/\/elcanillita.info\/press\/wp-json\/wp\/v2\/posts\/5290","targetHints":{"allow":["GET"]}}],"collection":[{"href":"https:\/\/elcanillita.info\/press\/wp-json\/wp\/v2\/posts"}],"about":[{"href":"https:\/\/elcanillita.info\/press\/wp-json\/wp\/v2\/types\/post"}],"author":[{"embeddable":true,"href":"https:\/\/elcanillita.info\/press\/wp-json\/wp\/v2\/users\/14"}],"replies":[{"embeddable":true,"href":"https:\/\/elcanillita.info\/press\/wp-json\/wp\/v2\/comments?post=5290"}],"version-history":[{"count":0,"href":"https:\/\/elcanillita.info\/press\/wp-json\/wp\/v2\/posts\/5290\/revisions"}],"wp:featuredmedia":[{"embeddable":true,"href":"https:\/\/elcanillita.info\/press\/wp-json\/wp\/v2\/media\/5294"}],"wp:attachment":[{"href":"https:\/\/elcanillita.info\/press\/wp-json\/wp\/v2\/media?parent=5290"}],"wp:term":[{"taxonomy":"category","embeddable":true,"href":"https:\/\/elcanillita.info\/press\/wp-json\/wp\/v2\/categories?post=5290"},{"taxonomy":"post_tag","embeddable":true,"href":"https:\/\/elcanillita.info\/press\/wp-json\/wp\/v2\/tags?post=5290"}],"curies":[{"name":"wp","href":"https:\/\/api.w.org\/{rel}","templated":true}]}}