{"id":5284,"date":"2025-09-01T12:51:30","date_gmt":"2025-09-01T15:51:30","guid":{"rendered":"https:\/\/elcanillita.info\/press\/?p=5284"},"modified":"2025-09-01T13:00:38","modified_gmt":"2025-09-01T16:00:38","slug":"ceferino-y-los-narcos-cuando-la-homilia-suena-a-parte-policial","status":"publish","type":"post","link":"https:\/\/elcanillita.info\/press\/2025\/09\/01\/ceferino-y-los-narcos-cuando-la-homilia-suena-a-parte-policial\/","title":{"rendered":"Ceferino y los Narcos: cuando la homil\u00eda suena a parte policial"},"content":{"rendered":"\n<figure class=\"wp-block-image size-full\"><img loading=\"lazy\" decoding=\"async\" width=\"600\" height=\"400\" src=\"https:\/\/elcanillita.info\/press\/images\/2025\/09\/cover_chie_20250901.jpg\" alt=\"\" class=\"wp-image-5289\" srcset=\"https:\/\/elcanillita.info\/press\/images\/2025\/09\/cover_chie_20250901.jpg 600w, https:\/\/elcanillita.info\/press\/images\/2025\/09\/cover_chie_20250901-300x200.jpg 300w\" sizes=\"auto, (max-width: 600px) 100vw, 600px\" \/><\/figure>\n\n\n\n<p><strong>Argentina<\/strong><br>En R\u00edo Negro, durante la misa en memoria del beato Ceferino Namuncur\u00e1, el obispo de Mendoza y presidente de la Conferencia Episcopal Argentina, Marcelo Colombo, dej\u00f3 de lado el tono piadoso para lanzar un diagn\u00f3stico que suena m\u00e1s a informe de situaci\u00f3n que a serm\u00f3n.<\/p>\n\n\n\n<p class=\"p1\">Denunci\u00f3 que los recortes presupuestarios est\u00e1n dejando a los centros de prevenci\u00f3n y recuperaci\u00f3n de adictos en la cuerda floja: pagos retrasados, cuotas incumplidas, instituciones funcionando \u201cen condiciones muy precarias\u201d. Y advirti\u00f3 que mirar el problema s\u00f3lo desde la \u00f3ptica policial o judicial es in\u00fatil, porque lo que se multiplica es la frustraci\u00f3n de generaciones de j\u00f3venes.<\/p>\n\n\n\n<p class=\"p1\">No es la primera vez que la Iglesia alza la voz. Hace meses, la Pastoral de Adicciones ya advert\u00eda \u2014seg\u00fan la agencia AICA\u2014 que el narcotr\u00e1fico avanza silencioso en las periferias argentinas, dando \u201ctrabajo\u201d donde el Estado se retira, desarmando familias y cooptando a los adolescentes en el consumo y la venta. \u201cEn este escenario no hay paz\u201d, alertaron, recordando que hasta las escuelas y hospitales p\u00fablicos se ven desbordados.<\/p>\n\n\n\n<p class=\"p1\">Mientras tanto, en la Casa Rosada se sigue dedicando energ\u00eda a descifrar grabaciones que comprometen a Karina Milei y compa\u00f1\u00eda, como si se tratara de una serie de Netflix. Afuera, en la vida real, los \u201csignos de muerte\u201d que denunci\u00f3 Colombo tienen nombres, apellidos y territorios concretos.<\/p>\n\n\n\n<p class=\"p1\">Quiz\u00e1s, al final, el vanguardista de Nazaret al que invoc\u00f3 el obispo estar\u00eda menos interesado en protocolos de seguridad y m\u00e1s en rescatar a esos j\u00f3venes que hoy quedan atrapados entre la motosierra del ajuste y la red cada vez m\u00e1s tupida del narco.<br><br><small>\u00a9 2025 ElCanillita.info \/ BlogDiario.info &#8211; All Rights Reserved &#8211; SalaStampa.eu, world press service Guzzo Photos &amp; Graphic Publications \u2013 Registro Editori e Stampatori n. 1441 Turin, Italy<\/small><\/p>\n\n\n\n<p><\/p>\n","protected":false},"excerpt":{"rendered":"<p>El obispo de Mendoza y presidente de la Conferencia Episcopal Argentina, Marcelo Colombo, dej\u00f3 de lado el tono piadoso para lanzar una denuncia.<\/p>\n","protected":false},"author":14,"featured_media":5289,"comment_status":"closed","ping_status":"closed","sticky":false,"template":"","format":"standard","meta":{"footnotes":"","_links_to":"","_links_to_target":""},"categories":[108,121,70,11,22,113,23,25],"tags":[29],"class_list":["post-5284","post","type-post","status-publish","format-standard","has-post-thumbnail","hentry","category-blogdiario","category-dc24","category-actualidad","category-america-del-sur","category-justicia","category-narcotrafico","category-politica","category-sociedad","tag-argentina","entry","double"],"yoast_head":"<!-- This site is optimized with the Yoast SEO plugin v27.4 - https:\/\/yoast.com\/product\/yoast-seo-wordpress\/ -->\n<title>Ceferino y los Narcos: cuando la homil\u00eda suena a parte policial - ElCanillita.Info<\/title>\n<meta name=\"robots\" content=\"index, follow, max-snippet:-1, max-image-preview:large, max-video-preview:-1\" \/>\n<link rel=\"canonical\" href=\"https:\/\/elcanillita.info\/press\/2025\/09\/01\/ceferino-y-los-narcos-cuando-la-homilia-suena-a-parte-policial\/\" \/>\n<meta property=\"og:locale\" content=\"es_ES\" \/>\n<meta property=\"og:type\" content=\"article\" \/>\n<meta property=\"og:title\" content=\"Ceferino y los Narcos: cuando la homil\u00eda suena a parte policial - ElCanillita.Info\" \/>\n<meta property=\"og:description\" content=\"El obispo de Mendoza y presidente de la Conferencia Episcopal Argentina, Marcelo Colombo, dej\u00f3 de lado el tono piadoso para lanzar una denuncia.\" \/>\n<meta property=\"og:url\" content=\"https:\/\/elcanillita.info\/press\/2025\/09\/01\/ceferino-y-los-narcos-cuando-la-homilia-suena-a-parte-policial\/\" \/>\n<meta property=\"og:site_name\" content=\"ElCanillita.Info\" \/>\n<meta property=\"article:publisher\" content=\"https:\/\/ar-ar.facebook.com\/ElCanillitainfo-114249515285712\/\" \/>\n<meta property=\"article:published_time\" content=\"2025-09-01T15:51:30+00:00\" \/>\n<meta property=\"article:modified_time\" content=\"2025-09-01T16:00:38+00:00\" \/>\n<meta property=\"og:image\" content=\"https:\/\/elcanillita.info\/press\/images\/2025\/09\/cover_chie_20250901.jpg\" \/>\n\t<meta property=\"og:image:width\" content=\"600\" \/>\n\t<meta property=\"og:image:height\" content=\"400\" \/>\n\t<meta property=\"og:image:type\" content=\"image\/jpeg\" \/>\n<meta name=\"author\" content=\"ElCanillita.info Guzzo Photos &amp; Graphic Publications\" \/>\n<meta name=\"twitter:card\" content=\"summary_large_image\" \/>\n<meta name=\"twitter:label1\" content=\"Escrito por\" \/>\n\t<meta name=\"twitter:data1\" content=\"ElCanillita.info Guzzo Photos &amp; Graphic Publications\" \/>\n\t<meta name=\"twitter:label2\" content=\"Tiempo de lectura\" \/>\n\t<meta name=\"twitter:data2\" content=\"2 minutos\" \/>\n<script type=\"application\/ld+json\" class=\"yoast-schema-graph\">{\"@context\":\"https:\\\/\\\/schema.org\",\"@graph\":[{\"@type\":\"Article\",\"@id\":\"https:\\\/\\\/elcanillita.info\\\/press\\\/2025\\\/09\\\/01\\\/ceferino-y-los-narcos-cuando-la-homilia-suena-a-parte-policial\\\/#article\",\"isPartOf\":{\"@id\":\"https:\\\/\\\/elcanillita.info\\\/press\\\/2025\\\/09\\\/01\\\/ceferino-y-los-narcos-cuando-la-homilia-suena-a-parte-policial\\\/\"},\"author\":{\"name\":\"ElCanillita.info Guzzo Photos &amp; Graphic Publications\",\"@id\":\"https:\\\/\\\/elcanillita.info\\\/press\\\/#\\\/schema\\\/person\\\/e37a550cff8f5f3407ed112e4cc619cb\"},\"headline\":\"Ceferino y los Narcos: cuando la homil\u00eda suena a parte policial\",\"datePublished\":\"2025-09-01T15:51:30+00:00\",\"dateModified\":\"2025-09-01T16:00:38+00:00\",\"mainEntityOfPage\":{\"@id\":\"https:\\\/\\\/elcanillita.info\\\/press\\\/2025\\\/09\\\/01\\\/ceferino-y-los-narcos-cuando-la-homilia-suena-a-parte-policial\\\/\"},\"wordCount\":325,\"publisher\":{\"@id\":\"https:\\\/\\\/elcanillita.info\\\/press\\\/#organization\"},\"image\":{\"@id\":\"https:\\\/\\\/elcanillita.info\\\/press\\\/2025\\\/09\\\/01\\\/ceferino-y-los-narcos-cuando-la-homilia-suena-a-parte-policial\\\/#primaryimage\"},\"thumbnailUrl\":\"https:\\\/\\\/elcanillita.info\\\/press\\\/images\\\/2025\\\/09\\\/cover_chie_20250901.jpg\",\"keywords\":[\"Argentina\"],\"articleSection\":[\".\",\".\",\"Actualidad\",\"Am\u00e9rica del Sur\",\"Justicia\",\"Narcotr\u00e1fico\",\"Politica\",\"Sociedad\"],\"inLanguage\":\"es-AR\"},{\"@type\":\"WebPage\",\"@id\":\"https:\\\/\\\/elcanillita.info\\\/press\\\/2025\\\/09\\\/01\\\/ceferino-y-los-narcos-cuando-la-homilia-suena-a-parte-policial\\\/\",\"url\":\"https:\\\/\\\/elcanillita.info\\\/press\\\/2025\\\/09\\\/01\\\/ceferino-y-los-narcos-cuando-la-homilia-suena-a-parte-policial\\\/\",\"name\":\"Ceferino y los Narcos: cuando la homil\u00eda suena a parte policial - ElCanillita.Info\",\"isPartOf\":{\"@id\":\"https:\\\/\\\/elcanillita.info\\\/press\\\/#website\"},\"primaryImageOfPage\":{\"@id\":\"https:\\\/\\\/elcanillita.info\\\/press\\\/2025\\\/09\\\/01\\\/ceferino-y-los-narcos-cuando-la-homilia-suena-a-parte-policial\\\/#primaryimage\"},\"image\":{\"@id\":\"https:\\\/\\\/elcanillita.info\\\/press\\\/2025\\\/09\\\/01\\\/ceferino-y-los-narcos-cuando-la-homilia-suena-a-parte-policial\\\/#primaryimage\"},\"thumbnailUrl\":\"https:\\\/\\\/elcanillita.info\\\/press\\\/images\\\/2025\\\/09\\\/cover_chie_20250901.jpg\",\"datePublished\":\"2025-09-01T15:51:30+00:00\",\"dateModified\":\"2025-09-01T16:00:38+00:00\",\"inLanguage\":\"es-AR\",\"potentialAction\":[{\"@type\":\"ReadAction\",\"target\":[\"https:\\\/\\\/elcanillita.info\\\/press\\\/2025\\\/09\\\/01\\\/ceferino-y-los-narcos-cuando-la-homilia-suena-a-parte-policial\\\/\"]}]},{\"@type\":\"ImageObject\",\"inLanguage\":\"es-AR\",\"@id\":\"https:\\\/\\\/elcanillita.info\\\/press\\\/2025\\\/09\\\/01\\\/ceferino-y-los-narcos-cuando-la-homilia-suena-a-parte-policial\\\/#primaryimage\",\"url\":\"https:\\\/\\\/elcanillita.info\\\/press\\\/images\\\/2025\\\/09\\\/cover_chie_20250901.jpg\",\"contentUrl\":\"https:\\\/\\\/elcanillita.info\\\/press\\\/images\\\/2025\\\/09\\\/cover_chie_20250901.jpg\",\"width\":600,\"height\":400},{\"@type\":\"WebSite\",\"@id\":\"https:\\\/\\\/elcanillita.info\\\/press\\\/#website\",\"url\":\"https:\\\/\\\/elcanillita.info\\\/press\\\/\",\"name\":\"ElCanillita.Info\",\"description\":\"desde los Apeninos a los Andes\",\"publisher\":{\"@id\":\"https:\\\/\\\/elcanillita.info\\\/press\\\/#organization\"},\"potentialAction\":[{\"@type\":\"SearchAction\",\"target\":{\"@type\":\"EntryPoint\",\"urlTemplate\":\"https:\\\/\\\/elcanillita.info\\\/press\\\/?s={search_term_string}\"},\"query-input\":{\"@type\":\"PropertyValueSpecification\",\"valueRequired\":true,\"valueName\":\"search_term_string\"}}],\"inLanguage\":\"es-AR\"},{\"@type\":\"Organization\",\"@id\":\"https:\\\/\\\/elcanillita.info\\\/press\\\/#organization\",\"name\":\"Guzzo Photos & Graphic Publications\",\"url\":\"https:\\\/\\\/elcanillita.info\\\/press\\\/\",\"logo\":{\"@type\":\"ImageObject\",\"inLanguage\":\"es-AR\",\"@id\":\"https:\\\/\\\/elcanillita.info\\\/press\\\/#\\\/schema\\\/logo\\\/image\\\/\",\"url\":\"https:\\\/\\\/elcanillita.info\\\/press\\\/images\\\/2020\\\/01\\\/cropped-cropped-cropped-elcanillitainfo.png\",\"contentUrl\":\"https:\\\/\\\/elcanillita.info\\\/press\\\/images\\\/2020\\\/01\\\/cropped-cropped-cropped-elcanillitainfo.png\",\"width\":460,\"height\":50,\"caption\":\"Guzzo Photos & Graphic Publications\"},\"image\":{\"@id\":\"https:\\\/\\\/elcanillita.info\\\/press\\\/#\\\/schema\\\/logo\\\/image\\\/\"},\"sameAs\":[\"https:\\\/\\\/ar-ar.facebook.com\\\/ElCanillitainfo-114249515285712\\\/\"]},{\"@type\":\"Person\",\"@id\":\"https:\\\/\\\/elcanillita.info\\\/press\\\/#\\\/schema\\\/person\\\/e37a550cff8f5f3407ed112e4cc619cb\",\"name\":\"ElCanillita.info Guzzo Photos &amp; Graphic Publications\",\"image\":{\"@type\":\"ImageObject\",\"inLanguage\":\"es-AR\",\"@id\":\"https:\\\/\\\/secure.gravatar.com\\\/avatar\\\/8914fbe0ef09248907e331ab93dfa89c7f76decf6b51cd1b2f8444e6260db772?s=96&d=mm&r=g\",\"url\":\"https:\\\/\\\/secure.gravatar.com\\\/avatar\\\/8914fbe0ef09248907e331ab93dfa89c7f76decf6b51cd1b2f8444e6260db772?s=96&d=mm&r=g\",\"contentUrl\":\"https:\\\/\\\/secure.gravatar.com\\\/avatar\\\/8914fbe0ef09248907e331ab93dfa89c7f76decf6b51cd1b2f8444e6260db772?s=96&d=mm&r=g\",\"caption\":\"ElCanillita.info Guzzo Photos &amp; Graphic Publications\"},\"sameAs\":[\"http:\\\/\\\/guzzophotos.com\"]}]}<\/script>\n<!-- \/ Yoast SEO plugin. -->","yoast_head_json":{"title":"Ceferino y los Narcos: cuando la homil\u00eda suena a parte policial - ElCanillita.Info","robots":{"index":"index","follow":"follow","max-snippet":"max-snippet:-1","max-image-preview":"max-image-preview:large","max-video-preview":"max-video-preview:-1"},"canonical":"https:\/\/elcanillita.info\/press\/2025\/09\/01\/ceferino-y-los-narcos-cuando-la-homilia-suena-a-parte-policial\/","og_locale":"es_ES","og_type":"article","og_title":"Ceferino y los Narcos: cuando la homil\u00eda suena a parte policial - ElCanillita.Info","og_description":"El obispo de Mendoza y presidente de la Conferencia Episcopal Argentina, Marcelo Colombo, dej\u00f3 de lado el tono piadoso para lanzar una denuncia.","og_url":"https:\/\/elcanillita.info\/press\/2025\/09\/01\/ceferino-y-los-narcos-cuando-la-homilia-suena-a-parte-policial\/","og_site_name":"ElCanillita.Info","article_publisher":"https:\/\/ar-ar.facebook.com\/ElCanillitainfo-114249515285712\/","article_published_time":"2025-09-01T15:51:30+00:00","article_modified_time":"2025-09-01T16:00:38+00:00","og_image":[{"width":600,"height":400,"url":"https:\/\/elcanillita.info\/press\/images\/2025\/09\/cover_chie_20250901.jpg","type":"image\/jpeg"}],"author":"ElCanillita.info Guzzo Photos &amp; Graphic Publications","twitter_card":"summary_large_image","twitter_misc":{"Escrito por":"ElCanillita.info Guzzo Photos &amp; Graphic Publications","Tiempo de lectura":"2 minutos"},"schema":{"@context":"https:\/\/schema.org","@graph":[{"@type":"Article","@id":"https:\/\/elcanillita.info\/press\/2025\/09\/01\/ceferino-y-los-narcos-cuando-la-homilia-suena-a-parte-policial\/#article","isPartOf":{"@id":"https:\/\/elcanillita.info\/press\/2025\/09\/01\/ceferino-y-los-narcos-cuando-la-homilia-suena-a-parte-policial\/"},"author":{"name":"ElCanillita.info Guzzo Photos &amp; Graphic Publications","@id":"https:\/\/elcanillita.info\/press\/#\/schema\/person\/e37a550cff8f5f3407ed112e4cc619cb"},"headline":"Ceferino y los Narcos: cuando la homil\u00eda suena a parte policial","datePublished":"2025-09-01T15:51:30+00:00","dateModified":"2025-09-01T16:00:38+00:00","mainEntityOfPage":{"@id":"https:\/\/elcanillita.info\/press\/2025\/09\/01\/ceferino-y-los-narcos-cuando-la-homilia-suena-a-parte-policial\/"},"wordCount":325,"publisher":{"@id":"https:\/\/elcanillita.info\/press\/#organization"},"image":{"@id":"https:\/\/elcanillita.info\/press\/2025\/09\/01\/ceferino-y-los-narcos-cuando-la-homilia-suena-a-parte-policial\/#primaryimage"},"thumbnailUrl":"https:\/\/elcanillita.info\/press\/images\/2025\/09\/cover_chie_20250901.jpg","keywords":["Argentina"],"articleSection":[".",".","Actualidad","Am\u00e9rica del Sur","Justicia","Narcotr\u00e1fico","Politica","Sociedad"],"inLanguage":"es-AR"},{"@type":"WebPage","@id":"https:\/\/elcanillita.info\/press\/2025\/09\/01\/ceferino-y-los-narcos-cuando-la-homilia-suena-a-parte-policial\/","url":"https:\/\/elcanillita.info\/press\/2025\/09\/01\/ceferino-y-los-narcos-cuando-la-homilia-suena-a-parte-policial\/","name":"Ceferino y los Narcos: cuando la homil\u00eda suena a parte policial - ElCanillita.Info","isPartOf":{"@id":"https:\/\/elcanillita.info\/press\/#website"},"primaryImageOfPage":{"@id":"https:\/\/elcanillita.info\/press\/2025\/09\/01\/ceferino-y-los-narcos-cuando-la-homilia-suena-a-parte-policial\/#primaryimage"},"image":{"@id":"https:\/\/elcanillita.info\/press\/2025\/09\/01\/ceferino-y-los-narcos-cuando-la-homilia-suena-a-parte-policial\/#primaryimage"},"thumbnailUrl":"https:\/\/elcanillita.info\/press\/images\/2025\/09\/cover_chie_20250901.jpg","datePublished":"2025-09-01T15:51:30+00:00","dateModified":"2025-09-01T16:00:38+00:00","inLanguage":"es-AR","potentialAction":[{"@type":"ReadAction","target":["https:\/\/elcanillita.info\/press\/2025\/09\/01\/ceferino-y-los-narcos-cuando-la-homilia-suena-a-parte-policial\/"]}]},{"@type":"ImageObject","inLanguage":"es-AR","@id":"https:\/\/elcanillita.info\/press\/2025\/09\/01\/ceferino-y-los-narcos-cuando-la-homilia-suena-a-parte-policial\/#primaryimage","url":"https:\/\/elcanillita.info\/press\/images\/2025\/09\/cover_chie_20250901.jpg","contentUrl":"https:\/\/elcanillita.info\/press\/images\/2025\/09\/cover_chie_20250901.jpg","width":600,"height":400},{"@type":"WebSite","@id":"https:\/\/elcanillita.info\/press\/#website","url":"https:\/\/elcanillita.info\/press\/","name":"ElCanillita.Info","description":"desde los Apeninos a los Andes","publisher":{"@id":"https:\/\/elcanillita.info\/press\/#organization"},"potentialAction":[{"@type":"SearchAction","target":{"@type":"EntryPoint","urlTemplate":"https:\/\/elcanillita.info\/press\/?s={search_term_string}"},"query-input":{"@type":"PropertyValueSpecification","valueRequired":true,"valueName":"search_term_string"}}],"inLanguage":"es-AR"},{"@type":"Organization","@id":"https:\/\/elcanillita.info\/press\/#organization","name":"Guzzo Photos & Graphic Publications","url":"https:\/\/elcanillita.info\/press\/","logo":{"@type":"ImageObject","inLanguage":"es-AR","@id":"https:\/\/elcanillita.info\/press\/#\/schema\/logo\/image\/","url":"https:\/\/elcanillita.info\/press\/images\/2020\/01\/cropped-cropped-cropped-elcanillitainfo.png","contentUrl":"https:\/\/elcanillita.info\/press\/images\/2020\/01\/cropped-cropped-cropped-elcanillitainfo.png","width":460,"height":50,"caption":"Guzzo Photos & Graphic Publications"},"image":{"@id":"https:\/\/elcanillita.info\/press\/#\/schema\/logo\/image\/"},"sameAs":["https:\/\/ar-ar.facebook.com\/ElCanillitainfo-114249515285712\/"]},{"@type":"Person","@id":"https:\/\/elcanillita.info\/press\/#\/schema\/person\/e37a550cff8f5f3407ed112e4cc619cb","name":"ElCanillita.info Guzzo Photos &amp; Graphic Publications","image":{"@type":"ImageObject","inLanguage":"es-AR","@id":"https:\/\/secure.gravatar.com\/avatar\/8914fbe0ef09248907e331ab93dfa89c7f76decf6b51cd1b2f8444e6260db772?s=96&d=mm&r=g","url":"https:\/\/secure.gravatar.com\/avatar\/8914fbe0ef09248907e331ab93dfa89c7f76decf6b51cd1b2f8444e6260db772?s=96&d=mm&r=g","contentUrl":"https:\/\/secure.gravatar.com\/avatar\/8914fbe0ef09248907e331ab93dfa89c7f76decf6b51cd1b2f8444e6260db772?s=96&d=mm&r=g","caption":"ElCanillita.info Guzzo Photos &amp; Graphic Publications"},"sameAs":["http:\/\/guzzophotos.com"]}]}},"views":165,"_links":{"self":[{"href":"https:\/\/elcanillita.info\/press\/wp-json\/wp\/v2\/posts\/5284","targetHints":{"allow":["GET"]}}],"collection":[{"href":"https:\/\/elcanillita.info\/press\/wp-json\/wp\/v2\/posts"}],"about":[{"href":"https:\/\/elcanillita.info\/press\/wp-json\/wp\/v2\/types\/post"}],"author":[{"embeddable":true,"href":"https:\/\/elcanillita.info\/press\/wp-json\/wp\/v2\/users\/14"}],"replies":[{"embeddable":true,"href":"https:\/\/elcanillita.info\/press\/wp-json\/wp\/v2\/comments?post=5284"}],"version-history":[{"count":0,"href":"https:\/\/elcanillita.info\/press\/wp-json\/wp\/v2\/posts\/5284\/revisions"}],"wp:featuredmedia":[{"embeddable":true,"href":"https:\/\/elcanillita.info\/press\/wp-json\/wp\/v2\/media\/5289"}],"wp:attachment":[{"href":"https:\/\/elcanillita.info\/press\/wp-json\/wp\/v2\/media?parent=5284"}],"wp:term":[{"taxonomy":"category","embeddable":true,"href":"https:\/\/elcanillita.info\/press\/wp-json\/wp\/v2\/categories?post=5284"},{"taxonomy":"post_tag","embeddable":true,"href":"https:\/\/elcanillita.info\/press\/wp-json\/wp\/v2\/tags?post=5284"}],"curies":[{"name":"wp","href":"https:\/\/api.w.org\/{rel}","templated":true}]}}