{"id":5267,"date":"2025-08-25T18:31:36","date_gmt":"2025-08-25T21:31:36","guid":{"rendered":"https:\/\/elcanillita.info\/press\/?p=5267"},"modified":"2025-08-25T18:31:37","modified_gmt":"2025-08-25T21:31:37","slug":"el-dolar-vuela-con-las-nubes-mientras-milei-se-jacta-de-su-gestion","status":"publish","type":"post","link":"https:\/\/elcanillita.info\/press\/2025\/08\/25\/el-dolar-vuela-con-las-nubes-mientras-milei-se-jacta-de-su-gestion\/","title":{"rendered":"El d\u00f3lar vuela con las nubes mientras Milei se jacta de su gesti\u00f3n"},"content":{"rendered":"<div class=\"wp-block-image\">\n<figure class=\"alignleft size-full is-resized\"><img loading=\"lazy\" decoding=\"async\" width=\"400\" height=\"600\" src=\"https:\/\/elcanillita.info\/press\/images\/2025\/08\/milei_20250825.jpg\" alt=\"\" class=\"wp-image-5269\" style=\"width:339px;height:auto\" srcset=\"https:\/\/elcanillita.info\/press\/images\/2025\/08\/milei_20250825.jpg 400w, https:\/\/elcanillita.info\/press\/images\/2025\/08\/milei_20250825-200x300.jpg 200w\" sizes=\"auto, (max-width: 400px) 100vw, 400px\" \/><\/figure>\n<\/div>\n\n\n<p>Argentina, 25\/08\/2025<br>\u201cNo me importa todo el da\u00f1o que puedan hacer de ac\u00e1 al 7 de septiembre o hasta el 26 de octubre. Si di vuelta el d\u00e9ficit fiscal de 123 a\u00f1os en un mes, \u00bfustedes se creen que me voy a preocupar por lo que me van a hacer en dos meses?\u201d<\/p>\n\n\n\n<p class=\"p1\">Mientras la Casa Rosada se sacude por el esc\u00e1ndalo de las presuntas coimas, el term\u00f3metro econ\u00f3mico volvi\u00f3 a marcar fiebre. Este lunes 25 de agosto, el d\u00f3lar minorista trep\u00f3 en el Banco Naci\u00f3n hasta $1.330 para la compra y $1.370 para la venta, lo que significa un salto de $45 respecto al cierre del viernes.<\/p>\n\n\n\n<p class=\"p1\">La suba coloca a la divisa apenas un escal\u00f3n por debajo de su r\u00e9cord hist\u00f3rico nominal de $1.380 a fines de julio. Una se\u00f1al inquietante para un Gobierno que busca exhibir disciplina fiscal pero choca con la desconfianza de los mercados y el ruido pol\u00edtico.<\/p>\n\n\n\n<p class=\"p1\">Y en medio de la turbulencia, la econom\u00eda se asemeja a un n\u00famero circense: un gobierno que juega a los malabares con fuego, arriesgando que el espect\u00e1culo termine en incendio.<\/p>\n\n\n\n<p><\/p>\n\n\n<p><small>\u00a9\ufe0f 2025 ElCanillita.info \/ BlogDiario.info \u2013 All Rights Reserved \u2013 SalaStampa.eu, world press service &#8211; Guzzo Photos &#038; Graphic Publications \u2013 Registro Editori e Stampatori n. 1441 Turin, Italy<\/small><\/p>\n\n\n<p><\/p>\n","protected":false},"excerpt":{"rendered":"<p>Mientras la Casa Rosada se sacude por el esc\u00e1ndalo de las presuntas coimas, el term\u00f3metro econ\u00f3mico volvi\u00f3 a marcar fiebre.<\/p>\n","protected":false},"author":1,"featured_media":5270,"comment_status":"closed","ping_status":"closed","sticky":false,"template":"","format":"standard","meta":{"footnotes":"","_links_to":"","_links_to_target":""},"categories":[108,121,70,11,118,20,23,130,25],"tags":[29],"class_list":["post-5267","post","type-post","status-publish","format-standard","has-post-thumbnail","hentry","category-blogdiario","category-dc24","category-actualidad","category-america-del-sur","category-corrupcion","category-economia","category-politica","category-reportero-de-dinero","category-sociedad","tag-argentina","entry","double"],"yoast_head":"<!-- This site is optimized with the Yoast SEO plugin v27.5 - https:\/\/yoast.com\/product\/yoast-seo-wordpress\/ -->\n<title>El d\u00f3lar vuela con las nubes mientras Milei se jacta de su gesti\u00f3n - ElCanillita.Info<\/title>\n<meta name=\"robots\" content=\"index, follow, max-snippet:-1, max-image-preview:large, max-video-preview:-1\" \/>\n<link rel=\"canonical\" href=\"https:\/\/elcanillita.info\/press\/2025\/08\/25\/el-dolar-vuela-con-las-nubes-mientras-milei-se-jacta-de-su-gestion\/\" \/>\n<meta property=\"og:locale\" content=\"es_ES\" \/>\n<meta property=\"og:type\" content=\"article\" \/>\n<meta property=\"og:title\" content=\"El d\u00f3lar vuela con las nubes mientras Milei se jacta de su gesti\u00f3n - ElCanillita.Info\" \/>\n<meta property=\"og:description\" content=\"Mientras la Casa Rosada se sacude por el esc\u00e1ndalo de las presuntas coimas, el term\u00f3metro econ\u00f3mico volvi\u00f3 a marcar fiebre.\" \/>\n<meta property=\"og:url\" content=\"https:\/\/elcanillita.info\/press\/2025\/08\/25\/el-dolar-vuela-con-las-nubes-mientras-milei-se-jacta-de-su-gestion\/\" \/>\n<meta property=\"og:site_name\" content=\"ElCanillita.Info\" \/>\n<meta property=\"article:publisher\" content=\"https:\/\/ar-ar.facebook.com\/ElCanillitainfo-114249515285712\/\" \/>\n<meta property=\"article:published_time\" content=\"2025-08-25T21:31:36+00:00\" \/>\n<meta property=\"article:modified_time\" content=\"2025-08-25T21:31:37+00:00\" \/>\n<meta property=\"og:image\" content=\"https:\/\/elcanillita.info\/press\/images\/2025\/08\/cover_20250825.jpg\" \/>\n\t<meta property=\"og:image:width\" content=\"550\" \/>\n\t<meta property=\"og:image:height\" content=\"367\" \/>\n\t<meta property=\"og:image:type\" content=\"image\/jpeg\" \/>\n<meta name=\"author\" content=\"SalaStampa.eu, world press service\" \/>\n<meta name=\"twitter:card\" content=\"summary_large_image\" \/>\n<meta name=\"twitter:label1\" content=\"Escrito por\" \/>\n\t<meta name=\"twitter:data1\" content=\"SalaStampa.eu, world press service\" \/>\n\t<meta name=\"twitter:label2\" content=\"Tiempo de lectura\" \/>\n\t<meta name=\"twitter:data2\" content=\"2 minutos\" \/>\n<script type=\"application\/ld+json\" class=\"yoast-schema-graph\">{\"@context\":\"https:\\\/\\\/schema.org\",\"@graph\":[{\"@type\":\"Article\",\"@id\":\"https:\\\/\\\/elcanillita.info\\\/press\\\/2025\\\/08\\\/25\\\/el-dolar-vuela-con-las-nubes-mientras-milei-se-jacta-de-su-gestion\\\/#article\",\"isPartOf\":{\"@id\":\"https:\\\/\\\/elcanillita.info\\\/press\\\/2025\\\/08\\\/25\\\/el-dolar-vuela-con-las-nubes-mientras-milei-se-jacta-de-su-gestion\\\/\"},\"author\":{\"name\":\"SalaStampa.eu, world press service\",\"@id\":\"https:\\\/\\\/elcanillita.info\\\/press\\\/#\\\/schema\\\/person\\\/7fcb79f38045700919f7da6d97e71ba0\"},\"headline\":\"El d\u00f3lar vuela con las nubes mientras Milei se jacta de su gesti\u00f3n\",\"datePublished\":\"2025-08-25T21:31:36+00:00\",\"dateModified\":\"2025-08-25T21:31:37+00:00\",\"mainEntityOfPage\":{\"@id\":\"https:\\\/\\\/elcanillita.info\\\/press\\\/2025\\\/08\\\/25\\\/el-dolar-vuela-con-las-nubes-mientras-milei-se-jacta-de-su-gestion\\\/\"},\"wordCount\":229,\"publisher\":{\"@id\":\"https:\\\/\\\/elcanillita.info\\\/press\\\/#organization\"},\"image\":{\"@id\":\"https:\\\/\\\/elcanillita.info\\\/press\\\/2025\\\/08\\\/25\\\/el-dolar-vuela-con-las-nubes-mientras-milei-se-jacta-de-su-gestion\\\/#primaryimage\"},\"thumbnailUrl\":\"https:\\\/\\\/elcanillita.info\\\/press\\\/images\\\/2025\\\/08\\\/cover_20250825.jpg\",\"keywords\":[\"Argentina\"],\"articleSection\":[\".\",\".\",\"Actualidad\",\"Am\u00e9rica del Sur\",\"Corrupci\u00f3n\",\"Economia\",\"Politica\",\"Reportero de dinero\",\"Sociedad\"],\"inLanguage\":\"es-AR\"},{\"@type\":\"WebPage\",\"@id\":\"https:\\\/\\\/elcanillita.info\\\/press\\\/2025\\\/08\\\/25\\\/el-dolar-vuela-con-las-nubes-mientras-milei-se-jacta-de-su-gestion\\\/\",\"url\":\"https:\\\/\\\/elcanillita.info\\\/press\\\/2025\\\/08\\\/25\\\/el-dolar-vuela-con-las-nubes-mientras-milei-se-jacta-de-su-gestion\\\/\",\"name\":\"El d\u00f3lar vuela con las nubes mientras Milei se jacta de su gesti\u00f3n - ElCanillita.Info\",\"isPartOf\":{\"@id\":\"https:\\\/\\\/elcanillita.info\\\/press\\\/#website\"},\"primaryImageOfPage\":{\"@id\":\"https:\\\/\\\/elcanillita.info\\\/press\\\/2025\\\/08\\\/25\\\/el-dolar-vuela-con-las-nubes-mientras-milei-se-jacta-de-su-gestion\\\/#primaryimage\"},\"image\":{\"@id\":\"https:\\\/\\\/elcanillita.info\\\/press\\\/2025\\\/08\\\/25\\\/el-dolar-vuela-con-las-nubes-mientras-milei-se-jacta-de-su-gestion\\\/#primaryimage\"},\"thumbnailUrl\":\"https:\\\/\\\/elcanillita.info\\\/press\\\/images\\\/2025\\\/08\\\/cover_20250825.jpg\",\"datePublished\":\"2025-08-25T21:31:36+00:00\",\"dateModified\":\"2025-08-25T21:31:37+00:00\",\"inLanguage\":\"es-AR\",\"potentialAction\":[{\"@type\":\"ReadAction\",\"target\":[\"https:\\\/\\\/elcanillita.info\\\/press\\\/2025\\\/08\\\/25\\\/el-dolar-vuela-con-las-nubes-mientras-milei-se-jacta-de-su-gestion\\\/\"]}]},{\"@type\":\"ImageObject\",\"inLanguage\":\"es-AR\",\"@id\":\"https:\\\/\\\/elcanillita.info\\\/press\\\/2025\\\/08\\\/25\\\/el-dolar-vuela-con-las-nubes-mientras-milei-se-jacta-de-su-gestion\\\/#primaryimage\",\"url\":\"https:\\\/\\\/elcanillita.info\\\/press\\\/images\\\/2025\\\/08\\\/cover_20250825.jpg\",\"contentUrl\":\"https:\\\/\\\/elcanillita.info\\\/press\\\/images\\\/2025\\\/08\\\/cover_20250825.jpg\",\"width\":550,\"height\":367},{\"@type\":\"WebSite\",\"@id\":\"https:\\\/\\\/elcanillita.info\\\/press\\\/#website\",\"url\":\"https:\\\/\\\/elcanillita.info\\\/press\\\/\",\"name\":\"ElCanillita.Info\",\"description\":\"desde los Apeninos a los Andes\",\"publisher\":{\"@id\":\"https:\\\/\\\/elcanillita.info\\\/press\\\/#organization\"},\"potentialAction\":[{\"@type\":\"SearchAction\",\"target\":{\"@type\":\"EntryPoint\",\"urlTemplate\":\"https:\\\/\\\/elcanillita.info\\\/press\\\/?s={search_term_string}\"},\"query-input\":{\"@type\":\"PropertyValueSpecification\",\"valueRequired\":true,\"valueName\":\"search_term_string\"}}],\"inLanguage\":\"es-AR\"},{\"@type\":\"Organization\",\"@id\":\"https:\\\/\\\/elcanillita.info\\\/press\\\/#organization\",\"name\":\"Guzzo Photos & Graphic Publications\",\"url\":\"https:\\\/\\\/elcanillita.info\\\/press\\\/\",\"logo\":{\"@type\":\"ImageObject\",\"inLanguage\":\"es-AR\",\"@id\":\"https:\\\/\\\/elcanillita.info\\\/press\\\/#\\\/schema\\\/logo\\\/image\\\/\",\"url\":\"https:\\\/\\\/elcanillita.info\\\/press\\\/images\\\/2020\\\/01\\\/cropped-cropped-cropped-elcanillitainfo.png\",\"contentUrl\":\"https:\\\/\\\/elcanillita.info\\\/press\\\/images\\\/2020\\\/01\\\/cropped-cropped-cropped-elcanillitainfo.png\",\"width\":460,\"height\":50,\"caption\":\"Guzzo Photos & Graphic Publications\"},\"image\":{\"@id\":\"https:\\\/\\\/elcanillita.info\\\/press\\\/#\\\/schema\\\/logo\\\/image\\\/\"},\"sameAs\":[\"https:\\\/\\\/ar-ar.facebook.com\\\/ElCanillitainfo-114249515285712\\\/\"]},{\"@type\":\"Person\",\"@id\":\"https:\\\/\\\/elcanillita.info\\\/press\\\/#\\\/schema\\\/person\\\/7fcb79f38045700919f7da6d97e71ba0\",\"name\":\"SalaStampa.eu, world press service\",\"image\":{\"@type\":\"ImageObject\",\"inLanguage\":\"es-AR\",\"@id\":\"https:\\\/\\\/secure.gravatar.com\\\/avatar\\\/c2f0e0d515a107624234994507816ca4724c7199cef73fc8bedebf6931d73888?s=96&d=mm&r=g\",\"url\":\"https:\\\/\\\/secure.gravatar.com\\\/avatar\\\/c2f0e0d515a107624234994507816ca4724c7199cef73fc8bedebf6931d73888?s=96&d=mm&r=g\",\"contentUrl\":\"https:\\\/\\\/secure.gravatar.com\\\/avatar\\\/c2f0e0d515a107624234994507816ca4724c7199cef73fc8bedebf6931d73888?s=96&d=mm&r=g\",\"caption\":\"SalaStampa.eu, world press service\"}}]}<\/script>\n<!-- \/ Yoast SEO plugin. -->","yoast_head_json":{"title":"El d\u00f3lar vuela con las nubes mientras Milei se jacta de su gesti\u00f3n - ElCanillita.Info","robots":{"index":"index","follow":"follow","max-snippet":"max-snippet:-1","max-image-preview":"max-image-preview:large","max-video-preview":"max-video-preview:-1"},"canonical":"https:\/\/elcanillita.info\/press\/2025\/08\/25\/el-dolar-vuela-con-las-nubes-mientras-milei-se-jacta-de-su-gestion\/","og_locale":"es_ES","og_type":"article","og_title":"El d\u00f3lar vuela con las nubes mientras Milei se jacta de su gesti\u00f3n - ElCanillita.Info","og_description":"Mientras la Casa Rosada se sacude por el esc\u00e1ndalo de las presuntas coimas, el term\u00f3metro econ\u00f3mico volvi\u00f3 a marcar fiebre.","og_url":"https:\/\/elcanillita.info\/press\/2025\/08\/25\/el-dolar-vuela-con-las-nubes-mientras-milei-se-jacta-de-su-gestion\/","og_site_name":"ElCanillita.Info","article_publisher":"https:\/\/ar-ar.facebook.com\/ElCanillitainfo-114249515285712\/","article_published_time":"2025-08-25T21:31:36+00:00","article_modified_time":"2025-08-25T21:31:37+00:00","og_image":[{"width":550,"height":367,"url":"https:\/\/elcanillita.info\/press\/images\/2025\/08\/cover_20250825.jpg","type":"image\/jpeg"}],"author":"SalaStampa.eu, world press service","twitter_card":"summary_large_image","twitter_misc":{"Escrito por":"SalaStampa.eu, world press service","Tiempo de lectura":"2 minutos"},"schema":{"@context":"https:\/\/schema.org","@graph":[{"@type":"Article","@id":"https:\/\/elcanillita.info\/press\/2025\/08\/25\/el-dolar-vuela-con-las-nubes-mientras-milei-se-jacta-de-su-gestion\/#article","isPartOf":{"@id":"https:\/\/elcanillita.info\/press\/2025\/08\/25\/el-dolar-vuela-con-las-nubes-mientras-milei-se-jacta-de-su-gestion\/"},"author":{"name":"SalaStampa.eu, world press service","@id":"https:\/\/elcanillita.info\/press\/#\/schema\/person\/7fcb79f38045700919f7da6d97e71ba0"},"headline":"El d\u00f3lar vuela con las nubes mientras Milei se jacta de su gesti\u00f3n","datePublished":"2025-08-25T21:31:36+00:00","dateModified":"2025-08-25T21:31:37+00:00","mainEntityOfPage":{"@id":"https:\/\/elcanillita.info\/press\/2025\/08\/25\/el-dolar-vuela-con-las-nubes-mientras-milei-se-jacta-de-su-gestion\/"},"wordCount":229,"publisher":{"@id":"https:\/\/elcanillita.info\/press\/#organization"},"image":{"@id":"https:\/\/elcanillita.info\/press\/2025\/08\/25\/el-dolar-vuela-con-las-nubes-mientras-milei-se-jacta-de-su-gestion\/#primaryimage"},"thumbnailUrl":"https:\/\/elcanillita.info\/press\/images\/2025\/08\/cover_20250825.jpg","keywords":["Argentina"],"articleSection":[".",".","Actualidad","Am\u00e9rica del Sur","Corrupci\u00f3n","Economia","Politica","Reportero de dinero","Sociedad"],"inLanguage":"es-AR"},{"@type":"WebPage","@id":"https:\/\/elcanillita.info\/press\/2025\/08\/25\/el-dolar-vuela-con-las-nubes-mientras-milei-se-jacta-de-su-gestion\/","url":"https:\/\/elcanillita.info\/press\/2025\/08\/25\/el-dolar-vuela-con-las-nubes-mientras-milei-se-jacta-de-su-gestion\/","name":"El d\u00f3lar vuela con las nubes mientras Milei se jacta de su gesti\u00f3n - ElCanillita.Info","isPartOf":{"@id":"https:\/\/elcanillita.info\/press\/#website"},"primaryImageOfPage":{"@id":"https:\/\/elcanillita.info\/press\/2025\/08\/25\/el-dolar-vuela-con-las-nubes-mientras-milei-se-jacta-de-su-gestion\/#primaryimage"},"image":{"@id":"https:\/\/elcanillita.info\/press\/2025\/08\/25\/el-dolar-vuela-con-las-nubes-mientras-milei-se-jacta-de-su-gestion\/#primaryimage"},"thumbnailUrl":"https:\/\/elcanillita.info\/press\/images\/2025\/08\/cover_20250825.jpg","datePublished":"2025-08-25T21:31:36+00:00","dateModified":"2025-08-25T21:31:37+00:00","inLanguage":"es-AR","potentialAction":[{"@type":"ReadAction","target":["https:\/\/elcanillita.info\/press\/2025\/08\/25\/el-dolar-vuela-con-las-nubes-mientras-milei-se-jacta-de-su-gestion\/"]}]},{"@type":"ImageObject","inLanguage":"es-AR","@id":"https:\/\/elcanillita.info\/press\/2025\/08\/25\/el-dolar-vuela-con-las-nubes-mientras-milei-se-jacta-de-su-gestion\/#primaryimage","url":"https:\/\/elcanillita.info\/press\/images\/2025\/08\/cover_20250825.jpg","contentUrl":"https:\/\/elcanillita.info\/press\/images\/2025\/08\/cover_20250825.jpg","width":550,"height":367},{"@type":"WebSite","@id":"https:\/\/elcanillita.info\/press\/#website","url":"https:\/\/elcanillita.info\/press\/","name":"ElCanillita.Info","description":"desde los Apeninos a los Andes","publisher":{"@id":"https:\/\/elcanillita.info\/press\/#organization"},"potentialAction":[{"@type":"SearchAction","target":{"@type":"EntryPoint","urlTemplate":"https:\/\/elcanillita.info\/press\/?s={search_term_string}"},"query-input":{"@type":"PropertyValueSpecification","valueRequired":true,"valueName":"search_term_string"}}],"inLanguage":"es-AR"},{"@type":"Organization","@id":"https:\/\/elcanillita.info\/press\/#organization","name":"Guzzo Photos & Graphic Publications","url":"https:\/\/elcanillita.info\/press\/","logo":{"@type":"ImageObject","inLanguage":"es-AR","@id":"https:\/\/elcanillita.info\/press\/#\/schema\/logo\/image\/","url":"https:\/\/elcanillita.info\/press\/images\/2020\/01\/cropped-cropped-cropped-elcanillitainfo.png","contentUrl":"https:\/\/elcanillita.info\/press\/images\/2020\/01\/cropped-cropped-cropped-elcanillitainfo.png","width":460,"height":50,"caption":"Guzzo Photos & Graphic Publications"},"image":{"@id":"https:\/\/elcanillita.info\/press\/#\/schema\/logo\/image\/"},"sameAs":["https:\/\/ar-ar.facebook.com\/ElCanillitainfo-114249515285712\/"]},{"@type":"Person","@id":"https:\/\/elcanillita.info\/press\/#\/schema\/person\/7fcb79f38045700919f7da6d97e71ba0","name":"SalaStampa.eu, world press service","image":{"@type":"ImageObject","inLanguage":"es-AR","@id":"https:\/\/secure.gravatar.com\/avatar\/c2f0e0d515a107624234994507816ca4724c7199cef73fc8bedebf6931d73888?s=96&d=mm&r=g","url":"https:\/\/secure.gravatar.com\/avatar\/c2f0e0d515a107624234994507816ca4724c7199cef73fc8bedebf6931d73888?s=96&d=mm&r=g","contentUrl":"https:\/\/secure.gravatar.com\/avatar\/c2f0e0d515a107624234994507816ca4724c7199cef73fc8bedebf6931d73888?s=96&d=mm&r=g","caption":"SalaStampa.eu, world press service"}}]}},"views":147,"_links":{"self":[{"href":"https:\/\/elcanillita.info\/press\/wp-json\/wp\/v2\/posts\/5267","targetHints":{"allow":["GET"]}}],"collection":[{"href":"https:\/\/elcanillita.info\/press\/wp-json\/wp\/v2\/posts"}],"about":[{"href":"https:\/\/elcanillita.info\/press\/wp-json\/wp\/v2\/types\/post"}],"author":[{"embeddable":true,"href":"https:\/\/elcanillita.info\/press\/wp-json\/wp\/v2\/users\/1"}],"replies":[{"embeddable":true,"href":"https:\/\/elcanillita.info\/press\/wp-json\/wp\/v2\/comments?post=5267"}],"version-history":[{"count":0,"href":"https:\/\/elcanillita.info\/press\/wp-json\/wp\/v2\/posts\/5267\/revisions"}],"wp:featuredmedia":[{"embeddable":true,"href":"https:\/\/elcanillita.info\/press\/wp-json\/wp\/v2\/media\/5270"}],"wp:attachment":[{"href":"https:\/\/elcanillita.info\/press\/wp-json\/wp\/v2\/media?parent=5267"}],"wp:term":[{"taxonomy":"category","embeddable":true,"href":"https:\/\/elcanillita.info\/press\/wp-json\/wp\/v2\/categories?post=5267"},{"taxonomy":"post_tag","embeddable":true,"href":"https:\/\/elcanillita.info\/press\/wp-json\/wp\/v2\/tags?post=5267"}],"curies":[{"name":"wp","href":"https:\/\/api.w.org\/{rel}","templated":true}]}}