{"id":526,"date":"2020-02-22T16:10:43","date_gmt":"2020-02-22T19:10:43","guid":{"rendered":"https:\/\/elcanillita.info\/press\/?p=526"},"modified":"2020-02-22T16:15:06","modified_gmt":"2020-02-22T19:15:06","slug":"rio-janeiro-prepara-apoteosis-carnaval","status":"publish","type":"post","link":"https:\/\/elcanillita.info\/press\/2020\/02\/22\/rio-janeiro-prepara-apoteosis-carnaval\/","title":{"rendered":"R\u00edo de Janeiro se prepara para la apoteosis del Carnaval"},"content":{"rendered":"\n<p>Copacabana 22.02.2020 &#8211; R\u00edo Janeiro se prepara hoy para la apoteosis del carnaval: los desfiles de las escuelas de samba que, durante el fin de semana, har\u00e1n que las miradas de todo el mundo se posen en la Cidade Maravilhosa.<\/p>\n\n\n\n<p>Atr\u00e1s queda ya la algarab\u00eda de los blocos, una suerte de comparsas de barrio que hacen las delicias de todos aquellos cariocas que, desde hace semanas, toman las calles de la ciudad para disfrutar del llamado carnaval de rua, que es como se conoce a la versi\u00f3n m\u00e1s popular de esta fiesta y que es la que, en verdad, cautiva el coraz\u00f3n de los brasile\u00f1os.<\/p>\n\n\n\n<p>Este s\u00e1bado, no obstante, comienza el otro Carnaval; aquel que se escribe con may\u00fasculas y que se celebra en el hist\u00f3rico Samb\u00f3dromo, construido en 1984 y dise\u00f1ado por el arquitecto Oscar Niemayer.<\/p>\n\n\n\n<p>Los 72.500 asientos de la Avenida Marqu\u00eas de Sapuca\u00ed, nombre oficial de este recinto, a buen seguro se llenar\u00e1n durante las dos noches en las que toman el protagonismo las escuelas de samba del grupo especial, que aspiran a alzarse con el t\u00edtulo al mejor desfile.<\/p>\n\n\n\n<p>En total 13 escuelas competir\u00e1n durante dos noches llenas de color, lentejuelas, m\u00fasica, baile y, claro, samba.<\/p>\n\n\n\n<p>Cerca de 40 jueces evaluar\u00e1n todos los detalles de cada carruaje y los movimientos de los cerca de 2.000 bailarines que forma cada escuela de samba<\/p>\n\n\n\n<p>Este a\u00f1o la provocaci\u00f3n -tan caracter\u00edstica de esta fiesta-&nbsp;correr\u00e1 a cargo de la escuela de Mangueira, todo un s\u00edmbolo de esta celebraci\u00f3n y que este a\u00f1o presentar\u00e1 un espect\u00e1culo liderado por un Cristo con rostro negro, cuerpo de mujer y sangre ind\u00edgena.<\/p>\n\n\n\n<p>Una arriesgada apuesta en tiempos del actual gobierno brasile\u00f1o que, bajo la atenta mirada del presidente Jair Bolsonaro, llev\u00f3 recientemente a Netflix a cancelar una serie televisiva realizada por los c\u00f3micos locales de Porta dos Fundos y protagonizada por un Jesucristo homosexual.<\/p>\n\n\n\n<p>Sin embargo, pase lo que pase, la fiesta no parar\u00e1 en las calles de R\u00edo y, con certeza, el lunes la \u00fanica pol\u00e9mica que acaparar\u00e1 los debates de los cariocas en los habituales botecos ser\u00e1 el porqu\u00e9 los jueces no proclamaron campeona a la escuela de su coraz\u00f3n.<br><br>\n<small>2020 voanoticias \u2013 salastampa.eu, afiliada a la red Broadcasting Board of Governors \u00a9 2020 BBG<\/small><\/p>\n","protected":false},"excerpt":{"rendered":"<p>22.02.2020 &#8211; R\u00edo Janeiro se prepara hoy para la apoteosis del carnaval: los desfiles de las escuelas de samba que, durante el fin de semana, har\u00e1n que las miradas de todo el mundo se posen en la Cidade Maravilhosa.<\/p>\n","protected":false},"author":1,"featured_media":0,"comment_status":"closed","ping_status":"closed","sticky":false,"template":"","format":"standard","meta":{"footnotes":"","_links_to":"","_links_to_target":""},"categories":[70,11,25],"tags":[83],"class_list":["post-526","post","type-post","status-publish","format-standard","hentry","category-actualidad","category-america-del-sur","category-sociedad","tag-brasil","entry","double"],"yoast_head":"<!-- This site is optimized with the Yoast SEO plugin v27.5 - https:\/\/yoast.com\/product\/yoast-seo-wordpress\/ -->\n<title>R\u00edo de Janeiro se prepara para la apoteosis del Carnaval - ElCanillita.Info<\/title>\n<meta name=\"robots\" content=\"index, follow, max-snippet:-1, max-image-preview:large, max-video-preview:-1\" \/>\n<link rel=\"canonical\" href=\"https:\/\/elcanillita.info\/press\/2020\/02\/22\/rio-janeiro-prepara-apoteosis-carnaval\/\" \/>\n<meta property=\"og:locale\" content=\"es_ES\" \/>\n<meta property=\"og:type\" content=\"article\" \/>\n<meta property=\"og:title\" content=\"R\u00edo de Janeiro se prepara para la apoteosis del Carnaval - ElCanillita.Info\" \/>\n<meta property=\"og:description\" content=\"22.02.2020 - R\u00edo Janeiro se prepara hoy para la apoteosis del carnaval: los desfiles de las escuelas de samba que, durante el fin de semana, har\u00e1n que las miradas de todo el mundo se posen en la Cidade Maravilhosa.\" \/>\n<meta property=\"og:url\" content=\"https:\/\/elcanillita.info\/press\/2020\/02\/22\/rio-janeiro-prepara-apoteosis-carnaval\/\" \/>\n<meta property=\"og:site_name\" content=\"ElCanillita.Info\" \/>\n<meta property=\"article:publisher\" content=\"https:\/\/ar-ar.facebook.com\/ElCanillitainfo-114249515285712\/\" \/>\n<meta property=\"article:published_time\" content=\"2020-02-22T19:10:43+00:00\" \/>\n<meta property=\"article:modified_time\" content=\"2020-02-22T19:15:06+00:00\" \/>\n<meta name=\"author\" content=\"SalaStampa.eu, world press service\" \/>\n<meta name=\"twitter:card\" content=\"summary_large_image\" \/>\n<meta name=\"twitter:label1\" content=\"Escrito por\" \/>\n\t<meta name=\"twitter:data1\" content=\"SalaStampa.eu, world press service\" \/>\n\t<meta name=\"twitter:label2\" content=\"Tiempo de lectura\" \/>\n\t<meta name=\"twitter:data2\" content=\"2 minutos\" \/>\n<script type=\"application\/ld+json\" class=\"yoast-schema-graph\">{\"@context\":\"https:\\\/\\\/schema.org\",\"@graph\":[{\"@type\":\"Article\",\"@id\":\"https:\\\/\\\/elcanillita.info\\\/press\\\/2020\\\/02\\\/22\\\/rio-janeiro-prepara-apoteosis-carnaval\\\/#article\",\"isPartOf\":{\"@id\":\"https:\\\/\\\/elcanillita.info\\\/press\\\/2020\\\/02\\\/22\\\/rio-janeiro-prepara-apoteosis-carnaval\\\/\"},\"author\":{\"name\":\"SalaStampa.eu, world press service\",\"@id\":\"https:\\\/\\\/elcanillita.info\\\/press\\\/#\\\/schema\\\/person\\\/7fcb79f38045700919f7da6d97e71ba0\"},\"headline\":\"R\u00edo de Janeiro se prepara para la apoteosis del Carnaval\",\"datePublished\":\"2020-02-22T19:10:43+00:00\",\"dateModified\":\"2020-02-22T19:15:06+00:00\",\"mainEntityOfPage\":{\"@id\":\"https:\\\/\\\/elcanillita.info\\\/press\\\/2020\\\/02\\\/22\\\/rio-janeiro-prepara-apoteosis-carnaval\\\/\"},\"wordCount\":409,\"publisher\":{\"@id\":\"https:\\\/\\\/elcanillita.info\\\/press\\\/#organization\"},\"keywords\":[\"Brasil\"],\"articleSection\":[\"Actualidad\",\"Am\u00e9rica del Sur\",\"Sociedad\"],\"inLanguage\":\"es-AR\"},{\"@type\":\"WebPage\",\"@id\":\"https:\\\/\\\/elcanillita.info\\\/press\\\/2020\\\/02\\\/22\\\/rio-janeiro-prepara-apoteosis-carnaval\\\/\",\"url\":\"https:\\\/\\\/elcanillita.info\\\/press\\\/2020\\\/02\\\/22\\\/rio-janeiro-prepara-apoteosis-carnaval\\\/\",\"name\":\"R\u00edo de Janeiro se prepara para la apoteosis del Carnaval - ElCanillita.Info\",\"isPartOf\":{\"@id\":\"https:\\\/\\\/elcanillita.info\\\/press\\\/#website\"},\"datePublished\":\"2020-02-22T19:10:43+00:00\",\"dateModified\":\"2020-02-22T19:15:06+00:00\",\"inLanguage\":\"es-AR\",\"potentialAction\":[{\"@type\":\"ReadAction\",\"target\":[\"https:\\\/\\\/elcanillita.info\\\/press\\\/2020\\\/02\\\/22\\\/rio-janeiro-prepara-apoteosis-carnaval\\\/\"]}]},{\"@type\":\"WebSite\",\"@id\":\"https:\\\/\\\/elcanillita.info\\\/press\\\/#website\",\"url\":\"https:\\\/\\\/elcanillita.info\\\/press\\\/\",\"name\":\"ElCanillita.Info\",\"description\":\"desde los Apeninos a los Andes\",\"publisher\":{\"@id\":\"https:\\\/\\\/elcanillita.info\\\/press\\\/#organization\"},\"potentialAction\":[{\"@type\":\"SearchAction\",\"target\":{\"@type\":\"EntryPoint\",\"urlTemplate\":\"https:\\\/\\\/elcanillita.info\\\/press\\\/?s={search_term_string}\"},\"query-input\":{\"@type\":\"PropertyValueSpecification\",\"valueRequired\":true,\"valueName\":\"search_term_string\"}}],\"inLanguage\":\"es-AR\"},{\"@type\":\"Organization\",\"@id\":\"https:\\\/\\\/elcanillita.info\\\/press\\\/#organization\",\"name\":\"Guzzo Photos & Graphic Publications\",\"url\":\"https:\\\/\\\/elcanillita.info\\\/press\\\/\",\"logo\":{\"@type\":\"ImageObject\",\"inLanguage\":\"es-AR\",\"@id\":\"https:\\\/\\\/elcanillita.info\\\/press\\\/#\\\/schema\\\/logo\\\/image\\\/\",\"url\":\"https:\\\/\\\/elcanillita.info\\\/press\\\/images\\\/2020\\\/01\\\/cropped-cropped-cropped-elcanillitainfo.png\",\"contentUrl\":\"https:\\\/\\\/elcanillita.info\\\/press\\\/images\\\/2020\\\/01\\\/cropped-cropped-cropped-elcanillitainfo.png\",\"width\":460,\"height\":50,\"caption\":\"Guzzo Photos & Graphic Publications\"},\"image\":{\"@id\":\"https:\\\/\\\/elcanillita.info\\\/press\\\/#\\\/schema\\\/logo\\\/image\\\/\"},\"sameAs\":[\"https:\\\/\\\/ar-ar.facebook.com\\\/ElCanillitainfo-114249515285712\\\/\"]},{\"@type\":\"Person\",\"@id\":\"https:\\\/\\\/elcanillita.info\\\/press\\\/#\\\/schema\\\/person\\\/7fcb79f38045700919f7da6d97e71ba0\",\"name\":\"SalaStampa.eu, world press service\",\"image\":{\"@type\":\"ImageObject\",\"inLanguage\":\"es-AR\",\"@id\":\"https:\\\/\\\/secure.gravatar.com\\\/avatar\\\/c2f0e0d515a107624234994507816ca4724c7199cef73fc8bedebf6931d73888?s=96&d=mm&r=g\",\"url\":\"https:\\\/\\\/secure.gravatar.com\\\/avatar\\\/c2f0e0d515a107624234994507816ca4724c7199cef73fc8bedebf6931d73888?s=96&d=mm&r=g\",\"contentUrl\":\"https:\\\/\\\/secure.gravatar.com\\\/avatar\\\/c2f0e0d515a107624234994507816ca4724c7199cef73fc8bedebf6931d73888?s=96&d=mm&r=g\",\"caption\":\"SalaStampa.eu, world press service\"}}]}<\/script>\n<!-- \/ Yoast SEO plugin. -->","yoast_head_json":{"title":"R\u00edo de Janeiro se prepara para la apoteosis del Carnaval - ElCanillita.Info","robots":{"index":"index","follow":"follow","max-snippet":"max-snippet:-1","max-image-preview":"max-image-preview:large","max-video-preview":"max-video-preview:-1"},"canonical":"https:\/\/elcanillita.info\/press\/2020\/02\/22\/rio-janeiro-prepara-apoteosis-carnaval\/","og_locale":"es_ES","og_type":"article","og_title":"R\u00edo de Janeiro se prepara para la apoteosis del Carnaval - ElCanillita.Info","og_description":"22.02.2020 - R\u00edo Janeiro se prepara hoy para la apoteosis del carnaval: los desfiles de las escuelas de samba que, durante el fin de semana, har\u00e1n que las miradas de todo el mundo se posen en la Cidade Maravilhosa.","og_url":"https:\/\/elcanillita.info\/press\/2020\/02\/22\/rio-janeiro-prepara-apoteosis-carnaval\/","og_site_name":"ElCanillita.Info","article_publisher":"https:\/\/ar-ar.facebook.com\/ElCanillitainfo-114249515285712\/","article_published_time":"2020-02-22T19:10:43+00:00","article_modified_time":"2020-02-22T19:15:06+00:00","author":"SalaStampa.eu, world press service","twitter_card":"summary_large_image","twitter_misc":{"Escrito por":"SalaStampa.eu, world press service","Tiempo de lectura":"2 minutos"},"schema":{"@context":"https:\/\/schema.org","@graph":[{"@type":"Article","@id":"https:\/\/elcanillita.info\/press\/2020\/02\/22\/rio-janeiro-prepara-apoteosis-carnaval\/#article","isPartOf":{"@id":"https:\/\/elcanillita.info\/press\/2020\/02\/22\/rio-janeiro-prepara-apoteosis-carnaval\/"},"author":{"name":"SalaStampa.eu, world press service","@id":"https:\/\/elcanillita.info\/press\/#\/schema\/person\/7fcb79f38045700919f7da6d97e71ba0"},"headline":"R\u00edo de Janeiro se prepara para la apoteosis del Carnaval","datePublished":"2020-02-22T19:10:43+00:00","dateModified":"2020-02-22T19:15:06+00:00","mainEntityOfPage":{"@id":"https:\/\/elcanillita.info\/press\/2020\/02\/22\/rio-janeiro-prepara-apoteosis-carnaval\/"},"wordCount":409,"publisher":{"@id":"https:\/\/elcanillita.info\/press\/#organization"},"keywords":["Brasil"],"articleSection":["Actualidad","Am\u00e9rica del Sur","Sociedad"],"inLanguage":"es-AR"},{"@type":"WebPage","@id":"https:\/\/elcanillita.info\/press\/2020\/02\/22\/rio-janeiro-prepara-apoteosis-carnaval\/","url":"https:\/\/elcanillita.info\/press\/2020\/02\/22\/rio-janeiro-prepara-apoteosis-carnaval\/","name":"R\u00edo de Janeiro se prepara para la apoteosis del Carnaval - ElCanillita.Info","isPartOf":{"@id":"https:\/\/elcanillita.info\/press\/#website"},"datePublished":"2020-02-22T19:10:43+00:00","dateModified":"2020-02-22T19:15:06+00:00","inLanguage":"es-AR","potentialAction":[{"@type":"ReadAction","target":["https:\/\/elcanillita.info\/press\/2020\/02\/22\/rio-janeiro-prepara-apoteosis-carnaval\/"]}]},{"@type":"WebSite","@id":"https:\/\/elcanillita.info\/press\/#website","url":"https:\/\/elcanillita.info\/press\/","name":"ElCanillita.Info","description":"desde los Apeninos a los Andes","publisher":{"@id":"https:\/\/elcanillita.info\/press\/#organization"},"potentialAction":[{"@type":"SearchAction","target":{"@type":"EntryPoint","urlTemplate":"https:\/\/elcanillita.info\/press\/?s={search_term_string}"},"query-input":{"@type":"PropertyValueSpecification","valueRequired":true,"valueName":"search_term_string"}}],"inLanguage":"es-AR"},{"@type":"Organization","@id":"https:\/\/elcanillita.info\/press\/#organization","name":"Guzzo Photos & Graphic Publications","url":"https:\/\/elcanillita.info\/press\/","logo":{"@type":"ImageObject","inLanguage":"es-AR","@id":"https:\/\/elcanillita.info\/press\/#\/schema\/logo\/image\/","url":"https:\/\/elcanillita.info\/press\/images\/2020\/01\/cropped-cropped-cropped-elcanillitainfo.png","contentUrl":"https:\/\/elcanillita.info\/press\/images\/2020\/01\/cropped-cropped-cropped-elcanillitainfo.png","width":460,"height":50,"caption":"Guzzo Photos & Graphic Publications"},"image":{"@id":"https:\/\/elcanillita.info\/press\/#\/schema\/logo\/image\/"},"sameAs":["https:\/\/ar-ar.facebook.com\/ElCanillitainfo-114249515285712\/"]},{"@type":"Person","@id":"https:\/\/elcanillita.info\/press\/#\/schema\/person\/7fcb79f38045700919f7da6d97e71ba0","name":"SalaStampa.eu, world press service","image":{"@type":"ImageObject","inLanguage":"es-AR","@id":"https:\/\/secure.gravatar.com\/avatar\/c2f0e0d515a107624234994507816ca4724c7199cef73fc8bedebf6931d73888?s=96&d=mm&r=g","url":"https:\/\/secure.gravatar.com\/avatar\/c2f0e0d515a107624234994507816ca4724c7199cef73fc8bedebf6931d73888?s=96&d=mm&r=g","contentUrl":"https:\/\/secure.gravatar.com\/avatar\/c2f0e0d515a107624234994507816ca4724c7199cef73fc8bedebf6931d73888?s=96&d=mm&r=g","caption":"SalaStampa.eu, world press service"}}]}},"views":689,"_links":{"self":[{"href":"https:\/\/elcanillita.info\/press\/wp-json\/wp\/v2\/posts\/526","targetHints":{"allow":["GET"]}}],"collection":[{"href":"https:\/\/elcanillita.info\/press\/wp-json\/wp\/v2\/posts"}],"about":[{"href":"https:\/\/elcanillita.info\/press\/wp-json\/wp\/v2\/types\/post"}],"author":[{"embeddable":true,"href":"https:\/\/elcanillita.info\/press\/wp-json\/wp\/v2\/users\/1"}],"replies":[{"embeddable":true,"href":"https:\/\/elcanillita.info\/press\/wp-json\/wp\/v2\/comments?post=526"}],"version-history":[{"count":0,"href":"https:\/\/elcanillita.info\/press\/wp-json\/wp\/v2\/posts\/526\/revisions"}],"wp:attachment":[{"href":"https:\/\/elcanillita.info\/press\/wp-json\/wp\/v2\/media?parent=526"}],"wp:term":[{"taxonomy":"category","embeddable":true,"href":"https:\/\/elcanillita.info\/press\/wp-json\/wp\/v2\/categories?post=526"},{"taxonomy":"post_tag","embeddable":true,"href":"https:\/\/elcanillita.info\/press\/wp-json\/wp\/v2\/tags?post=526"}],"curies":[{"name":"wp","href":"https:\/\/api.w.org\/{rel}","templated":true}]}}