{"id":5253,"date":"2025-08-17T10:54:19","date_gmt":"2025-08-17T13:54:19","guid":{"rendered":"https:\/\/elcanillita.info\/press\/?p=5253"},"modified":"2025-08-17T10:55:14","modified_gmt":"2025-08-17T13:55:14","slug":"replica-publica-si-el-frente-parece-otro-por-que-no-llamarlo-distinto","status":"publish","type":"post","link":"https:\/\/elcanillita.info\/press\/2025\/08\/17\/replica-publica-si-el-frente-parece-otro-por-que-no-llamarlo-distinto\/","title":{"rendered":"\ud83d\uddde\ufe0f R\u00e9plica p\u00fablica: \u201cSi el frente parece otro, \u00bfpor qu\u00e9 no llamarlo distinto?\u201d"},"content":{"rendered":"\n<p>Argentina<\/p>\n\n\n\n<p class=\"p1\">Es cierto, no hemos descubierto ning\u00fan secreto: la convivencia entre radicales y libertarios ven\u00eda germin\u00e1ndose con naturalidad parlamentaria desde hace tiempo. Pero ahora, tras el anuncio formal y la foto del sellado, el coqueteo mut\u00f3 en compromiso p\u00fablico. Y eso cambia el escenario.<\/p>\n\n\n\n<p class=\"p1\">Hasta Julio Cobos \u2014radical \u201cde cepa\u201d y con memoria pol\u00edtica\u2014 marc\u00f3 la l\u00ednea: plante\u00f3 con sorna que si Luis Petri encabeza la lista por La Libertad Avanza, el frente \u201cdeber\u00eda cambiar de nombre y de color\u201d&nbsp; . Cuando alguien como Cobos se permite proponer eso entre l\u00edneas, no solo confirma que la alianza ya est\u00e1 expuesta, sino que muestra cu\u00e1n lejos est\u00e1 de lo natural.<\/p>\n\n\n\n<p class=\"p1\">En pol\u00edtica, como en la vida, no es lo mismo pasar juntos parte de una noche que aparecer en el mismo retrato familiar. Ahora que el retrato es oficial, queda claro: ya no se trata de un noviazgo t\u00e1ctico, sino de un v\u00ednculo p\u00fablico que dura mientras convenga. Y eso exige franqueza.<\/p>\n\n\n\n<p><\/p>\n\n\n<p><small>\u00a9\ufe0f 2025 ElCanillita.info \/ BlogDiario.info \u2013 All Rights Reserved \u2013 SalaStampa.eu, world press service &#8211; Guzzo Photos &#038; Graphic Publications \u2013 Registro Editori e Stampatori n. 1441 Turin, Italy<\/small><\/p>\n\n\n<p><\/p>\n","protected":false},"excerpt":{"rendered":"<p>Argentina Es cierto, no hemos descubierto ning\u00fan secreto: la convivencia entre radicales y libertarios ven\u00eda germin\u00e1ndose con naturalidad parlamentaria desde hace tiempo. Pero ahora, tras&#8230;<\/p>\n","protected":false},"author":1,"featured_media":0,"comment_status":"closed","ping_status":"","sticky":false,"template":"","format":"standard","meta":{"footnotes":"","_links_to":"","_links_to_target":""},"categories":[70,11,19,126,136,23,25],"tags":[29],"class_list":["post-5253","post","type-post","status-publish","format-standard","hentry","category-actualidad","category-america-del-sur","category-cultura","category-dolores-de-la-press","category-opinion","category-politica","category-sociedad","tag-argentina","entry","double"],"yoast_head":"<!-- This site is optimized with the Yoast SEO plugin v27.4 - https:\/\/yoast.com\/product\/yoast-seo-wordpress\/ -->\n<title>\ud83d\uddde\ufe0f R\u00e9plica p\u00fablica: \u201cSi el frente parece otro, \u00bfpor qu\u00e9 no llamarlo distinto?\u201d - ElCanillita.Info<\/title>\n<meta name=\"robots\" content=\"index, follow, max-snippet:-1, max-image-preview:large, max-video-preview:-1\" \/>\n<link rel=\"canonical\" href=\"https:\/\/elcanillita.info\/press\/2025\/08\/17\/replica-publica-si-el-frente-parece-otro-por-que-no-llamarlo-distinto\/\" \/>\n<meta property=\"og:locale\" content=\"es_ES\" \/>\n<meta property=\"og:type\" content=\"article\" \/>\n<meta property=\"og:title\" content=\"\ud83d\uddde\ufe0f R\u00e9plica p\u00fablica: \u201cSi el frente parece otro, \u00bfpor qu\u00e9 no llamarlo distinto?\u201d - ElCanillita.Info\" \/>\n<meta property=\"og:description\" content=\"Argentina Es cierto, no hemos descubierto ning\u00fan secreto: la convivencia entre radicales y libertarios ven\u00eda germin\u00e1ndose con naturalidad parlamentaria desde hace tiempo. Pero ahora, tras&#8230;\" \/>\n<meta property=\"og:url\" content=\"https:\/\/elcanillita.info\/press\/2025\/08\/17\/replica-publica-si-el-frente-parece-otro-por-que-no-llamarlo-distinto\/\" \/>\n<meta property=\"og:site_name\" content=\"ElCanillita.Info\" \/>\n<meta property=\"article:publisher\" content=\"https:\/\/ar-ar.facebook.com\/ElCanillitainfo-114249515285712\/\" \/>\n<meta property=\"article:published_time\" content=\"2025-08-17T13:54:19+00:00\" \/>\n<meta property=\"article:modified_time\" content=\"2025-08-17T13:55:14+00:00\" \/>\n<meta name=\"author\" content=\"SalaStampa.eu, world press service\" \/>\n<meta name=\"twitter:card\" content=\"summary_large_image\" \/>\n<meta name=\"twitter:label1\" content=\"Escrito por\" \/>\n\t<meta name=\"twitter:data1\" content=\"SalaStampa.eu, world press service\" \/>\n\t<meta name=\"twitter:label2\" content=\"Tiempo de lectura\" \/>\n\t<meta name=\"twitter:data2\" content=\"1 minuto\" \/>\n<script type=\"application\/ld+json\" class=\"yoast-schema-graph\">{\"@context\":\"https:\\\/\\\/schema.org\",\"@graph\":[{\"@type\":\"Article\",\"@id\":\"https:\\\/\\\/elcanillita.info\\\/press\\\/2025\\\/08\\\/17\\\/replica-publica-si-el-frente-parece-otro-por-que-no-llamarlo-distinto\\\/#article\",\"isPartOf\":{\"@id\":\"https:\\\/\\\/elcanillita.info\\\/press\\\/2025\\\/08\\\/17\\\/replica-publica-si-el-frente-parece-otro-por-que-no-llamarlo-distinto\\\/\"},\"author\":{\"name\":\"SalaStampa.eu, world press service\",\"@id\":\"https:\\\/\\\/elcanillita.info\\\/press\\\/#\\\/schema\\\/person\\\/7fcb79f38045700919f7da6d97e71ba0\"},\"headline\":\"\ud83d\uddde\ufe0f R\u00e9plica p\u00fablica: \u201cSi el frente parece otro, \u00bfpor qu\u00e9 no llamarlo distinto?\u201d\",\"datePublished\":\"2025-08-17T13:54:19+00:00\",\"dateModified\":\"2025-08-17T13:55:14+00:00\",\"mainEntityOfPage\":{\"@id\":\"https:\\\/\\\/elcanillita.info\\\/press\\\/2025\\\/08\\\/17\\\/replica-publica-si-el-frente-parece-otro-por-que-no-llamarlo-distinto\\\/\"},\"wordCount\":212,\"publisher\":{\"@id\":\"https:\\\/\\\/elcanillita.info\\\/press\\\/#organization\"},\"keywords\":[\"Argentina\"],\"articleSection\":[\"Actualidad\",\"Am\u00e9rica del Sur\",\"Cultura\",\"Dolores de La Press\",\"Opini\u00f3n\",\"Politica\",\"Sociedad\"],\"inLanguage\":\"es-AR\"},{\"@type\":\"WebPage\",\"@id\":\"https:\\\/\\\/elcanillita.info\\\/press\\\/2025\\\/08\\\/17\\\/replica-publica-si-el-frente-parece-otro-por-que-no-llamarlo-distinto\\\/\",\"url\":\"https:\\\/\\\/elcanillita.info\\\/press\\\/2025\\\/08\\\/17\\\/replica-publica-si-el-frente-parece-otro-por-que-no-llamarlo-distinto\\\/\",\"name\":\"\ud83d\uddde\ufe0f R\u00e9plica p\u00fablica: \u201cSi el frente parece otro, \u00bfpor qu\u00e9 no llamarlo distinto?\u201d - ElCanillita.Info\",\"isPartOf\":{\"@id\":\"https:\\\/\\\/elcanillita.info\\\/press\\\/#website\"},\"datePublished\":\"2025-08-17T13:54:19+00:00\",\"dateModified\":\"2025-08-17T13:55:14+00:00\",\"inLanguage\":\"es-AR\",\"potentialAction\":[{\"@type\":\"ReadAction\",\"target\":[\"https:\\\/\\\/elcanillita.info\\\/press\\\/2025\\\/08\\\/17\\\/replica-publica-si-el-frente-parece-otro-por-que-no-llamarlo-distinto\\\/\"]}]},{\"@type\":\"WebSite\",\"@id\":\"https:\\\/\\\/elcanillita.info\\\/press\\\/#website\",\"url\":\"https:\\\/\\\/elcanillita.info\\\/press\\\/\",\"name\":\"ElCanillita.Info\",\"description\":\"desde los Apeninos a los Andes\",\"publisher\":{\"@id\":\"https:\\\/\\\/elcanillita.info\\\/press\\\/#organization\"},\"potentialAction\":[{\"@type\":\"SearchAction\",\"target\":{\"@type\":\"EntryPoint\",\"urlTemplate\":\"https:\\\/\\\/elcanillita.info\\\/press\\\/?s={search_term_string}\"},\"query-input\":{\"@type\":\"PropertyValueSpecification\",\"valueRequired\":true,\"valueName\":\"search_term_string\"}}],\"inLanguage\":\"es-AR\"},{\"@type\":\"Organization\",\"@id\":\"https:\\\/\\\/elcanillita.info\\\/press\\\/#organization\",\"name\":\"Guzzo Photos & Graphic Publications\",\"url\":\"https:\\\/\\\/elcanillita.info\\\/press\\\/\",\"logo\":{\"@type\":\"ImageObject\",\"inLanguage\":\"es-AR\",\"@id\":\"https:\\\/\\\/elcanillita.info\\\/press\\\/#\\\/schema\\\/logo\\\/image\\\/\",\"url\":\"https:\\\/\\\/elcanillita.info\\\/press\\\/images\\\/2020\\\/01\\\/cropped-cropped-cropped-elcanillitainfo.png\",\"contentUrl\":\"https:\\\/\\\/elcanillita.info\\\/press\\\/images\\\/2020\\\/01\\\/cropped-cropped-cropped-elcanillitainfo.png\",\"width\":460,\"height\":50,\"caption\":\"Guzzo Photos & Graphic Publications\"},\"image\":{\"@id\":\"https:\\\/\\\/elcanillita.info\\\/press\\\/#\\\/schema\\\/logo\\\/image\\\/\"},\"sameAs\":[\"https:\\\/\\\/ar-ar.facebook.com\\\/ElCanillitainfo-114249515285712\\\/\"]},{\"@type\":\"Person\",\"@id\":\"https:\\\/\\\/elcanillita.info\\\/press\\\/#\\\/schema\\\/person\\\/7fcb79f38045700919f7da6d97e71ba0\",\"name\":\"SalaStampa.eu, world press service\",\"image\":{\"@type\":\"ImageObject\",\"inLanguage\":\"es-AR\",\"@id\":\"https:\\\/\\\/secure.gravatar.com\\\/avatar\\\/c2f0e0d515a107624234994507816ca4724c7199cef73fc8bedebf6931d73888?s=96&d=mm&r=g\",\"url\":\"https:\\\/\\\/secure.gravatar.com\\\/avatar\\\/c2f0e0d515a107624234994507816ca4724c7199cef73fc8bedebf6931d73888?s=96&d=mm&r=g\",\"contentUrl\":\"https:\\\/\\\/secure.gravatar.com\\\/avatar\\\/c2f0e0d515a107624234994507816ca4724c7199cef73fc8bedebf6931d73888?s=96&d=mm&r=g\",\"caption\":\"SalaStampa.eu, world press service\"}}]}<\/script>\n<!-- \/ Yoast SEO plugin. -->","yoast_head_json":{"title":"\ud83d\uddde\ufe0f R\u00e9plica p\u00fablica: \u201cSi el frente parece otro, \u00bfpor qu\u00e9 no llamarlo distinto?\u201d - ElCanillita.Info","robots":{"index":"index","follow":"follow","max-snippet":"max-snippet:-1","max-image-preview":"max-image-preview:large","max-video-preview":"max-video-preview:-1"},"canonical":"https:\/\/elcanillita.info\/press\/2025\/08\/17\/replica-publica-si-el-frente-parece-otro-por-que-no-llamarlo-distinto\/","og_locale":"es_ES","og_type":"article","og_title":"\ud83d\uddde\ufe0f R\u00e9plica p\u00fablica: \u201cSi el frente parece otro, \u00bfpor qu\u00e9 no llamarlo distinto?\u201d - ElCanillita.Info","og_description":"Argentina Es cierto, no hemos descubierto ning\u00fan secreto: la convivencia entre radicales y libertarios ven\u00eda germin\u00e1ndose con naturalidad parlamentaria desde hace tiempo. Pero ahora, tras&#8230;","og_url":"https:\/\/elcanillita.info\/press\/2025\/08\/17\/replica-publica-si-el-frente-parece-otro-por-que-no-llamarlo-distinto\/","og_site_name":"ElCanillita.Info","article_publisher":"https:\/\/ar-ar.facebook.com\/ElCanillitainfo-114249515285712\/","article_published_time":"2025-08-17T13:54:19+00:00","article_modified_time":"2025-08-17T13:55:14+00:00","author":"SalaStampa.eu, world press service","twitter_card":"summary_large_image","twitter_misc":{"Escrito por":"SalaStampa.eu, world press service","Tiempo de lectura":"1 minuto"},"schema":{"@context":"https:\/\/schema.org","@graph":[{"@type":"Article","@id":"https:\/\/elcanillita.info\/press\/2025\/08\/17\/replica-publica-si-el-frente-parece-otro-por-que-no-llamarlo-distinto\/#article","isPartOf":{"@id":"https:\/\/elcanillita.info\/press\/2025\/08\/17\/replica-publica-si-el-frente-parece-otro-por-que-no-llamarlo-distinto\/"},"author":{"name":"SalaStampa.eu, world press service","@id":"https:\/\/elcanillita.info\/press\/#\/schema\/person\/7fcb79f38045700919f7da6d97e71ba0"},"headline":"\ud83d\uddde\ufe0f R\u00e9plica p\u00fablica: \u201cSi el frente parece otro, \u00bfpor qu\u00e9 no llamarlo distinto?\u201d","datePublished":"2025-08-17T13:54:19+00:00","dateModified":"2025-08-17T13:55:14+00:00","mainEntityOfPage":{"@id":"https:\/\/elcanillita.info\/press\/2025\/08\/17\/replica-publica-si-el-frente-parece-otro-por-que-no-llamarlo-distinto\/"},"wordCount":212,"publisher":{"@id":"https:\/\/elcanillita.info\/press\/#organization"},"keywords":["Argentina"],"articleSection":["Actualidad","Am\u00e9rica del Sur","Cultura","Dolores de La Press","Opini\u00f3n","Politica","Sociedad"],"inLanguage":"es-AR"},{"@type":"WebPage","@id":"https:\/\/elcanillita.info\/press\/2025\/08\/17\/replica-publica-si-el-frente-parece-otro-por-que-no-llamarlo-distinto\/","url":"https:\/\/elcanillita.info\/press\/2025\/08\/17\/replica-publica-si-el-frente-parece-otro-por-que-no-llamarlo-distinto\/","name":"\ud83d\uddde\ufe0f R\u00e9plica p\u00fablica: \u201cSi el frente parece otro, \u00bfpor qu\u00e9 no llamarlo distinto?\u201d - ElCanillita.Info","isPartOf":{"@id":"https:\/\/elcanillita.info\/press\/#website"},"datePublished":"2025-08-17T13:54:19+00:00","dateModified":"2025-08-17T13:55:14+00:00","inLanguage":"es-AR","potentialAction":[{"@type":"ReadAction","target":["https:\/\/elcanillita.info\/press\/2025\/08\/17\/replica-publica-si-el-frente-parece-otro-por-que-no-llamarlo-distinto\/"]}]},{"@type":"WebSite","@id":"https:\/\/elcanillita.info\/press\/#website","url":"https:\/\/elcanillita.info\/press\/","name":"ElCanillita.Info","description":"desde los Apeninos a los Andes","publisher":{"@id":"https:\/\/elcanillita.info\/press\/#organization"},"potentialAction":[{"@type":"SearchAction","target":{"@type":"EntryPoint","urlTemplate":"https:\/\/elcanillita.info\/press\/?s={search_term_string}"},"query-input":{"@type":"PropertyValueSpecification","valueRequired":true,"valueName":"search_term_string"}}],"inLanguage":"es-AR"},{"@type":"Organization","@id":"https:\/\/elcanillita.info\/press\/#organization","name":"Guzzo Photos & Graphic Publications","url":"https:\/\/elcanillita.info\/press\/","logo":{"@type":"ImageObject","inLanguage":"es-AR","@id":"https:\/\/elcanillita.info\/press\/#\/schema\/logo\/image\/","url":"https:\/\/elcanillita.info\/press\/images\/2020\/01\/cropped-cropped-cropped-elcanillitainfo.png","contentUrl":"https:\/\/elcanillita.info\/press\/images\/2020\/01\/cropped-cropped-cropped-elcanillitainfo.png","width":460,"height":50,"caption":"Guzzo Photos & Graphic Publications"},"image":{"@id":"https:\/\/elcanillita.info\/press\/#\/schema\/logo\/image\/"},"sameAs":["https:\/\/ar-ar.facebook.com\/ElCanillitainfo-114249515285712\/"]},{"@type":"Person","@id":"https:\/\/elcanillita.info\/press\/#\/schema\/person\/7fcb79f38045700919f7da6d97e71ba0","name":"SalaStampa.eu, world press service","image":{"@type":"ImageObject","inLanguage":"es-AR","@id":"https:\/\/secure.gravatar.com\/avatar\/c2f0e0d515a107624234994507816ca4724c7199cef73fc8bedebf6931d73888?s=96&d=mm&r=g","url":"https:\/\/secure.gravatar.com\/avatar\/c2f0e0d515a107624234994507816ca4724c7199cef73fc8bedebf6931d73888?s=96&d=mm&r=g","contentUrl":"https:\/\/secure.gravatar.com\/avatar\/c2f0e0d515a107624234994507816ca4724c7199cef73fc8bedebf6931d73888?s=96&d=mm&r=g","caption":"SalaStampa.eu, world press service"}}]}},"views":161,"_links":{"self":[{"href":"https:\/\/elcanillita.info\/press\/wp-json\/wp\/v2\/posts\/5253","targetHints":{"allow":["GET"]}}],"collection":[{"href":"https:\/\/elcanillita.info\/press\/wp-json\/wp\/v2\/posts"}],"about":[{"href":"https:\/\/elcanillita.info\/press\/wp-json\/wp\/v2\/types\/post"}],"author":[{"embeddable":true,"href":"https:\/\/elcanillita.info\/press\/wp-json\/wp\/v2\/users\/1"}],"replies":[{"embeddable":true,"href":"https:\/\/elcanillita.info\/press\/wp-json\/wp\/v2\/comments?post=5253"}],"version-history":[{"count":0,"href":"https:\/\/elcanillita.info\/press\/wp-json\/wp\/v2\/posts\/5253\/revisions"}],"wp:attachment":[{"href":"https:\/\/elcanillita.info\/press\/wp-json\/wp\/v2\/media?parent=5253"}],"wp:term":[{"taxonomy":"category","embeddable":true,"href":"https:\/\/elcanillita.info\/press\/wp-json\/wp\/v2\/categories?post=5253"},{"taxonomy":"post_tag","embeddable":true,"href":"https:\/\/elcanillita.info\/press\/wp-json\/wp\/v2\/tags?post=5253"}],"curies":[{"name":"wp","href":"https:\/\/api.w.org\/{rel}","templated":true}]}}