{"id":5252,"date":"2025-08-17T03:12:14","date_gmt":"2025-08-17T06:12:14","guid":{"rendered":"https:\/\/elcanillita.info\/press\/?p=5252"},"modified":"2025-08-17T03:13:57","modified_gmt":"2025-08-17T06:13:57","slug":"el-matrimonio-inesperado-milei-y-los-radicales","status":"publish","type":"post","link":"https:\/\/elcanillita.info\/press\/2025\/08\/17\/el-matrimonio-inesperado-milei-y-los-radicales\/","title":{"rendered":"\ud83c\udfdb\ufe0f El matrimonio inesperado: Milei y los radicales"},"content":{"rendered":"\n<p>Argentina<\/p>\n\n\n\n<p class=\"p1\">En pol\u00edtica, como en la vida, hay un principio b\u00e1sico: las alianzas m\u00e1s sorprendentes no nacen del amor, sino de la conveniencia. El caso del radicalismo y el gobierno libertario es ejemplar. Dos corrientes que en teor\u00eda se miran con desconfianza \u2014una con larga tradici\u00f3n republicana, la otra con vocaci\u00f3n de dinamitarlo todo\u2014 han terminado compartiendo la misma mesa.<\/p>\n\n\n\n<p class=\"p1\">\u00bfEl motivo? Muy sencillo: el oportunismo, ese lubricante universal de la pol\u00edtica. El radicalismo, siempre presente en la historia argentina pero con dificultades para imponerse solo, encontr\u00f3 en Javier Milei una plataforma para no quedar relegado al papel de comentarista. Milei, por su parte, descubri\u00f3 en algunos radicales un aporte clave de experiencia institucional y territorial que a su movimiento le faltaba. Un intercambio pr\u00e1ctico: yo te presto aire fresco, vos me das ox\u00edgeno pol\u00edtico.<\/p>\n\n\n\n<p class=\"p1\">Claro que nadie debe enga\u00f1arse. Este no es un matrimonio por amor ni por afinidad ideol\u00f3gica. Es m\u00e1s bien un \u201ccontrato de alquiler con opci\u00f3n a pr\u00f3rroga\u201d: cada parte sabe que el otro le resulta inc\u00f3modo, pero m\u00e1s inc\u00f3modo ser\u00eda volver a quedarse solo en la intemperie.<\/p>\n\n\n\n<p class=\"p1\">El radicalismo trae en su ADN una cultura de partido, de comit\u00e9s y asambleas, donde las decisiones se discuten hasta la madrugada. Milei representa lo contrario: un liderazgo vertical, personal\u00edsimo, donde el comit\u00e9 se reduce a una mesa de televisi\u00f3n. Dif\u00edcil imaginar que convivan mucho tiempo sin que alguien derrame caf\u00e9 sobre los papeles.<\/p>\n\n\n\n<p class=\"p1\">La foto de hoy, sin embargo, es \u00fatil para ambos. Los radicales recuperan visibilidad y espacios de poder; Milei muestra que puede ampliar su base m\u00e1s all\u00e1 del c\u00edrculo libertario. El problema ser\u00e1 ma\u00f1ana, cuando los intereses de cada facci\u00f3n empiecen a tirar en direcciones distintas.<\/p>\n\n\n\n<p class=\"p1\">La conclusi\u00f3n es sencilla: lo que se presenta como alianza es, en realidad, un acuerdo circunstancial. Dos barcos que, en plena tormenta, han decidido navegar juntos hasta que el mar se calme. Despu\u00e9s, cada uno volver\u00e1 a su puerto. Y lo m\u00e1s probable es que, al mirarse a la distancia, no se reconozcan como compa\u00f1eros de viaje, sino apenas como vecinos de naufragio.<\/p>\n\n\n\n<p><\/p>\n\n\n<p><small>\u00a9\ufe0f 2025 ElCanillita.info \/ BlogDiario.info \u2013 All Rights Reserved \u2013 SalaStampa.eu, world press service &#8211; Guzzo Photos &#038; Graphic Publications \u2013 Registro Editori e Stampatori n. 1441 Turin, Italy<\/small><\/p>\n\n\n<p><\/p>\n","protected":false},"excerpt":{"rendered":"<p>Argentina En pol\u00edtica, como en la vida, hay un principio b\u00e1sico: las alianzas m\u00e1s sorprendentes no nacen del amor, sino de la conveniencia. El caso&#8230;<\/p>\n","protected":false},"author":1,"featured_media":0,"comment_status":"closed","ping_status":"","sticky":false,"template":"","format":"standard","meta":{"footnotes":"","_links_to":"","_links_to_target":""},"categories":[70,11,126,23,25],"tags":[29],"class_list":["post-5252","post","type-post","status-publish","format-standard","hentry","category-actualidad","category-america-del-sur","category-dolores-de-la-press","category-politica","category-sociedad","tag-argentina","entry","double"],"yoast_head":"<!-- This site is optimized with the Yoast SEO plugin v27.5 - https:\/\/yoast.com\/product\/yoast-seo-wordpress\/ -->\n<title>\ud83c\udfdb\ufe0f El matrimonio inesperado: Milei y los radicales - ElCanillita.Info<\/title>\n<meta name=\"robots\" content=\"index, follow, max-snippet:-1, max-image-preview:large, max-video-preview:-1\" \/>\n<link rel=\"canonical\" href=\"https:\/\/elcanillita.info\/press\/2025\/08\/17\/el-matrimonio-inesperado-milei-y-los-radicales\/\" \/>\n<meta property=\"og:locale\" content=\"es_ES\" \/>\n<meta property=\"og:type\" content=\"article\" \/>\n<meta property=\"og:title\" content=\"\ud83c\udfdb\ufe0f El matrimonio inesperado: Milei y los radicales - ElCanillita.Info\" \/>\n<meta property=\"og:description\" content=\"Argentina En pol\u00edtica, como en la vida, hay un principio b\u00e1sico: las alianzas m\u00e1s sorprendentes no nacen del amor, sino de la conveniencia. El caso&#8230;\" \/>\n<meta property=\"og:url\" content=\"https:\/\/elcanillita.info\/press\/2025\/08\/17\/el-matrimonio-inesperado-milei-y-los-radicales\/\" \/>\n<meta property=\"og:site_name\" content=\"ElCanillita.Info\" \/>\n<meta property=\"article:publisher\" content=\"https:\/\/ar-ar.facebook.com\/ElCanillitainfo-114249515285712\/\" \/>\n<meta property=\"article:published_time\" content=\"2025-08-17T06:12:14+00:00\" \/>\n<meta property=\"article:modified_time\" content=\"2025-08-17T06:13:57+00:00\" \/>\n<meta name=\"author\" content=\"SalaStampa.eu, world press service\" \/>\n<meta name=\"twitter:card\" content=\"summary_large_image\" \/>\n<meta name=\"twitter:label1\" content=\"Escrito por\" \/>\n\t<meta name=\"twitter:data1\" content=\"SalaStampa.eu, world press service\" \/>\n\t<meta name=\"twitter:label2\" content=\"Tiempo de lectura\" \/>\n\t<meta name=\"twitter:data2\" content=\"2 minutos\" \/>\n<script type=\"application\/ld+json\" class=\"yoast-schema-graph\">{\"@context\":\"https:\\\/\\\/schema.org\",\"@graph\":[{\"@type\":\"Article\",\"@id\":\"https:\\\/\\\/elcanillita.info\\\/press\\\/2025\\\/08\\\/17\\\/el-matrimonio-inesperado-milei-y-los-radicales\\\/#article\",\"isPartOf\":{\"@id\":\"https:\\\/\\\/elcanillita.info\\\/press\\\/2025\\\/08\\\/17\\\/el-matrimonio-inesperado-milei-y-los-radicales\\\/\"},\"author\":{\"name\":\"SalaStampa.eu, world press service\",\"@id\":\"https:\\\/\\\/elcanillita.info\\\/press\\\/#\\\/schema\\\/person\\\/7fcb79f38045700919f7da6d97e71ba0\"},\"headline\":\"\ud83c\udfdb\ufe0f El matrimonio inesperado: Milei y los radicales\",\"datePublished\":\"2025-08-17T06:12:14+00:00\",\"dateModified\":\"2025-08-17T06:13:57+00:00\",\"mainEntityOfPage\":{\"@id\":\"https:\\\/\\\/elcanillita.info\\\/press\\\/2025\\\/08\\\/17\\\/el-matrimonio-inesperado-milei-y-los-radicales\\\/\"},\"wordCount\":407,\"publisher\":{\"@id\":\"https:\\\/\\\/elcanillita.info\\\/press\\\/#organization\"},\"keywords\":[\"Argentina\"],\"articleSection\":[\"Actualidad\",\"Am\u00e9rica del Sur\",\"Dolores de La Press\",\"Politica\",\"Sociedad\"],\"inLanguage\":\"es-AR\"},{\"@type\":\"WebPage\",\"@id\":\"https:\\\/\\\/elcanillita.info\\\/press\\\/2025\\\/08\\\/17\\\/el-matrimonio-inesperado-milei-y-los-radicales\\\/\",\"url\":\"https:\\\/\\\/elcanillita.info\\\/press\\\/2025\\\/08\\\/17\\\/el-matrimonio-inesperado-milei-y-los-radicales\\\/\",\"name\":\"\ud83c\udfdb\ufe0f El matrimonio inesperado: Milei y los radicales - ElCanillita.Info\",\"isPartOf\":{\"@id\":\"https:\\\/\\\/elcanillita.info\\\/press\\\/#website\"},\"datePublished\":\"2025-08-17T06:12:14+00:00\",\"dateModified\":\"2025-08-17T06:13:57+00:00\",\"inLanguage\":\"es-AR\",\"potentialAction\":[{\"@type\":\"ReadAction\",\"target\":[\"https:\\\/\\\/elcanillita.info\\\/press\\\/2025\\\/08\\\/17\\\/el-matrimonio-inesperado-milei-y-los-radicales\\\/\"]}]},{\"@type\":\"WebSite\",\"@id\":\"https:\\\/\\\/elcanillita.info\\\/press\\\/#website\",\"url\":\"https:\\\/\\\/elcanillita.info\\\/press\\\/\",\"name\":\"ElCanillita.Info\",\"description\":\"desde los Apeninos a los Andes\",\"publisher\":{\"@id\":\"https:\\\/\\\/elcanillita.info\\\/press\\\/#organization\"},\"potentialAction\":[{\"@type\":\"SearchAction\",\"target\":{\"@type\":\"EntryPoint\",\"urlTemplate\":\"https:\\\/\\\/elcanillita.info\\\/press\\\/?s={search_term_string}\"},\"query-input\":{\"@type\":\"PropertyValueSpecification\",\"valueRequired\":true,\"valueName\":\"search_term_string\"}}],\"inLanguage\":\"es-AR\"},{\"@type\":\"Organization\",\"@id\":\"https:\\\/\\\/elcanillita.info\\\/press\\\/#organization\",\"name\":\"Guzzo Photos & Graphic Publications\",\"url\":\"https:\\\/\\\/elcanillita.info\\\/press\\\/\",\"logo\":{\"@type\":\"ImageObject\",\"inLanguage\":\"es-AR\",\"@id\":\"https:\\\/\\\/elcanillita.info\\\/press\\\/#\\\/schema\\\/logo\\\/image\\\/\",\"url\":\"https:\\\/\\\/elcanillita.info\\\/press\\\/images\\\/2020\\\/01\\\/cropped-cropped-cropped-elcanillitainfo.png\",\"contentUrl\":\"https:\\\/\\\/elcanillita.info\\\/press\\\/images\\\/2020\\\/01\\\/cropped-cropped-cropped-elcanillitainfo.png\",\"width\":460,\"height\":50,\"caption\":\"Guzzo Photos & Graphic Publications\"},\"image\":{\"@id\":\"https:\\\/\\\/elcanillita.info\\\/press\\\/#\\\/schema\\\/logo\\\/image\\\/\"},\"sameAs\":[\"https:\\\/\\\/ar-ar.facebook.com\\\/ElCanillitainfo-114249515285712\\\/\"]},{\"@type\":\"Person\",\"@id\":\"https:\\\/\\\/elcanillita.info\\\/press\\\/#\\\/schema\\\/person\\\/7fcb79f38045700919f7da6d97e71ba0\",\"name\":\"SalaStampa.eu, world press service\",\"image\":{\"@type\":\"ImageObject\",\"inLanguage\":\"es-AR\",\"@id\":\"https:\\\/\\\/secure.gravatar.com\\\/avatar\\\/c2f0e0d515a107624234994507816ca4724c7199cef73fc8bedebf6931d73888?s=96&d=mm&r=g\",\"url\":\"https:\\\/\\\/secure.gravatar.com\\\/avatar\\\/c2f0e0d515a107624234994507816ca4724c7199cef73fc8bedebf6931d73888?s=96&d=mm&r=g\",\"contentUrl\":\"https:\\\/\\\/secure.gravatar.com\\\/avatar\\\/c2f0e0d515a107624234994507816ca4724c7199cef73fc8bedebf6931d73888?s=96&d=mm&r=g\",\"caption\":\"SalaStampa.eu, world press service\"}}]}<\/script>\n<!-- \/ Yoast SEO plugin. -->","yoast_head_json":{"title":"\ud83c\udfdb\ufe0f El matrimonio inesperado: Milei y los radicales - ElCanillita.Info","robots":{"index":"index","follow":"follow","max-snippet":"max-snippet:-1","max-image-preview":"max-image-preview:large","max-video-preview":"max-video-preview:-1"},"canonical":"https:\/\/elcanillita.info\/press\/2025\/08\/17\/el-matrimonio-inesperado-milei-y-los-radicales\/","og_locale":"es_ES","og_type":"article","og_title":"\ud83c\udfdb\ufe0f El matrimonio inesperado: Milei y los radicales - ElCanillita.Info","og_description":"Argentina En pol\u00edtica, como en la vida, hay un principio b\u00e1sico: las alianzas m\u00e1s sorprendentes no nacen del amor, sino de la conveniencia. El caso&#8230;","og_url":"https:\/\/elcanillita.info\/press\/2025\/08\/17\/el-matrimonio-inesperado-milei-y-los-radicales\/","og_site_name":"ElCanillita.Info","article_publisher":"https:\/\/ar-ar.facebook.com\/ElCanillitainfo-114249515285712\/","article_published_time":"2025-08-17T06:12:14+00:00","article_modified_time":"2025-08-17T06:13:57+00:00","author":"SalaStampa.eu, world press service","twitter_card":"summary_large_image","twitter_misc":{"Escrito por":"SalaStampa.eu, world press service","Tiempo de lectura":"2 minutos"},"schema":{"@context":"https:\/\/schema.org","@graph":[{"@type":"Article","@id":"https:\/\/elcanillita.info\/press\/2025\/08\/17\/el-matrimonio-inesperado-milei-y-los-radicales\/#article","isPartOf":{"@id":"https:\/\/elcanillita.info\/press\/2025\/08\/17\/el-matrimonio-inesperado-milei-y-los-radicales\/"},"author":{"name":"SalaStampa.eu, world press service","@id":"https:\/\/elcanillita.info\/press\/#\/schema\/person\/7fcb79f38045700919f7da6d97e71ba0"},"headline":"\ud83c\udfdb\ufe0f El matrimonio inesperado: Milei y los radicales","datePublished":"2025-08-17T06:12:14+00:00","dateModified":"2025-08-17T06:13:57+00:00","mainEntityOfPage":{"@id":"https:\/\/elcanillita.info\/press\/2025\/08\/17\/el-matrimonio-inesperado-milei-y-los-radicales\/"},"wordCount":407,"publisher":{"@id":"https:\/\/elcanillita.info\/press\/#organization"},"keywords":["Argentina"],"articleSection":["Actualidad","Am\u00e9rica del Sur","Dolores de La Press","Politica","Sociedad"],"inLanguage":"es-AR"},{"@type":"WebPage","@id":"https:\/\/elcanillita.info\/press\/2025\/08\/17\/el-matrimonio-inesperado-milei-y-los-radicales\/","url":"https:\/\/elcanillita.info\/press\/2025\/08\/17\/el-matrimonio-inesperado-milei-y-los-radicales\/","name":"\ud83c\udfdb\ufe0f El matrimonio inesperado: Milei y los radicales - ElCanillita.Info","isPartOf":{"@id":"https:\/\/elcanillita.info\/press\/#website"},"datePublished":"2025-08-17T06:12:14+00:00","dateModified":"2025-08-17T06:13:57+00:00","inLanguage":"es-AR","potentialAction":[{"@type":"ReadAction","target":["https:\/\/elcanillita.info\/press\/2025\/08\/17\/el-matrimonio-inesperado-milei-y-los-radicales\/"]}]},{"@type":"WebSite","@id":"https:\/\/elcanillita.info\/press\/#website","url":"https:\/\/elcanillita.info\/press\/","name":"ElCanillita.Info","description":"desde los Apeninos a los Andes","publisher":{"@id":"https:\/\/elcanillita.info\/press\/#organization"},"potentialAction":[{"@type":"SearchAction","target":{"@type":"EntryPoint","urlTemplate":"https:\/\/elcanillita.info\/press\/?s={search_term_string}"},"query-input":{"@type":"PropertyValueSpecification","valueRequired":true,"valueName":"search_term_string"}}],"inLanguage":"es-AR"},{"@type":"Organization","@id":"https:\/\/elcanillita.info\/press\/#organization","name":"Guzzo Photos & Graphic Publications","url":"https:\/\/elcanillita.info\/press\/","logo":{"@type":"ImageObject","inLanguage":"es-AR","@id":"https:\/\/elcanillita.info\/press\/#\/schema\/logo\/image\/","url":"https:\/\/elcanillita.info\/press\/images\/2020\/01\/cropped-cropped-cropped-elcanillitainfo.png","contentUrl":"https:\/\/elcanillita.info\/press\/images\/2020\/01\/cropped-cropped-cropped-elcanillitainfo.png","width":460,"height":50,"caption":"Guzzo Photos & Graphic Publications"},"image":{"@id":"https:\/\/elcanillita.info\/press\/#\/schema\/logo\/image\/"},"sameAs":["https:\/\/ar-ar.facebook.com\/ElCanillitainfo-114249515285712\/"]},{"@type":"Person","@id":"https:\/\/elcanillita.info\/press\/#\/schema\/person\/7fcb79f38045700919f7da6d97e71ba0","name":"SalaStampa.eu, world press service","image":{"@type":"ImageObject","inLanguage":"es-AR","@id":"https:\/\/secure.gravatar.com\/avatar\/c2f0e0d515a107624234994507816ca4724c7199cef73fc8bedebf6931d73888?s=96&d=mm&r=g","url":"https:\/\/secure.gravatar.com\/avatar\/c2f0e0d515a107624234994507816ca4724c7199cef73fc8bedebf6931d73888?s=96&d=mm&r=g","contentUrl":"https:\/\/secure.gravatar.com\/avatar\/c2f0e0d515a107624234994507816ca4724c7199cef73fc8bedebf6931d73888?s=96&d=mm&r=g","caption":"SalaStampa.eu, world press service"}}]}},"views":159,"_links":{"self":[{"href":"https:\/\/elcanillita.info\/press\/wp-json\/wp\/v2\/posts\/5252","targetHints":{"allow":["GET"]}}],"collection":[{"href":"https:\/\/elcanillita.info\/press\/wp-json\/wp\/v2\/posts"}],"about":[{"href":"https:\/\/elcanillita.info\/press\/wp-json\/wp\/v2\/types\/post"}],"author":[{"embeddable":true,"href":"https:\/\/elcanillita.info\/press\/wp-json\/wp\/v2\/users\/1"}],"replies":[{"embeddable":true,"href":"https:\/\/elcanillita.info\/press\/wp-json\/wp\/v2\/comments?post=5252"}],"version-history":[{"count":0,"href":"https:\/\/elcanillita.info\/press\/wp-json\/wp\/v2\/posts\/5252\/revisions"}],"wp:attachment":[{"href":"https:\/\/elcanillita.info\/press\/wp-json\/wp\/v2\/media?parent=5252"}],"wp:term":[{"taxonomy":"category","embeddable":true,"href":"https:\/\/elcanillita.info\/press\/wp-json\/wp\/v2\/categories?post=5252"},{"taxonomy":"post_tag","embeddable":true,"href":"https:\/\/elcanillita.info\/press\/wp-json\/wp\/v2\/tags?post=5252"}],"curies":[{"name":"wp","href":"https:\/\/api.w.org\/{rel}","templated":true}]}}