{"id":5250,"date":"2025-08-15T16:41:13","date_gmt":"2025-08-15T19:41:13","guid":{"rendered":"https:\/\/elcanillita.info\/press\/?p=5250"},"modified":"2025-08-15T16:43:57","modified_gmt":"2025-08-15T19:43:57","slug":"el-reactor-que-viaja-despacio-para-producir-rapido","status":"publish","type":"post","link":"https:\/\/elcanillita.info\/press\/2025\/08\/15\/el-reactor-que-viaja-despacio-para-producir-rapido\/","title":{"rendered":"\ud83d\uddde\ufe0f El reactor que viaja despacio para producir r\u00e1pido"},"content":{"rendered":"\n<p>Argentina<\/p>\n\n\n\n<p class=\"p1\">En tiempos en que el mundo sue\u00f1a con parques e\u00f3licos, paneles solares y ciudades alimentadas por hidr\u00f3geno, la Argentina despacha por las rutas un gigante de 456 toneladas para\u2026 producir gasoil.<\/p>\n\n\n\n<p class=\"p1\">El reactor de IMPSA rumbo a la refiner\u00eda de YPF en Luj\u00e1n de Cuyo avanza a paso de procesi\u00f3n. Es una procesi\u00f3n, de hecho: operarios, permisos, rutas cortadas y vecinos sacando fotos como si fuera un desfile hist\u00f3rico. Y lo es.<\/p>\n\n\n\n<p class=\"p1\">Algunos se preguntan si no resultar\u00eda m\u00e1s barato seguir comprando gasoil mientras dure la necesidad, como quien alquila un traje para una sola fiesta. Pero hay que admitir que este reactor tiene su encanto: es la promesa de independencia, de producir lo nuestro, de no mirar cada semana la cotizaci\u00f3n internacional con el coraz\u00f3n en la boca.<\/p>\n\n\n\n<p class=\"p1\">Claro que, visto desde arriba, la escena tiene un toque de comedia: el planeta habla de energ\u00edas limpias, y nosotros sacamos m\u00fasculo para que un tit\u00e1n met\u00e1lico siga alimentando motores di\u00e9sel. Un poco anacr\u00f3nico, s\u00ed, pero tambi\u00e9n muy nuestro: en Argentina, mientras se planifica el futuro, siempre hay un proyecto del pasado viajando en cami\u00f3n a paso lento.<\/p>\n\n\n\n<p class=\"p1\">Y qui\u00e9n sabe\u2026 quiz\u00e1 cuando llegue y empiece a trabajar, el mundo a\u00fan necesite ese gasoil. O quiz\u00e1, simplemente, lo admire como pieza de museo industrial\u2026 reci\u00e9n inaugurada.<\/p>\n\n\n\n<p><\/p>\n\n\n\n<p class=\"p1\">En criollo:<\/p>\n\n\n\n<p class=\"p1\">Es como gastar una fortuna en un caballo de carreras\u2026 cuando todos est\u00e1n cambiando a autos el\u00e9ctricos. Puede darte gloria y velocidad ahora, pero quiz\u00e1 en pocos a\u00f1os lo tengas pastando en el patio como monumento al pasado.<\/p>\n\n\n\n<p><\/p>\n\n\n<p><small>\u00a9\ufe0f 2025 ElCanillita.info \/ BlogDiario.info \u2013 All Rights Reserved \u2013 SalaStampa.eu, world press service &#8211; Guzzo Photos &#038; Graphic Publications \u2013 Registro Editori e Stampatori n. 1441 Turin, Italy<\/small><\/p>\n\n\n<p><\/p>\n\n\n\n<p><\/p>\n","protected":false},"excerpt":{"rendered":"<p>Argentina En tiempos en que el mundo sue\u00f1a con parques e\u00f3licos, paneles solares y ciudades alimentadas por hidr\u00f3geno, la Argentina despacha por las rutas un&#8230;<\/p>\n","protected":false},"author":1,"featured_media":0,"comment_status":"closed","ping_status":"","sticky":false,"template":"","format":"standard","meta":{"footnotes":"","_links_to":"","_links_to_target":""},"categories":[70,11,24,126,20,23,25],"tags":[29],"class_list":["post-5250","post","type-post","status-publish","format-standard","hentry","category-actualidad","category-america-del-sur","category-ciencia-tecnologia","category-dolores-de-la-press","category-economia","category-politica","category-sociedad","tag-argentina","entry","double"],"yoast_head":"<!-- This site is optimized with the Yoast SEO plugin v27.5 - https:\/\/yoast.com\/product\/yoast-seo-wordpress\/ -->\n<title>\ud83d\uddde\ufe0f El reactor que viaja despacio para producir r\u00e1pido - ElCanillita.Info<\/title>\n<meta name=\"robots\" content=\"index, follow, max-snippet:-1, max-image-preview:large, max-video-preview:-1\" \/>\n<link rel=\"canonical\" href=\"https:\/\/elcanillita.info\/press\/2025\/08\/15\/el-reactor-que-viaja-despacio-para-producir-rapido\/\" \/>\n<meta property=\"og:locale\" content=\"es_ES\" \/>\n<meta property=\"og:type\" content=\"article\" \/>\n<meta property=\"og:title\" content=\"\ud83d\uddde\ufe0f El reactor que viaja despacio para producir r\u00e1pido - ElCanillita.Info\" \/>\n<meta property=\"og:description\" content=\"Argentina En tiempos en que el mundo sue\u00f1a con parques e\u00f3licos, paneles solares y ciudades alimentadas por hidr\u00f3geno, la Argentina despacha por las rutas un&#8230;\" \/>\n<meta property=\"og:url\" content=\"https:\/\/elcanillita.info\/press\/2025\/08\/15\/el-reactor-que-viaja-despacio-para-producir-rapido\/\" \/>\n<meta property=\"og:site_name\" content=\"ElCanillita.Info\" \/>\n<meta property=\"article:publisher\" content=\"https:\/\/ar-ar.facebook.com\/ElCanillitainfo-114249515285712\/\" \/>\n<meta property=\"article:published_time\" content=\"2025-08-15T19:41:13+00:00\" \/>\n<meta property=\"article:modified_time\" content=\"2025-08-15T19:43:57+00:00\" \/>\n<meta name=\"author\" content=\"SalaStampa.eu, world press service\" \/>\n<meta name=\"twitter:card\" content=\"summary_large_image\" \/>\n<meta name=\"twitter:label1\" content=\"Escrito por\" \/>\n\t<meta name=\"twitter:data1\" content=\"SalaStampa.eu, world press service\" \/>\n\t<meta name=\"twitter:label2\" content=\"Tiempo de lectura\" \/>\n\t<meta name=\"twitter:data2\" content=\"2 minutos\" \/>\n<script type=\"application\/ld+json\" class=\"yoast-schema-graph\">{\"@context\":\"https:\\\/\\\/schema.org\",\"@graph\":[{\"@type\":\"Article\",\"@id\":\"https:\\\/\\\/elcanillita.info\\\/press\\\/2025\\\/08\\\/15\\\/el-reactor-que-viaja-despacio-para-producir-rapido\\\/#article\",\"isPartOf\":{\"@id\":\"https:\\\/\\\/elcanillita.info\\\/press\\\/2025\\\/08\\\/15\\\/el-reactor-que-viaja-despacio-para-producir-rapido\\\/\"},\"author\":{\"name\":\"SalaStampa.eu, world press service\",\"@id\":\"https:\\\/\\\/elcanillita.info\\\/press\\\/#\\\/schema\\\/person\\\/7fcb79f38045700919f7da6d97e71ba0\"},\"headline\":\"\ud83d\uddde\ufe0f El reactor que viaja despacio para producir r\u00e1pido\",\"datePublished\":\"2025-08-15T19:41:13+00:00\",\"dateModified\":\"2025-08-15T19:43:57+00:00\",\"mainEntityOfPage\":{\"@id\":\"https:\\\/\\\/elcanillita.info\\\/press\\\/2025\\\/08\\\/15\\\/el-reactor-que-viaja-despacio-para-producir-rapido\\\/\"},\"wordCount\":314,\"publisher\":{\"@id\":\"https:\\\/\\\/elcanillita.info\\\/press\\\/#organization\"},\"keywords\":[\"Argentina\"],\"articleSection\":[\"Actualidad\",\"Am\u00e9rica del Sur\",\"Ciencia y Tecnologia\",\"Dolores de La Press\",\"Economia\",\"Politica\",\"Sociedad\"],\"inLanguage\":\"es-AR\"},{\"@type\":\"WebPage\",\"@id\":\"https:\\\/\\\/elcanillita.info\\\/press\\\/2025\\\/08\\\/15\\\/el-reactor-que-viaja-despacio-para-producir-rapido\\\/\",\"url\":\"https:\\\/\\\/elcanillita.info\\\/press\\\/2025\\\/08\\\/15\\\/el-reactor-que-viaja-despacio-para-producir-rapido\\\/\",\"name\":\"\ud83d\uddde\ufe0f El reactor que viaja despacio para producir r\u00e1pido - ElCanillita.Info\",\"isPartOf\":{\"@id\":\"https:\\\/\\\/elcanillita.info\\\/press\\\/#website\"},\"datePublished\":\"2025-08-15T19:41:13+00:00\",\"dateModified\":\"2025-08-15T19:43:57+00:00\",\"inLanguage\":\"es-AR\",\"potentialAction\":[{\"@type\":\"ReadAction\",\"target\":[\"https:\\\/\\\/elcanillita.info\\\/press\\\/2025\\\/08\\\/15\\\/el-reactor-que-viaja-despacio-para-producir-rapido\\\/\"]}]},{\"@type\":\"WebSite\",\"@id\":\"https:\\\/\\\/elcanillita.info\\\/press\\\/#website\",\"url\":\"https:\\\/\\\/elcanillita.info\\\/press\\\/\",\"name\":\"ElCanillita.Info\",\"description\":\"desde los Apeninos a los Andes\",\"publisher\":{\"@id\":\"https:\\\/\\\/elcanillita.info\\\/press\\\/#organization\"},\"potentialAction\":[{\"@type\":\"SearchAction\",\"target\":{\"@type\":\"EntryPoint\",\"urlTemplate\":\"https:\\\/\\\/elcanillita.info\\\/press\\\/?s={search_term_string}\"},\"query-input\":{\"@type\":\"PropertyValueSpecification\",\"valueRequired\":true,\"valueName\":\"search_term_string\"}}],\"inLanguage\":\"es-AR\"},{\"@type\":\"Organization\",\"@id\":\"https:\\\/\\\/elcanillita.info\\\/press\\\/#organization\",\"name\":\"Guzzo Photos & Graphic Publications\",\"url\":\"https:\\\/\\\/elcanillita.info\\\/press\\\/\",\"logo\":{\"@type\":\"ImageObject\",\"inLanguage\":\"es-AR\",\"@id\":\"https:\\\/\\\/elcanillita.info\\\/press\\\/#\\\/schema\\\/logo\\\/image\\\/\",\"url\":\"https:\\\/\\\/elcanillita.info\\\/press\\\/images\\\/2020\\\/01\\\/cropped-cropped-cropped-elcanillitainfo.png\",\"contentUrl\":\"https:\\\/\\\/elcanillita.info\\\/press\\\/images\\\/2020\\\/01\\\/cropped-cropped-cropped-elcanillitainfo.png\",\"width\":460,\"height\":50,\"caption\":\"Guzzo Photos & Graphic Publications\"},\"image\":{\"@id\":\"https:\\\/\\\/elcanillita.info\\\/press\\\/#\\\/schema\\\/logo\\\/image\\\/\"},\"sameAs\":[\"https:\\\/\\\/ar-ar.facebook.com\\\/ElCanillitainfo-114249515285712\\\/\"]},{\"@type\":\"Person\",\"@id\":\"https:\\\/\\\/elcanillita.info\\\/press\\\/#\\\/schema\\\/person\\\/7fcb79f38045700919f7da6d97e71ba0\",\"name\":\"SalaStampa.eu, world press service\",\"image\":{\"@type\":\"ImageObject\",\"inLanguage\":\"es-AR\",\"@id\":\"https:\\\/\\\/secure.gravatar.com\\\/avatar\\\/c2f0e0d515a107624234994507816ca4724c7199cef73fc8bedebf6931d73888?s=96&d=mm&r=g\",\"url\":\"https:\\\/\\\/secure.gravatar.com\\\/avatar\\\/c2f0e0d515a107624234994507816ca4724c7199cef73fc8bedebf6931d73888?s=96&d=mm&r=g\",\"contentUrl\":\"https:\\\/\\\/secure.gravatar.com\\\/avatar\\\/c2f0e0d515a107624234994507816ca4724c7199cef73fc8bedebf6931d73888?s=96&d=mm&r=g\",\"caption\":\"SalaStampa.eu, world press service\"}}]}<\/script>\n<!-- \/ Yoast SEO plugin. -->","yoast_head_json":{"title":"\ud83d\uddde\ufe0f El reactor que viaja despacio para producir r\u00e1pido - ElCanillita.Info","robots":{"index":"index","follow":"follow","max-snippet":"max-snippet:-1","max-image-preview":"max-image-preview:large","max-video-preview":"max-video-preview:-1"},"canonical":"https:\/\/elcanillita.info\/press\/2025\/08\/15\/el-reactor-que-viaja-despacio-para-producir-rapido\/","og_locale":"es_ES","og_type":"article","og_title":"\ud83d\uddde\ufe0f El reactor que viaja despacio para producir r\u00e1pido - ElCanillita.Info","og_description":"Argentina En tiempos en que el mundo sue\u00f1a con parques e\u00f3licos, paneles solares y ciudades alimentadas por hidr\u00f3geno, la Argentina despacha por las rutas un&#8230;","og_url":"https:\/\/elcanillita.info\/press\/2025\/08\/15\/el-reactor-que-viaja-despacio-para-producir-rapido\/","og_site_name":"ElCanillita.Info","article_publisher":"https:\/\/ar-ar.facebook.com\/ElCanillitainfo-114249515285712\/","article_published_time":"2025-08-15T19:41:13+00:00","article_modified_time":"2025-08-15T19:43:57+00:00","author":"SalaStampa.eu, world press service","twitter_card":"summary_large_image","twitter_misc":{"Escrito por":"SalaStampa.eu, world press service","Tiempo de lectura":"2 minutos"},"schema":{"@context":"https:\/\/schema.org","@graph":[{"@type":"Article","@id":"https:\/\/elcanillita.info\/press\/2025\/08\/15\/el-reactor-que-viaja-despacio-para-producir-rapido\/#article","isPartOf":{"@id":"https:\/\/elcanillita.info\/press\/2025\/08\/15\/el-reactor-que-viaja-despacio-para-producir-rapido\/"},"author":{"name":"SalaStampa.eu, world press service","@id":"https:\/\/elcanillita.info\/press\/#\/schema\/person\/7fcb79f38045700919f7da6d97e71ba0"},"headline":"\ud83d\uddde\ufe0f El reactor que viaja despacio para producir r\u00e1pido","datePublished":"2025-08-15T19:41:13+00:00","dateModified":"2025-08-15T19:43:57+00:00","mainEntityOfPage":{"@id":"https:\/\/elcanillita.info\/press\/2025\/08\/15\/el-reactor-que-viaja-despacio-para-producir-rapido\/"},"wordCount":314,"publisher":{"@id":"https:\/\/elcanillita.info\/press\/#organization"},"keywords":["Argentina"],"articleSection":["Actualidad","Am\u00e9rica del Sur","Ciencia y Tecnologia","Dolores de La Press","Economia","Politica","Sociedad"],"inLanguage":"es-AR"},{"@type":"WebPage","@id":"https:\/\/elcanillita.info\/press\/2025\/08\/15\/el-reactor-que-viaja-despacio-para-producir-rapido\/","url":"https:\/\/elcanillita.info\/press\/2025\/08\/15\/el-reactor-que-viaja-despacio-para-producir-rapido\/","name":"\ud83d\uddde\ufe0f El reactor que viaja despacio para producir r\u00e1pido - ElCanillita.Info","isPartOf":{"@id":"https:\/\/elcanillita.info\/press\/#website"},"datePublished":"2025-08-15T19:41:13+00:00","dateModified":"2025-08-15T19:43:57+00:00","inLanguage":"es-AR","potentialAction":[{"@type":"ReadAction","target":["https:\/\/elcanillita.info\/press\/2025\/08\/15\/el-reactor-que-viaja-despacio-para-producir-rapido\/"]}]},{"@type":"WebSite","@id":"https:\/\/elcanillita.info\/press\/#website","url":"https:\/\/elcanillita.info\/press\/","name":"ElCanillita.Info","description":"desde los Apeninos a los Andes","publisher":{"@id":"https:\/\/elcanillita.info\/press\/#organization"},"potentialAction":[{"@type":"SearchAction","target":{"@type":"EntryPoint","urlTemplate":"https:\/\/elcanillita.info\/press\/?s={search_term_string}"},"query-input":{"@type":"PropertyValueSpecification","valueRequired":true,"valueName":"search_term_string"}}],"inLanguage":"es-AR"},{"@type":"Organization","@id":"https:\/\/elcanillita.info\/press\/#organization","name":"Guzzo Photos & Graphic Publications","url":"https:\/\/elcanillita.info\/press\/","logo":{"@type":"ImageObject","inLanguage":"es-AR","@id":"https:\/\/elcanillita.info\/press\/#\/schema\/logo\/image\/","url":"https:\/\/elcanillita.info\/press\/images\/2020\/01\/cropped-cropped-cropped-elcanillitainfo.png","contentUrl":"https:\/\/elcanillita.info\/press\/images\/2020\/01\/cropped-cropped-cropped-elcanillitainfo.png","width":460,"height":50,"caption":"Guzzo Photos & Graphic Publications"},"image":{"@id":"https:\/\/elcanillita.info\/press\/#\/schema\/logo\/image\/"},"sameAs":["https:\/\/ar-ar.facebook.com\/ElCanillitainfo-114249515285712\/"]},{"@type":"Person","@id":"https:\/\/elcanillita.info\/press\/#\/schema\/person\/7fcb79f38045700919f7da6d97e71ba0","name":"SalaStampa.eu, world press service","image":{"@type":"ImageObject","inLanguage":"es-AR","@id":"https:\/\/secure.gravatar.com\/avatar\/c2f0e0d515a107624234994507816ca4724c7199cef73fc8bedebf6931d73888?s=96&d=mm&r=g","url":"https:\/\/secure.gravatar.com\/avatar\/c2f0e0d515a107624234994507816ca4724c7199cef73fc8bedebf6931d73888?s=96&d=mm&r=g","contentUrl":"https:\/\/secure.gravatar.com\/avatar\/c2f0e0d515a107624234994507816ca4724c7199cef73fc8bedebf6931d73888?s=96&d=mm&r=g","caption":"SalaStampa.eu, world press service"}}]}},"views":161,"_links":{"self":[{"href":"https:\/\/elcanillita.info\/press\/wp-json\/wp\/v2\/posts\/5250","targetHints":{"allow":["GET"]}}],"collection":[{"href":"https:\/\/elcanillita.info\/press\/wp-json\/wp\/v2\/posts"}],"about":[{"href":"https:\/\/elcanillita.info\/press\/wp-json\/wp\/v2\/types\/post"}],"author":[{"embeddable":true,"href":"https:\/\/elcanillita.info\/press\/wp-json\/wp\/v2\/users\/1"}],"replies":[{"embeddable":true,"href":"https:\/\/elcanillita.info\/press\/wp-json\/wp\/v2\/comments?post=5250"}],"version-history":[{"count":0,"href":"https:\/\/elcanillita.info\/press\/wp-json\/wp\/v2\/posts\/5250\/revisions"}],"wp:attachment":[{"href":"https:\/\/elcanillita.info\/press\/wp-json\/wp\/v2\/media?parent=5250"}],"wp:term":[{"taxonomy":"category","embeddable":true,"href":"https:\/\/elcanillita.info\/press\/wp-json\/wp\/v2\/categories?post=5250"},{"taxonomy":"post_tag","embeddable":true,"href":"https:\/\/elcanillita.info\/press\/wp-json\/wp\/v2\/tags?post=5250"}],"curies":[{"name":"wp","href":"https:\/\/api.w.org\/{rel}","templated":true}]}}