{"id":5240,"date":"2025-08-03T13:46:11","date_gmt":"2025-08-03T16:46:11","guid":{"rendered":"https:\/\/elcanillita.info\/press\/?p=5240"},"modified":"2025-08-03T13:46:11","modified_gmt":"2025-08-03T16:46:11","slug":"corte-y-confusion-la-justicia-de-los-metafisicos","status":"publish","type":"post","link":"https:\/\/elcanillita.info\/press\/2025\/08\/03\/corte-y-confusion-la-justicia-de-los-metafisicos\/","title":{"rendered":"Corte y Confusi\u00f3n: La justicia de los metaf\u00edsicos"},"content":{"rendered":"\n<figure class=\"wp-block-image size-large\"><img loading=\"lazy\" decoding=\"async\" width=\"600\" height=\"400\" src=\"https:\/\/elcanillita.info\/press\/images\/2025\/08\/04dcf4f2-823a-4157-99dc-db54f894182b-1.jpg\" alt=\"\" class=\"wp-image-5241\" srcset=\"https:\/\/elcanillita.info\/press\/images\/2025\/08\/04dcf4f2-823a-4157-99dc-db54f894182b-1.jpg 600w, https:\/\/elcanillita.info\/press\/images\/2025\/08\/04dcf4f2-823a-4157-99dc-db54f894182b-1-300x200.jpg 300w\" sizes=\"auto, (max-width: 600px) 100vw, 600px\" \/><figcaption class=\"wp-element-caption\"><br \/>\u201cSi no se respeta la justicia, \u00bfqu\u00e9 son los Estados sino grandes bandas de ladrones?\u201d<br \/>\u2014San Agust\u00edn.<br \/>Y si la Corte se lava las manos\u2026 \u00bfqu\u00e9 queda del Estado de derecho? Agua bendita para los culpables y vinagre para los inocentes.<br \/><br \/>El caso Larrabure: una herida sin cerrar, un fallo sin firma, una verg\u00fcenza con membrete.<br \/>La nota publicada en La Prensa no necesita correcciones: traza con precisi\u00f3n quir\u00fargica el desd\u00e9n institucional de una Corte Suprema que opta por la omisi\u00f3n, como si lo no dicho no pesara sobre la historia.<br \/>No declararon. No se expusieron. No dijeron ni s\u00ed, ni no.<br \/>Simplemente se lavaron las manos. Y como en los viejos rituales imperiales, al callar, dieron la orden de dejar morir.<br \/><br \/><br \/>\u00bfD\u00f3nde est\u00e1n los jueces? \u00bfEn qu\u00e9 rinc\u00f3n del Palacio se escondieron los guardianes del derecho? \u00bfEn qu\u00e9 tratado encontraron fundamento para callar ante la evidencia? \u00bfQu\u00e9 parte de \u201ccrimen de lesa humanidad\u201d no entendieron? \u00bfO entendieron demasiado bien\u2026 y no les conviene recordarlo?<br \/><br \/>Larrabure fue asesinado. Lo fue como reh\u00e9n, como militar, como padre, como argentino.<br \/>Secuestrado por el ERP, mantenido durante m\u00e1s de un a\u00f1o en cautiverio en condiciones inhumanas, y finalmente ejecutado. Pero seg\u00fan ciertos jueces de la metaf\u00edsica, si el crimen fue cometido por una banda armada sin uniforme estatal\u2026 entonces no cuenta.<br \/><br \/><br \/>\u00a1Qu\u00e9 alivio para los verdugos del pueblo!<br \/>\u00a1Qu\u00e9 consuelo para los ide\u00f3logos del terror setentista!<br \/>\u00a1Qu\u00e9 excelente coartada para los cultores del doble est\u00e1ndar judicial!<br \/><br \/>La Corte Suprema argentina ha creado una nueva categor\u00eda: la justicia \u201cen suspenso\u201d.<br \/>No es justicia lenta. Es justicia muda.<br \/>No es ciega: es selectiva.<br \/>No act\u00faa con la balanza, sino con la calculadora.<br \/>Y al final, no absuelve ni condena: posterga.<br \/>Se convierte en ese funcionario que archiva lo urgente esperando que lo eterno prescriba.<br \/><br \/>\u00bfD\u00f3nde est\u00e1n los principios? \u00bfD\u00f3nde la memoria de las v\u00edctimas? \u00bfD\u00f3nde el honor?<br \/>En la Corte, al parecer, quedan solo los ecos. Y los expedientes cerrados por cansancio, conveniencia o complicidad.<br \/><br \/>Postales del pa\u00eds metaf\u00edsico:<br \/>\u2013 Una Corte sin Corte.<br \/>\u2013 Una causa sin causa.<br \/>\u2013 Un crimen sin castigo.<br \/>\u2013 Y un pa\u00eds que finge que la historia no lo mira de reojo.<br \/><br \/>Porque cuando el derecho se arrodilla, el crimen se sienta en el trono.<br \/>Y lo hace con toga y con t\u00edtulo.<br \/>Y hasta da c\u00e1tedra.<\/figcaption><\/figure>\n\n\n\n<p><small>\u00a9\ufe0f2025 &#8220;El Interprete del C\u00f3digo Silencioso&#8221; \u2013 All Rights Reserved &#8211; Copyright \u00a9\ufe0f 2025 ElCanillita.info \/BlogDiario.info \/SalaStampa.eu, world press service &#8211; Guzzo Photos &amp; Graphic Publications \u2013 Registro Editori e Stampatori n. 1441 Turin, Italy<\/small><\/p>\n","protected":false},"excerpt":{"rendered":"<p>\u00a9\ufe0f2025 &#8220;El Interprete del C\u00f3digo Silencioso&#8221; \u2013 All Rights Reserved &#8211; Copyright \u00a9\ufe0f 2025 ElCanillita.info \/BlogDiario.info \/SalaStampa.eu, world press service &#8211; Guzzo Photos &amp; Graphic&#8230;<\/p>\n","protected":false},"author":1,"featured_media":5243,"comment_status":"closed","ping_status":"","sticky":false,"template":"","format":"standard","meta":{"footnotes":"","_links_to":"","_links_to_target":""},"categories":[70,123,118,126,22,23,25],"tags":[],"class_list":["post-5240","post","type-post","status-publish","format-standard","has-post-thumbnail","hentry","category-actualidad","category-argentina","category-corrupcion","category-dolores-de-la-press","category-justicia","category-politica","category-sociedad","entry","double"],"yoast_head":"<!-- This site is optimized with the Yoast SEO plugin v27.5 - https:\/\/yoast.com\/product\/yoast-seo-wordpress\/ -->\n<title>Corte y Confusi\u00f3n: La justicia de los metaf\u00edsicos - ElCanillita.Info<\/title>\n<meta name=\"robots\" content=\"index, follow, max-snippet:-1, max-image-preview:large, max-video-preview:-1\" \/>\n<link rel=\"canonical\" href=\"https:\/\/elcanillita.info\/press\/2025\/08\/03\/corte-y-confusion-la-justicia-de-los-metafisicos\/\" \/>\n<meta property=\"og:locale\" content=\"es_ES\" \/>\n<meta property=\"og:type\" content=\"article\" \/>\n<meta property=\"og:title\" content=\"Corte y Confusi\u00f3n: La justicia de los metaf\u00edsicos - ElCanillita.Info\" \/>\n<meta property=\"og:description\" content=\"\u00a9\ufe0f2025 &#8220;El Interprete del C\u00f3digo Silencioso&#8221; \u2013 All Rights Reserved &#8211; Copyright \u00a9\ufe0f 2025 ElCanillita.info \/BlogDiario.info \/SalaStampa.eu, world press service &#8211; Guzzo Photos &amp; Graphic&#8230;\" \/>\n<meta property=\"og:url\" content=\"https:\/\/elcanillita.info\/press\/2025\/08\/03\/corte-y-confusion-la-justicia-de-los-metafisicos\/\" \/>\n<meta property=\"og:site_name\" content=\"ElCanillita.Info\" \/>\n<meta property=\"article:publisher\" content=\"https:\/\/ar-ar.facebook.com\/ElCanillitainfo-114249515285712\/\" \/>\n<meta property=\"article:published_time\" content=\"2025-08-03T16:46:11+00:00\" \/>\n<meta property=\"og:image\" content=\"https:\/\/elcanillita.info\/press\/images\/2025\/08\/04dcf4f2-823a-4157-99dc-db54f894182b-2-1.jpg\" \/>\n\t<meta property=\"og:image:width\" content=\"600\" \/>\n\t<meta property=\"og:image:height\" content=\"400\" \/>\n\t<meta property=\"og:image:type\" content=\"image\/jpeg\" \/>\n<meta name=\"author\" content=\"SalaStampa.eu, world press service\" \/>\n<meta name=\"twitter:card\" content=\"summary_large_image\" \/>\n<meta name=\"twitter:label1\" content=\"Escrito por\" \/>\n\t<meta name=\"twitter:data1\" content=\"SalaStampa.eu, world press service\" \/>\n\t<meta name=\"twitter:label2\" content=\"Tiempo de lectura\" \/>\n\t<meta name=\"twitter:data2\" content=\"2 minutos\" \/>\n<script type=\"application\/ld+json\" class=\"yoast-schema-graph\">{\"@context\":\"https:\\\/\\\/schema.org\",\"@graph\":[{\"@type\":\"Article\",\"@id\":\"https:\\\/\\\/elcanillita.info\\\/press\\\/2025\\\/08\\\/03\\\/corte-y-confusion-la-justicia-de-los-metafisicos\\\/#article\",\"isPartOf\":{\"@id\":\"https:\\\/\\\/elcanillita.info\\\/press\\\/2025\\\/08\\\/03\\\/corte-y-confusion-la-justicia-de-los-metafisicos\\\/\"},\"author\":{\"name\":\"SalaStampa.eu, world press service\",\"@id\":\"https:\\\/\\\/elcanillita.info\\\/press\\\/#\\\/schema\\\/person\\\/7fcb79f38045700919f7da6d97e71ba0\"},\"headline\":\"Corte y Confusi\u00f3n: La justicia de los metaf\u00edsicos\",\"datePublished\":\"2025-08-03T16:46:11+00:00\",\"mainEntityOfPage\":{\"@id\":\"https:\\\/\\\/elcanillita.info\\\/press\\\/2025\\\/08\\\/03\\\/corte-y-confusion-la-justicia-de-los-metafisicos\\\/\"},\"wordCount\":455,\"publisher\":{\"@id\":\"https:\\\/\\\/elcanillita.info\\\/press\\\/#organization\"},\"image\":{\"@id\":\"https:\\\/\\\/elcanillita.info\\\/press\\\/2025\\\/08\\\/03\\\/corte-y-confusion-la-justicia-de-los-metafisicos\\\/#primaryimage\"},\"thumbnailUrl\":\"https:\\\/\\\/elcanillita.info\\\/press\\\/images\\\/2025\\\/08\\\/04dcf4f2-823a-4157-99dc-db54f894182b-2-1.jpg\",\"articleSection\":[\"Actualidad\",\"Argentina\",\"Corrupci\u00f3n\",\"Dolores de La Press\",\"Justicia\",\"Politica\",\"Sociedad\"],\"inLanguage\":\"es-AR\"},{\"@type\":\"WebPage\",\"@id\":\"https:\\\/\\\/elcanillita.info\\\/press\\\/2025\\\/08\\\/03\\\/corte-y-confusion-la-justicia-de-los-metafisicos\\\/\",\"url\":\"https:\\\/\\\/elcanillita.info\\\/press\\\/2025\\\/08\\\/03\\\/corte-y-confusion-la-justicia-de-los-metafisicos\\\/\",\"name\":\"Corte y Confusi\u00f3n: La justicia de los metaf\u00edsicos - ElCanillita.Info\",\"isPartOf\":{\"@id\":\"https:\\\/\\\/elcanillita.info\\\/press\\\/#website\"},\"primaryImageOfPage\":{\"@id\":\"https:\\\/\\\/elcanillita.info\\\/press\\\/2025\\\/08\\\/03\\\/corte-y-confusion-la-justicia-de-los-metafisicos\\\/#primaryimage\"},\"image\":{\"@id\":\"https:\\\/\\\/elcanillita.info\\\/press\\\/2025\\\/08\\\/03\\\/corte-y-confusion-la-justicia-de-los-metafisicos\\\/#primaryimage\"},\"thumbnailUrl\":\"https:\\\/\\\/elcanillita.info\\\/press\\\/images\\\/2025\\\/08\\\/04dcf4f2-823a-4157-99dc-db54f894182b-2-1.jpg\",\"datePublished\":\"2025-08-03T16:46:11+00:00\",\"inLanguage\":\"es-AR\",\"potentialAction\":[{\"@type\":\"ReadAction\",\"target\":[\"https:\\\/\\\/elcanillita.info\\\/press\\\/2025\\\/08\\\/03\\\/corte-y-confusion-la-justicia-de-los-metafisicos\\\/\"]}]},{\"@type\":\"ImageObject\",\"inLanguage\":\"es-AR\",\"@id\":\"https:\\\/\\\/elcanillita.info\\\/press\\\/2025\\\/08\\\/03\\\/corte-y-confusion-la-justicia-de-los-metafisicos\\\/#primaryimage\",\"url\":\"https:\\\/\\\/elcanillita.info\\\/press\\\/images\\\/2025\\\/08\\\/04dcf4f2-823a-4157-99dc-db54f894182b-2-1.jpg\",\"contentUrl\":\"https:\\\/\\\/elcanillita.info\\\/press\\\/images\\\/2025\\\/08\\\/04dcf4f2-823a-4157-99dc-db54f894182b-2-1.jpg\",\"width\":600,\"height\":400},{\"@type\":\"WebSite\",\"@id\":\"https:\\\/\\\/elcanillita.info\\\/press\\\/#website\",\"url\":\"https:\\\/\\\/elcanillita.info\\\/press\\\/\",\"name\":\"ElCanillita.Info\",\"description\":\"desde los Apeninos a los Andes\",\"publisher\":{\"@id\":\"https:\\\/\\\/elcanillita.info\\\/press\\\/#organization\"},\"potentialAction\":[{\"@type\":\"SearchAction\",\"target\":{\"@type\":\"EntryPoint\",\"urlTemplate\":\"https:\\\/\\\/elcanillita.info\\\/press\\\/?s={search_term_string}\"},\"query-input\":{\"@type\":\"PropertyValueSpecification\",\"valueRequired\":true,\"valueName\":\"search_term_string\"}}],\"inLanguage\":\"es-AR\"},{\"@type\":\"Organization\",\"@id\":\"https:\\\/\\\/elcanillita.info\\\/press\\\/#organization\",\"name\":\"Guzzo Photos & Graphic Publications\",\"url\":\"https:\\\/\\\/elcanillita.info\\\/press\\\/\",\"logo\":{\"@type\":\"ImageObject\",\"inLanguage\":\"es-AR\",\"@id\":\"https:\\\/\\\/elcanillita.info\\\/press\\\/#\\\/schema\\\/logo\\\/image\\\/\",\"url\":\"https:\\\/\\\/elcanillita.info\\\/press\\\/images\\\/2020\\\/01\\\/cropped-cropped-cropped-elcanillitainfo.png\",\"contentUrl\":\"https:\\\/\\\/elcanillita.info\\\/press\\\/images\\\/2020\\\/01\\\/cropped-cropped-cropped-elcanillitainfo.png\",\"width\":460,\"height\":50,\"caption\":\"Guzzo Photos & Graphic Publications\"},\"image\":{\"@id\":\"https:\\\/\\\/elcanillita.info\\\/press\\\/#\\\/schema\\\/logo\\\/image\\\/\"},\"sameAs\":[\"https:\\\/\\\/ar-ar.facebook.com\\\/ElCanillitainfo-114249515285712\\\/\"]},{\"@type\":\"Person\",\"@id\":\"https:\\\/\\\/elcanillita.info\\\/press\\\/#\\\/schema\\\/person\\\/7fcb79f38045700919f7da6d97e71ba0\",\"name\":\"SalaStampa.eu, world press service\",\"image\":{\"@type\":\"ImageObject\",\"inLanguage\":\"es-AR\",\"@id\":\"https:\\\/\\\/secure.gravatar.com\\\/avatar\\\/c2f0e0d515a107624234994507816ca4724c7199cef73fc8bedebf6931d73888?s=96&d=mm&r=g\",\"url\":\"https:\\\/\\\/secure.gravatar.com\\\/avatar\\\/c2f0e0d515a107624234994507816ca4724c7199cef73fc8bedebf6931d73888?s=96&d=mm&r=g\",\"contentUrl\":\"https:\\\/\\\/secure.gravatar.com\\\/avatar\\\/c2f0e0d515a107624234994507816ca4724c7199cef73fc8bedebf6931d73888?s=96&d=mm&r=g\",\"caption\":\"SalaStampa.eu, world press service\"}}]}<\/script>\n<!-- \/ Yoast SEO plugin. -->","yoast_head_json":{"title":"Corte y Confusi\u00f3n: La justicia de los metaf\u00edsicos - ElCanillita.Info","robots":{"index":"index","follow":"follow","max-snippet":"max-snippet:-1","max-image-preview":"max-image-preview:large","max-video-preview":"max-video-preview:-1"},"canonical":"https:\/\/elcanillita.info\/press\/2025\/08\/03\/corte-y-confusion-la-justicia-de-los-metafisicos\/","og_locale":"es_ES","og_type":"article","og_title":"Corte y Confusi\u00f3n: La justicia de los metaf\u00edsicos - ElCanillita.Info","og_description":"\u00a9\ufe0f2025 &#8220;El Interprete del C\u00f3digo Silencioso&#8221; \u2013 All Rights Reserved &#8211; Copyright \u00a9\ufe0f 2025 ElCanillita.info \/BlogDiario.info \/SalaStampa.eu, world press service &#8211; Guzzo Photos &amp; Graphic&#8230;","og_url":"https:\/\/elcanillita.info\/press\/2025\/08\/03\/corte-y-confusion-la-justicia-de-los-metafisicos\/","og_site_name":"ElCanillita.Info","article_publisher":"https:\/\/ar-ar.facebook.com\/ElCanillitainfo-114249515285712\/","article_published_time":"2025-08-03T16:46:11+00:00","og_image":[{"width":600,"height":400,"url":"https:\/\/elcanillita.info\/press\/images\/2025\/08\/04dcf4f2-823a-4157-99dc-db54f894182b-2-1.jpg","type":"image\/jpeg"}],"author":"SalaStampa.eu, world press service","twitter_card":"summary_large_image","twitter_misc":{"Escrito por":"SalaStampa.eu, world press service","Tiempo de lectura":"2 minutos"},"schema":{"@context":"https:\/\/schema.org","@graph":[{"@type":"Article","@id":"https:\/\/elcanillita.info\/press\/2025\/08\/03\/corte-y-confusion-la-justicia-de-los-metafisicos\/#article","isPartOf":{"@id":"https:\/\/elcanillita.info\/press\/2025\/08\/03\/corte-y-confusion-la-justicia-de-los-metafisicos\/"},"author":{"name":"SalaStampa.eu, world press service","@id":"https:\/\/elcanillita.info\/press\/#\/schema\/person\/7fcb79f38045700919f7da6d97e71ba0"},"headline":"Corte y Confusi\u00f3n: La justicia de los metaf\u00edsicos","datePublished":"2025-08-03T16:46:11+00:00","mainEntityOfPage":{"@id":"https:\/\/elcanillita.info\/press\/2025\/08\/03\/corte-y-confusion-la-justicia-de-los-metafisicos\/"},"wordCount":455,"publisher":{"@id":"https:\/\/elcanillita.info\/press\/#organization"},"image":{"@id":"https:\/\/elcanillita.info\/press\/2025\/08\/03\/corte-y-confusion-la-justicia-de-los-metafisicos\/#primaryimage"},"thumbnailUrl":"https:\/\/elcanillita.info\/press\/images\/2025\/08\/04dcf4f2-823a-4157-99dc-db54f894182b-2-1.jpg","articleSection":["Actualidad","Argentina","Corrupci\u00f3n","Dolores de La Press","Justicia","Politica","Sociedad"],"inLanguage":"es-AR"},{"@type":"WebPage","@id":"https:\/\/elcanillita.info\/press\/2025\/08\/03\/corte-y-confusion-la-justicia-de-los-metafisicos\/","url":"https:\/\/elcanillita.info\/press\/2025\/08\/03\/corte-y-confusion-la-justicia-de-los-metafisicos\/","name":"Corte y Confusi\u00f3n: La justicia de los metaf\u00edsicos - ElCanillita.Info","isPartOf":{"@id":"https:\/\/elcanillita.info\/press\/#website"},"primaryImageOfPage":{"@id":"https:\/\/elcanillita.info\/press\/2025\/08\/03\/corte-y-confusion-la-justicia-de-los-metafisicos\/#primaryimage"},"image":{"@id":"https:\/\/elcanillita.info\/press\/2025\/08\/03\/corte-y-confusion-la-justicia-de-los-metafisicos\/#primaryimage"},"thumbnailUrl":"https:\/\/elcanillita.info\/press\/images\/2025\/08\/04dcf4f2-823a-4157-99dc-db54f894182b-2-1.jpg","datePublished":"2025-08-03T16:46:11+00:00","inLanguage":"es-AR","potentialAction":[{"@type":"ReadAction","target":["https:\/\/elcanillita.info\/press\/2025\/08\/03\/corte-y-confusion-la-justicia-de-los-metafisicos\/"]}]},{"@type":"ImageObject","inLanguage":"es-AR","@id":"https:\/\/elcanillita.info\/press\/2025\/08\/03\/corte-y-confusion-la-justicia-de-los-metafisicos\/#primaryimage","url":"https:\/\/elcanillita.info\/press\/images\/2025\/08\/04dcf4f2-823a-4157-99dc-db54f894182b-2-1.jpg","contentUrl":"https:\/\/elcanillita.info\/press\/images\/2025\/08\/04dcf4f2-823a-4157-99dc-db54f894182b-2-1.jpg","width":600,"height":400},{"@type":"WebSite","@id":"https:\/\/elcanillita.info\/press\/#website","url":"https:\/\/elcanillita.info\/press\/","name":"ElCanillita.Info","description":"desde los Apeninos a los Andes","publisher":{"@id":"https:\/\/elcanillita.info\/press\/#organization"},"potentialAction":[{"@type":"SearchAction","target":{"@type":"EntryPoint","urlTemplate":"https:\/\/elcanillita.info\/press\/?s={search_term_string}"},"query-input":{"@type":"PropertyValueSpecification","valueRequired":true,"valueName":"search_term_string"}}],"inLanguage":"es-AR"},{"@type":"Organization","@id":"https:\/\/elcanillita.info\/press\/#organization","name":"Guzzo Photos & Graphic Publications","url":"https:\/\/elcanillita.info\/press\/","logo":{"@type":"ImageObject","inLanguage":"es-AR","@id":"https:\/\/elcanillita.info\/press\/#\/schema\/logo\/image\/","url":"https:\/\/elcanillita.info\/press\/images\/2020\/01\/cropped-cropped-cropped-elcanillitainfo.png","contentUrl":"https:\/\/elcanillita.info\/press\/images\/2020\/01\/cropped-cropped-cropped-elcanillitainfo.png","width":460,"height":50,"caption":"Guzzo Photos & Graphic Publications"},"image":{"@id":"https:\/\/elcanillita.info\/press\/#\/schema\/logo\/image\/"},"sameAs":["https:\/\/ar-ar.facebook.com\/ElCanillitainfo-114249515285712\/"]},{"@type":"Person","@id":"https:\/\/elcanillita.info\/press\/#\/schema\/person\/7fcb79f38045700919f7da6d97e71ba0","name":"SalaStampa.eu, world press service","image":{"@type":"ImageObject","inLanguage":"es-AR","@id":"https:\/\/secure.gravatar.com\/avatar\/c2f0e0d515a107624234994507816ca4724c7199cef73fc8bedebf6931d73888?s=96&d=mm&r=g","url":"https:\/\/secure.gravatar.com\/avatar\/c2f0e0d515a107624234994507816ca4724c7199cef73fc8bedebf6931d73888?s=96&d=mm&r=g","contentUrl":"https:\/\/secure.gravatar.com\/avatar\/c2f0e0d515a107624234994507816ca4724c7199cef73fc8bedebf6931d73888?s=96&d=mm&r=g","caption":"SalaStampa.eu, world press service"}}]}},"views":465,"_links":{"self":[{"href":"https:\/\/elcanillita.info\/press\/wp-json\/wp\/v2\/posts\/5240","targetHints":{"allow":["GET"]}}],"collection":[{"href":"https:\/\/elcanillita.info\/press\/wp-json\/wp\/v2\/posts"}],"about":[{"href":"https:\/\/elcanillita.info\/press\/wp-json\/wp\/v2\/types\/post"}],"author":[{"embeddable":true,"href":"https:\/\/elcanillita.info\/press\/wp-json\/wp\/v2\/users\/1"}],"replies":[{"embeddable":true,"href":"https:\/\/elcanillita.info\/press\/wp-json\/wp\/v2\/comments?post=5240"}],"version-history":[{"count":0,"href":"https:\/\/elcanillita.info\/press\/wp-json\/wp\/v2\/posts\/5240\/revisions"}],"wp:featuredmedia":[{"embeddable":true,"href":"https:\/\/elcanillita.info\/press\/wp-json\/wp\/v2\/media\/5243"}],"wp:attachment":[{"href":"https:\/\/elcanillita.info\/press\/wp-json\/wp\/v2\/media?parent=5240"}],"wp:term":[{"taxonomy":"category","embeddable":true,"href":"https:\/\/elcanillita.info\/press\/wp-json\/wp\/v2\/categories?post=5240"},{"taxonomy":"post_tag","embeddable":true,"href":"https:\/\/elcanillita.info\/press\/wp-json\/wp\/v2\/tags?post=5240"}],"curies":[{"name":"wp","href":"https:\/\/api.w.org\/{rel}","templated":true}]}}