{"id":523,"date":"2020-02-22T12:47:00","date_gmt":"2020-02-22T15:47:00","guid":{"rendered":"https:\/\/elcanillita.info\/press\/?p=523"},"modified":"2020-02-23T09:58:38","modified_gmt":"2020-02-23T12:58:38","slug":"preven-drastica-caida-ingresos-aerolineas-coronavirus","status":"publish","type":"post","link":"https:\/\/elcanillita.info\/press\/2020\/02\/22\/preven-drastica-caida-ingresos-aerolineas-coronavirus\/","title":{"rendered":"Prev\u00e9n dr\u00e1stica ca\u00edda de ingresos de aerol\u00edneas por coronavirus"},"content":{"rendered":"\n<p>Montr\u00e9al, 22.02.2020 &#8211; La epidemia del nuevo virus podr\u00eda restar 29.000 millones de d\u00f3lares a los ingresos de las aerol\u00edneas globales, principalmente las chinas, con la reducci\u00f3n dr\u00e1stica de los viajes en todo el mundo, seg\u00fan la Asociaci\u00f3n Internacional del Transporte A\u00e9reo (IATA por sus siglas en ingl\u00e9s).<\/p>\n\n\n\n<p>La c\u00e1mara de las aerol\u00edneas globales dio a conocer que el virus que provoca COVID-19 puede causar una ca\u00edda de 13% en la demanda de las empresas asi\u00e1ticas este a\u00f1o.<\/p>\n\n\n\n<p>La contracci\u00f3n se produce en una \u00e9poca de crecimiento de las ventas para las aerol\u00edneas asi\u00e1ticas, indic\u00f3 IATA.<\/p>\n\n\n\n<p>El tr\u00e1fico a\u00e9reo global se reducir\u00e1 4.7% en el a\u00f1o, la primera ca\u00edda en la demanda desde la crisis financiera de 2008 y 2009, inform\u00f3 IATA en un comunicado. Se desconoce, no obstante, en qu\u00e9 medida afectar\u00e1 las ganancias.<\/p>\n\n\n\n<p>Los c\u00e1lculos de IATA se basan en una hip\u00f3tesis de que COVID-19 tiene un \u201cimpacto en forma de V\u201d, similar al de la epidemia de SARS en 2003, con una fuerte ca\u00edda seguida de una r\u00e1pida recuperaci\u00f3n.<\/p>\n\n\n\n<p>El virus, originado en China a fines del a\u00f1o pasado, ha infectado a m\u00e1s de 75.000 personas en el pa\u00eds, de las cuales m\u00e1s de 2,000 han muerto. Se ha registrado un millar de casos fuera de China continental.<\/p>\n\n\n\n<p>British Airways, la alemana Lufthansa, la australiana Qantas, las tres aerol\u00edneas mayores de Estados Unidos y otras empresas han suspendido los vuelos a China, en algunos casos hasta fines de abril o mayo.<\/p>\n\n\n\n<p>Cathay Pacific de Hong Kong ha pedido a los empleados tomar tres semanas de licencia sin sueldo para ayudarla a capear la crisis.<br><br>\n<small>2020 voanoticias \u2013 salastampa.eu, afiliada a la red Broadcasting Board of Governors \u00a9 2020 BBG<\/small><\/p>\n","protected":false},"excerpt":{"rendered":"<p>Montr\u00e9al, 22.02.2020 &#8211; La epidemia del nuevo virus podr\u00eda restar 29.000 millones de d\u00f3lares a los ingresos de las aerol\u00edneas globales, principalmente las chinas, con la reducci\u00f3n dr\u00e1stica de los viajes en todo el mundo, seg\u00fan la Asociaci\u00f3n Internacional del Transporte A\u00e9reo (IATA por sus siglas en ingl\u00e9s).<\/p>\n","protected":false},"author":1,"featured_media":0,"comment_status":"closed","ping_status":"closed","sticky":false,"template":"","format":"standard","meta":{"footnotes":"","_links_to":"","_links_to_target":""},"categories":[70,9,20,78,25],"tags":[41],"class_list":["post-523","post","type-post","status-publish","format-standard","hentry","category-actualidad","category-america-del-norte","category-economia","category-sanidad","category-sociedad","tag-canada","entry","double"],"yoast_head":"<!-- This site is optimized with the Yoast SEO plugin v27.5 - https:\/\/yoast.com\/product\/yoast-seo-wordpress\/ -->\n<title>Prev\u00e9n dr\u00e1stica ca\u00edda de ingresos de aerol\u00edneas por coronavirus - ElCanillita.Info<\/title>\n<meta name=\"robots\" content=\"index, follow, max-snippet:-1, max-image-preview:large, max-video-preview:-1\" \/>\n<link rel=\"canonical\" href=\"https:\/\/elcanillita.info\/press\/2020\/02\/22\/preven-drastica-caida-ingresos-aerolineas-coronavirus\/\" \/>\n<meta property=\"og:locale\" content=\"es_ES\" \/>\n<meta property=\"og:type\" content=\"article\" \/>\n<meta property=\"og:title\" content=\"Prev\u00e9n dr\u00e1stica ca\u00edda de ingresos de aerol\u00edneas por coronavirus - ElCanillita.Info\" \/>\n<meta property=\"og:description\" content=\"Montr\u00e9al, 22.02.2020 - La epidemia del nuevo virus podr\u00eda restar 29.000 millones de d\u00f3lares a los ingresos de las aerol\u00edneas globales, principalmente las chinas, con la reducci\u00f3n dr\u00e1stica de los viajes en todo el mundo, seg\u00fan la Asociaci\u00f3n Internacional del Transporte A\u00e9reo (IATA por sus siglas en ingl\u00e9s).\" \/>\n<meta property=\"og:url\" content=\"https:\/\/elcanillita.info\/press\/2020\/02\/22\/preven-drastica-caida-ingresos-aerolineas-coronavirus\/\" \/>\n<meta property=\"og:site_name\" content=\"ElCanillita.Info\" \/>\n<meta property=\"article:publisher\" content=\"https:\/\/ar-ar.facebook.com\/ElCanillitainfo-114249515285712\/\" \/>\n<meta property=\"article:published_time\" content=\"2020-02-22T15:47:00+00:00\" \/>\n<meta property=\"article:modified_time\" content=\"2020-02-23T12:58:38+00:00\" \/>\n<meta name=\"author\" content=\"SalaStampa.eu, world press service\" \/>\n<meta name=\"twitter:card\" content=\"summary_large_image\" \/>\n<meta name=\"twitter:label1\" content=\"Escrito por\" \/>\n\t<meta name=\"twitter:data1\" content=\"SalaStampa.eu, world press service\" \/>\n\t<meta name=\"twitter:label2\" content=\"Tiempo de lectura\" \/>\n\t<meta name=\"twitter:data2\" content=\"2 minutos\" \/>\n<script type=\"application\/ld+json\" class=\"yoast-schema-graph\">{\"@context\":\"https:\\\/\\\/schema.org\",\"@graph\":[{\"@type\":\"Article\",\"@id\":\"https:\\\/\\\/elcanillita.info\\\/press\\\/2020\\\/02\\\/22\\\/preven-drastica-caida-ingresos-aerolineas-coronavirus\\\/#article\",\"isPartOf\":{\"@id\":\"https:\\\/\\\/elcanillita.info\\\/press\\\/2020\\\/02\\\/22\\\/preven-drastica-caida-ingresos-aerolineas-coronavirus\\\/\"},\"author\":{\"name\":\"SalaStampa.eu, world press service\",\"@id\":\"https:\\\/\\\/elcanillita.info\\\/press\\\/#\\\/schema\\\/person\\\/7fcb79f38045700919f7da6d97e71ba0\"},\"headline\":\"Prev\u00e9n dr\u00e1stica ca\u00edda de ingresos de aerol\u00edneas por coronavirus\",\"datePublished\":\"2020-02-22T15:47:00+00:00\",\"dateModified\":\"2020-02-23T12:58:38+00:00\",\"mainEntityOfPage\":{\"@id\":\"https:\\\/\\\/elcanillita.info\\\/press\\\/2020\\\/02\\\/22\\\/preven-drastica-caida-ingresos-aerolineas-coronavirus\\\/\"},\"wordCount\":315,\"publisher\":{\"@id\":\"https:\\\/\\\/elcanillita.info\\\/press\\\/#organization\"},\"keywords\":[\"Canad\u00e1\"],\"articleSection\":[\"Actualidad\",\"Am\u00e9rica del Norte\",\"Economia\",\"Sanidad\",\"Sociedad\"],\"inLanguage\":\"es-AR\"},{\"@type\":\"WebPage\",\"@id\":\"https:\\\/\\\/elcanillita.info\\\/press\\\/2020\\\/02\\\/22\\\/preven-drastica-caida-ingresos-aerolineas-coronavirus\\\/\",\"url\":\"https:\\\/\\\/elcanillita.info\\\/press\\\/2020\\\/02\\\/22\\\/preven-drastica-caida-ingresos-aerolineas-coronavirus\\\/\",\"name\":\"Prev\u00e9n dr\u00e1stica ca\u00edda de ingresos de aerol\u00edneas por coronavirus - ElCanillita.Info\",\"isPartOf\":{\"@id\":\"https:\\\/\\\/elcanillita.info\\\/press\\\/#website\"},\"datePublished\":\"2020-02-22T15:47:00+00:00\",\"dateModified\":\"2020-02-23T12:58:38+00:00\",\"inLanguage\":\"es-AR\",\"potentialAction\":[{\"@type\":\"ReadAction\",\"target\":[\"https:\\\/\\\/elcanillita.info\\\/press\\\/2020\\\/02\\\/22\\\/preven-drastica-caida-ingresos-aerolineas-coronavirus\\\/\"]}]},{\"@type\":\"WebSite\",\"@id\":\"https:\\\/\\\/elcanillita.info\\\/press\\\/#website\",\"url\":\"https:\\\/\\\/elcanillita.info\\\/press\\\/\",\"name\":\"ElCanillita.Info\",\"description\":\"desde los Apeninos a los Andes\",\"publisher\":{\"@id\":\"https:\\\/\\\/elcanillita.info\\\/press\\\/#organization\"},\"potentialAction\":[{\"@type\":\"SearchAction\",\"target\":{\"@type\":\"EntryPoint\",\"urlTemplate\":\"https:\\\/\\\/elcanillita.info\\\/press\\\/?s={search_term_string}\"},\"query-input\":{\"@type\":\"PropertyValueSpecification\",\"valueRequired\":true,\"valueName\":\"search_term_string\"}}],\"inLanguage\":\"es-AR\"},{\"@type\":\"Organization\",\"@id\":\"https:\\\/\\\/elcanillita.info\\\/press\\\/#organization\",\"name\":\"Guzzo Photos & Graphic Publications\",\"url\":\"https:\\\/\\\/elcanillita.info\\\/press\\\/\",\"logo\":{\"@type\":\"ImageObject\",\"inLanguage\":\"es-AR\",\"@id\":\"https:\\\/\\\/elcanillita.info\\\/press\\\/#\\\/schema\\\/logo\\\/image\\\/\",\"url\":\"https:\\\/\\\/elcanillita.info\\\/press\\\/images\\\/2020\\\/01\\\/cropped-cropped-cropped-elcanillitainfo.png\",\"contentUrl\":\"https:\\\/\\\/elcanillita.info\\\/press\\\/images\\\/2020\\\/01\\\/cropped-cropped-cropped-elcanillitainfo.png\",\"width\":460,\"height\":50,\"caption\":\"Guzzo Photos & Graphic Publications\"},\"image\":{\"@id\":\"https:\\\/\\\/elcanillita.info\\\/press\\\/#\\\/schema\\\/logo\\\/image\\\/\"},\"sameAs\":[\"https:\\\/\\\/ar-ar.facebook.com\\\/ElCanillitainfo-114249515285712\\\/\"]},{\"@type\":\"Person\",\"@id\":\"https:\\\/\\\/elcanillita.info\\\/press\\\/#\\\/schema\\\/person\\\/7fcb79f38045700919f7da6d97e71ba0\",\"name\":\"SalaStampa.eu, world press service\",\"image\":{\"@type\":\"ImageObject\",\"inLanguage\":\"es-AR\",\"@id\":\"https:\\\/\\\/secure.gravatar.com\\\/avatar\\\/c2f0e0d515a107624234994507816ca4724c7199cef73fc8bedebf6931d73888?s=96&d=mm&r=g\",\"url\":\"https:\\\/\\\/secure.gravatar.com\\\/avatar\\\/c2f0e0d515a107624234994507816ca4724c7199cef73fc8bedebf6931d73888?s=96&d=mm&r=g\",\"contentUrl\":\"https:\\\/\\\/secure.gravatar.com\\\/avatar\\\/c2f0e0d515a107624234994507816ca4724c7199cef73fc8bedebf6931d73888?s=96&d=mm&r=g\",\"caption\":\"SalaStampa.eu, world press service\"}}]}<\/script>\n<!-- \/ Yoast SEO plugin. -->","yoast_head_json":{"title":"Prev\u00e9n dr\u00e1stica ca\u00edda de ingresos de aerol\u00edneas por coronavirus - ElCanillita.Info","robots":{"index":"index","follow":"follow","max-snippet":"max-snippet:-1","max-image-preview":"max-image-preview:large","max-video-preview":"max-video-preview:-1"},"canonical":"https:\/\/elcanillita.info\/press\/2020\/02\/22\/preven-drastica-caida-ingresos-aerolineas-coronavirus\/","og_locale":"es_ES","og_type":"article","og_title":"Prev\u00e9n dr\u00e1stica ca\u00edda de ingresos de aerol\u00edneas por coronavirus - ElCanillita.Info","og_description":"Montr\u00e9al, 22.02.2020 - La epidemia del nuevo virus podr\u00eda restar 29.000 millones de d\u00f3lares a los ingresos de las aerol\u00edneas globales, principalmente las chinas, con la reducci\u00f3n dr\u00e1stica de los viajes en todo el mundo, seg\u00fan la Asociaci\u00f3n Internacional del Transporte A\u00e9reo (IATA por sus siglas en ingl\u00e9s).","og_url":"https:\/\/elcanillita.info\/press\/2020\/02\/22\/preven-drastica-caida-ingresos-aerolineas-coronavirus\/","og_site_name":"ElCanillita.Info","article_publisher":"https:\/\/ar-ar.facebook.com\/ElCanillitainfo-114249515285712\/","article_published_time":"2020-02-22T15:47:00+00:00","article_modified_time":"2020-02-23T12:58:38+00:00","author":"SalaStampa.eu, world press service","twitter_card":"summary_large_image","twitter_misc":{"Escrito por":"SalaStampa.eu, world press service","Tiempo de lectura":"2 minutos"},"schema":{"@context":"https:\/\/schema.org","@graph":[{"@type":"Article","@id":"https:\/\/elcanillita.info\/press\/2020\/02\/22\/preven-drastica-caida-ingresos-aerolineas-coronavirus\/#article","isPartOf":{"@id":"https:\/\/elcanillita.info\/press\/2020\/02\/22\/preven-drastica-caida-ingresos-aerolineas-coronavirus\/"},"author":{"name":"SalaStampa.eu, world press service","@id":"https:\/\/elcanillita.info\/press\/#\/schema\/person\/7fcb79f38045700919f7da6d97e71ba0"},"headline":"Prev\u00e9n dr\u00e1stica ca\u00edda de ingresos de aerol\u00edneas por coronavirus","datePublished":"2020-02-22T15:47:00+00:00","dateModified":"2020-02-23T12:58:38+00:00","mainEntityOfPage":{"@id":"https:\/\/elcanillita.info\/press\/2020\/02\/22\/preven-drastica-caida-ingresos-aerolineas-coronavirus\/"},"wordCount":315,"publisher":{"@id":"https:\/\/elcanillita.info\/press\/#organization"},"keywords":["Canad\u00e1"],"articleSection":["Actualidad","Am\u00e9rica del Norte","Economia","Sanidad","Sociedad"],"inLanguage":"es-AR"},{"@type":"WebPage","@id":"https:\/\/elcanillita.info\/press\/2020\/02\/22\/preven-drastica-caida-ingresos-aerolineas-coronavirus\/","url":"https:\/\/elcanillita.info\/press\/2020\/02\/22\/preven-drastica-caida-ingresos-aerolineas-coronavirus\/","name":"Prev\u00e9n dr\u00e1stica ca\u00edda de ingresos de aerol\u00edneas por coronavirus - ElCanillita.Info","isPartOf":{"@id":"https:\/\/elcanillita.info\/press\/#website"},"datePublished":"2020-02-22T15:47:00+00:00","dateModified":"2020-02-23T12:58:38+00:00","inLanguage":"es-AR","potentialAction":[{"@type":"ReadAction","target":["https:\/\/elcanillita.info\/press\/2020\/02\/22\/preven-drastica-caida-ingresos-aerolineas-coronavirus\/"]}]},{"@type":"WebSite","@id":"https:\/\/elcanillita.info\/press\/#website","url":"https:\/\/elcanillita.info\/press\/","name":"ElCanillita.Info","description":"desde los Apeninos a los Andes","publisher":{"@id":"https:\/\/elcanillita.info\/press\/#organization"},"potentialAction":[{"@type":"SearchAction","target":{"@type":"EntryPoint","urlTemplate":"https:\/\/elcanillita.info\/press\/?s={search_term_string}"},"query-input":{"@type":"PropertyValueSpecification","valueRequired":true,"valueName":"search_term_string"}}],"inLanguage":"es-AR"},{"@type":"Organization","@id":"https:\/\/elcanillita.info\/press\/#organization","name":"Guzzo Photos & Graphic Publications","url":"https:\/\/elcanillita.info\/press\/","logo":{"@type":"ImageObject","inLanguage":"es-AR","@id":"https:\/\/elcanillita.info\/press\/#\/schema\/logo\/image\/","url":"https:\/\/elcanillita.info\/press\/images\/2020\/01\/cropped-cropped-cropped-elcanillitainfo.png","contentUrl":"https:\/\/elcanillita.info\/press\/images\/2020\/01\/cropped-cropped-cropped-elcanillitainfo.png","width":460,"height":50,"caption":"Guzzo Photos & Graphic Publications"},"image":{"@id":"https:\/\/elcanillita.info\/press\/#\/schema\/logo\/image\/"},"sameAs":["https:\/\/ar-ar.facebook.com\/ElCanillitainfo-114249515285712\/"]},{"@type":"Person","@id":"https:\/\/elcanillita.info\/press\/#\/schema\/person\/7fcb79f38045700919f7da6d97e71ba0","name":"SalaStampa.eu, world press service","image":{"@type":"ImageObject","inLanguage":"es-AR","@id":"https:\/\/secure.gravatar.com\/avatar\/c2f0e0d515a107624234994507816ca4724c7199cef73fc8bedebf6931d73888?s=96&d=mm&r=g","url":"https:\/\/secure.gravatar.com\/avatar\/c2f0e0d515a107624234994507816ca4724c7199cef73fc8bedebf6931d73888?s=96&d=mm&r=g","contentUrl":"https:\/\/secure.gravatar.com\/avatar\/c2f0e0d515a107624234994507816ca4724c7199cef73fc8bedebf6931d73888?s=96&d=mm&r=g","caption":"SalaStampa.eu, world press service"}}]}},"views":790,"_links":{"self":[{"href":"https:\/\/elcanillita.info\/press\/wp-json\/wp\/v2\/posts\/523","targetHints":{"allow":["GET"]}}],"collection":[{"href":"https:\/\/elcanillita.info\/press\/wp-json\/wp\/v2\/posts"}],"about":[{"href":"https:\/\/elcanillita.info\/press\/wp-json\/wp\/v2\/types\/post"}],"author":[{"embeddable":true,"href":"https:\/\/elcanillita.info\/press\/wp-json\/wp\/v2\/users\/1"}],"replies":[{"embeddable":true,"href":"https:\/\/elcanillita.info\/press\/wp-json\/wp\/v2\/comments?post=523"}],"version-history":[{"count":0,"href":"https:\/\/elcanillita.info\/press\/wp-json\/wp\/v2\/posts\/523\/revisions"}],"wp:attachment":[{"href":"https:\/\/elcanillita.info\/press\/wp-json\/wp\/v2\/media?parent=523"}],"wp:term":[{"taxonomy":"category","embeddable":true,"href":"https:\/\/elcanillita.info\/press\/wp-json\/wp\/v2\/categories?post=523"},{"taxonomy":"post_tag","embeddable":true,"href":"https:\/\/elcanillita.info\/press\/wp-json\/wp\/v2\/tags?post=523"}],"curies":[{"name":"wp","href":"https:\/\/api.w.org\/{rel}","templated":true}]}}