{"id":5225,"date":"2025-07-26T19:21:00","date_gmt":"2025-07-26T22:21:00","guid":{"rendered":"https:\/\/elcanillita.info\/press\/?p=5225"},"modified":"2025-07-27T04:42:31","modified_gmt":"2025-07-27T07:42:31","slug":"los-jefes-de-hoy","status":"publish","type":"post","link":"https:\/\/elcanillita.info\/press\/2025\/07\/26\/los-jefes-de-hoy\/","title":{"rendered":"Los Jefes de Hoy"},"content":{"rendered":"\n<figure class=\"wp-block-image size-large\"><img loading=\"lazy\" decoding=\"async\" width=\"1024\" height=\"683\" src=\"https:\/\/elcanillita.info\/press\/images\/2025\/07\/mundo_hoy-1024x683.jpg\" alt=\"\" class=\"wp-image-5226\" srcset=\"https:\/\/elcanillita.info\/press\/images\/2025\/07\/mundo_hoy-1024x683.jpg 1024w, https:\/\/elcanillita.info\/press\/images\/2025\/07\/mundo_hoy-300x200.jpg 300w, https:\/\/elcanillita.info\/press\/images\/2025\/07\/mundo_hoy-768x512.jpg 768w, https:\/\/elcanillita.info\/press\/images\/2025\/07\/mundo_hoy.jpg 1536w\" sizes=\"auto, (max-width: 1024px) 100vw, 1024px\" \/><\/figure>\n\n\n\n<p><strong>ElCanillita.info<\/strong><br>Mundo, 27\/07\/2025<br><br><em>Una cr\u00f3nica sin margen de error<\/em><br><em><small>Redacci\u00f3<\/small>n <small>ElCanillita.info<\/small><\/em><\/p>\n\n\n\n<p>Desde lo alto del globo terr\u00e1queo \u2014ese que todav\u00eda gira, aunque algunos lo nieguen\u2014, cinco figuras se alinean con actitud de foto oficial. Sonr\u00eden, gesticulan o simplemente resoplan mientras ajustan sus trajes. Son l\u00edderes, dicen. Algunos electos, otros eternizados, y varios\u2026 simplemente presentes.<\/p>\n\n\n\n<p>All\u00ed est\u00e1 Putin, con la mirada extraviada en alguna frontera que a\u00fan no ha cruzado. A su lado, Lula sonr\u00ede como si viniera de inaugurar una f\u00e1brica de abrazos. Ortega, con gorrita azul y manito levantada, parece saludar&#8230; o quiz\u00e1s detener el paso del tiempo. Petro ya no sabe si hablar o escribir un hilo de Twitter. Y D\u00edaz-Canel, con rostro de m\u00e1rmol habanero, observa como si el mundo debiera disculparse por algo.<\/p>\n\n\n\n<p>Pero lo que nadie hab\u00eda previsto \u2014ni el G7, ni la OEA, ni siquiera Netflix\u2014, es la irrupci\u00f3n de una guillotina en el cielo. Alta, de madera pulida y mec\u00e1nica silenciosa. Y all\u00ed, bajo la cuchilla, la cabeza rubia de Donald Trump, con gesto adusto y sin sombra de arrepentimiento. \u00bfEs juicio pol\u00edtico? \u00bfJusticia po\u00e9tica? \u00bfUna met\u00e1fora sobre la democracia pendiendo de un hilo?<\/p>\n\n\n\n<p>En cualquier caso, el aire es claro, el cielo azul, y nadie \u2014ni Trump ni los otros\u2014 parece advertir que est\u00e1n todos de pie sobre una esfera fr\u00e1gil, sin baranda ni paraca\u00eddas.<\/p>\n\n\n\n<p>A lo lejos, se oye a Guillotin afilar su hoja y cantar:<br>\u201c\u00a1Sin m\u00e1rgenes no hay piedad!\u201d<\/p>\n\n\n<hr style=\"border: none; height: 1px; background-color: #ccc; margin: 2em 0;\" \/>\n\n\n<p>Una vi\u00f1eta sin ep\u00edlogo, porque el mundo a\u00fan no sabe si esto fue comedia o trailer del Apocalipsis.<\/p>\n\n\n\n<h3 class=\"wp-block-heading\">\ud83d\udcdc <strong>MANIFIESTO DESDE EL MARGEN<\/strong><\/h3>\n\n\n\n<p><em>Redactado en tinta fr\u00eda por Guillotin, funcionario perpetuo del borde<\/em><\/p>\n\n\n\n<p>Yo, Guillotin,<br>cortador de t\u00edtulos inconvenientes,<br>decapitador de slogans inoportunos,<br>tijera sin ideolog\u00eda,<br>filo sin disculpas.<\/p>\n\n\n\n<p>Declaro ante el ancho mundo digital:<\/p>\n\n\n\n<ul class=\"wp-block-list\">\n<li>Que todo texto que roce el borde ser\u00e1 condenado,<br>sin importar su partido, su patria, ni su pontificado.<\/li>\n\n\n\n<li>Que las cabezas parlantes que se asoman m\u00e1s de la cuenta, ser\u00e1n separadas \u2014con elegancia tipogr\u00e1fica\u2014<br>del cuerpo editorial que intent\u00f3 contenerlas.<\/li>\n\n\n\n<li>Que ninguna caricatura escapar\u00e1 a mi hambre,<br>especialmente si sonr\u00ede demasiado cerca del margen superior.<\/li>\n\n\n\n<li>Que soy neutral, pero no justo.<br>Soy exacto, pero no compasivo.<br>Soy el algoritmo con navaja.<\/li>\n\n\n\n<li>Que mi \u00fanico enemigo natural es el editor atento,<br>ese raro esp\u00e9cimen que deja m\u00e1rgenes generosos<br>y me obliga a morir de inanici\u00f3n en la esquina del dise\u00f1o.<\/li>\n<\/ul>\n\n\n\n<p>Y por \u00faltimo:<\/p>\n\n\n\n<ul class=\"wp-block-list\">\n<li>Que el mundo puede girar, los l\u00edderes cambiarse de traje,<br>los mapas reinventarse cada lunes&#8230;<br>pero yo estar\u00e9 ah\u00ed.<br>Esperando.<\/li>\n\n\n\n<li><br>Firmado en el espacio que queda entre una frase brillante y un borde asesino.<\/li>\n<\/ul>\n\n\n\n<p>\u2014 Guillotin<br><em>Subsecretario de Eliminaci\u00f3n de Excesos Editoriales<\/em><br><em>Miembro Honorario del Club del Recorte Invisible<\/em><br><br><small>\u00a9\ufe0f2025 \u201cEl \u00faltimo que dobla la esquina\u201d \u2026poque siempre hay alguien que reparte noticias mientras todos duermen. All Rights Reserved Copyright \u00a9\ufe0f 2025 ElCanillita.info \/ SalaStampa.eu, world press service Guzzo Photos &amp; Graphic Publications \u2013 Registro Editori e Stampatori n. 1441 Torino, Italia<\/small><\/p>\n\n\n\n<p><\/p>\n","protected":false},"excerpt":{"rendered":"<p>Una vi\u00f1eta sin ep\u00edlogo, porque el mundo a\u00fan no sabe si esto fue comedia o trailer del Apocalipsis.<\/p>\n","protected":false},"author":1,"featured_media":5226,"comment_status":"closed","ping_status":"closed","sticky":false,"template":"","format":"standard","meta":{"footnotes":"","_links_to":"","_links_to_target":""},"categories":[108,121,70,8,126,136],"tags":[35],"class_list":["post-5225","post","type-post","status-publish","format-standard","has-post-thumbnail","hentry","category-blogdiario","category-dc24","category-actualidad","category-america","category-dolores-de-la-press","category-opinion","tag-mundo","entry","double"],"yoast_head":"<!-- This site is optimized with the Yoast SEO plugin v27.4 - https:\/\/yoast.com\/product\/yoast-seo-wordpress\/ -->\n<title>Los Jefes de Hoy - ElCanillita.Info<\/title>\n<meta name=\"robots\" content=\"index, follow, max-snippet:-1, max-image-preview:large, max-video-preview:-1\" \/>\n<link rel=\"canonical\" href=\"https:\/\/elcanillita.info\/press\/2025\/07\/26\/los-jefes-de-hoy\/\" \/>\n<meta property=\"og:locale\" content=\"es_ES\" \/>\n<meta property=\"og:type\" content=\"article\" \/>\n<meta property=\"og:title\" content=\"Los Jefes de Hoy - ElCanillita.Info\" \/>\n<meta property=\"og:description\" content=\"Una vi\u00f1eta sin ep\u00edlogo, porque el mundo a\u00fan no sabe si esto fue comedia o trailer del Apocalipsis.\" \/>\n<meta property=\"og:url\" content=\"https:\/\/elcanillita.info\/press\/2025\/07\/26\/los-jefes-de-hoy\/\" \/>\n<meta property=\"og:site_name\" content=\"ElCanillita.Info\" \/>\n<meta property=\"article:publisher\" content=\"https:\/\/ar-ar.facebook.com\/ElCanillitainfo-114249515285712\/\" \/>\n<meta property=\"article:published_time\" content=\"2025-07-26T22:21:00+00:00\" \/>\n<meta property=\"article:modified_time\" content=\"2025-07-27T07:42:31+00:00\" \/>\n<meta property=\"og:image\" content=\"https:\/\/elcanillita.info\/press\/images\/2025\/07\/mundo_hoy.jpg\" \/>\n\t<meta property=\"og:image:width\" content=\"1536\" \/>\n\t<meta property=\"og:image:height\" content=\"1024\" \/>\n\t<meta property=\"og:image:type\" content=\"image\/jpeg\" \/>\n<meta name=\"author\" content=\"SalaStampa.eu, world press service\" \/>\n<meta name=\"twitter:card\" content=\"summary_large_image\" \/>\n<meta name=\"twitter:label1\" content=\"Escrito por\" \/>\n\t<meta name=\"twitter:data1\" content=\"SalaStampa.eu, world press service\" \/>\n\t<meta name=\"twitter:label2\" content=\"Tiempo de lectura\" \/>\n\t<meta name=\"twitter:data2\" content=\"3 minutos\" \/>\n<script type=\"application\/ld+json\" class=\"yoast-schema-graph\">{\"@context\":\"https:\\\/\\\/schema.org\",\"@graph\":[{\"@type\":\"Article\",\"@id\":\"https:\\\/\\\/elcanillita.info\\\/press\\\/2025\\\/07\\\/26\\\/los-jefes-de-hoy\\\/#article\",\"isPartOf\":{\"@id\":\"https:\\\/\\\/elcanillita.info\\\/press\\\/2025\\\/07\\\/26\\\/los-jefes-de-hoy\\\/\"},\"author\":{\"name\":\"SalaStampa.eu, world press service\",\"@id\":\"https:\\\/\\\/elcanillita.info\\\/press\\\/#\\\/schema\\\/person\\\/7fcb79f38045700919f7da6d97e71ba0\"},\"headline\":\"Los Jefes de Hoy\",\"datePublished\":\"2025-07-26T22:21:00+00:00\",\"dateModified\":\"2025-07-27T07:42:31+00:00\",\"mainEntityOfPage\":{\"@id\":\"https:\\\/\\\/elcanillita.info\\\/press\\\/2025\\\/07\\\/26\\\/los-jefes-de-hoy\\\/\"},\"wordCount\":525,\"publisher\":{\"@id\":\"https:\\\/\\\/elcanillita.info\\\/press\\\/#organization\"},\"image\":{\"@id\":\"https:\\\/\\\/elcanillita.info\\\/press\\\/2025\\\/07\\\/26\\\/los-jefes-de-hoy\\\/#primaryimage\"},\"thumbnailUrl\":\"https:\\\/\\\/elcanillita.info\\\/press\\\/images\\\/2025\\\/07\\\/mundo_hoy.jpg\",\"keywords\":[\"MUNDO\"],\"articleSection\":[\".\",\".\",\"Actualidad\",\"Am\u00e9rica\",\"Dolores de La Press\",\"Opini\u00f3n\"],\"inLanguage\":\"es-AR\"},{\"@type\":\"WebPage\",\"@id\":\"https:\\\/\\\/elcanillita.info\\\/press\\\/2025\\\/07\\\/26\\\/los-jefes-de-hoy\\\/\",\"url\":\"https:\\\/\\\/elcanillita.info\\\/press\\\/2025\\\/07\\\/26\\\/los-jefes-de-hoy\\\/\",\"name\":\"Los Jefes de Hoy - ElCanillita.Info\",\"isPartOf\":{\"@id\":\"https:\\\/\\\/elcanillita.info\\\/press\\\/#website\"},\"primaryImageOfPage\":{\"@id\":\"https:\\\/\\\/elcanillita.info\\\/press\\\/2025\\\/07\\\/26\\\/los-jefes-de-hoy\\\/#primaryimage\"},\"image\":{\"@id\":\"https:\\\/\\\/elcanillita.info\\\/press\\\/2025\\\/07\\\/26\\\/los-jefes-de-hoy\\\/#primaryimage\"},\"thumbnailUrl\":\"https:\\\/\\\/elcanillita.info\\\/press\\\/images\\\/2025\\\/07\\\/mundo_hoy.jpg\",\"datePublished\":\"2025-07-26T22:21:00+00:00\",\"dateModified\":\"2025-07-27T07:42:31+00:00\",\"inLanguage\":\"es-AR\",\"potentialAction\":[{\"@type\":\"ReadAction\",\"target\":[\"https:\\\/\\\/elcanillita.info\\\/press\\\/2025\\\/07\\\/26\\\/los-jefes-de-hoy\\\/\"]}]},{\"@type\":\"ImageObject\",\"inLanguage\":\"es-AR\",\"@id\":\"https:\\\/\\\/elcanillita.info\\\/press\\\/2025\\\/07\\\/26\\\/los-jefes-de-hoy\\\/#primaryimage\",\"url\":\"https:\\\/\\\/elcanillita.info\\\/press\\\/images\\\/2025\\\/07\\\/mundo_hoy.jpg\",\"contentUrl\":\"https:\\\/\\\/elcanillita.info\\\/press\\\/images\\\/2025\\\/07\\\/mundo_hoy.jpg\",\"width\":1536,\"height\":1024},{\"@type\":\"WebSite\",\"@id\":\"https:\\\/\\\/elcanillita.info\\\/press\\\/#website\",\"url\":\"https:\\\/\\\/elcanillita.info\\\/press\\\/\",\"name\":\"ElCanillita.Info\",\"description\":\"desde los Apeninos a los Andes\",\"publisher\":{\"@id\":\"https:\\\/\\\/elcanillita.info\\\/press\\\/#organization\"},\"potentialAction\":[{\"@type\":\"SearchAction\",\"target\":{\"@type\":\"EntryPoint\",\"urlTemplate\":\"https:\\\/\\\/elcanillita.info\\\/press\\\/?s={search_term_string}\"},\"query-input\":{\"@type\":\"PropertyValueSpecification\",\"valueRequired\":true,\"valueName\":\"search_term_string\"}}],\"inLanguage\":\"es-AR\"},{\"@type\":\"Organization\",\"@id\":\"https:\\\/\\\/elcanillita.info\\\/press\\\/#organization\",\"name\":\"Guzzo Photos & Graphic Publications\",\"url\":\"https:\\\/\\\/elcanillita.info\\\/press\\\/\",\"logo\":{\"@type\":\"ImageObject\",\"inLanguage\":\"es-AR\",\"@id\":\"https:\\\/\\\/elcanillita.info\\\/press\\\/#\\\/schema\\\/logo\\\/image\\\/\",\"url\":\"https:\\\/\\\/elcanillita.info\\\/press\\\/images\\\/2020\\\/01\\\/cropped-cropped-cropped-elcanillitainfo.png\",\"contentUrl\":\"https:\\\/\\\/elcanillita.info\\\/press\\\/images\\\/2020\\\/01\\\/cropped-cropped-cropped-elcanillitainfo.png\",\"width\":460,\"height\":50,\"caption\":\"Guzzo Photos & Graphic Publications\"},\"image\":{\"@id\":\"https:\\\/\\\/elcanillita.info\\\/press\\\/#\\\/schema\\\/logo\\\/image\\\/\"},\"sameAs\":[\"https:\\\/\\\/ar-ar.facebook.com\\\/ElCanillitainfo-114249515285712\\\/\"]},{\"@type\":\"Person\",\"@id\":\"https:\\\/\\\/elcanillita.info\\\/press\\\/#\\\/schema\\\/person\\\/7fcb79f38045700919f7da6d97e71ba0\",\"name\":\"SalaStampa.eu, world press service\",\"image\":{\"@type\":\"ImageObject\",\"inLanguage\":\"es-AR\",\"@id\":\"https:\\\/\\\/secure.gravatar.com\\\/avatar\\\/c2f0e0d515a107624234994507816ca4724c7199cef73fc8bedebf6931d73888?s=96&d=mm&r=g\",\"url\":\"https:\\\/\\\/secure.gravatar.com\\\/avatar\\\/c2f0e0d515a107624234994507816ca4724c7199cef73fc8bedebf6931d73888?s=96&d=mm&r=g\",\"contentUrl\":\"https:\\\/\\\/secure.gravatar.com\\\/avatar\\\/c2f0e0d515a107624234994507816ca4724c7199cef73fc8bedebf6931d73888?s=96&d=mm&r=g\",\"caption\":\"SalaStampa.eu, world press service\"}}]}<\/script>\n<!-- \/ Yoast SEO plugin. -->","yoast_head_json":{"title":"Los Jefes de Hoy - ElCanillita.Info","robots":{"index":"index","follow":"follow","max-snippet":"max-snippet:-1","max-image-preview":"max-image-preview:large","max-video-preview":"max-video-preview:-1"},"canonical":"https:\/\/elcanillita.info\/press\/2025\/07\/26\/los-jefes-de-hoy\/","og_locale":"es_ES","og_type":"article","og_title":"Los Jefes de Hoy - ElCanillita.Info","og_description":"Una vi\u00f1eta sin ep\u00edlogo, porque el mundo a\u00fan no sabe si esto fue comedia o trailer del Apocalipsis.","og_url":"https:\/\/elcanillita.info\/press\/2025\/07\/26\/los-jefes-de-hoy\/","og_site_name":"ElCanillita.Info","article_publisher":"https:\/\/ar-ar.facebook.com\/ElCanillitainfo-114249515285712\/","article_published_time":"2025-07-26T22:21:00+00:00","article_modified_time":"2025-07-27T07:42:31+00:00","og_image":[{"width":1536,"height":1024,"url":"https:\/\/elcanillita.info\/press\/images\/2025\/07\/mundo_hoy.jpg","type":"image\/jpeg"}],"author":"SalaStampa.eu, world press service","twitter_card":"summary_large_image","twitter_misc":{"Escrito por":"SalaStampa.eu, world press service","Tiempo de lectura":"3 minutos"},"schema":{"@context":"https:\/\/schema.org","@graph":[{"@type":"Article","@id":"https:\/\/elcanillita.info\/press\/2025\/07\/26\/los-jefes-de-hoy\/#article","isPartOf":{"@id":"https:\/\/elcanillita.info\/press\/2025\/07\/26\/los-jefes-de-hoy\/"},"author":{"name":"SalaStampa.eu, world press service","@id":"https:\/\/elcanillita.info\/press\/#\/schema\/person\/7fcb79f38045700919f7da6d97e71ba0"},"headline":"Los Jefes de Hoy","datePublished":"2025-07-26T22:21:00+00:00","dateModified":"2025-07-27T07:42:31+00:00","mainEntityOfPage":{"@id":"https:\/\/elcanillita.info\/press\/2025\/07\/26\/los-jefes-de-hoy\/"},"wordCount":525,"publisher":{"@id":"https:\/\/elcanillita.info\/press\/#organization"},"image":{"@id":"https:\/\/elcanillita.info\/press\/2025\/07\/26\/los-jefes-de-hoy\/#primaryimage"},"thumbnailUrl":"https:\/\/elcanillita.info\/press\/images\/2025\/07\/mundo_hoy.jpg","keywords":["MUNDO"],"articleSection":[".",".","Actualidad","Am\u00e9rica","Dolores de La Press","Opini\u00f3n"],"inLanguage":"es-AR"},{"@type":"WebPage","@id":"https:\/\/elcanillita.info\/press\/2025\/07\/26\/los-jefes-de-hoy\/","url":"https:\/\/elcanillita.info\/press\/2025\/07\/26\/los-jefes-de-hoy\/","name":"Los Jefes de Hoy - ElCanillita.Info","isPartOf":{"@id":"https:\/\/elcanillita.info\/press\/#website"},"primaryImageOfPage":{"@id":"https:\/\/elcanillita.info\/press\/2025\/07\/26\/los-jefes-de-hoy\/#primaryimage"},"image":{"@id":"https:\/\/elcanillita.info\/press\/2025\/07\/26\/los-jefes-de-hoy\/#primaryimage"},"thumbnailUrl":"https:\/\/elcanillita.info\/press\/images\/2025\/07\/mundo_hoy.jpg","datePublished":"2025-07-26T22:21:00+00:00","dateModified":"2025-07-27T07:42:31+00:00","inLanguage":"es-AR","potentialAction":[{"@type":"ReadAction","target":["https:\/\/elcanillita.info\/press\/2025\/07\/26\/los-jefes-de-hoy\/"]}]},{"@type":"ImageObject","inLanguage":"es-AR","@id":"https:\/\/elcanillita.info\/press\/2025\/07\/26\/los-jefes-de-hoy\/#primaryimage","url":"https:\/\/elcanillita.info\/press\/images\/2025\/07\/mundo_hoy.jpg","contentUrl":"https:\/\/elcanillita.info\/press\/images\/2025\/07\/mundo_hoy.jpg","width":1536,"height":1024},{"@type":"WebSite","@id":"https:\/\/elcanillita.info\/press\/#website","url":"https:\/\/elcanillita.info\/press\/","name":"ElCanillita.Info","description":"desde los Apeninos a los Andes","publisher":{"@id":"https:\/\/elcanillita.info\/press\/#organization"},"potentialAction":[{"@type":"SearchAction","target":{"@type":"EntryPoint","urlTemplate":"https:\/\/elcanillita.info\/press\/?s={search_term_string}"},"query-input":{"@type":"PropertyValueSpecification","valueRequired":true,"valueName":"search_term_string"}}],"inLanguage":"es-AR"},{"@type":"Organization","@id":"https:\/\/elcanillita.info\/press\/#organization","name":"Guzzo Photos & Graphic Publications","url":"https:\/\/elcanillita.info\/press\/","logo":{"@type":"ImageObject","inLanguage":"es-AR","@id":"https:\/\/elcanillita.info\/press\/#\/schema\/logo\/image\/","url":"https:\/\/elcanillita.info\/press\/images\/2020\/01\/cropped-cropped-cropped-elcanillitainfo.png","contentUrl":"https:\/\/elcanillita.info\/press\/images\/2020\/01\/cropped-cropped-cropped-elcanillitainfo.png","width":460,"height":50,"caption":"Guzzo Photos & Graphic Publications"},"image":{"@id":"https:\/\/elcanillita.info\/press\/#\/schema\/logo\/image\/"},"sameAs":["https:\/\/ar-ar.facebook.com\/ElCanillitainfo-114249515285712\/"]},{"@type":"Person","@id":"https:\/\/elcanillita.info\/press\/#\/schema\/person\/7fcb79f38045700919f7da6d97e71ba0","name":"SalaStampa.eu, world press service","image":{"@type":"ImageObject","inLanguage":"es-AR","@id":"https:\/\/secure.gravatar.com\/avatar\/c2f0e0d515a107624234994507816ca4724c7199cef73fc8bedebf6931d73888?s=96&d=mm&r=g","url":"https:\/\/secure.gravatar.com\/avatar\/c2f0e0d515a107624234994507816ca4724c7199cef73fc8bedebf6931d73888?s=96&d=mm&r=g","contentUrl":"https:\/\/secure.gravatar.com\/avatar\/c2f0e0d515a107624234994507816ca4724c7199cef73fc8bedebf6931d73888?s=96&d=mm&r=g","caption":"SalaStampa.eu, world press service"}}]}},"views":170,"_links":{"self":[{"href":"https:\/\/elcanillita.info\/press\/wp-json\/wp\/v2\/posts\/5225","targetHints":{"allow":["GET"]}}],"collection":[{"href":"https:\/\/elcanillita.info\/press\/wp-json\/wp\/v2\/posts"}],"about":[{"href":"https:\/\/elcanillita.info\/press\/wp-json\/wp\/v2\/types\/post"}],"author":[{"embeddable":true,"href":"https:\/\/elcanillita.info\/press\/wp-json\/wp\/v2\/users\/1"}],"replies":[{"embeddable":true,"href":"https:\/\/elcanillita.info\/press\/wp-json\/wp\/v2\/comments?post=5225"}],"version-history":[{"count":0,"href":"https:\/\/elcanillita.info\/press\/wp-json\/wp\/v2\/posts\/5225\/revisions"}],"wp:featuredmedia":[{"embeddable":true,"href":"https:\/\/elcanillita.info\/press\/wp-json\/wp\/v2\/media\/5226"}],"wp:attachment":[{"href":"https:\/\/elcanillita.info\/press\/wp-json\/wp\/v2\/media?parent=5225"}],"wp:term":[{"taxonomy":"category","embeddable":true,"href":"https:\/\/elcanillita.info\/press\/wp-json\/wp\/v2\/categories?post=5225"},{"taxonomy":"post_tag","embeddable":true,"href":"https:\/\/elcanillita.info\/press\/wp-json\/wp\/v2\/tags?post=5225"}],"curies":[{"name":"wp","href":"https:\/\/api.w.org\/{rel}","templated":true}]}}