{"id":5216,"date":"2025-07-25T19:39:47","date_gmt":"2025-07-25T22:39:47","guid":{"rendered":"https:\/\/elcanillita.info\/press\/?p=5216"},"modified":"2025-07-25T19:41:42","modified_gmt":"2025-07-25T22:41:42","slug":"motosierra-mendocina-entre-el-serrucho-politico-y-el-sagrado-cielo","status":"publish","type":"post","link":"https:\/\/elcanillita.info\/press\/2025\/07\/25\/motosierra-mendocina-entre-el-serrucho-politico-y-el-sagrado-cielo\/","title":{"rendered":"&#8220;Motosierra mendocina: entre el serrucho pol\u00edtico y el sagrado cielo&#8221;"},"content":{"rendered":"\n<figure class=\"wp-block-image size-full is-resized\"><img loading=\"lazy\" decoding=\"async\" width=\"1024\" height=\"1024\" src=\"https:\/\/elcanillita.info\/press\/images\/2025\/07\/heda.jpg\" alt=\"\" class=\"wp-image-5217\" style=\"width:702px;height:auto\" srcset=\"https:\/\/elcanillita.info\/press\/images\/2025\/07\/heda.jpg 1024w, https:\/\/elcanillita.info\/press\/images\/2025\/07\/heda-300x300.jpg 300w, https:\/\/elcanillita.info\/press\/images\/2025\/07\/heda-150x150.jpg 150w, https:\/\/elcanillita.info\/press\/images\/2025\/07\/heda-768x768.jpg 768w\" sizes=\"auto, (max-width: 1024px) 100vw, 1024px\" \/><\/figure>\n\n\n\n<p><strong>ElCanillita.info<\/strong><br>Mendoza,Argentina 26\/07\/2025<br><br><em>Redacci\u00f3n de  ElCanillita.info<\/em><\/p>\n\n\n\n<p>En la imagen que encabeza esta nota, la vicegobernadora de Mendoza, Hebe Casado, posa sonriente con una motosierra cromada sobre la mesa del despacho oficial. Grabado sobre el filo reluce el lema: &#8220;Las fuerzas del cielo&#8221;. Un s\u00edmbolo tan pulido como ambiguo, que resume el clima pol\u00edtico de la provincia y del pa\u00eds.<\/p>\n\n\n\n<hr class=\"wp-block-separator has-alpha-channel-opacity\"\/>\n\n\n\n<h3 class=\"wp-block-heading\">\ud83c\udf47 El tutti frutti mendocino: entre la UCR, el PRO y la motosierra<\/h3>\n\n\n\n<p>La escena pol\u00edtica de Mendoza, siempre tirante pero previsible, se ha vuelto una licuadora ideol\u00f3gica. Esta semana, Cambia Mendoza \u2014coalici\u00f3n liderada por el gobernador radical Alfredo Cornejo\u2014 cerr\u00f3 una alianza electoral con La Libertad Avanza, el espacio del presidente Javier Milei.<\/p>\n\n\n\n<p>El acuerdo, anunciado por el presidente de la UCR mendocina, Andr\u00e9s Lombardi, todav\u00eda no tiene letra chica, pero ya genera ruido. La vicegobernadora Hebe Casado, que abandon\u00f3 el PRO con intenciones de sumarse a LLA, qued\u00f3 en una especie de limbo: quiso afiliarse formalmente al partido de Milei, pero nunca fue aceptada oficialmente.<\/p>\n\n\n\n<p>Esto deja a Casado como una figura libre, entusiasta del mile\u00edsmo, pero sin asiento formal. Sin embargo, sigue operando pol\u00edticamente a la par del oficialismo provincial, que ahora intenta combinar su perfil radical con el show pirot\u00e9cnico libertario.<\/p>\n\n\n\n<hr class=\"wp-block-separator has-alpha-channel-opacity\"\/>\n\n\n\n<h3 class=\"wp-block-heading\">\u2694\ufe0f Milei + Cornejo = \u00bfCoalici\u00f3n o colisi\u00f3n?<\/h3>\n\n\n\n<p>Lo que en los papeles se presenta como una alianza, en los hechos parece un matrimonio por conveniencia:<\/p>\n\n\n\n<ul class=\"wp-block-list\">\n<li>Los radicales quieren evitar la sangr\u00eda de votos hacia Milei.<\/li>\n\n\n\n<li>Los libertarios buscan estructura territorial y fiscales.<\/li>\n<\/ul>\n\n\n\n<p>El acuerdo ser\u00e1 provincial en Mendoza, pero con nombre distinto al del frente nacional<strong> <\/strong>que Milei impulsa en otras provincias. Un enroque de marcas que apunta a sumar sin restar, aunque al final lo que se cocina es una ensalada de principios.<\/p>\n\n\n\n<hr class=\"wp-block-separator has-alpha-channel-opacity\"\/>\n\n\n\n<h3 class=\"wp-block-heading\">\ud83d\udcac Hebe Casado: la motosierra como postura pol\u00edtica<\/h3>\n\n\n\n<p>La imagen que Casado eligi\u00f3 para celebrar este acuerdo simb\u00f3lico \u2014ella, con una motosierra brillante, como si fuera un trofeo de guerra\u2014 habla m\u00e1s que cualquier discurso. La motosierra se ha convertido en un fetiche del mile\u00edsmo, pero en manos de una vicegobernadora radical, confunde m\u00e1s que aclara.<\/p>\n\n\n\n<p>\u00bfEst\u00e1 alineada con Milei o con Cornejo? \u00bfRepresenta al gobierno provincial o al nacional? \u00bfEs el gesto de una aliada fiel o el de una pol\u00edtica sin partido fijo? En el fondo, quiz\u00e1s sea todo eso junto: una dirigente que se acomoda en la turbulencia, mientras se saca selfies con la herramienta emblema de la \u00e9poca.<\/p>\n\n\n\n<hr class=\"wp-block-separator has-alpha-channel-opacity\"\/>\n\n\n\n<h3 class=\"wp-block-heading\">\ud83d\udd0d Conclusi\u00f3n: El acuerdo sin manual de instrucciones<\/h3>\n\n\n\n<p>Mendoza se convierte en un laboratorio de esta nueva pol\u00edtica argentina donde los partidos hist\u00f3ricos se desdibujan<strong>, <\/strong>los s\u00edmbolos se superponen y las figuras como Hebe Casado se transforman en iconos virales m\u00e1s que en actores institucionales.<\/p>\n\n\n\n<p>Entre una UCR que sobrevive mimetiz\u00e1ndose, un Milei que opera por sat\u00e9lite, y una motosierra que ya no corta madera sino alianzas, el futuro electoral mendocino ser\u00e1 tan incierto como ruidoso.<\/p>\n\n\n\n<p><small>\u00a9 2025 ElCanillita.info \/ BlogDiario.info &#8211; All Rights Reserved &#8211; SalaStampa.eu, world press service Guzzo Photos &amp; Graphic Publications \u2013 Registro Editori e Stampatori n. 1441 Turin, Italy<\/small><\/p>\n\n\n\n<p><\/p>\n","protected":false},"excerpt":{"rendered":"<p>Milei + Cornejo = \u00bfCoalici\u00f3n o colisi\u00f3n?<\/p>\n","protected":false},"author":1,"featured_media":5218,"comment_status":"closed","ping_status":"closed","sticky":false,"template":"","format":"standard","meta":{"footnotes":"","_links_to":"","_links_to_target":""},"categories":[108,121,70,123,23,25],"tags":[29],"class_list":["post-5216","post","type-post","status-publish","format-standard","has-post-thumbnail","hentry","category-blogdiario","category-dc24","category-actualidad","category-argentina","category-politica","category-sociedad","tag-argentina","entry","double"],"yoast_head":"<!-- This site is optimized with the Yoast SEO plugin v27.5 - https:\/\/yoast.com\/product\/yoast-seo-wordpress\/ -->\n<title>&quot;Motosierra mendocina: entre el serrucho pol\u00edtico y el sagrado cielo&quot; - ElCanillita.Info<\/title>\n<meta name=\"robots\" content=\"index, follow, max-snippet:-1, max-image-preview:large, max-video-preview:-1\" \/>\n<link rel=\"canonical\" href=\"https:\/\/elcanillita.info\/press\/2025\/07\/25\/motosierra-mendocina-entre-el-serrucho-politico-y-el-sagrado-cielo\/\" \/>\n<meta property=\"og:locale\" content=\"es_ES\" \/>\n<meta property=\"og:type\" content=\"article\" \/>\n<meta property=\"og:title\" content=\"&quot;Motosierra mendocina: entre el serrucho pol\u00edtico y el sagrado cielo&quot; - ElCanillita.Info\" \/>\n<meta property=\"og:description\" content=\"Milei + Cornejo = \u00bfCoalici\u00f3n o colisi\u00f3n?\" \/>\n<meta property=\"og:url\" content=\"https:\/\/elcanillita.info\/press\/2025\/07\/25\/motosierra-mendocina-entre-el-serrucho-politico-y-el-sagrado-cielo\/\" \/>\n<meta property=\"og:site_name\" content=\"ElCanillita.Info\" \/>\n<meta property=\"article:publisher\" content=\"https:\/\/ar-ar.facebook.com\/ElCanillitainfo-114249515285712\/\" \/>\n<meta property=\"article:published_time\" content=\"2025-07-25T22:39:47+00:00\" \/>\n<meta property=\"article:modified_time\" content=\"2025-07-25T22:41:42+00:00\" \/>\n<meta property=\"og:image\" content=\"https:\/\/elcanillita.info\/press\/images\/2025\/07\/hebe2.jpg\" \/>\n\t<meta property=\"og:image:width\" content=\"1536\" \/>\n\t<meta property=\"og:image:height\" content=\"1024\" \/>\n\t<meta property=\"og:image:type\" content=\"image\/jpeg\" \/>\n<meta name=\"author\" content=\"SalaStampa.eu, world press service\" \/>\n<meta name=\"twitter:card\" content=\"summary_large_image\" \/>\n<meta name=\"twitter:label1\" content=\"Escrito por\" \/>\n\t<meta name=\"twitter:data1\" content=\"SalaStampa.eu, world press service\" \/>\n\t<meta name=\"twitter:label2\" content=\"Tiempo de lectura\" \/>\n\t<meta name=\"twitter:data2\" content=\"3 minutos\" \/>\n<script type=\"application\/ld+json\" class=\"yoast-schema-graph\">{\"@context\":\"https:\\\/\\\/schema.org\",\"@graph\":[{\"@type\":\"Article\",\"@id\":\"https:\\\/\\\/elcanillita.info\\\/press\\\/2025\\\/07\\\/25\\\/motosierra-mendocina-entre-el-serrucho-politico-y-el-sagrado-cielo\\\/#article\",\"isPartOf\":{\"@id\":\"https:\\\/\\\/elcanillita.info\\\/press\\\/2025\\\/07\\\/25\\\/motosierra-mendocina-entre-el-serrucho-politico-y-el-sagrado-cielo\\\/\"},\"author\":{\"name\":\"SalaStampa.eu, world press service\",\"@id\":\"https:\\\/\\\/elcanillita.info\\\/press\\\/#\\\/schema\\\/person\\\/7fcb79f38045700919f7da6d97e71ba0\"},\"headline\":\"&#8220;Motosierra mendocina: entre el serrucho pol\u00edtico y el sagrado cielo&#8221;\",\"datePublished\":\"2025-07-25T22:39:47+00:00\",\"dateModified\":\"2025-07-25T22:41:42+00:00\",\"mainEntityOfPage\":{\"@id\":\"https:\\\/\\\/elcanillita.info\\\/press\\\/2025\\\/07\\\/25\\\/motosierra-mendocina-entre-el-serrucho-politico-y-el-sagrado-cielo\\\/\"},\"wordCount\":539,\"publisher\":{\"@id\":\"https:\\\/\\\/elcanillita.info\\\/press\\\/#organization\"},\"image\":{\"@id\":\"https:\\\/\\\/elcanillita.info\\\/press\\\/2025\\\/07\\\/25\\\/motosierra-mendocina-entre-el-serrucho-politico-y-el-sagrado-cielo\\\/#primaryimage\"},\"thumbnailUrl\":\"https:\\\/\\\/elcanillita.info\\\/press\\\/images\\\/2025\\\/07\\\/hebe2.jpg\",\"keywords\":[\"Argentina\"],\"articleSection\":[\".\",\".\",\"Actualidad\",\"Argentina\",\"Politica\",\"Sociedad\"],\"inLanguage\":\"es-AR\"},{\"@type\":\"WebPage\",\"@id\":\"https:\\\/\\\/elcanillita.info\\\/press\\\/2025\\\/07\\\/25\\\/motosierra-mendocina-entre-el-serrucho-politico-y-el-sagrado-cielo\\\/\",\"url\":\"https:\\\/\\\/elcanillita.info\\\/press\\\/2025\\\/07\\\/25\\\/motosierra-mendocina-entre-el-serrucho-politico-y-el-sagrado-cielo\\\/\",\"name\":\"\\\"Motosierra mendocina: entre el serrucho pol\u00edtico y el sagrado cielo\\\" - ElCanillita.Info\",\"isPartOf\":{\"@id\":\"https:\\\/\\\/elcanillita.info\\\/press\\\/#website\"},\"primaryImageOfPage\":{\"@id\":\"https:\\\/\\\/elcanillita.info\\\/press\\\/2025\\\/07\\\/25\\\/motosierra-mendocina-entre-el-serrucho-politico-y-el-sagrado-cielo\\\/#primaryimage\"},\"image\":{\"@id\":\"https:\\\/\\\/elcanillita.info\\\/press\\\/2025\\\/07\\\/25\\\/motosierra-mendocina-entre-el-serrucho-politico-y-el-sagrado-cielo\\\/#primaryimage\"},\"thumbnailUrl\":\"https:\\\/\\\/elcanillita.info\\\/press\\\/images\\\/2025\\\/07\\\/hebe2.jpg\",\"datePublished\":\"2025-07-25T22:39:47+00:00\",\"dateModified\":\"2025-07-25T22:41:42+00:00\",\"inLanguage\":\"es-AR\",\"potentialAction\":[{\"@type\":\"ReadAction\",\"target\":[\"https:\\\/\\\/elcanillita.info\\\/press\\\/2025\\\/07\\\/25\\\/motosierra-mendocina-entre-el-serrucho-politico-y-el-sagrado-cielo\\\/\"]}]},{\"@type\":\"ImageObject\",\"inLanguage\":\"es-AR\",\"@id\":\"https:\\\/\\\/elcanillita.info\\\/press\\\/2025\\\/07\\\/25\\\/motosierra-mendocina-entre-el-serrucho-politico-y-el-sagrado-cielo\\\/#primaryimage\",\"url\":\"https:\\\/\\\/elcanillita.info\\\/press\\\/images\\\/2025\\\/07\\\/hebe2.jpg\",\"contentUrl\":\"https:\\\/\\\/elcanillita.info\\\/press\\\/images\\\/2025\\\/07\\\/hebe2.jpg\",\"width\":1536,\"height\":1024},{\"@type\":\"WebSite\",\"@id\":\"https:\\\/\\\/elcanillita.info\\\/press\\\/#website\",\"url\":\"https:\\\/\\\/elcanillita.info\\\/press\\\/\",\"name\":\"ElCanillita.Info\",\"description\":\"desde los Apeninos a los Andes\",\"publisher\":{\"@id\":\"https:\\\/\\\/elcanillita.info\\\/press\\\/#organization\"},\"potentialAction\":[{\"@type\":\"SearchAction\",\"target\":{\"@type\":\"EntryPoint\",\"urlTemplate\":\"https:\\\/\\\/elcanillita.info\\\/press\\\/?s={search_term_string}\"},\"query-input\":{\"@type\":\"PropertyValueSpecification\",\"valueRequired\":true,\"valueName\":\"search_term_string\"}}],\"inLanguage\":\"es-AR\"},{\"@type\":\"Organization\",\"@id\":\"https:\\\/\\\/elcanillita.info\\\/press\\\/#organization\",\"name\":\"Guzzo Photos & Graphic Publications\",\"url\":\"https:\\\/\\\/elcanillita.info\\\/press\\\/\",\"logo\":{\"@type\":\"ImageObject\",\"inLanguage\":\"es-AR\",\"@id\":\"https:\\\/\\\/elcanillita.info\\\/press\\\/#\\\/schema\\\/logo\\\/image\\\/\",\"url\":\"https:\\\/\\\/elcanillita.info\\\/press\\\/images\\\/2020\\\/01\\\/cropped-cropped-cropped-elcanillitainfo.png\",\"contentUrl\":\"https:\\\/\\\/elcanillita.info\\\/press\\\/images\\\/2020\\\/01\\\/cropped-cropped-cropped-elcanillitainfo.png\",\"width\":460,\"height\":50,\"caption\":\"Guzzo Photos & Graphic Publications\"},\"image\":{\"@id\":\"https:\\\/\\\/elcanillita.info\\\/press\\\/#\\\/schema\\\/logo\\\/image\\\/\"},\"sameAs\":[\"https:\\\/\\\/ar-ar.facebook.com\\\/ElCanillitainfo-114249515285712\\\/\"]},{\"@type\":\"Person\",\"@id\":\"https:\\\/\\\/elcanillita.info\\\/press\\\/#\\\/schema\\\/person\\\/7fcb79f38045700919f7da6d97e71ba0\",\"name\":\"SalaStampa.eu, world press service\",\"image\":{\"@type\":\"ImageObject\",\"inLanguage\":\"es-AR\",\"@id\":\"https:\\\/\\\/secure.gravatar.com\\\/avatar\\\/c2f0e0d515a107624234994507816ca4724c7199cef73fc8bedebf6931d73888?s=96&d=mm&r=g\",\"url\":\"https:\\\/\\\/secure.gravatar.com\\\/avatar\\\/c2f0e0d515a107624234994507816ca4724c7199cef73fc8bedebf6931d73888?s=96&d=mm&r=g\",\"contentUrl\":\"https:\\\/\\\/secure.gravatar.com\\\/avatar\\\/c2f0e0d515a107624234994507816ca4724c7199cef73fc8bedebf6931d73888?s=96&d=mm&r=g\",\"caption\":\"SalaStampa.eu, world press service\"}}]}<\/script>\n<!-- \/ Yoast SEO plugin. -->","yoast_head_json":{"title":"\"Motosierra mendocina: entre el serrucho pol\u00edtico y el sagrado cielo\" - ElCanillita.Info","robots":{"index":"index","follow":"follow","max-snippet":"max-snippet:-1","max-image-preview":"max-image-preview:large","max-video-preview":"max-video-preview:-1"},"canonical":"https:\/\/elcanillita.info\/press\/2025\/07\/25\/motosierra-mendocina-entre-el-serrucho-politico-y-el-sagrado-cielo\/","og_locale":"es_ES","og_type":"article","og_title":"\"Motosierra mendocina: entre el serrucho pol\u00edtico y el sagrado cielo\" - ElCanillita.Info","og_description":"Milei + Cornejo = \u00bfCoalici\u00f3n o colisi\u00f3n?","og_url":"https:\/\/elcanillita.info\/press\/2025\/07\/25\/motosierra-mendocina-entre-el-serrucho-politico-y-el-sagrado-cielo\/","og_site_name":"ElCanillita.Info","article_publisher":"https:\/\/ar-ar.facebook.com\/ElCanillitainfo-114249515285712\/","article_published_time":"2025-07-25T22:39:47+00:00","article_modified_time":"2025-07-25T22:41:42+00:00","og_image":[{"width":1536,"height":1024,"url":"https:\/\/elcanillita.info\/press\/images\/2025\/07\/hebe2.jpg","type":"image\/jpeg"}],"author":"SalaStampa.eu, world press service","twitter_card":"summary_large_image","twitter_misc":{"Escrito por":"SalaStampa.eu, world press service","Tiempo de lectura":"3 minutos"},"schema":{"@context":"https:\/\/schema.org","@graph":[{"@type":"Article","@id":"https:\/\/elcanillita.info\/press\/2025\/07\/25\/motosierra-mendocina-entre-el-serrucho-politico-y-el-sagrado-cielo\/#article","isPartOf":{"@id":"https:\/\/elcanillita.info\/press\/2025\/07\/25\/motosierra-mendocina-entre-el-serrucho-politico-y-el-sagrado-cielo\/"},"author":{"name":"SalaStampa.eu, world press service","@id":"https:\/\/elcanillita.info\/press\/#\/schema\/person\/7fcb79f38045700919f7da6d97e71ba0"},"headline":"&#8220;Motosierra mendocina: entre el serrucho pol\u00edtico y el sagrado cielo&#8221;","datePublished":"2025-07-25T22:39:47+00:00","dateModified":"2025-07-25T22:41:42+00:00","mainEntityOfPage":{"@id":"https:\/\/elcanillita.info\/press\/2025\/07\/25\/motosierra-mendocina-entre-el-serrucho-politico-y-el-sagrado-cielo\/"},"wordCount":539,"publisher":{"@id":"https:\/\/elcanillita.info\/press\/#organization"},"image":{"@id":"https:\/\/elcanillita.info\/press\/2025\/07\/25\/motosierra-mendocina-entre-el-serrucho-politico-y-el-sagrado-cielo\/#primaryimage"},"thumbnailUrl":"https:\/\/elcanillita.info\/press\/images\/2025\/07\/hebe2.jpg","keywords":["Argentina"],"articleSection":[".",".","Actualidad","Argentina","Politica","Sociedad"],"inLanguage":"es-AR"},{"@type":"WebPage","@id":"https:\/\/elcanillita.info\/press\/2025\/07\/25\/motosierra-mendocina-entre-el-serrucho-politico-y-el-sagrado-cielo\/","url":"https:\/\/elcanillita.info\/press\/2025\/07\/25\/motosierra-mendocina-entre-el-serrucho-politico-y-el-sagrado-cielo\/","name":"\"Motosierra mendocina: entre el serrucho pol\u00edtico y el sagrado cielo\" - ElCanillita.Info","isPartOf":{"@id":"https:\/\/elcanillita.info\/press\/#website"},"primaryImageOfPage":{"@id":"https:\/\/elcanillita.info\/press\/2025\/07\/25\/motosierra-mendocina-entre-el-serrucho-politico-y-el-sagrado-cielo\/#primaryimage"},"image":{"@id":"https:\/\/elcanillita.info\/press\/2025\/07\/25\/motosierra-mendocina-entre-el-serrucho-politico-y-el-sagrado-cielo\/#primaryimage"},"thumbnailUrl":"https:\/\/elcanillita.info\/press\/images\/2025\/07\/hebe2.jpg","datePublished":"2025-07-25T22:39:47+00:00","dateModified":"2025-07-25T22:41:42+00:00","inLanguage":"es-AR","potentialAction":[{"@type":"ReadAction","target":["https:\/\/elcanillita.info\/press\/2025\/07\/25\/motosierra-mendocina-entre-el-serrucho-politico-y-el-sagrado-cielo\/"]}]},{"@type":"ImageObject","inLanguage":"es-AR","@id":"https:\/\/elcanillita.info\/press\/2025\/07\/25\/motosierra-mendocina-entre-el-serrucho-politico-y-el-sagrado-cielo\/#primaryimage","url":"https:\/\/elcanillita.info\/press\/images\/2025\/07\/hebe2.jpg","contentUrl":"https:\/\/elcanillita.info\/press\/images\/2025\/07\/hebe2.jpg","width":1536,"height":1024},{"@type":"WebSite","@id":"https:\/\/elcanillita.info\/press\/#website","url":"https:\/\/elcanillita.info\/press\/","name":"ElCanillita.Info","description":"desde los Apeninos a los Andes","publisher":{"@id":"https:\/\/elcanillita.info\/press\/#organization"},"potentialAction":[{"@type":"SearchAction","target":{"@type":"EntryPoint","urlTemplate":"https:\/\/elcanillita.info\/press\/?s={search_term_string}"},"query-input":{"@type":"PropertyValueSpecification","valueRequired":true,"valueName":"search_term_string"}}],"inLanguage":"es-AR"},{"@type":"Organization","@id":"https:\/\/elcanillita.info\/press\/#organization","name":"Guzzo Photos & Graphic Publications","url":"https:\/\/elcanillita.info\/press\/","logo":{"@type":"ImageObject","inLanguage":"es-AR","@id":"https:\/\/elcanillita.info\/press\/#\/schema\/logo\/image\/","url":"https:\/\/elcanillita.info\/press\/images\/2020\/01\/cropped-cropped-cropped-elcanillitainfo.png","contentUrl":"https:\/\/elcanillita.info\/press\/images\/2020\/01\/cropped-cropped-cropped-elcanillitainfo.png","width":460,"height":50,"caption":"Guzzo Photos & Graphic Publications"},"image":{"@id":"https:\/\/elcanillita.info\/press\/#\/schema\/logo\/image\/"},"sameAs":["https:\/\/ar-ar.facebook.com\/ElCanillitainfo-114249515285712\/"]},{"@type":"Person","@id":"https:\/\/elcanillita.info\/press\/#\/schema\/person\/7fcb79f38045700919f7da6d97e71ba0","name":"SalaStampa.eu, world press service","image":{"@type":"ImageObject","inLanguage":"es-AR","@id":"https:\/\/secure.gravatar.com\/avatar\/c2f0e0d515a107624234994507816ca4724c7199cef73fc8bedebf6931d73888?s=96&d=mm&r=g","url":"https:\/\/secure.gravatar.com\/avatar\/c2f0e0d515a107624234994507816ca4724c7199cef73fc8bedebf6931d73888?s=96&d=mm&r=g","contentUrl":"https:\/\/secure.gravatar.com\/avatar\/c2f0e0d515a107624234994507816ca4724c7199cef73fc8bedebf6931d73888?s=96&d=mm&r=g","caption":"SalaStampa.eu, world press service"}}]}},"views":183,"_links":{"self":[{"href":"https:\/\/elcanillita.info\/press\/wp-json\/wp\/v2\/posts\/5216","targetHints":{"allow":["GET"]}}],"collection":[{"href":"https:\/\/elcanillita.info\/press\/wp-json\/wp\/v2\/posts"}],"about":[{"href":"https:\/\/elcanillita.info\/press\/wp-json\/wp\/v2\/types\/post"}],"author":[{"embeddable":true,"href":"https:\/\/elcanillita.info\/press\/wp-json\/wp\/v2\/users\/1"}],"replies":[{"embeddable":true,"href":"https:\/\/elcanillita.info\/press\/wp-json\/wp\/v2\/comments?post=5216"}],"version-history":[{"count":0,"href":"https:\/\/elcanillita.info\/press\/wp-json\/wp\/v2\/posts\/5216\/revisions"}],"wp:featuredmedia":[{"embeddable":true,"href":"https:\/\/elcanillita.info\/press\/wp-json\/wp\/v2\/media\/5218"}],"wp:attachment":[{"href":"https:\/\/elcanillita.info\/press\/wp-json\/wp\/v2\/media?parent=5216"}],"wp:term":[{"taxonomy":"category","embeddable":true,"href":"https:\/\/elcanillita.info\/press\/wp-json\/wp\/v2\/categories?post=5216"},{"taxonomy":"post_tag","embeddable":true,"href":"https:\/\/elcanillita.info\/press\/wp-json\/wp\/v2\/tags?post=5216"}],"curies":[{"name":"wp","href":"https:\/\/api.w.org\/{rel}","templated":true}]}}