{"id":5210,"date":"2025-07-24T20:06:55","date_gmt":"2025-07-24T23:06:55","guid":{"rendered":"https:\/\/elcanillita.info\/press\/?p=5210"},"modified":"2025-07-24T20:07:11","modified_gmt":"2025-07-24T23:07:11","slug":"nucleares-somos-y-en-el-reactor-andaremos","status":"publish","type":"post","link":"https:\/\/elcanillita.info\/press\/2025\/07\/24\/nucleares-somos-y-en-el-reactor-andaremos\/","title":{"rendered":"Nucleares somos y en el reactor andaremos"},"content":{"rendered":"<div class=\"wp-block-image\">\n<figure class=\"alignleft size-large is-resized\"><img loading=\"lazy\" decoding=\"async\" width=\"1024\" height=\"683\" src=\"https:\/\/elcanillita.info\/press\/images\/2025\/07\/reactor-1024x683.jpg\" alt=\"\" class=\"wp-image-5211\" style=\"width:356px;height:auto\" srcset=\"https:\/\/elcanillita.info\/press\/images\/2025\/07\/reactor-1024x683.jpg 1024w, https:\/\/elcanillita.info\/press\/images\/2025\/07\/reactor-300x200.jpg 300w, https:\/\/elcanillita.info\/press\/images\/2025\/07\/reactor-768x512.jpg 768w, https:\/\/elcanillita.info\/press\/images\/2025\/07\/reactor.jpg 1536w\" sizes=\"auto, (max-width: 1024px) 100vw, 1024px\" \/><\/figure>\n<\/div>\n\n\n<p><strong>Por Redacci\u00f3n ElCanillita.info<\/strong><br>Argentina, 25\/07\/2025<\/p>\n\n\n\n<p>Alguna vez, Per\u00f3n prometi\u00f3 que Argentina exportar\u00eda energ\u00eda nuclear en botellas de medio litro. Fue una exageraci\u00f3n po\u00e9tica, un destello de nacionalismo at\u00f3mico. Hoy, m\u00e1s de medio siglo despu\u00e9s, el gobierno libertario de Javier Milei \u2014que le teme al Estado, pero no tanto como para renegar de sus inventos \u00fatiles\u2014 desempolva el sue\u00f1o nuclear con nombre nuevo: <strong>ACR-300<\/strong>.<\/p>\n\n\n\n<p>\u00bfDe qu\u00e9 se trata? De un <strong>reactor modular argentino de 300 megavatios<\/strong>, dise\u00f1ado por <strong>INVAP<\/strong>, la empresa estatal que ya ha mandado sat\u00e9lites al espacio y reactores a Argelia, Australia y los Emiratos. Este no es un reactor de juguete: es serio, compacto y ambicioso. Tanto que ya est\u00e1 patentado en Estados Unidos y forma parte de un plan que Milei llama sin rubor &#8220;la revoluci\u00f3n nuclear argentina&#8221;. \u00bfExagerado? Sin duda. \u00bfSin base? No tanto.<\/p>\n\n\n\n<p>La promesa es instalar hasta <strong>cuatro m\u00f3dulos ACR-300 en Atucha<\/strong>, crear una &#8220;ciudad nuclear&#8221; para atraer centros de datos internacionales y reactivar la producci\u00f3n nacional de uranio. Suena bien en PowerPoint. El problema es que la experiencia previa, el CAREM-25, lleva <strong>m\u00e1s de una d\u00e9cada parado, inacabado y casi olvidado<\/strong>, como tantos otros proyectos que la pol\u00edtica bendice y luego castiga con la indiferencia presupuestaria.<\/p>\n\n\n\n<p>Pero esta vez la f\u00f3rmula incluye un ingrediente nuevo: <strong>inversores privados<\/strong>. INVAP ya firm\u00f3 con un socio yanqui (de identidad reservada, como en las pel\u00edculas de esp\u00edas), y el gobierno asegura que no costar\u00e1 un peso al contribuyente. Eso, claro, si no aparecen a mitad de camino las cl\u00e1sicas &#8220;condiciones cambiantes del mercado&#8221; o un giro ideol\u00f3gico que mande todo al freezer.<\/p>\n\n\n\n<p>\u00bfPuede funcionar? T\u00e9cnicamente s\u00ed. Argentina tiene recursos humanos, experiencia regulatoria y una industria que supo ser de vanguardia. El problema no es la ciencia, sino la pol\u00edtica. Lo nuclear no es para ansiosos ni tuiteros: lleva a\u00f1os, necesita coherencia y planificaci\u00f3n. No se improvisa en cadena nacional.<\/p>\n\n\n\n<p>As\u00ed que, entre el escepticismo de algunos y el entusiasmo de otros, <strong>el ACR-300 avanza en planos y anuncios<\/strong>. No hay todav\u00eda un ladrillo puesto, pero hay humo&#8230; y no es precisamente del bueno.<\/p>\n\n\n\n<p>Como siempre, entre lo que se dice y lo que se hace, hay una grieta que ni el uranio enriquecido puede sellar. Pero al menos, esta vez, el delirio tiene planos, socios y patentes. Ya es m\u00e1s que una botella vac\u00eda.<br><br><small>\u00a9\ufe0f2025 \u201cEl \u00faltimo que dobla la esquina\u201d \u2026poque siempre hay alguien que reparte noticias mientras todos duermen. All Rights Reserved Copyright \u00a9\ufe0f 2025 ElCanillita.info \/ SalaStampa.eu, world press service Guzzo Photos &amp; Graphic Publications \u2013 Registro Editori e Stampatori n. 1441 Torino, Italia<\/small><\/p>\n\n\n\n<p><\/p>\n","protected":false},"excerpt":{"rendered":"<p>Puede funcionar? T\u00e9cnicamente s\u00ed. Argentina tiene recursos humanos, experiencia regulatoria y una industria que supo ser de vanguardia<\/p>\n","protected":false},"author":1,"featured_media":5211,"comment_status":"closed","ping_status":"closed","sticky":false,"template":"","format":"standard","meta":{"footnotes":"","_links_to":"","_links_to_target":""},"categories":[108,121,70,123,24,23],"tags":[29],"class_list":["post-5210","post","type-post","status-publish","format-standard","has-post-thumbnail","hentry","category-blogdiario","category-dc24","category-actualidad","category-argentina","category-ciencia-tecnologia","category-politica","tag-argentina","entry","double"],"yoast_head":"<!-- This site is optimized with the Yoast SEO plugin v27.5 - https:\/\/yoast.com\/product\/yoast-seo-wordpress\/ -->\n<title>Nucleares somos y en el reactor andaremos - ElCanillita.Info<\/title>\n<meta name=\"robots\" content=\"index, follow, max-snippet:-1, max-image-preview:large, max-video-preview:-1\" \/>\n<link rel=\"canonical\" href=\"https:\/\/elcanillita.info\/press\/2025\/07\/24\/nucleares-somos-y-en-el-reactor-andaremos\/\" \/>\n<meta property=\"og:locale\" content=\"es_ES\" \/>\n<meta property=\"og:type\" content=\"article\" \/>\n<meta property=\"og:title\" content=\"Nucleares somos y en el reactor andaremos - ElCanillita.Info\" \/>\n<meta property=\"og:description\" content=\"Puede funcionar? T\u00e9cnicamente s\u00ed. Argentina tiene recursos humanos, experiencia regulatoria y una industria que supo ser de vanguardia\" \/>\n<meta property=\"og:url\" content=\"https:\/\/elcanillita.info\/press\/2025\/07\/24\/nucleares-somos-y-en-el-reactor-andaremos\/\" \/>\n<meta property=\"og:site_name\" content=\"ElCanillita.Info\" \/>\n<meta property=\"article:publisher\" content=\"https:\/\/ar-ar.facebook.com\/ElCanillitainfo-114249515285712\/\" \/>\n<meta property=\"article:published_time\" content=\"2025-07-24T23:06:55+00:00\" \/>\n<meta property=\"article:modified_time\" content=\"2025-07-24T23:07:11+00:00\" \/>\n<meta property=\"og:image\" content=\"https:\/\/elcanillita.info\/press\/images\/2025\/07\/reactor.jpg\" \/>\n\t<meta property=\"og:image:width\" content=\"1536\" \/>\n\t<meta property=\"og:image:height\" content=\"1024\" \/>\n\t<meta property=\"og:image:type\" content=\"image\/jpeg\" \/>\n<meta name=\"author\" content=\"SalaStampa.eu, world press service\" \/>\n<meta name=\"twitter:card\" content=\"summary_large_image\" \/>\n<meta name=\"twitter:label1\" content=\"Escrito por\" \/>\n\t<meta name=\"twitter:data1\" content=\"SalaStampa.eu, world press service\" \/>\n\t<meta name=\"twitter:label2\" content=\"Tiempo de lectura\" \/>\n\t<meta name=\"twitter:data2\" content=\"3 minutos\" \/>\n<script type=\"application\/ld+json\" class=\"yoast-schema-graph\">{\"@context\":\"https:\\\/\\\/schema.org\",\"@graph\":[{\"@type\":\"Article\",\"@id\":\"https:\\\/\\\/elcanillita.info\\\/press\\\/2025\\\/07\\\/24\\\/nucleares-somos-y-en-el-reactor-andaremos\\\/#article\",\"isPartOf\":{\"@id\":\"https:\\\/\\\/elcanillita.info\\\/press\\\/2025\\\/07\\\/24\\\/nucleares-somos-y-en-el-reactor-andaremos\\\/\"},\"author\":{\"name\":\"SalaStampa.eu, world press service\",\"@id\":\"https:\\\/\\\/elcanillita.info\\\/press\\\/#\\\/schema\\\/person\\\/7fcb79f38045700919f7da6d97e71ba0\"},\"headline\":\"Nucleares somos y en el reactor andaremos\",\"datePublished\":\"2025-07-24T23:06:55+00:00\",\"dateModified\":\"2025-07-24T23:07:11+00:00\",\"mainEntityOfPage\":{\"@id\":\"https:\\\/\\\/elcanillita.info\\\/press\\\/2025\\\/07\\\/24\\\/nucleares-somos-y-en-el-reactor-andaremos\\\/\"},\"wordCount\":462,\"publisher\":{\"@id\":\"https:\\\/\\\/elcanillita.info\\\/press\\\/#organization\"},\"image\":{\"@id\":\"https:\\\/\\\/elcanillita.info\\\/press\\\/2025\\\/07\\\/24\\\/nucleares-somos-y-en-el-reactor-andaremos\\\/#primaryimage\"},\"thumbnailUrl\":\"https:\\\/\\\/elcanillita.info\\\/press\\\/images\\\/2025\\\/07\\\/reactor.jpg\",\"keywords\":[\"Argentina\"],\"articleSection\":[\".\",\".\",\"Actualidad\",\"Argentina\",\"Ciencia y Tecnologia\",\"Politica\"],\"inLanguage\":\"es-AR\"},{\"@type\":\"WebPage\",\"@id\":\"https:\\\/\\\/elcanillita.info\\\/press\\\/2025\\\/07\\\/24\\\/nucleares-somos-y-en-el-reactor-andaremos\\\/\",\"url\":\"https:\\\/\\\/elcanillita.info\\\/press\\\/2025\\\/07\\\/24\\\/nucleares-somos-y-en-el-reactor-andaremos\\\/\",\"name\":\"Nucleares somos y en el reactor andaremos - ElCanillita.Info\",\"isPartOf\":{\"@id\":\"https:\\\/\\\/elcanillita.info\\\/press\\\/#website\"},\"primaryImageOfPage\":{\"@id\":\"https:\\\/\\\/elcanillita.info\\\/press\\\/2025\\\/07\\\/24\\\/nucleares-somos-y-en-el-reactor-andaremos\\\/#primaryimage\"},\"image\":{\"@id\":\"https:\\\/\\\/elcanillita.info\\\/press\\\/2025\\\/07\\\/24\\\/nucleares-somos-y-en-el-reactor-andaremos\\\/#primaryimage\"},\"thumbnailUrl\":\"https:\\\/\\\/elcanillita.info\\\/press\\\/images\\\/2025\\\/07\\\/reactor.jpg\",\"datePublished\":\"2025-07-24T23:06:55+00:00\",\"dateModified\":\"2025-07-24T23:07:11+00:00\",\"inLanguage\":\"es-AR\",\"potentialAction\":[{\"@type\":\"ReadAction\",\"target\":[\"https:\\\/\\\/elcanillita.info\\\/press\\\/2025\\\/07\\\/24\\\/nucleares-somos-y-en-el-reactor-andaremos\\\/\"]}]},{\"@type\":\"ImageObject\",\"inLanguage\":\"es-AR\",\"@id\":\"https:\\\/\\\/elcanillita.info\\\/press\\\/2025\\\/07\\\/24\\\/nucleares-somos-y-en-el-reactor-andaremos\\\/#primaryimage\",\"url\":\"https:\\\/\\\/elcanillita.info\\\/press\\\/images\\\/2025\\\/07\\\/reactor.jpg\",\"contentUrl\":\"https:\\\/\\\/elcanillita.info\\\/press\\\/images\\\/2025\\\/07\\\/reactor.jpg\",\"width\":1536,\"height\":1024},{\"@type\":\"WebSite\",\"@id\":\"https:\\\/\\\/elcanillita.info\\\/press\\\/#website\",\"url\":\"https:\\\/\\\/elcanillita.info\\\/press\\\/\",\"name\":\"ElCanillita.Info\",\"description\":\"desde los Apeninos a los Andes\",\"publisher\":{\"@id\":\"https:\\\/\\\/elcanillita.info\\\/press\\\/#organization\"},\"potentialAction\":[{\"@type\":\"SearchAction\",\"target\":{\"@type\":\"EntryPoint\",\"urlTemplate\":\"https:\\\/\\\/elcanillita.info\\\/press\\\/?s={search_term_string}\"},\"query-input\":{\"@type\":\"PropertyValueSpecification\",\"valueRequired\":true,\"valueName\":\"search_term_string\"}}],\"inLanguage\":\"es-AR\"},{\"@type\":\"Organization\",\"@id\":\"https:\\\/\\\/elcanillita.info\\\/press\\\/#organization\",\"name\":\"Guzzo Photos & Graphic Publications\",\"url\":\"https:\\\/\\\/elcanillita.info\\\/press\\\/\",\"logo\":{\"@type\":\"ImageObject\",\"inLanguage\":\"es-AR\",\"@id\":\"https:\\\/\\\/elcanillita.info\\\/press\\\/#\\\/schema\\\/logo\\\/image\\\/\",\"url\":\"https:\\\/\\\/elcanillita.info\\\/press\\\/images\\\/2020\\\/01\\\/cropped-cropped-cropped-elcanillitainfo.png\",\"contentUrl\":\"https:\\\/\\\/elcanillita.info\\\/press\\\/images\\\/2020\\\/01\\\/cropped-cropped-cropped-elcanillitainfo.png\",\"width\":460,\"height\":50,\"caption\":\"Guzzo Photos & Graphic Publications\"},\"image\":{\"@id\":\"https:\\\/\\\/elcanillita.info\\\/press\\\/#\\\/schema\\\/logo\\\/image\\\/\"},\"sameAs\":[\"https:\\\/\\\/ar-ar.facebook.com\\\/ElCanillitainfo-114249515285712\\\/\"]},{\"@type\":\"Person\",\"@id\":\"https:\\\/\\\/elcanillita.info\\\/press\\\/#\\\/schema\\\/person\\\/7fcb79f38045700919f7da6d97e71ba0\",\"name\":\"SalaStampa.eu, world press service\",\"image\":{\"@type\":\"ImageObject\",\"inLanguage\":\"es-AR\",\"@id\":\"https:\\\/\\\/secure.gravatar.com\\\/avatar\\\/c2f0e0d515a107624234994507816ca4724c7199cef73fc8bedebf6931d73888?s=96&d=mm&r=g\",\"url\":\"https:\\\/\\\/secure.gravatar.com\\\/avatar\\\/c2f0e0d515a107624234994507816ca4724c7199cef73fc8bedebf6931d73888?s=96&d=mm&r=g\",\"contentUrl\":\"https:\\\/\\\/secure.gravatar.com\\\/avatar\\\/c2f0e0d515a107624234994507816ca4724c7199cef73fc8bedebf6931d73888?s=96&d=mm&r=g\",\"caption\":\"SalaStampa.eu, world press service\"}}]}<\/script>\n<!-- \/ Yoast SEO plugin. -->","yoast_head_json":{"title":"Nucleares somos y en el reactor andaremos - ElCanillita.Info","robots":{"index":"index","follow":"follow","max-snippet":"max-snippet:-1","max-image-preview":"max-image-preview:large","max-video-preview":"max-video-preview:-1"},"canonical":"https:\/\/elcanillita.info\/press\/2025\/07\/24\/nucleares-somos-y-en-el-reactor-andaremos\/","og_locale":"es_ES","og_type":"article","og_title":"Nucleares somos y en el reactor andaremos - ElCanillita.Info","og_description":"Puede funcionar? T\u00e9cnicamente s\u00ed. Argentina tiene recursos humanos, experiencia regulatoria y una industria que supo ser de vanguardia","og_url":"https:\/\/elcanillita.info\/press\/2025\/07\/24\/nucleares-somos-y-en-el-reactor-andaremos\/","og_site_name":"ElCanillita.Info","article_publisher":"https:\/\/ar-ar.facebook.com\/ElCanillitainfo-114249515285712\/","article_published_time":"2025-07-24T23:06:55+00:00","article_modified_time":"2025-07-24T23:07:11+00:00","og_image":[{"width":1536,"height":1024,"url":"https:\/\/elcanillita.info\/press\/images\/2025\/07\/reactor.jpg","type":"image\/jpeg"}],"author":"SalaStampa.eu, world press service","twitter_card":"summary_large_image","twitter_misc":{"Escrito por":"SalaStampa.eu, world press service","Tiempo de lectura":"3 minutos"},"schema":{"@context":"https:\/\/schema.org","@graph":[{"@type":"Article","@id":"https:\/\/elcanillita.info\/press\/2025\/07\/24\/nucleares-somos-y-en-el-reactor-andaremos\/#article","isPartOf":{"@id":"https:\/\/elcanillita.info\/press\/2025\/07\/24\/nucleares-somos-y-en-el-reactor-andaremos\/"},"author":{"name":"SalaStampa.eu, world press service","@id":"https:\/\/elcanillita.info\/press\/#\/schema\/person\/7fcb79f38045700919f7da6d97e71ba0"},"headline":"Nucleares somos y en el reactor andaremos","datePublished":"2025-07-24T23:06:55+00:00","dateModified":"2025-07-24T23:07:11+00:00","mainEntityOfPage":{"@id":"https:\/\/elcanillita.info\/press\/2025\/07\/24\/nucleares-somos-y-en-el-reactor-andaremos\/"},"wordCount":462,"publisher":{"@id":"https:\/\/elcanillita.info\/press\/#organization"},"image":{"@id":"https:\/\/elcanillita.info\/press\/2025\/07\/24\/nucleares-somos-y-en-el-reactor-andaremos\/#primaryimage"},"thumbnailUrl":"https:\/\/elcanillita.info\/press\/images\/2025\/07\/reactor.jpg","keywords":["Argentina"],"articleSection":[".",".","Actualidad","Argentina","Ciencia y Tecnologia","Politica"],"inLanguage":"es-AR"},{"@type":"WebPage","@id":"https:\/\/elcanillita.info\/press\/2025\/07\/24\/nucleares-somos-y-en-el-reactor-andaremos\/","url":"https:\/\/elcanillita.info\/press\/2025\/07\/24\/nucleares-somos-y-en-el-reactor-andaremos\/","name":"Nucleares somos y en el reactor andaremos - ElCanillita.Info","isPartOf":{"@id":"https:\/\/elcanillita.info\/press\/#website"},"primaryImageOfPage":{"@id":"https:\/\/elcanillita.info\/press\/2025\/07\/24\/nucleares-somos-y-en-el-reactor-andaremos\/#primaryimage"},"image":{"@id":"https:\/\/elcanillita.info\/press\/2025\/07\/24\/nucleares-somos-y-en-el-reactor-andaremos\/#primaryimage"},"thumbnailUrl":"https:\/\/elcanillita.info\/press\/images\/2025\/07\/reactor.jpg","datePublished":"2025-07-24T23:06:55+00:00","dateModified":"2025-07-24T23:07:11+00:00","inLanguage":"es-AR","potentialAction":[{"@type":"ReadAction","target":["https:\/\/elcanillita.info\/press\/2025\/07\/24\/nucleares-somos-y-en-el-reactor-andaremos\/"]}]},{"@type":"ImageObject","inLanguage":"es-AR","@id":"https:\/\/elcanillita.info\/press\/2025\/07\/24\/nucleares-somos-y-en-el-reactor-andaremos\/#primaryimage","url":"https:\/\/elcanillita.info\/press\/images\/2025\/07\/reactor.jpg","contentUrl":"https:\/\/elcanillita.info\/press\/images\/2025\/07\/reactor.jpg","width":1536,"height":1024},{"@type":"WebSite","@id":"https:\/\/elcanillita.info\/press\/#website","url":"https:\/\/elcanillita.info\/press\/","name":"ElCanillita.Info","description":"desde los Apeninos a los Andes","publisher":{"@id":"https:\/\/elcanillita.info\/press\/#organization"},"potentialAction":[{"@type":"SearchAction","target":{"@type":"EntryPoint","urlTemplate":"https:\/\/elcanillita.info\/press\/?s={search_term_string}"},"query-input":{"@type":"PropertyValueSpecification","valueRequired":true,"valueName":"search_term_string"}}],"inLanguage":"es-AR"},{"@type":"Organization","@id":"https:\/\/elcanillita.info\/press\/#organization","name":"Guzzo Photos & Graphic Publications","url":"https:\/\/elcanillita.info\/press\/","logo":{"@type":"ImageObject","inLanguage":"es-AR","@id":"https:\/\/elcanillita.info\/press\/#\/schema\/logo\/image\/","url":"https:\/\/elcanillita.info\/press\/images\/2020\/01\/cropped-cropped-cropped-elcanillitainfo.png","contentUrl":"https:\/\/elcanillita.info\/press\/images\/2020\/01\/cropped-cropped-cropped-elcanillitainfo.png","width":460,"height":50,"caption":"Guzzo Photos & Graphic Publications"},"image":{"@id":"https:\/\/elcanillita.info\/press\/#\/schema\/logo\/image\/"},"sameAs":["https:\/\/ar-ar.facebook.com\/ElCanillitainfo-114249515285712\/"]},{"@type":"Person","@id":"https:\/\/elcanillita.info\/press\/#\/schema\/person\/7fcb79f38045700919f7da6d97e71ba0","name":"SalaStampa.eu, world press service","image":{"@type":"ImageObject","inLanguage":"es-AR","@id":"https:\/\/secure.gravatar.com\/avatar\/c2f0e0d515a107624234994507816ca4724c7199cef73fc8bedebf6931d73888?s=96&d=mm&r=g","url":"https:\/\/secure.gravatar.com\/avatar\/c2f0e0d515a107624234994507816ca4724c7199cef73fc8bedebf6931d73888?s=96&d=mm&r=g","contentUrl":"https:\/\/secure.gravatar.com\/avatar\/c2f0e0d515a107624234994507816ca4724c7199cef73fc8bedebf6931d73888?s=96&d=mm&r=g","caption":"SalaStampa.eu, world press service"}}]}},"views":233,"_links":{"self":[{"href":"https:\/\/elcanillita.info\/press\/wp-json\/wp\/v2\/posts\/5210","targetHints":{"allow":["GET"]}}],"collection":[{"href":"https:\/\/elcanillita.info\/press\/wp-json\/wp\/v2\/posts"}],"about":[{"href":"https:\/\/elcanillita.info\/press\/wp-json\/wp\/v2\/types\/post"}],"author":[{"embeddable":true,"href":"https:\/\/elcanillita.info\/press\/wp-json\/wp\/v2\/users\/1"}],"replies":[{"embeddable":true,"href":"https:\/\/elcanillita.info\/press\/wp-json\/wp\/v2\/comments?post=5210"}],"version-history":[{"count":0,"href":"https:\/\/elcanillita.info\/press\/wp-json\/wp\/v2\/posts\/5210\/revisions"}],"wp:featuredmedia":[{"embeddable":true,"href":"https:\/\/elcanillita.info\/press\/wp-json\/wp\/v2\/media\/5211"}],"wp:attachment":[{"href":"https:\/\/elcanillita.info\/press\/wp-json\/wp\/v2\/media?parent=5210"}],"wp:term":[{"taxonomy":"category","embeddable":true,"href":"https:\/\/elcanillita.info\/press\/wp-json\/wp\/v2\/categories?post=5210"},{"taxonomy":"post_tag","embeddable":true,"href":"https:\/\/elcanillita.info\/press\/wp-json\/wp\/v2\/tags?post=5210"}],"curies":[{"name":"wp","href":"https:\/\/api.w.org\/{rel}","templated":true}]}}