{"id":5200,"date":"2025-07-23T14:01:21","date_gmt":"2025-07-23T17:01:21","guid":{"rendered":"https:\/\/elcanillita.info\/press\/?p=5200"},"modified":"2025-07-25T09:19:20","modified_gmt":"2025-07-25T12:19:20","slug":"la-tercera-edad-canta-sus-penas-pami-tomado-con-tono-de-mambo","status":"publish","type":"post","link":"https:\/\/elcanillita.info\/press\/2025\/07\/23\/la-tercera-edad-canta-sus-penas-pami-tomado-con-tono-de-mambo\/","title":{"rendered":"La Tercera Edad canta sus penas: PAMI tomado\u2026 con tono de mambo"},"content":{"rendered":"<div class=\"wp-block-image\">\n<figure class=\"alignleft size-large is-resized\"><img loading=\"lazy\" decoding=\"async\" width=\"1024\" height=\"683\" src=\"https:\/\/elcanillita.info\/press\/images\/2025\/07\/pami-1024x683.jpg\" alt=\"\" class=\"wp-image-5201\" style=\"width:340px;height:auto\" srcset=\"https:\/\/elcanillita.info\/press\/images\/2025\/07\/pami-1024x683.jpg 1024w, https:\/\/elcanillita.info\/press\/images\/2025\/07\/pami-300x200.jpg 300w, https:\/\/elcanillita.info\/press\/images\/2025\/07\/pami-768x512.jpg 768w, https:\/\/elcanillita.info\/press\/images\/2025\/07\/pami.jpg 1536w\" sizes=\"auto, (max-width: 1024px) 100vw, 1024px\" \/><\/figure>\n<\/div>\n\n\n<p><strong>ElCanillita.info<\/strong><br>Argentina, 23\/07\/2025<br><em>Por Lorenz Mendoza<\/em><br>Una escena tan ins\u00f3lita como conmovedora tuvo lugar esta ma\u00f1ana en la sede del <strong>PAMI Mendoza<\/strong>, donde un nutrido grupo de personas mayores ingres\u00f3 entonando reclamos hist\u00f3ricos con pancartas, bastones en alto y hasta banderas con la cara de <strong>Eva Per\u00f3n<\/strong>, como en un acto peronista reversionado por la urgencia.<\/p>\n\n\n\n<p>Sin violencia, pero con mucha voz, los jubilados y jubiladas exigieron al grito de <em>\u201c\u00a1Queremos remedios, atenci\u00f3n m\u00e9dica, pa\u00f1ales y respeto!\u201d<\/em> que se hiciera presente el <strong>director local del PAMI<\/strong>, quien al parecer no dio se\u00f1ales en toda la ma\u00f1ana.<\/p>\n\n\n\n<blockquote class=\"wp-block-quote is-layout-flow wp-block-quote-is-layout-flow\">\n<p><em>\u201cSal\u00ed del despacho, cobarde, que ac\u00e1 te habla el pueblo que ya pag\u00f3 todo lo que ten\u00eda que pagar\u201d<\/em>, grit\u00f3 una mujer de bast\u00f3n y boina, rodeada por otras que agitaban recetas m\u00e9dicas como banderas.<\/p>\n<\/blockquote>\n\n\n\n<p>Algunos carteles improvisados rezaban:<\/p>\n\n\n\n<ul class=\"wp-block-list\">\n<li><em>\u201cNi un ibuprofeno menos\u201d<\/em><\/li>\n\n\n\n<li><em>\u201cNos quitaron la atenci\u00f3n, pero no la memoria\u201d<\/em><\/li>\n\n\n\n<li><em>\u201cTurnos: marzo 2027\u2026 \u00bfpara qui\u00e9n?\u201d<\/em><\/li>\n<\/ul>\n\n\n\n<p>Lejos de ser un mot\u00edn, fue una protesta teatral, humana y profunda. En vez de disturbios, hubo bombos, cantos, abrazos y un meg\u00e1fono improvisado con un tubo de cart\u00f3n. Mientras tanto, los empleados del edificio segu\u00edan como si nada, uno jugando al solitario en la computadora, ajeno a todo.<\/p>\n\n\n\n<blockquote class=\"wp-block-quote is-layout-flow wp-block-quote-is-layout-flow\">\n<p><em>\u201cHace 40 a\u00f1os me jubil\u00e9\u2026 y desde entonces espero. Solo que ahora tengo menos dientes y m\u00e1s recetas\u201d<\/em>, coment\u00f3 un hombre sentado en una silla de ruedas, luciendo una remera con la cara de Evita y la inscripci\u00f3n: <em>\u201cVolv\u00e9, aunque sea en c\u00e1psulas.\u201d<\/em><\/p>\n<\/blockquote>\n\n\n<hr style=\"border: none; height: 1px; background-color: #ccc; margin: 2em 0;\" \/>\n<div style=\"max-width: 720px; margin: 2em auto; border: 1px solid #ccc; border-radius: 10px; background: #fff; padding: 10px;\">\n  <video src=\"https:\/\/elcanillita.info\/press\/images\/2025\/07\/Pami20250723.mp4\" controls style=\"width: 100%; border-radius: 8px;\"><\/video>\n<\/div>\n\n<p>\ud83d\udd8b <em>Una nota con im\u00e1genes desde la sede, y una caricatura que lo dice todo.<\/em><br><br><em>ElCanillita.info ..(Con testimonios de Alselmo, que no olvida\u2026 aunque le duela todo).<br><\/em><br><small>\u00a9 2025 ElCanillita.info \/ BlogDiario.info &#8211; All Rights Reserved &#8211; SalaStampa.eu, world press service Guzzo Photos &amp; Graphic Publications \u2013 Registro Editori e Stampatori n. 1441 Turin, Italy<\/small><\/p>\n\n\n ","protected":false},"excerpt":{"rendered":"<p>La Tercera Edad, postergada por d\u00e9cadas, se hizo presente hoy en Mendoza con su canto de protesta.<\/p>\n","protected":false},"author":1,"featured_media":5201,"comment_status":"closed","ping_status":"closed","sticky":false,"template":"","format":"standard","meta":{"footnotes":"","_links_to":"","_links_to_target":""},"categories":[121,108,70,123,126,20,23,78,25],"tags":[],"class_list":["post-5200","post","type-post","status-publish","format-standard","has-post-thumbnail","hentry","category-dc24","category-blogdiario","category-actualidad","category-argentina","category-dolores-de-la-press","category-economia","category-politica","category-sanidad","category-sociedad","entry","double"],"yoast_head":"<!-- This site is optimized with the Yoast SEO plugin v27.4 - https:\/\/yoast.com\/product\/yoast-seo-wordpress\/ -->\n<title>La Tercera Edad canta sus penas: PAMI tomado\u2026 con tono de mambo - ElCanillita.Info<\/title>\n<meta name=\"robots\" content=\"index, follow, max-snippet:-1, max-image-preview:large, max-video-preview:-1\" \/>\n<link rel=\"canonical\" href=\"https:\/\/elcanillita.info\/press\/2025\/07\/23\/la-tercera-edad-canta-sus-penas-pami-tomado-con-tono-de-mambo\/\" \/>\n<meta property=\"og:locale\" content=\"es_ES\" \/>\n<meta property=\"og:type\" content=\"article\" \/>\n<meta property=\"og:title\" content=\"La Tercera Edad canta sus penas: PAMI tomado\u2026 con tono de mambo - ElCanillita.Info\" \/>\n<meta property=\"og:description\" content=\"La Tercera Edad, postergada por d\u00e9cadas, se hizo presente hoy en Mendoza con su canto de protesta.\" \/>\n<meta property=\"og:url\" content=\"https:\/\/elcanillita.info\/press\/2025\/07\/23\/la-tercera-edad-canta-sus-penas-pami-tomado-con-tono-de-mambo\/\" \/>\n<meta property=\"og:site_name\" content=\"ElCanillita.Info\" \/>\n<meta property=\"article:publisher\" content=\"https:\/\/ar-ar.facebook.com\/ElCanillitainfo-114249515285712\/\" \/>\n<meta property=\"article:published_time\" content=\"2025-07-23T17:01:21+00:00\" \/>\n<meta property=\"article:modified_time\" content=\"2025-07-25T12:19:20+00:00\" \/>\n<meta property=\"og:image\" content=\"https:\/\/elcanillita.info\/press\/images\/2025\/07\/pami.jpg\" \/>\n\t<meta property=\"og:image:width\" content=\"1536\" \/>\n\t<meta property=\"og:image:height\" content=\"1024\" \/>\n\t<meta property=\"og:image:type\" content=\"image\/jpeg\" \/>\n<meta name=\"author\" content=\"SalaStampa.eu, world press service\" \/>\n<meta name=\"twitter:card\" content=\"summary_large_image\" \/>\n<meta name=\"twitter:label1\" content=\"Escrito por\" \/>\n\t<meta name=\"twitter:data1\" content=\"SalaStampa.eu, world press service\" \/>\n\t<meta name=\"twitter:label2\" content=\"Tiempo de lectura\" \/>\n\t<meta name=\"twitter:data2\" content=\"2 minutos\" \/>\n<script type=\"application\/ld+json\" class=\"yoast-schema-graph\">{\"@context\":\"https:\\\/\\\/schema.org\",\"@graph\":[{\"@type\":\"Article\",\"@id\":\"https:\\\/\\\/elcanillita.info\\\/press\\\/2025\\\/07\\\/23\\\/la-tercera-edad-canta-sus-penas-pami-tomado-con-tono-de-mambo\\\/#article\",\"isPartOf\":{\"@id\":\"https:\\\/\\\/elcanillita.info\\\/press\\\/2025\\\/07\\\/23\\\/la-tercera-edad-canta-sus-penas-pami-tomado-con-tono-de-mambo\\\/\"},\"author\":{\"name\":\"SalaStampa.eu, world press service\",\"@id\":\"https:\\\/\\\/elcanillita.info\\\/press\\\/#\\\/schema\\\/person\\\/7fcb79f38045700919f7da6d97e71ba0\"},\"headline\":\"La Tercera Edad canta sus penas: PAMI tomado\u2026 con tono de mambo\",\"datePublished\":\"2025-07-23T17:01:21+00:00\",\"dateModified\":\"2025-07-25T12:19:20+00:00\",\"mainEntityOfPage\":{\"@id\":\"https:\\\/\\\/elcanillita.info\\\/press\\\/2025\\\/07\\\/23\\\/la-tercera-edad-canta-sus-penas-pami-tomado-con-tono-de-mambo\\\/\"},\"wordCount\":330,\"publisher\":{\"@id\":\"https:\\\/\\\/elcanillita.info\\\/press\\\/#organization\"},\"image\":{\"@id\":\"https:\\\/\\\/elcanillita.info\\\/press\\\/2025\\\/07\\\/23\\\/la-tercera-edad-canta-sus-penas-pami-tomado-con-tono-de-mambo\\\/#primaryimage\"},\"thumbnailUrl\":\"https:\\\/\\\/elcanillita.info\\\/press\\\/images\\\/2025\\\/07\\\/pami.jpg\",\"articleSection\":[\".\",\".\",\"Actualidad\",\"Argentina\",\"Dolores de La Press\",\"Economia\",\"Politica\",\"Sanidad\",\"Sociedad\"],\"inLanguage\":\"es-AR\"},{\"@type\":\"WebPage\",\"@id\":\"https:\\\/\\\/elcanillita.info\\\/press\\\/2025\\\/07\\\/23\\\/la-tercera-edad-canta-sus-penas-pami-tomado-con-tono-de-mambo\\\/\",\"url\":\"https:\\\/\\\/elcanillita.info\\\/press\\\/2025\\\/07\\\/23\\\/la-tercera-edad-canta-sus-penas-pami-tomado-con-tono-de-mambo\\\/\",\"name\":\"La Tercera Edad canta sus penas: PAMI tomado\u2026 con tono de mambo - ElCanillita.Info\",\"isPartOf\":{\"@id\":\"https:\\\/\\\/elcanillita.info\\\/press\\\/#website\"},\"primaryImageOfPage\":{\"@id\":\"https:\\\/\\\/elcanillita.info\\\/press\\\/2025\\\/07\\\/23\\\/la-tercera-edad-canta-sus-penas-pami-tomado-con-tono-de-mambo\\\/#primaryimage\"},\"image\":{\"@id\":\"https:\\\/\\\/elcanillita.info\\\/press\\\/2025\\\/07\\\/23\\\/la-tercera-edad-canta-sus-penas-pami-tomado-con-tono-de-mambo\\\/#primaryimage\"},\"thumbnailUrl\":\"https:\\\/\\\/elcanillita.info\\\/press\\\/images\\\/2025\\\/07\\\/pami.jpg\",\"datePublished\":\"2025-07-23T17:01:21+00:00\",\"dateModified\":\"2025-07-25T12:19:20+00:00\",\"inLanguage\":\"es-AR\",\"potentialAction\":[{\"@type\":\"ReadAction\",\"target\":[\"https:\\\/\\\/elcanillita.info\\\/press\\\/2025\\\/07\\\/23\\\/la-tercera-edad-canta-sus-penas-pami-tomado-con-tono-de-mambo\\\/\"]}]},{\"@type\":\"ImageObject\",\"inLanguage\":\"es-AR\",\"@id\":\"https:\\\/\\\/elcanillita.info\\\/press\\\/2025\\\/07\\\/23\\\/la-tercera-edad-canta-sus-penas-pami-tomado-con-tono-de-mambo\\\/#primaryimage\",\"url\":\"https:\\\/\\\/elcanillita.info\\\/press\\\/images\\\/2025\\\/07\\\/pami.jpg\",\"contentUrl\":\"https:\\\/\\\/elcanillita.info\\\/press\\\/images\\\/2025\\\/07\\\/pami.jpg\",\"width\":1536,\"height\":1024},{\"@type\":\"WebSite\",\"@id\":\"https:\\\/\\\/elcanillita.info\\\/press\\\/#website\",\"url\":\"https:\\\/\\\/elcanillita.info\\\/press\\\/\",\"name\":\"ElCanillita.Info\",\"description\":\"desde los Apeninos a los Andes\",\"publisher\":{\"@id\":\"https:\\\/\\\/elcanillita.info\\\/press\\\/#organization\"},\"potentialAction\":[{\"@type\":\"SearchAction\",\"target\":{\"@type\":\"EntryPoint\",\"urlTemplate\":\"https:\\\/\\\/elcanillita.info\\\/press\\\/?s={search_term_string}\"},\"query-input\":{\"@type\":\"PropertyValueSpecification\",\"valueRequired\":true,\"valueName\":\"search_term_string\"}}],\"inLanguage\":\"es-AR\"},{\"@type\":\"Organization\",\"@id\":\"https:\\\/\\\/elcanillita.info\\\/press\\\/#organization\",\"name\":\"Guzzo Photos & Graphic Publications\",\"url\":\"https:\\\/\\\/elcanillita.info\\\/press\\\/\",\"logo\":{\"@type\":\"ImageObject\",\"inLanguage\":\"es-AR\",\"@id\":\"https:\\\/\\\/elcanillita.info\\\/press\\\/#\\\/schema\\\/logo\\\/image\\\/\",\"url\":\"https:\\\/\\\/elcanillita.info\\\/press\\\/images\\\/2020\\\/01\\\/cropped-cropped-cropped-elcanillitainfo.png\",\"contentUrl\":\"https:\\\/\\\/elcanillita.info\\\/press\\\/images\\\/2020\\\/01\\\/cropped-cropped-cropped-elcanillitainfo.png\",\"width\":460,\"height\":50,\"caption\":\"Guzzo Photos & Graphic Publications\"},\"image\":{\"@id\":\"https:\\\/\\\/elcanillita.info\\\/press\\\/#\\\/schema\\\/logo\\\/image\\\/\"},\"sameAs\":[\"https:\\\/\\\/ar-ar.facebook.com\\\/ElCanillitainfo-114249515285712\\\/\"]},{\"@type\":\"Person\",\"@id\":\"https:\\\/\\\/elcanillita.info\\\/press\\\/#\\\/schema\\\/person\\\/7fcb79f38045700919f7da6d97e71ba0\",\"name\":\"SalaStampa.eu, world press service\",\"image\":{\"@type\":\"ImageObject\",\"inLanguage\":\"es-AR\",\"@id\":\"https:\\\/\\\/secure.gravatar.com\\\/avatar\\\/c2f0e0d515a107624234994507816ca4724c7199cef73fc8bedebf6931d73888?s=96&d=mm&r=g\",\"url\":\"https:\\\/\\\/secure.gravatar.com\\\/avatar\\\/c2f0e0d515a107624234994507816ca4724c7199cef73fc8bedebf6931d73888?s=96&d=mm&r=g\",\"contentUrl\":\"https:\\\/\\\/secure.gravatar.com\\\/avatar\\\/c2f0e0d515a107624234994507816ca4724c7199cef73fc8bedebf6931d73888?s=96&d=mm&r=g\",\"caption\":\"SalaStampa.eu, world press service\"}}]}<\/script>\n<!-- \/ Yoast SEO plugin. -->","yoast_head_json":{"title":"La Tercera Edad canta sus penas: PAMI tomado\u2026 con tono de mambo - ElCanillita.Info","robots":{"index":"index","follow":"follow","max-snippet":"max-snippet:-1","max-image-preview":"max-image-preview:large","max-video-preview":"max-video-preview:-1"},"canonical":"https:\/\/elcanillita.info\/press\/2025\/07\/23\/la-tercera-edad-canta-sus-penas-pami-tomado-con-tono-de-mambo\/","og_locale":"es_ES","og_type":"article","og_title":"La Tercera Edad canta sus penas: PAMI tomado\u2026 con tono de mambo - ElCanillita.Info","og_description":"La Tercera Edad, postergada por d\u00e9cadas, se hizo presente hoy en Mendoza con su canto de protesta.","og_url":"https:\/\/elcanillita.info\/press\/2025\/07\/23\/la-tercera-edad-canta-sus-penas-pami-tomado-con-tono-de-mambo\/","og_site_name":"ElCanillita.Info","article_publisher":"https:\/\/ar-ar.facebook.com\/ElCanillitainfo-114249515285712\/","article_published_time":"2025-07-23T17:01:21+00:00","article_modified_time":"2025-07-25T12:19:20+00:00","og_image":[{"width":1536,"height":1024,"url":"https:\/\/elcanillita.info\/press\/images\/2025\/07\/pami.jpg","type":"image\/jpeg"}],"author":"SalaStampa.eu, world press service","twitter_card":"summary_large_image","twitter_misc":{"Escrito por":"SalaStampa.eu, world press service","Tiempo de lectura":"2 minutos"},"schema":{"@context":"https:\/\/schema.org","@graph":[{"@type":"Article","@id":"https:\/\/elcanillita.info\/press\/2025\/07\/23\/la-tercera-edad-canta-sus-penas-pami-tomado-con-tono-de-mambo\/#article","isPartOf":{"@id":"https:\/\/elcanillita.info\/press\/2025\/07\/23\/la-tercera-edad-canta-sus-penas-pami-tomado-con-tono-de-mambo\/"},"author":{"name":"SalaStampa.eu, world press service","@id":"https:\/\/elcanillita.info\/press\/#\/schema\/person\/7fcb79f38045700919f7da6d97e71ba0"},"headline":"La Tercera Edad canta sus penas: PAMI tomado\u2026 con tono de mambo","datePublished":"2025-07-23T17:01:21+00:00","dateModified":"2025-07-25T12:19:20+00:00","mainEntityOfPage":{"@id":"https:\/\/elcanillita.info\/press\/2025\/07\/23\/la-tercera-edad-canta-sus-penas-pami-tomado-con-tono-de-mambo\/"},"wordCount":330,"publisher":{"@id":"https:\/\/elcanillita.info\/press\/#organization"},"image":{"@id":"https:\/\/elcanillita.info\/press\/2025\/07\/23\/la-tercera-edad-canta-sus-penas-pami-tomado-con-tono-de-mambo\/#primaryimage"},"thumbnailUrl":"https:\/\/elcanillita.info\/press\/images\/2025\/07\/pami.jpg","articleSection":[".",".","Actualidad","Argentina","Dolores de La Press","Economia","Politica","Sanidad","Sociedad"],"inLanguage":"es-AR"},{"@type":"WebPage","@id":"https:\/\/elcanillita.info\/press\/2025\/07\/23\/la-tercera-edad-canta-sus-penas-pami-tomado-con-tono-de-mambo\/","url":"https:\/\/elcanillita.info\/press\/2025\/07\/23\/la-tercera-edad-canta-sus-penas-pami-tomado-con-tono-de-mambo\/","name":"La Tercera Edad canta sus penas: PAMI tomado\u2026 con tono de mambo - ElCanillita.Info","isPartOf":{"@id":"https:\/\/elcanillita.info\/press\/#website"},"primaryImageOfPage":{"@id":"https:\/\/elcanillita.info\/press\/2025\/07\/23\/la-tercera-edad-canta-sus-penas-pami-tomado-con-tono-de-mambo\/#primaryimage"},"image":{"@id":"https:\/\/elcanillita.info\/press\/2025\/07\/23\/la-tercera-edad-canta-sus-penas-pami-tomado-con-tono-de-mambo\/#primaryimage"},"thumbnailUrl":"https:\/\/elcanillita.info\/press\/images\/2025\/07\/pami.jpg","datePublished":"2025-07-23T17:01:21+00:00","dateModified":"2025-07-25T12:19:20+00:00","inLanguage":"es-AR","potentialAction":[{"@type":"ReadAction","target":["https:\/\/elcanillita.info\/press\/2025\/07\/23\/la-tercera-edad-canta-sus-penas-pami-tomado-con-tono-de-mambo\/"]}]},{"@type":"ImageObject","inLanguage":"es-AR","@id":"https:\/\/elcanillita.info\/press\/2025\/07\/23\/la-tercera-edad-canta-sus-penas-pami-tomado-con-tono-de-mambo\/#primaryimage","url":"https:\/\/elcanillita.info\/press\/images\/2025\/07\/pami.jpg","contentUrl":"https:\/\/elcanillita.info\/press\/images\/2025\/07\/pami.jpg","width":1536,"height":1024},{"@type":"WebSite","@id":"https:\/\/elcanillita.info\/press\/#website","url":"https:\/\/elcanillita.info\/press\/","name":"ElCanillita.Info","description":"desde los Apeninos a los Andes","publisher":{"@id":"https:\/\/elcanillita.info\/press\/#organization"},"potentialAction":[{"@type":"SearchAction","target":{"@type":"EntryPoint","urlTemplate":"https:\/\/elcanillita.info\/press\/?s={search_term_string}"},"query-input":{"@type":"PropertyValueSpecification","valueRequired":true,"valueName":"search_term_string"}}],"inLanguage":"es-AR"},{"@type":"Organization","@id":"https:\/\/elcanillita.info\/press\/#organization","name":"Guzzo Photos & Graphic Publications","url":"https:\/\/elcanillita.info\/press\/","logo":{"@type":"ImageObject","inLanguage":"es-AR","@id":"https:\/\/elcanillita.info\/press\/#\/schema\/logo\/image\/","url":"https:\/\/elcanillita.info\/press\/images\/2020\/01\/cropped-cropped-cropped-elcanillitainfo.png","contentUrl":"https:\/\/elcanillita.info\/press\/images\/2020\/01\/cropped-cropped-cropped-elcanillitainfo.png","width":460,"height":50,"caption":"Guzzo Photos & Graphic Publications"},"image":{"@id":"https:\/\/elcanillita.info\/press\/#\/schema\/logo\/image\/"},"sameAs":["https:\/\/ar-ar.facebook.com\/ElCanillitainfo-114249515285712\/"]},{"@type":"Person","@id":"https:\/\/elcanillita.info\/press\/#\/schema\/person\/7fcb79f38045700919f7da6d97e71ba0","name":"SalaStampa.eu, world press service","image":{"@type":"ImageObject","inLanguage":"es-AR","@id":"https:\/\/secure.gravatar.com\/avatar\/c2f0e0d515a107624234994507816ca4724c7199cef73fc8bedebf6931d73888?s=96&d=mm&r=g","url":"https:\/\/secure.gravatar.com\/avatar\/c2f0e0d515a107624234994507816ca4724c7199cef73fc8bedebf6931d73888?s=96&d=mm&r=g","contentUrl":"https:\/\/secure.gravatar.com\/avatar\/c2f0e0d515a107624234994507816ca4724c7199cef73fc8bedebf6931d73888?s=96&d=mm&r=g","caption":"SalaStampa.eu, world press service"}}]}},"views":217,"_links":{"self":[{"href":"https:\/\/elcanillita.info\/press\/wp-json\/wp\/v2\/posts\/5200","targetHints":{"allow":["GET"]}}],"collection":[{"href":"https:\/\/elcanillita.info\/press\/wp-json\/wp\/v2\/posts"}],"about":[{"href":"https:\/\/elcanillita.info\/press\/wp-json\/wp\/v2\/types\/post"}],"author":[{"embeddable":true,"href":"https:\/\/elcanillita.info\/press\/wp-json\/wp\/v2\/users\/1"}],"replies":[{"embeddable":true,"href":"https:\/\/elcanillita.info\/press\/wp-json\/wp\/v2\/comments?post=5200"}],"version-history":[{"count":0,"href":"https:\/\/elcanillita.info\/press\/wp-json\/wp\/v2\/posts\/5200\/revisions"}],"wp:featuredmedia":[{"embeddable":true,"href":"https:\/\/elcanillita.info\/press\/wp-json\/wp\/v2\/media\/5201"}],"wp:attachment":[{"href":"https:\/\/elcanillita.info\/press\/wp-json\/wp\/v2\/media?parent=5200"}],"wp:term":[{"taxonomy":"category","embeddable":true,"href":"https:\/\/elcanillita.info\/press\/wp-json\/wp\/v2\/categories?post=5200"},{"taxonomy":"post_tag","embeddable":true,"href":"https:\/\/elcanillita.info\/press\/wp-json\/wp\/v2\/tags?post=5200"}],"curies":[{"name":"wp","href":"https:\/\/api.w.org\/{rel}","templated":true}]}}