{"id":5171,"date":"2025-07-11T12:19:30","date_gmt":"2025-07-11T15:19:30","guid":{"rendered":"https:\/\/elcanillita.info\/press\/?p=5171"},"modified":"2025-07-11T12:19:32","modified_gmt":"2025-07-11T15:19:32","slug":"carta-a-abuela-pecas-y-a-otros-hartos-de-lo-mismo","status":"publish","type":"post","link":"https:\/\/elcanillita.info\/press\/2025\/07\/11\/carta-a-abuela-pecas-y-a-otros-hartos-de-lo-mismo\/","title":{"rendered":"Carta a Abuela Pecas (y a otros hartos de \u201clo mismo\u201d)"},"content":{"rendered":"<div class=\"wp-block-image\">\n<figure class=\"alignleft size-full is-resized\"><img loading=\"lazy\" decoding=\"async\" width=\"400\" height=\"600\" src=\"https:\/\/elcanillita.info\/press\/images\/2025\/07\/harta_600.PUB_.png\" alt=\"\" class=\"wp-image-5173\" style=\"width:318px;height:auto\" srcset=\"https:\/\/elcanillita.info\/press\/images\/2025\/07\/harta_600.PUB_.png 400w, https:\/\/elcanillita.info\/press\/images\/2025\/07\/harta_600.PUB_-200x300.png 200w\" sizes=\"auto, (max-width: 400px) 100vw, 400px\" \/><\/figure>\n<\/div>\n\n\n<p><strong>ElCanillita.info<\/strong><br>Argentina, 11\/07\/2025<br><br>Querida <strong>Abuela Pecas<\/strong>,<br>y estimados compatriotas hastiados del loop argentino de miserias recicladas:<\/p>\n\n\n\n<p>Les escribimos esta nota con todo el respeto, el cari\u00f1o, <strong>y una pizca de ese salero editorial<\/strong> que usamos para cocinar a fuego lento lo que todos ya sabemos: que la realidad es terca, insistente, reincidente\u2026 pero no por eso menos digna de contarse.<\/p>\n\n\n\n<h3 class=\"wp-block-heading\">\u201cEstoy harta\u201d, nos escribi\u00f3 usted.<\/h3>\n\n\n\n<p>Y lo entendemos. \u00a1Claro que lo entendemos!<br>\u00bfC\u00f3mo no entender el hartazgo de vivir en un pa\u00eds donde los titulares parecen escritos con calco desde hace veinte a\u00f1os?<br>Donde siempre \u201cno hay plata\u201d pero s\u00ed hay drones para fotografiar actos oficiales desde el cielo.<br><br>Donde los jubilados \u201cya tuvieron su fiesta\u201d, pero la mayor\u00eda de ellos nunca supieron lo que era un pan dulce con frutas reales.<\/p>\n\n\n\n<p>Usted dice que <strong>estos m\u00e9dicos y jubilados tienen que pagar su populismo anterior<\/strong>. Le respondemos con todo respeto:  <strong>no todos fueron invitados a esa fiesta<\/strong>, y muchos ni siquiera fueron avisados.<\/p>\n\n\n\n<p>Nos dice que hay que pensar a largo plazo. Coincidimos. Pero le dejamos una pregunta de las que queman:<br>\u00bfcu\u00e1l es el largo plazo de un jubilado que tiene 78 a\u00f1os y una pensi\u00f3n de 130 mil pesos?<\/p>\n\n\n\n<p>Nos dice que si no hay plata, no hay plata.<br>Y le recordamos: <strong>eso mismo nos dec\u00edan en 2001<\/strong>, mientras vaciaban cuentas, congelaban sueldos y sub\u00edan los Rolex a Miami.<br>\u00bfY sabe qu\u00e9? Ah\u00ed tampoco hab\u00eda plata. Pero <strong>hab\u00eda deudas\u2026 y mucha gente con hambre<\/strong>.<\/p>\n\n\n\n<hr class=\"wp-block-separator has-alpha-channel-opacity\"\/>\n\n\n\n<h3 class=\"wp-block-heading\">Nuestro trabajo no es quejarse.<br><strong>Es contar<\/strong>.<br>A veces con rabia, otras con iron\u00eda, y cuando se puede, con ternura.<br>Pero siempre con honestidad.<\/h3>\n\n\n\n<p>Nosotros no hacemos newsletter para romper la paciencia, sino para <strong>darle una voz con forma<\/strong> a quienes ya no pueden m\u00e1s.<br>A los que s\u00ed protestan, aunque no ganen nada.<br>A los que saben que esto no es izquierda ni derecha, es apenas <strong>una l\u00ednea recta que pasa por encima de los mismos de siempre.<\/strong><\/p>\n\n\n\n<hr class=\"wp-block-separator has-alpha-channel-opacity\"\/>\n\n\n\n<p>Por eso, a partir de ahora no le enviaremos m\u00e1s nuestras publicaciones. No porque nos enoje lo que piensa, sino porque <strong>respetamos su hartazgo.<\/strong><br>Como usted bien dice: vivir en este pa\u00eds <strong>ya es una carrera de obst\u00e1culos.<\/strong><\/p>\n\n\n\n<p>Pero si alguna vez quiere saber qu\u00e9 pensamos sobre ese nuevo obst\u00e1culo que nos dejaron en la pista\u2026<br><strong>aqu\u00ed estaremos.<\/strong><br>Con salero, con humor, con rabia justa,<br>y sin perder las ganas de escribir, ni el gusto por llamar las cosas por su nombre.<\/p>\n\n\n\n<p>Con afecto (y un poco de picante),<\/p>\n\n\n\n<p><strong>El equipo de redacci\u00f3n<\/strong><br>ElCanillita &amp; SoapboxOrators.org<\/p>\n\n\n\n<p><small>\u00a9 2025 ElCanillita.info \/ BlogDiario.info &#8211; All Rights Reserved &#8211; SalaStampa.eu, world press service Guzzo Photos &amp; Graphic Publications \u2013 Registro Editori e Stampatori n. 1441 Turin, Italy<\/small><\/p>\n\n\n\n<p><\/p>\n","protected":false},"excerpt":{"rendered":"<p>Les escribimos esta nota con todo el respeto, el cari\u00f1o, y una pizca de ese salero editorial.<\/p>\n","protected":false},"author":1,"featured_media":5172,"comment_status":"closed","ping_status":"closed","sticky":false,"template":"","format":"standard","meta":{"footnotes":"","_links_to":"","_links_to_target":""},"categories":[108,121,70,123,126,20,134,23,78,25],"tags":[],"class_list":["post-5171","post","type-post","status-publish","format-standard","has-post-thumbnail","hentry","category-blogdiario","category-dc24","category-actualidad","category-argentina","category-dolores-de-la-press","category-economia","category-educacion","category-politica","category-sanidad","category-sociedad","entry","double"],"yoast_head":"<!-- This site is optimized with the Yoast SEO plugin v27.4 - https:\/\/yoast.com\/product\/yoast-seo-wordpress\/ -->\n<title>Carta a Abuela Pecas (y a otros hartos de \u201clo mismo\u201d) - ElCanillita.Info<\/title>\n<meta name=\"robots\" content=\"index, follow, max-snippet:-1, max-image-preview:large, max-video-preview:-1\" \/>\n<link rel=\"canonical\" href=\"https:\/\/elcanillita.info\/press\/2025\/07\/11\/carta-a-abuela-pecas-y-a-otros-hartos-de-lo-mismo\/\" \/>\n<meta property=\"og:locale\" content=\"es_ES\" \/>\n<meta property=\"og:type\" content=\"article\" \/>\n<meta property=\"og:title\" content=\"Carta a Abuela Pecas (y a otros hartos de \u201clo mismo\u201d) - ElCanillita.Info\" \/>\n<meta property=\"og:description\" content=\"Les escribimos esta nota con todo el respeto, el cari\u00f1o, y una pizca de ese salero editorial.\" \/>\n<meta property=\"og:url\" content=\"https:\/\/elcanillita.info\/press\/2025\/07\/11\/carta-a-abuela-pecas-y-a-otros-hartos-de-lo-mismo\/\" \/>\n<meta property=\"og:site_name\" content=\"ElCanillita.Info\" \/>\n<meta property=\"article:publisher\" content=\"https:\/\/ar-ar.facebook.com\/ElCanillitainfo-114249515285712\/\" \/>\n<meta property=\"article:published_time\" content=\"2025-07-11T15:19:30+00:00\" \/>\n<meta property=\"article:modified_time\" content=\"2025-07-11T15:19:32+00:00\" \/>\n<meta property=\"og:image\" content=\"https:\/\/elcanillita.info\/press\/images\/2025\/07\/harta_600.PUB_.HH_.png\" \/>\n\t<meta property=\"og:image:width\" content=\"450\" \/>\n\t<meta property=\"og:image:height\" content=\"300\" \/>\n\t<meta property=\"og:image:type\" content=\"image\/png\" \/>\n<meta name=\"author\" content=\"SalaStampa.eu, world press service\" \/>\n<meta name=\"twitter:card\" content=\"summary_large_image\" \/>\n<meta name=\"twitter:label1\" content=\"Escrito por\" \/>\n\t<meta name=\"twitter:data1\" content=\"SalaStampa.eu, world press service\" \/>\n\t<meta name=\"twitter:label2\" content=\"Tiempo de lectura\" \/>\n\t<meta name=\"twitter:data2\" content=\"3 minutos\" \/>\n<script type=\"application\/ld+json\" class=\"yoast-schema-graph\">{\"@context\":\"https:\\\/\\\/schema.org\",\"@graph\":[{\"@type\":\"Article\",\"@id\":\"https:\\\/\\\/elcanillita.info\\\/press\\\/2025\\\/07\\\/11\\\/carta-a-abuela-pecas-y-a-otros-hartos-de-lo-mismo\\\/#article\",\"isPartOf\":{\"@id\":\"https:\\\/\\\/elcanillita.info\\\/press\\\/2025\\\/07\\\/11\\\/carta-a-abuela-pecas-y-a-otros-hartos-de-lo-mismo\\\/\"},\"author\":{\"name\":\"SalaStampa.eu, world press service\",\"@id\":\"https:\\\/\\\/elcanillita.info\\\/press\\\/#\\\/schema\\\/person\\\/7fcb79f38045700919f7da6d97e71ba0\"},\"headline\":\"Carta a Abuela Pecas (y a otros hartos de \u201clo mismo\u201d)\",\"datePublished\":\"2025-07-11T15:19:30+00:00\",\"dateModified\":\"2025-07-11T15:19:32+00:00\",\"mainEntityOfPage\":{\"@id\":\"https:\\\/\\\/elcanillita.info\\\/press\\\/2025\\\/07\\\/11\\\/carta-a-abuela-pecas-y-a-otros-hartos-de-lo-mismo\\\/\"},\"wordCount\":477,\"publisher\":{\"@id\":\"https:\\\/\\\/elcanillita.info\\\/press\\\/#organization\"},\"image\":{\"@id\":\"https:\\\/\\\/elcanillita.info\\\/press\\\/2025\\\/07\\\/11\\\/carta-a-abuela-pecas-y-a-otros-hartos-de-lo-mismo\\\/#primaryimage\"},\"thumbnailUrl\":\"https:\\\/\\\/elcanillita.info\\\/press\\\/images\\\/2025\\\/07\\\/harta_600.PUB_.HH_.png\",\"articleSection\":[\".\",\".\",\"Actualidad\",\"Argentina\",\"Dolores de La Press\",\"Economia\",\"Educaci\u00f3n\",\"Politica\",\"Sanidad\",\"Sociedad\"],\"inLanguage\":\"es-AR\"},{\"@type\":\"WebPage\",\"@id\":\"https:\\\/\\\/elcanillita.info\\\/press\\\/2025\\\/07\\\/11\\\/carta-a-abuela-pecas-y-a-otros-hartos-de-lo-mismo\\\/\",\"url\":\"https:\\\/\\\/elcanillita.info\\\/press\\\/2025\\\/07\\\/11\\\/carta-a-abuela-pecas-y-a-otros-hartos-de-lo-mismo\\\/\",\"name\":\"Carta a Abuela Pecas (y a otros hartos de \u201clo mismo\u201d) - ElCanillita.Info\",\"isPartOf\":{\"@id\":\"https:\\\/\\\/elcanillita.info\\\/press\\\/#website\"},\"primaryImageOfPage\":{\"@id\":\"https:\\\/\\\/elcanillita.info\\\/press\\\/2025\\\/07\\\/11\\\/carta-a-abuela-pecas-y-a-otros-hartos-de-lo-mismo\\\/#primaryimage\"},\"image\":{\"@id\":\"https:\\\/\\\/elcanillita.info\\\/press\\\/2025\\\/07\\\/11\\\/carta-a-abuela-pecas-y-a-otros-hartos-de-lo-mismo\\\/#primaryimage\"},\"thumbnailUrl\":\"https:\\\/\\\/elcanillita.info\\\/press\\\/images\\\/2025\\\/07\\\/harta_600.PUB_.HH_.png\",\"datePublished\":\"2025-07-11T15:19:30+00:00\",\"dateModified\":\"2025-07-11T15:19:32+00:00\",\"inLanguage\":\"es-AR\",\"potentialAction\":[{\"@type\":\"ReadAction\",\"target\":[\"https:\\\/\\\/elcanillita.info\\\/press\\\/2025\\\/07\\\/11\\\/carta-a-abuela-pecas-y-a-otros-hartos-de-lo-mismo\\\/\"]}]},{\"@type\":\"ImageObject\",\"inLanguage\":\"es-AR\",\"@id\":\"https:\\\/\\\/elcanillita.info\\\/press\\\/2025\\\/07\\\/11\\\/carta-a-abuela-pecas-y-a-otros-hartos-de-lo-mismo\\\/#primaryimage\",\"url\":\"https:\\\/\\\/elcanillita.info\\\/press\\\/images\\\/2025\\\/07\\\/harta_600.PUB_.HH_.png\",\"contentUrl\":\"https:\\\/\\\/elcanillita.info\\\/press\\\/images\\\/2025\\\/07\\\/harta_600.PUB_.HH_.png\",\"width\":450,\"height\":300},{\"@type\":\"WebSite\",\"@id\":\"https:\\\/\\\/elcanillita.info\\\/press\\\/#website\",\"url\":\"https:\\\/\\\/elcanillita.info\\\/press\\\/\",\"name\":\"ElCanillita.Info\",\"description\":\"desde los Apeninos a los Andes\",\"publisher\":{\"@id\":\"https:\\\/\\\/elcanillita.info\\\/press\\\/#organization\"},\"potentialAction\":[{\"@type\":\"SearchAction\",\"target\":{\"@type\":\"EntryPoint\",\"urlTemplate\":\"https:\\\/\\\/elcanillita.info\\\/press\\\/?s={search_term_string}\"},\"query-input\":{\"@type\":\"PropertyValueSpecification\",\"valueRequired\":true,\"valueName\":\"search_term_string\"}}],\"inLanguage\":\"es-AR\"},{\"@type\":\"Organization\",\"@id\":\"https:\\\/\\\/elcanillita.info\\\/press\\\/#organization\",\"name\":\"Guzzo Photos & Graphic Publications\",\"url\":\"https:\\\/\\\/elcanillita.info\\\/press\\\/\",\"logo\":{\"@type\":\"ImageObject\",\"inLanguage\":\"es-AR\",\"@id\":\"https:\\\/\\\/elcanillita.info\\\/press\\\/#\\\/schema\\\/logo\\\/image\\\/\",\"url\":\"https:\\\/\\\/elcanillita.info\\\/press\\\/images\\\/2020\\\/01\\\/cropped-cropped-cropped-elcanillitainfo.png\",\"contentUrl\":\"https:\\\/\\\/elcanillita.info\\\/press\\\/images\\\/2020\\\/01\\\/cropped-cropped-cropped-elcanillitainfo.png\",\"width\":460,\"height\":50,\"caption\":\"Guzzo Photos & Graphic Publications\"},\"image\":{\"@id\":\"https:\\\/\\\/elcanillita.info\\\/press\\\/#\\\/schema\\\/logo\\\/image\\\/\"},\"sameAs\":[\"https:\\\/\\\/ar-ar.facebook.com\\\/ElCanillitainfo-114249515285712\\\/\"]},{\"@type\":\"Person\",\"@id\":\"https:\\\/\\\/elcanillita.info\\\/press\\\/#\\\/schema\\\/person\\\/7fcb79f38045700919f7da6d97e71ba0\",\"name\":\"SalaStampa.eu, world press service\",\"image\":{\"@type\":\"ImageObject\",\"inLanguage\":\"es-AR\",\"@id\":\"https:\\\/\\\/secure.gravatar.com\\\/avatar\\\/c2f0e0d515a107624234994507816ca4724c7199cef73fc8bedebf6931d73888?s=96&d=mm&r=g\",\"url\":\"https:\\\/\\\/secure.gravatar.com\\\/avatar\\\/c2f0e0d515a107624234994507816ca4724c7199cef73fc8bedebf6931d73888?s=96&d=mm&r=g\",\"contentUrl\":\"https:\\\/\\\/secure.gravatar.com\\\/avatar\\\/c2f0e0d515a107624234994507816ca4724c7199cef73fc8bedebf6931d73888?s=96&d=mm&r=g\",\"caption\":\"SalaStampa.eu, world press service\"}}]}<\/script>\n<!-- \/ Yoast SEO plugin. -->","yoast_head_json":{"title":"Carta a Abuela Pecas (y a otros hartos de \u201clo mismo\u201d) - ElCanillita.Info","robots":{"index":"index","follow":"follow","max-snippet":"max-snippet:-1","max-image-preview":"max-image-preview:large","max-video-preview":"max-video-preview:-1"},"canonical":"https:\/\/elcanillita.info\/press\/2025\/07\/11\/carta-a-abuela-pecas-y-a-otros-hartos-de-lo-mismo\/","og_locale":"es_ES","og_type":"article","og_title":"Carta a Abuela Pecas (y a otros hartos de \u201clo mismo\u201d) - ElCanillita.Info","og_description":"Les escribimos esta nota con todo el respeto, el cari\u00f1o, y una pizca de ese salero editorial.","og_url":"https:\/\/elcanillita.info\/press\/2025\/07\/11\/carta-a-abuela-pecas-y-a-otros-hartos-de-lo-mismo\/","og_site_name":"ElCanillita.Info","article_publisher":"https:\/\/ar-ar.facebook.com\/ElCanillitainfo-114249515285712\/","article_published_time":"2025-07-11T15:19:30+00:00","article_modified_time":"2025-07-11T15:19:32+00:00","og_image":[{"width":450,"height":300,"url":"https:\/\/elcanillita.info\/press\/images\/2025\/07\/harta_600.PUB_.HH_.png","type":"image\/png"}],"author":"SalaStampa.eu, world press service","twitter_card":"summary_large_image","twitter_misc":{"Escrito por":"SalaStampa.eu, world press service","Tiempo de lectura":"3 minutos"},"schema":{"@context":"https:\/\/schema.org","@graph":[{"@type":"Article","@id":"https:\/\/elcanillita.info\/press\/2025\/07\/11\/carta-a-abuela-pecas-y-a-otros-hartos-de-lo-mismo\/#article","isPartOf":{"@id":"https:\/\/elcanillita.info\/press\/2025\/07\/11\/carta-a-abuela-pecas-y-a-otros-hartos-de-lo-mismo\/"},"author":{"name":"SalaStampa.eu, world press service","@id":"https:\/\/elcanillita.info\/press\/#\/schema\/person\/7fcb79f38045700919f7da6d97e71ba0"},"headline":"Carta a Abuela Pecas (y a otros hartos de \u201clo mismo\u201d)","datePublished":"2025-07-11T15:19:30+00:00","dateModified":"2025-07-11T15:19:32+00:00","mainEntityOfPage":{"@id":"https:\/\/elcanillita.info\/press\/2025\/07\/11\/carta-a-abuela-pecas-y-a-otros-hartos-de-lo-mismo\/"},"wordCount":477,"publisher":{"@id":"https:\/\/elcanillita.info\/press\/#organization"},"image":{"@id":"https:\/\/elcanillita.info\/press\/2025\/07\/11\/carta-a-abuela-pecas-y-a-otros-hartos-de-lo-mismo\/#primaryimage"},"thumbnailUrl":"https:\/\/elcanillita.info\/press\/images\/2025\/07\/harta_600.PUB_.HH_.png","articleSection":[".",".","Actualidad","Argentina","Dolores de La Press","Economia","Educaci\u00f3n","Politica","Sanidad","Sociedad"],"inLanguage":"es-AR"},{"@type":"WebPage","@id":"https:\/\/elcanillita.info\/press\/2025\/07\/11\/carta-a-abuela-pecas-y-a-otros-hartos-de-lo-mismo\/","url":"https:\/\/elcanillita.info\/press\/2025\/07\/11\/carta-a-abuela-pecas-y-a-otros-hartos-de-lo-mismo\/","name":"Carta a Abuela Pecas (y a otros hartos de \u201clo mismo\u201d) - ElCanillita.Info","isPartOf":{"@id":"https:\/\/elcanillita.info\/press\/#website"},"primaryImageOfPage":{"@id":"https:\/\/elcanillita.info\/press\/2025\/07\/11\/carta-a-abuela-pecas-y-a-otros-hartos-de-lo-mismo\/#primaryimage"},"image":{"@id":"https:\/\/elcanillita.info\/press\/2025\/07\/11\/carta-a-abuela-pecas-y-a-otros-hartos-de-lo-mismo\/#primaryimage"},"thumbnailUrl":"https:\/\/elcanillita.info\/press\/images\/2025\/07\/harta_600.PUB_.HH_.png","datePublished":"2025-07-11T15:19:30+00:00","dateModified":"2025-07-11T15:19:32+00:00","inLanguage":"es-AR","potentialAction":[{"@type":"ReadAction","target":["https:\/\/elcanillita.info\/press\/2025\/07\/11\/carta-a-abuela-pecas-y-a-otros-hartos-de-lo-mismo\/"]}]},{"@type":"ImageObject","inLanguage":"es-AR","@id":"https:\/\/elcanillita.info\/press\/2025\/07\/11\/carta-a-abuela-pecas-y-a-otros-hartos-de-lo-mismo\/#primaryimage","url":"https:\/\/elcanillita.info\/press\/images\/2025\/07\/harta_600.PUB_.HH_.png","contentUrl":"https:\/\/elcanillita.info\/press\/images\/2025\/07\/harta_600.PUB_.HH_.png","width":450,"height":300},{"@type":"WebSite","@id":"https:\/\/elcanillita.info\/press\/#website","url":"https:\/\/elcanillita.info\/press\/","name":"ElCanillita.Info","description":"desde los Apeninos a los Andes","publisher":{"@id":"https:\/\/elcanillita.info\/press\/#organization"},"potentialAction":[{"@type":"SearchAction","target":{"@type":"EntryPoint","urlTemplate":"https:\/\/elcanillita.info\/press\/?s={search_term_string}"},"query-input":{"@type":"PropertyValueSpecification","valueRequired":true,"valueName":"search_term_string"}}],"inLanguage":"es-AR"},{"@type":"Organization","@id":"https:\/\/elcanillita.info\/press\/#organization","name":"Guzzo Photos & Graphic Publications","url":"https:\/\/elcanillita.info\/press\/","logo":{"@type":"ImageObject","inLanguage":"es-AR","@id":"https:\/\/elcanillita.info\/press\/#\/schema\/logo\/image\/","url":"https:\/\/elcanillita.info\/press\/images\/2020\/01\/cropped-cropped-cropped-elcanillitainfo.png","contentUrl":"https:\/\/elcanillita.info\/press\/images\/2020\/01\/cropped-cropped-cropped-elcanillitainfo.png","width":460,"height":50,"caption":"Guzzo Photos & Graphic Publications"},"image":{"@id":"https:\/\/elcanillita.info\/press\/#\/schema\/logo\/image\/"},"sameAs":["https:\/\/ar-ar.facebook.com\/ElCanillitainfo-114249515285712\/"]},{"@type":"Person","@id":"https:\/\/elcanillita.info\/press\/#\/schema\/person\/7fcb79f38045700919f7da6d97e71ba0","name":"SalaStampa.eu, world press service","image":{"@type":"ImageObject","inLanguage":"es-AR","@id":"https:\/\/secure.gravatar.com\/avatar\/c2f0e0d515a107624234994507816ca4724c7199cef73fc8bedebf6931d73888?s=96&d=mm&r=g","url":"https:\/\/secure.gravatar.com\/avatar\/c2f0e0d515a107624234994507816ca4724c7199cef73fc8bedebf6931d73888?s=96&d=mm&r=g","contentUrl":"https:\/\/secure.gravatar.com\/avatar\/c2f0e0d515a107624234994507816ca4724c7199cef73fc8bedebf6931d73888?s=96&d=mm&r=g","caption":"SalaStampa.eu, world press service"}}]}},"views":245,"_links":{"self":[{"href":"https:\/\/elcanillita.info\/press\/wp-json\/wp\/v2\/posts\/5171","targetHints":{"allow":["GET"]}}],"collection":[{"href":"https:\/\/elcanillita.info\/press\/wp-json\/wp\/v2\/posts"}],"about":[{"href":"https:\/\/elcanillita.info\/press\/wp-json\/wp\/v2\/types\/post"}],"author":[{"embeddable":true,"href":"https:\/\/elcanillita.info\/press\/wp-json\/wp\/v2\/users\/1"}],"replies":[{"embeddable":true,"href":"https:\/\/elcanillita.info\/press\/wp-json\/wp\/v2\/comments?post=5171"}],"version-history":[{"count":0,"href":"https:\/\/elcanillita.info\/press\/wp-json\/wp\/v2\/posts\/5171\/revisions"}],"wp:featuredmedia":[{"embeddable":true,"href":"https:\/\/elcanillita.info\/press\/wp-json\/wp\/v2\/media\/5172"}],"wp:attachment":[{"href":"https:\/\/elcanillita.info\/press\/wp-json\/wp\/v2\/media?parent=5171"}],"wp:term":[{"taxonomy":"category","embeddable":true,"href":"https:\/\/elcanillita.info\/press\/wp-json\/wp\/v2\/categories?post=5171"},{"taxonomy":"post_tag","embeddable":true,"href":"https:\/\/elcanillita.info\/press\/wp-json\/wp\/v2\/tags?post=5171"}],"curies":[{"name":"wp","href":"https:\/\/api.w.org\/{rel}","templated":true}]}}