{"id":5158,"date":"2025-07-11T03:22:24","date_gmt":"2025-07-11T06:22:24","guid":{"rendered":"https:\/\/elcanillita.info\/press\/?p=5158"},"modified":"2025-07-11T03:38:19","modified_gmt":"2025-07-11T06:38:19","slug":"de-la-motosierra-al-boomerang-las-provincias-se-rebelan-contra-milei","status":"publish","type":"post","link":"https:\/\/elcanillita.info\/press\/2025\/07\/11\/de-la-motosierra-al-boomerang-las-provincias-se-rebelan-contra-milei\/","title":{"rendered":"&#8220;De la motosierra al boomerang: las provincias se rebelan contra Milei&#8221;"},"content":{"rendered":"<div class=\"wp-block-image\">\n<figure class=\"alignleft size-full is-resized\"><img loading=\"lazy\" decoding=\"async\" width=\"450\" height=\"450\" src=\"https:\/\/elcanillita.info\/press\/images\/2025\/07\/leo_450.EDIT_.pub_.png\" alt=\"\" class=\"wp-image-5159\" style=\"width:341px;height:auto\" srcset=\"https:\/\/elcanillita.info\/press\/images\/2025\/07\/leo_450.EDIT_.pub_.png 450w, https:\/\/elcanillita.info\/press\/images\/2025\/07\/leo_450.EDIT_.pub_-300x300.png 300w, https:\/\/elcanillita.info\/press\/images\/2025\/07\/leo_450.EDIT_.pub_-150x150.png 150w\" sizes=\"auto, (max-width: 450px) 100vw, 450px\" \/><\/figure>\n<\/div>\n\n\n<p><strong>ElCanillita.info<\/strong><br>Argentina, 11\/07\/2025<br><br>La partida ya no es de ajedrez. Se juega con boleadoras. Y esta vez, el Senado las lanz\u00f3 todas juntas contra el basti\u00f3n presidencial.<\/p>\n\n\n\n<p>Lo que ocurri\u00f3 ayer en la C\u00e1mara Alta del Congreso argentino no fue una sesi\u00f3n m\u00e1s, ni un tr\u00e1mite legislativo ordinario. Fue una clara se\u00f1al pol\u00edtica, de esas que no se pueden ignorar ni relativizar con un tuit grandilocuente o un meme de le\u00f3n.<\/p>\n\n\n\n<p>Una coalici\u00f3n heterog\u00e9nea de senadores \u2013radicales, peronistas, provinciales, independientes y hasta simpatizantes frustrados del oficialismo\u2013 aprob\u00f3 una serie de proyectos que apuntan directamente al coraz\u00f3n del modelo de ajuste fiscal del Gobierno nacional: <strong>la concentraci\u00f3n y retenci\u00f3n de recursos que por Constituci\u00f3n y pactos federales, deben repartirse entre las provincias.<\/strong><\/p>\n\n\n\n<h3 class=\"wp-block-heading\">\ud83d\udccc El fondo de la cuesti\u00f3n<\/h3>\n\n\n\n<p>Lo que est\u00e1 en juego no es un detalle t\u00e9cnico ni una discusi\u00f3n contable. Se trata de <strong>miles de millones de pesos<\/strong> en Aportes del Tesoro Nacional (ATN), fondos fiduciarios varios, e incluso parte del impuesto a los combustibles, que el Ejecutivo ha retenido \u2013seg\u00fan las provincias\u2013 sin justificaci\u00f3n v\u00e1lida.<\/p>\n\n\n\n<p>El reclamo de los 23 gobernadores y del jefe de Gobierno porte\u00f1o es un\u00e1nime: <strong>la Naci\u00f3n no puede hacer equilibrio fiscal pis\u00e1ndole la cabeza al interior del pa\u00eds.<\/strong><\/p>\n\n\n\n<h3 class=\"wp-block-heading\">\u2696\ufe0f Rebeli\u00f3n reglamentaria y pol\u00edtica<\/h3>\n\n\n\n<p>La sesi\u00f3n fue convocada sin la firma de la vicepresidenta Victoria Villarruel, lo que para la Casa Rosada la convierte en inv\u00e1lida. Pero para los senadores, representa <strong>el derecho constitucional a legislar cuando la par\u00e1lisis institucional se convierte en m\u00e9todo de gobierno.<\/strong><\/p>\n\n\n\n<p>De los 72 senadores, <strong>56 votaron a favor de los proyectos<\/strong>, mientras que s\u00f3lo uno se opuso (Luis Juez). El oficialismo se retir\u00f3 del recinto y eligi\u00f3 el camino del berrinche parlamentario.<\/p>\n\n\n\n<h3 class=\"wp-block-heading\">\ud83d\udd0d \u00bfQu\u00e9 se vot\u00f3 exactamente?<\/h3>\n\n\n\n<ol class=\"wp-block-list\">\n<li><strong>Redistribuci\u00f3n autom\u00e1tica y diaria<\/strong> de los ATN como parte de la masa coparticipable.<\/li>\n\n\n\n<li>Eliminaci\u00f3n de varios fideicomisos que el Ejecutivo ha usado con criterios poco claros.<\/li>\n\n\n\n<li>Incorporaci\u00f3n del impuesto a los combustibles en el reparto autom\u00e1tico a provincias.<\/li>\n\n\n\n<li>Un mensaje claro: <strong>el federalismo no es optativo<\/strong>.<\/li>\n<\/ol>\n\n\n\n<p>El senador Mart\u00edn Lousteau resumi\u00f3 la esencia del reclamo: <em>\u201cEl Estado no est\u00e1 usando los recursos o ha delegado las responsabilidades. No pueden guardarse la plata en nombre del equilibrio fiscal mientras el pa\u00eds se cae a pedazos.\u201d<\/em><\/p>\n\n\n\n<h3 class=\"wp-block-heading\">\ud83c\udfdb\ufe0f Emergencia en Bah\u00eda Blanca: otra pulseada<\/h3>\n\n\n\n<p>Adem\u00e1s, el Senado insisti\u00f3 por unanimidad con la ley que declara la emergencia en Bah\u00eda Blanca tras las devastadoras inundaciones de marzo. La norma, vetada por Milei, crea un fondo de <strong>$200.000 millones<\/strong> para ayudar a la reconstrucci\u00f3n. Si Diputados re\u00fane los dos tercios, el veto presidencial quedar\u00e1 anulado. Ser\u00eda la <strong>primera gran derrota legislativa concreta<\/strong> del Ejecutivo.<\/p>\n\n\n\n<h3 class=\"wp-block-heading\">\ud83d\udd25 La olla a presi\u00f3n<\/h3>\n\n\n\n<p>Lo que se expres\u00f3 ayer no es solo un conflicto de n\u00fameros, sino <strong>un grito federal<\/strong>. Las provincias est\u00e1n asfixiadas, muchas con serias dificultades para pagar sueldos o sostener servicios b\u00e1sicos. La falta de di\u00e1logo del Ejecutivo, especialmente en manos de Karina Milei y su cerrado c\u00edrculo de poder, <strong>rompe la l\u00f3gica de gobernabilidad.<\/strong><\/p>\n\n\n\n<p>Hasta senadores aliados como Beatriz \u00c1vila (Pro &#8211; Tucum\u00e1n) alzaron la voz:<br><em>\u201cGobernar es di\u00e1logo, consenso, empat\u00eda. No es un ejercicio solitario de voluntad.\u201d<\/em><\/p>\n\n\n\n<p>M\u00f3nica Silva (R\u00edo Negro) fue a\u00fan m\u00e1s contundente:<br><em>\u201cParece que volvimos al siglo XIX: centralismo vs. autonom\u00edas. Estamos viviendo un centralismo brutal disfrazado de eficiencia.\u201d<\/em><\/p>\n\n\n\n<h3 class=\"wp-block-heading\">\ud83c\udfad \u00bfY ahora qu\u00e9?<\/h3>\n\n\n\n<p>El oficialismo puede patalear, recurrir a la Corte, denunciar conspiraciones o seguir jugando al m\u00e1rtir del sistema. Pero <strong>el tablero pol\u00edtico ha cambiado.<\/strong> El Senado mostr\u00f3 que, cuando la realidad econ\u00f3mica aprieta, los gobernadores y sus legisladores no se arrodillan ante un Excel.<\/p>\n\n\n\n<p>Si en Diputados se repite el qu\u00f3rum de la \u201cLiga de los 23\u201d, <strong>la Ley Bases quedar\u00e1 opacada por una nueva realidad: el federalismo activo, despierto y decidido a plantarse.<\/strong><\/p>\n\n\n\n<hr class=\"wp-block-separator has-alpha-channel-opacity\"\/>\n\n\n\n<p>\ud83d\udccd <em>En resumen: la sesi\u00f3n del Senado fue la primera gran campanada de un Congreso que empieza a recuperar iniciativa. El Gobierno podr\u00e1 seguir hablando de \u201ccasta\u201d, pero cuando los 23 gobernadores dicen basta, no hay motosierra que imponga silencio.<\/em><\/p>\n\n\n\n<hr class=\"wp-block-separator has-alpha-channel-opacity\"\/>\n\n\n\n<p><small>\u00a92025 Dron Criollo \u2013 All Rights Reserved &#8211; Copyright \u00a9 2025 ElCanillita.info \/ BlogDiario.info \/SalaStampa.eu, world press service &#8211; Guzzo Photos &amp; Graphic Publications \u2013 Registro Editori e Stampatori n. 1441 Turin, Italy<\/small><\/p>\n\n\n\n<hr class=\"wp-block-separator has-alpha-channel-opacity\"\/>\n\n\n\n\u00bfQuer\u00e9s decir algo ?<br>\n\n\ud83d\udcec Envi\u00e1 tu texto a elcanillita@yahoo.com o subite a la Caja de los oradores: SoapBoxOrators.org.<br><br>\n\n\ud83c\udde6\ud83c\uddf7 CASTELLANO\n\n<form action=\"https:\/\/formspree.io\/f\/mjkrjzed\" method=\"POST\">\n  <label for=\"name\">Nombre o seud\u00f3nimo:<\/label><br>\n  <input type=\"text\" id=\"name\" name=\"name\" required><br><br>\n\n  <label for=\"title\">T\u00edtulo del discurso o editorial:<\/label><br>\n  <input type=\"text\" id=\"title\" name=\"title\" required><br><br>\n\n  <label for=\"message\">Texto (m\u00e1x. 3.000 caracteres):<\/label><br>\n  <textarea id=\"message\" name=\"message\" rows=\"10\" maxlength=\"3000\" required><\/textarea><br><br>\n\n  <label>\n    <input type=\"checkbox\" name=\"consent\" required>\n    Autorizo la publicaci\u00f3n de este texto en SoapboxOrators.org\n  <\/label><br><br>\n\n  <button type=\"submit\">Enviar<\/button>\n  <button type=\"reset\">Borrar<\/button>\n<\/form>\n\n\n ","protected":false},"excerpt":{"rendered":"<p>La partida ya no es de ajedrez. Se juega con boleadoras. Y esta vez, el Senado las lanz\u00f3 todas juntas contra el basti\u00f3n presidencial.<\/p>\n","protected":false},"author":1,"featured_media":5159,"comment_status":"closed","ping_status":"closed","sticky":false,"template":"","format":"standard","meta":{"footnotes":"","_links_to":"","_links_to_target":""},"categories":[108,121,70,123,20,23,25],"tags":[],"class_list":["post-5158","post","type-post","status-publish","format-standard","has-post-thumbnail","hentry","category-blogdiario","category-dc24","category-actualidad","category-argentina","category-economia","category-politica","category-sociedad","entry","double"],"yoast_head":"<!-- This site is optimized with the Yoast SEO plugin v27.5 - https:\/\/yoast.com\/product\/yoast-seo-wordpress\/ -->\n<title>&quot;De la motosierra al boomerang: las provincias se rebelan contra Milei&quot; - ElCanillita.Info<\/title>\n<meta name=\"robots\" content=\"index, follow, max-snippet:-1, max-image-preview:large, max-video-preview:-1\" \/>\n<link rel=\"canonical\" href=\"https:\/\/elcanillita.info\/press\/2025\/07\/11\/de-la-motosierra-al-boomerang-las-provincias-se-rebelan-contra-milei\/\" \/>\n<meta property=\"og:locale\" content=\"es_ES\" \/>\n<meta property=\"og:type\" content=\"article\" \/>\n<meta property=\"og:title\" content=\"&quot;De la motosierra al boomerang: las provincias se rebelan contra Milei&quot; - ElCanillita.Info\" \/>\n<meta property=\"og:description\" content=\"La partida ya no es de ajedrez. Se juega con boleadoras. Y esta vez, el Senado las lanz\u00f3 todas juntas contra el basti\u00f3n presidencial.\" \/>\n<meta property=\"og:url\" content=\"https:\/\/elcanillita.info\/press\/2025\/07\/11\/de-la-motosierra-al-boomerang-las-provincias-se-rebelan-contra-milei\/\" \/>\n<meta property=\"og:site_name\" content=\"ElCanillita.Info\" \/>\n<meta property=\"article:publisher\" content=\"https:\/\/ar-ar.facebook.com\/ElCanillitainfo-114249515285712\/\" \/>\n<meta property=\"article:published_time\" content=\"2025-07-11T06:22:24+00:00\" \/>\n<meta property=\"article:modified_time\" content=\"2025-07-11T06:38:19+00:00\" \/>\n<meta property=\"og:image\" content=\"https:\/\/elcanillita.info\/press\/images\/2025\/07\/leo_450.EDIT_.pub_.png\" \/>\n\t<meta property=\"og:image:width\" content=\"450\" \/>\n\t<meta property=\"og:image:height\" content=\"450\" \/>\n\t<meta property=\"og:image:type\" content=\"image\/png\" \/>\n<meta name=\"author\" content=\"SalaStampa.eu, world press service\" \/>\n<meta name=\"twitter:card\" content=\"summary_large_image\" \/>\n<meta name=\"twitter:label1\" content=\"Escrito por\" \/>\n\t<meta name=\"twitter:data1\" content=\"SalaStampa.eu, world press service\" \/>\n\t<meta name=\"twitter:label2\" content=\"Tiempo de lectura\" \/>\n\t<meta name=\"twitter:data2\" content=\"4 minutos\" \/>\n<script type=\"application\/ld+json\" class=\"yoast-schema-graph\">{\"@context\":\"https:\\\/\\\/schema.org\",\"@graph\":[{\"@type\":\"Article\",\"@id\":\"https:\\\/\\\/elcanillita.info\\\/press\\\/2025\\\/07\\\/11\\\/de-la-motosierra-al-boomerang-las-provincias-se-rebelan-contra-milei\\\/#article\",\"isPartOf\":{\"@id\":\"https:\\\/\\\/elcanillita.info\\\/press\\\/2025\\\/07\\\/11\\\/de-la-motosierra-al-boomerang-las-provincias-se-rebelan-contra-milei\\\/\"},\"author\":{\"name\":\"SalaStampa.eu, world press service\",\"@id\":\"https:\\\/\\\/elcanillita.info\\\/press\\\/#\\\/schema\\\/person\\\/7fcb79f38045700919f7da6d97e71ba0\"},\"headline\":\"&#8220;De la motosierra al boomerang: las provincias se rebelan contra Milei&#8221;\",\"datePublished\":\"2025-07-11T06:22:24+00:00\",\"dateModified\":\"2025-07-11T06:38:19+00:00\",\"mainEntityOfPage\":{\"@id\":\"https:\\\/\\\/elcanillita.info\\\/press\\\/2025\\\/07\\\/11\\\/de-la-motosierra-al-boomerang-las-provincias-se-rebelan-contra-milei\\\/\"},\"wordCount\":803,\"publisher\":{\"@id\":\"https:\\\/\\\/elcanillita.info\\\/press\\\/#organization\"},\"image\":{\"@id\":\"https:\\\/\\\/elcanillita.info\\\/press\\\/2025\\\/07\\\/11\\\/de-la-motosierra-al-boomerang-las-provincias-se-rebelan-contra-milei\\\/#primaryimage\"},\"thumbnailUrl\":\"https:\\\/\\\/elcanillita.info\\\/press\\\/images\\\/2025\\\/07\\\/leo_450.EDIT_.pub_.png\",\"articleSection\":[\".\",\".\",\"Actualidad\",\"Argentina\",\"Economia\",\"Politica\",\"Sociedad\"],\"inLanguage\":\"es-AR\"},{\"@type\":\"WebPage\",\"@id\":\"https:\\\/\\\/elcanillita.info\\\/press\\\/2025\\\/07\\\/11\\\/de-la-motosierra-al-boomerang-las-provincias-se-rebelan-contra-milei\\\/\",\"url\":\"https:\\\/\\\/elcanillita.info\\\/press\\\/2025\\\/07\\\/11\\\/de-la-motosierra-al-boomerang-las-provincias-se-rebelan-contra-milei\\\/\",\"name\":\"\\\"De la motosierra al boomerang: las provincias se rebelan contra Milei\\\" - ElCanillita.Info\",\"isPartOf\":{\"@id\":\"https:\\\/\\\/elcanillita.info\\\/press\\\/#website\"},\"primaryImageOfPage\":{\"@id\":\"https:\\\/\\\/elcanillita.info\\\/press\\\/2025\\\/07\\\/11\\\/de-la-motosierra-al-boomerang-las-provincias-se-rebelan-contra-milei\\\/#primaryimage\"},\"image\":{\"@id\":\"https:\\\/\\\/elcanillita.info\\\/press\\\/2025\\\/07\\\/11\\\/de-la-motosierra-al-boomerang-las-provincias-se-rebelan-contra-milei\\\/#primaryimage\"},\"thumbnailUrl\":\"https:\\\/\\\/elcanillita.info\\\/press\\\/images\\\/2025\\\/07\\\/leo_450.EDIT_.pub_.png\",\"datePublished\":\"2025-07-11T06:22:24+00:00\",\"dateModified\":\"2025-07-11T06:38:19+00:00\",\"inLanguage\":\"es-AR\",\"potentialAction\":[{\"@type\":\"ReadAction\",\"target\":[\"https:\\\/\\\/elcanillita.info\\\/press\\\/2025\\\/07\\\/11\\\/de-la-motosierra-al-boomerang-las-provincias-se-rebelan-contra-milei\\\/\"]}]},{\"@type\":\"ImageObject\",\"inLanguage\":\"es-AR\",\"@id\":\"https:\\\/\\\/elcanillita.info\\\/press\\\/2025\\\/07\\\/11\\\/de-la-motosierra-al-boomerang-las-provincias-se-rebelan-contra-milei\\\/#primaryimage\",\"url\":\"https:\\\/\\\/elcanillita.info\\\/press\\\/images\\\/2025\\\/07\\\/leo_450.EDIT_.pub_.png\",\"contentUrl\":\"https:\\\/\\\/elcanillita.info\\\/press\\\/images\\\/2025\\\/07\\\/leo_450.EDIT_.pub_.png\",\"width\":450,\"height\":450},{\"@type\":\"WebSite\",\"@id\":\"https:\\\/\\\/elcanillita.info\\\/press\\\/#website\",\"url\":\"https:\\\/\\\/elcanillita.info\\\/press\\\/\",\"name\":\"ElCanillita.Info\",\"description\":\"desde los Apeninos a los Andes\",\"publisher\":{\"@id\":\"https:\\\/\\\/elcanillita.info\\\/press\\\/#organization\"},\"potentialAction\":[{\"@type\":\"SearchAction\",\"target\":{\"@type\":\"EntryPoint\",\"urlTemplate\":\"https:\\\/\\\/elcanillita.info\\\/press\\\/?s={search_term_string}\"},\"query-input\":{\"@type\":\"PropertyValueSpecification\",\"valueRequired\":true,\"valueName\":\"search_term_string\"}}],\"inLanguage\":\"es-AR\"},{\"@type\":\"Organization\",\"@id\":\"https:\\\/\\\/elcanillita.info\\\/press\\\/#organization\",\"name\":\"Guzzo Photos & Graphic Publications\",\"url\":\"https:\\\/\\\/elcanillita.info\\\/press\\\/\",\"logo\":{\"@type\":\"ImageObject\",\"inLanguage\":\"es-AR\",\"@id\":\"https:\\\/\\\/elcanillita.info\\\/press\\\/#\\\/schema\\\/logo\\\/image\\\/\",\"url\":\"https:\\\/\\\/elcanillita.info\\\/press\\\/images\\\/2020\\\/01\\\/cropped-cropped-cropped-elcanillitainfo.png\",\"contentUrl\":\"https:\\\/\\\/elcanillita.info\\\/press\\\/images\\\/2020\\\/01\\\/cropped-cropped-cropped-elcanillitainfo.png\",\"width\":460,\"height\":50,\"caption\":\"Guzzo Photos & Graphic Publications\"},\"image\":{\"@id\":\"https:\\\/\\\/elcanillita.info\\\/press\\\/#\\\/schema\\\/logo\\\/image\\\/\"},\"sameAs\":[\"https:\\\/\\\/ar-ar.facebook.com\\\/ElCanillitainfo-114249515285712\\\/\"]},{\"@type\":\"Person\",\"@id\":\"https:\\\/\\\/elcanillita.info\\\/press\\\/#\\\/schema\\\/person\\\/7fcb79f38045700919f7da6d97e71ba0\",\"name\":\"SalaStampa.eu, world press service\",\"image\":{\"@type\":\"ImageObject\",\"inLanguage\":\"es-AR\",\"@id\":\"https:\\\/\\\/secure.gravatar.com\\\/avatar\\\/c2f0e0d515a107624234994507816ca4724c7199cef73fc8bedebf6931d73888?s=96&d=mm&r=g\",\"url\":\"https:\\\/\\\/secure.gravatar.com\\\/avatar\\\/c2f0e0d515a107624234994507816ca4724c7199cef73fc8bedebf6931d73888?s=96&d=mm&r=g\",\"contentUrl\":\"https:\\\/\\\/secure.gravatar.com\\\/avatar\\\/c2f0e0d515a107624234994507816ca4724c7199cef73fc8bedebf6931d73888?s=96&d=mm&r=g\",\"caption\":\"SalaStampa.eu, world press service\"}}]}<\/script>\n<!-- \/ Yoast SEO plugin. -->","yoast_head_json":{"title":"\"De la motosierra al boomerang: las provincias se rebelan contra Milei\" - ElCanillita.Info","robots":{"index":"index","follow":"follow","max-snippet":"max-snippet:-1","max-image-preview":"max-image-preview:large","max-video-preview":"max-video-preview:-1"},"canonical":"https:\/\/elcanillita.info\/press\/2025\/07\/11\/de-la-motosierra-al-boomerang-las-provincias-se-rebelan-contra-milei\/","og_locale":"es_ES","og_type":"article","og_title":"\"De la motosierra al boomerang: las provincias se rebelan contra Milei\" - ElCanillita.Info","og_description":"La partida ya no es de ajedrez. Se juega con boleadoras. Y esta vez, el Senado las lanz\u00f3 todas juntas contra el basti\u00f3n presidencial.","og_url":"https:\/\/elcanillita.info\/press\/2025\/07\/11\/de-la-motosierra-al-boomerang-las-provincias-se-rebelan-contra-milei\/","og_site_name":"ElCanillita.Info","article_publisher":"https:\/\/ar-ar.facebook.com\/ElCanillitainfo-114249515285712\/","article_published_time":"2025-07-11T06:22:24+00:00","article_modified_time":"2025-07-11T06:38:19+00:00","og_image":[{"width":450,"height":450,"url":"https:\/\/elcanillita.info\/press\/images\/2025\/07\/leo_450.EDIT_.pub_.png","type":"image\/png"}],"author":"SalaStampa.eu, world press service","twitter_card":"summary_large_image","twitter_misc":{"Escrito por":"SalaStampa.eu, world press service","Tiempo de lectura":"4 minutos"},"schema":{"@context":"https:\/\/schema.org","@graph":[{"@type":"Article","@id":"https:\/\/elcanillita.info\/press\/2025\/07\/11\/de-la-motosierra-al-boomerang-las-provincias-se-rebelan-contra-milei\/#article","isPartOf":{"@id":"https:\/\/elcanillita.info\/press\/2025\/07\/11\/de-la-motosierra-al-boomerang-las-provincias-se-rebelan-contra-milei\/"},"author":{"name":"SalaStampa.eu, world press service","@id":"https:\/\/elcanillita.info\/press\/#\/schema\/person\/7fcb79f38045700919f7da6d97e71ba0"},"headline":"&#8220;De la motosierra al boomerang: las provincias se rebelan contra Milei&#8221;","datePublished":"2025-07-11T06:22:24+00:00","dateModified":"2025-07-11T06:38:19+00:00","mainEntityOfPage":{"@id":"https:\/\/elcanillita.info\/press\/2025\/07\/11\/de-la-motosierra-al-boomerang-las-provincias-se-rebelan-contra-milei\/"},"wordCount":803,"publisher":{"@id":"https:\/\/elcanillita.info\/press\/#organization"},"image":{"@id":"https:\/\/elcanillita.info\/press\/2025\/07\/11\/de-la-motosierra-al-boomerang-las-provincias-se-rebelan-contra-milei\/#primaryimage"},"thumbnailUrl":"https:\/\/elcanillita.info\/press\/images\/2025\/07\/leo_450.EDIT_.pub_.png","articleSection":[".",".","Actualidad","Argentina","Economia","Politica","Sociedad"],"inLanguage":"es-AR"},{"@type":"WebPage","@id":"https:\/\/elcanillita.info\/press\/2025\/07\/11\/de-la-motosierra-al-boomerang-las-provincias-se-rebelan-contra-milei\/","url":"https:\/\/elcanillita.info\/press\/2025\/07\/11\/de-la-motosierra-al-boomerang-las-provincias-se-rebelan-contra-milei\/","name":"\"De la motosierra al boomerang: las provincias se rebelan contra Milei\" - ElCanillita.Info","isPartOf":{"@id":"https:\/\/elcanillita.info\/press\/#website"},"primaryImageOfPage":{"@id":"https:\/\/elcanillita.info\/press\/2025\/07\/11\/de-la-motosierra-al-boomerang-las-provincias-se-rebelan-contra-milei\/#primaryimage"},"image":{"@id":"https:\/\/elcanillita.info\/press\/2025\/07\/11\/de-la-motosierra-al-boomerang-las-provincias-se-rebelan-contra-milei\/#primaryimage"},"thumbnailUrl":"https:\/\/elcanillita.info\/press\/images\/2025\/07\/leo_450.EDIT_.pub_.png","datePublished":"2025-07-11T06:22:24+00:00","dateModified":"2025-07-11T06:38:19+00:00","inLanguage":"es-AR","potentialAction":[{"@type":"ReadAction","target":["https:\/\/elcanillita.info\/press\/2025\/07\/11\/de-la-motosierra-al-boomerang-las-provincias-se-rebelan-contra-milei\/"]}]},{"@type":"ImageObject","inLanguage":"es-AR","@id":"https:\/\/elcanillita.info\/press\/2025\/07\/11\/de-la-motosierra-al-boomerang-las-provincias-se-rebelan-contra-milei\/#primaryimage","url":"https:\/\/elcanillita.info\/press\/images\/2025\/07\/leo_450.EDIT_.pub_.png","contentUrl":"https:\/\/elcanillita.info\/press\/images\/2025\/07\/leo_450.EDIT_.pub_.png","width":450,"height":450},{"@type":"WebSite","@id":"https:\/\/elcanillita.info\/press\/#website","url":"https:\/\/elcanillita.info\/press\/","name":"ElCanillita.Info","description":"desde los Apeninos a los Andes","publisher":{"@id":"https:\/\/elcanillita.info\/press\/#organization"},"potentialAction":[{"@type":"SearchAction","target":{"@type":"EntryPoint","urlTemplate":"https:\/\/elcanillita.info\/press\/?s={search_term_string}"},"query-input":{"@type":"PropertyValueSpecification","valueRequired":true,"valueName":"search_term_string"}}],"inLanguage":"es-AR"},{"@type":"Organization","@id":"https:\/\/elcanillita.info\/press\/#organization","name":"Guzzo Photos & Graphic Publications","url":"https:\/\/elcanillita.info\/press\/","logo":{"@type":"ImageObject","inLanguage":"es-AR","@id":"https:\/\/elcanillita.info\/press\/#\/schema\/logo\/image\/","url":"https:\/\/elcanillita.info\/press\/images\/2020\/01\/cropped-cropped-cropped-elcanillitainfo.png","contentUrl":"https:\/\/elcanillita.info\/press\/images\/2020\/01\/cropped-cropped-cropped-elcanillitainfo.png","width":460,"height":50,"caption":"Guzzo Photos & Graphic Publications"},"image":{"@id":"https:\/\/elcanillita.info\/press\/#\/schema\/logo\/image\/"},"sameAs":["https:\/\/ar-ar.facebook.com\/ElCanillitainfo-114249515285712\/"]},{"@type":"Person","@id":"https:\/\/elcanillita.info\/press\/#\/schema\/person\/7fcb79f38045700919f7da6d97e71ba0","name":"SalaStampa.eu, world press service","image":{"@type":"ImageObject","inLanguage":"es-AR","@id":"https:\/\/secure.gravatar.com\/avatar\/c2f0e0d515a107624234994507816ca4724c7199cef73fc8bedebf6931d73888?s=96&d=mm&r=g","url":"https:\/\/secure.gravatar.com\/avatar\/c2f0e0d515a107624234994507816ca4724c7199cef73fc8bedebf6931d73888?s=96&d=mm&r=g","contentUrl":"https:\/\/secure.gravatar.com\/avatar\/c2f0e0d515a107624234994507816ca4724c7199cef73fc8bedebf6931d73888?s=96&d=mm&r=g","caption":"SalaStampa.eu, world press service"}}]}},"views":223,"_links":{"self":[{"href":"https:\/\/elcanillita.info\/press\/wp-json\/wp\/v2\/posts\/5158","targetHints":{"allow":["GET"]}}],"collection":[{"href":"https:\/\/elcanillita.info\/press\/wp-json\/wp\/v2\/posts"}],"about":[{"href":"https:\/\/elcanillita.info\/press\/wp-json\/wp\/v2\/types\/post"}],"author":[{"embeddable":true,"href":"https:\/\/elcanillita.info\/press\/wp-json\/wp\/v2\/users\/1"}],"replies":[{"embeddable":true,"href":"https:\/\/elcanillita.info\/press\/wp-json\/wp\/v2\/comments?post=5158"}],"version-history":[{"count":0,"href":"https:\/\/elcanillita.info\/press\/wp-json\/wp\/v2\/posts\/5158\/revisions"}],"wp:featuredmedia":[{"embeddable":true,"href":"https:\/\/elcanillita.info\/press\/wp-json\/wp\/v2\/media\/5159"}],"wp:attachment":[{"href":"https:\/\/elcanillita.info\/press\/wp-json\/wp\/v2\/media?parent=5158"}],"wp:term":[{"taxonomy":"category","embeddable":true,"href":"https:\/\/elcanillita.info\/press\/wp-json\/wp\/v2\/categories?post=5158"},{"taxonomy":"post_tag","embeddable":true,"href":"https:\/\/elcanillita.info\/press\/wp-json\/wp\/v2\/tags?post=5158"}],"curies":[{"name":"wp","href":"https:\/\/api.w.org\/{rel}","templated":true}]}}