{"id":5155,"date":"2025-07-10T18:06:52","date_gmt":"2025-07-10T21:06:52","guid":{"rendered":"https:\/\/elcanillita.info\/press\/?p=5155"},"modified":"2025-07-10T18:06:54","modified_gmt":"2025-07-10T21:06:54","slug":"se-busca-jubilacion-recompensa-emocional-y-algun-mango-tambien","status":"publish","type":"post","link":"https:\/\/elcanillita.info\/press\/2025\/07\/10\/se-busca-jubilacion-recompensa-emocional-y-algun-mango-tambien\/","title":{"rendered":"Se busca jubilaci\u00f3n: recompensa emocional (y alg\u00fan mango tambi\u00e9n)"},"content":{"rendered":"<div class=\"wp-block-image\">\n<figure class=\"alignleft size-full is-resized\"><img loading=\"lazy\" decoding=\"async\" width=\"450\" height=\"450\" src=\"https:\/\/elcanillita.info\/press\/images\/2025\/07\/jubilacion_450.PUB_.png\" alt=\"\" class=\"wp-image-5156\" style=\"width:338px;height:auto\" srcset=\"https:\/\/elcanillita.info\/press\/images\/2025\/07\/jubilacion_450.PUB_.png 450w, https:\/\/elcanillita.info\/press\/images\/2025\/07\/jubilacion_450.PUB_-300x300.png 300w, https:\/\/elcanillita.info\/press\/images\/2025\/07\/jubilacion_450.PUB_-150x150.png 150w\" sizes=\"auto, (max-width: 450px) 100vw, 450px\" \/><\/figure>\n<\/div>\n\n\n<p><strong>ElCanillita.info<\/strong><br>Argentina, 11\/07\/2025<br><br><em>Por<strong> <\/strong>Anselmo con Artrosis <\/em><\/p>\n\n\n\n<p>Hay temas que duelen m\u00e1s que una muela sin anestesia: uno de ellos es la jubilaci\u00f3n. No la de los pol\u00edticos \u2014esa es de por vida y sin moratorias\u2014 sino la de la gente com\u00fan, la que se parte el lomo durante 40 a\u00f1os para cobrar, si tiene suerte, el equivalente a dos asados y medio por mes.<\/p>\n\n\n\n<h3 class=\"wp-block-heading\">\ud83d\udd25 El sistema previsional est\u00e1 fundido. Pero no es nuevo.<\/h3>\n\n\n\n<p>Hace rato que sabemos que la famosa \u201cpir\u00e1mide\u201d se dio vuelta como tortilla en sart\u00e9n. Cada vez hay menos j\u00f3venes trabajando en blanco y m\u00e1s adultos mayores esperando cobrar. \u00bfResultado? El sistema cruje. Y con la moratoria previsional vencida, directamente se resquebraja.<\/p>\n\n\n\n<h3 class=\"wp-block-heading\">\ud83d\udcc9 N\u00fameros que no dan<\/h3>\n\n\n\n<ul class=\"wp-block-list\">\n<li>En Argentina, <strong>por cada jubilado hay 1,8 trabajadores aportando<\/strong>. Se necesitar\u00edan al menos 4 para que el esquema solidario funcione.<\/li>\n\n\n\n<li><strong>M\u00e1s del 45\u202f% del trabajo es informal<\/strong>, por lo tanto, no aporta.<\/li>\n\n\n\n<li><strong>El 70\u202f% de los jubilados actuales accedi\u00f3 mediante moratorias.<\/strong><br>\u00bfC\u00f3mo se sostiene esto? Con parches, bonos y mucha ilusi\u00f3n.<\/li>\n<\/ul>\n\n\n\n<h3 class=\"wp-block-heading\">\ud83e\uddfb El papel higi\u00e9nico de la moratoria<\/h3>\n\n\n\n<p>El 23 de marzo de este a\u00f1o venci\u00f3 la \u00faltima moratoria previsional. Desde entonces, si no ten\u00e9s 30 a\u00f1os de aportes reales, solo te queda la <strong>Pensi\u00f3n Universal para el Adulto Mayor (PUAM)<\/strong>: una limosna con nombre t\u00e9cnico. Para acceder a ella ten\u00e9s que esperar hasta los 65, demostrar que no ten\u00e9s ingresos ni propiedades, y probablemente sonre\u00edr ante el tr\u00e1mite kafkiano.<\/p>\n\n\n\n<p>Mientras tanto, el sistema previsional se convirti\u00f3 en un mix de asistencia social y ruleta rusa.<\/p>\n\n\n\n<h3 class=\"wp-block-heading\">\ud83d\udca3 El huevo podrido que nadie quiere abrir<\/h3>\n\n\n\n<p>El Gobierno actual (como los anteriores) repite que \u201cse va a reformar el sistema\u201d, pero nadie toca el n\u00facleo duro:<\/p>\n\n\n\n<ul class=\"wp-block-list\">\n<li>\u00bfFormalizaci\u00f3n laboral real? Bien, gracias.<\/li>\n\n\n\n<li>\u00bfIncentivos para el monotributista esclavizado? Nada.<\/li>\n\n\n\n<li>\u00bfAumento de la edad jubilatoria? Tab\u00fa.<\/li>\n\n\n\n<li>\u00bfSistema mixto de reparto y capitalizaci\u00f3n? Solo lo mencionan cuando el FMI llama desde Washington.<\/li>\n<\/ul>\n\n\n\n<h3 class=\"wp-block-heading\">\ud83c\udfad La farsa del \u201cmerecido descanso\u201d<\/h3>\n\n\n\n<p>Lo m\u00e1s cruel es que seguimos vendiendo la jubilaci\u00f3n como el premio al esfuerzo. Una vida de trabajo para terminar rogando por un reajuste, esperando bonos como migajas y consultando precios de medicamentos como si fueran pasajes a Europa.<\/p>\n\n\n\n<p>En el fondo, se trata de un contrato roto: el Estado te promete algo que no puede pagar, y vos, mientras, sosten\u00e9s la mentira trabajando en negro, tercerizado, monotributado o directamente precarizado.<\/p>\n\n\n\n<hr class=\"wp-block-separator has-alpha-channel-opacity\"\/>\n\n\n\n<h3 class=\"wp-block-heading\">\ud83c\udfaf \u00bfQu\u00e9 nos queda?<\/h3>\n\n\n\n<p>Un sistema insostenible, una sociedad que envejece sin recursos, y una dirigencia que le pone maquillaje a un cad\u00e1ver econ\u00f3mico.<br>Mientras tanto, muchos j\u00f3venes ya no se preguntan si van a jubilarse, sino si van a llegar a los 65 con salud f\u00edsica, mental&#8230; y un mango en el bolsillo.<\/p>\n\n\n\n<p>Y como dir\u00eda mi t\u00eda, jubilada con la m\u00ednima:<\/p>\n\n\n\n<blockquote class=\"wp-block-quote is-layout-flow wp-block-quote-is-layout-flow\">\n<p>\u201cMi retiro no es dorado, pero con suerte, es digno. Cuando no me lo congelan.\u201d<\/p>\n<\/blockquote>\n\n\n<p><small>\u00a92025 Anselmo con Artrosis  &#8211; Todos los derechos reservados<br \/>\nCopyright \u00a9 2025 ElCanillita.info \/ BlogDiario.info \/ SalaStampa.eu, servicio mundial de prensa<br \/>\nGuzzo Photos &#038; Graphic Publications \u2013 Registro Editori e Stampatori n. 1441 Torino, Italia<\/small><\/p>\n\n\n<hr class=\"wp-block-separator has-alpha-channel-opacity\"\/>\n\n\n<p>\u00bfQuer\u00e9s decir algo ?<\/p>\n<p>\ud83d\udcec Envi\u00e1 tu texto a elcanillita@yahoo.com o subite a la Caja de los oradores: SoapBoxOrators.org. <\/p>\n<p>\ud83c\uddea\ud83c\uddf8 CASTELLANO<\/p>\n<form action=\"https:\/\/formspree.io\/f\/mjkrjzed\" method=\"POST\">\n  <label for=\"name\">Nombre o seud\u00f3nimo:<\/label><br \/>\n  <input type=\"text\" id=\"name\" name=\"name\" required><\/p>\n<p>  <label for=\"title\">T\u00edtulo del discurso o editorial:<\/label><br \/>\n  <input type=\"text\" id=\"title\" name=\"title\" required><\/p>\n<p>  <label for=\"message\">Texto (m\u00e1x. 3.000 caracteres):<\/label><br \/>\n  <textarea id=\"message\" name=\"message\" rows=\"10\" maxlength=\"3000\" required><\/textarea><\/p>\n<p>  <label><br \/>\n    <input type=\"checkbox\" name=\"consent\" required><br \/>\n    Autorizo la publicaci\u00f3n de este texto en SoapboxOrators.org<br \/>\n  <\/label><\/p>\n<p>  <button type=\"submit\">Enviar<\/button><br \/>\n  <button type=\"reset\">Borrar<\/button><br \/>\n<\/form>","protected":false},"excerpt":{"rendered":"<p>\ud83d\udd25 El sistema previsional est\u00e1 fundido. Pero no es nuevo.<\/p>\n","protected":false},"author":1,"featured_media":5156,"comment_status":"closed","ping_status":"closed","sticky":false,"template":"","format":"standard","meta":{"footnotes":"","_links_to":"","_links_to_target":""},"categories":[108,121,70,123,20,23,130,25,133],"tags":[],"class_list":["post-5155","post","type-post","status-publish","format-standard","has-post-thumbnail","hentry","category-blogdiario","category-dc24","category-actualidad","category-argentina","category-economia","category-politica","category-reportero-de-dinero","category-sociedad","category-trabajo","entry","double"],"yoast_head":"<!-- This site is optimized with the Yoast SEO plugin v27.5 - https:\/\/yoast.com\/product\/yoast-seo-wordpress\/ -->\n<title>Se busca jubilaci\u00f3n: recompensa emocional (y alg\u00fan mango tambi\u00e9n) - ElCanillita.Info<\/title>\n<meta name=\"robots\" content=\"index, follow, max-snippet:-1, max-image-preview:large, max-video-preview:-1\" \/>\n<link rel=\"canonical\" href=\"https:\/\/elcanillita.info\/press\/2025\/07\/10\/se-busca-jubilacion-recompensa-emocional-y-algun-mango-tambien\/\" \/>\n<meta property=\"og:locale\" content=\"es_ES\" \/>\n<meta property=\"og:type\" content=\"article\" \/>\n<meta property=\"og:title\" content=\"Se busca jubilaci\u00f3n: recompensa emocional (y alg\u00fan mango tambi\u00e9n) - ElCanillita.Info\" \/>\n<meta property=\"og:description\" content=\"\ud83d\udd25 El sistema previsional est\u00e1 fundido. Pero no es nuevo.\" \/>\n<meta property=\"og:url\" content=\"https:\/\/elcanillita.info\/press\/2025\/07\/10\/se-busca-jubilacion-recompensa-emocional-y-algun-mango-tambien\/\" \/>\n<meta property=\"og:site_name\" content=\"ElCanillita.Info\" \/>\n<meta property=\"article:publisher\" content=\"https:\/\/ar-ar.facebook.com\/ElCanillitainfo-114249515285712\/\" \/>\n<meta property=\"article:published_time\" content=\"2025-07-10T21:06:52+00:00\" \/>\n<meta property=\"article:modified_time\" content=\"2025-07-10T21:06:54+00:00\" \/>\n<meta property=\"og:image\" content=\"https:\/\/elcanillita.info\/press\/images\/2025\/07\/jubilacion_450.PUB_.png\" \/>\n\t<meta property=\"og:image:width\" content=\"450\" \/>\n\t<meta property=\"og:image:height\" content=\"450\" \/>\n\t<meta property=\"og:image:type\" content=\"image\/png\" \/>\n<meta name=\"author\" content=\"SalaStampa.eu, world press service\" \/>\n<meta name=\"twitter:card\" content=\"summary_large_image\" \/>\n<meta name=\"twitter:label1\" content=\"Escrito por\" \/>\n\t<meta name=\"twitter:data1\" content=\"SalaStampa.eu, world press service\" \/>\n\t<meta name=\"twitter:label2\" content=\"Tiempo de lectura\" \/>\n\t<meta name=\"twitter:data2\" content=\"3 minutos\" \/>\n<script type=\"application\/ld+json\" class=\"yoast-schema-graph\">{\"@context\":\"https:\\\/\\\/schema.org\",\"@graph\":[{\"@type\":\"Article\",\"@id\":\"https:\\\/\\\/elcanillita.info\\\/press\\\/2025\\\/07\\\/10\\\/se-busca-jubilacion-recompensa-emocional-y-algun-mango-tambien\\\/#article\",\"isPartOf\":{\"@id\":\"https:\\\/\\\/elcanillita.info\\\/press\\\/2025\\\/07\\\/10\\\/se-busca-jubilacion-recompensa-emocional-y-algun-mango-tambien\\\/\"},\"author\":{\"name\":\"SalaStampa.eu, world press service\",\"@id\":\"https:\\\/\\\/elcanillita.info\\\/press\\\/#\\\/schema\\\/person\\\/7fcb79f38045700919f7da6d97e71ba0\"},\"headline\":\"Se busca jubilaci\u00f3n: recompensa emocional (y alg\u00fan mango tambi\u00e9n)\",\"datePublished\":\"2025-07-10T21:06:52+00:00\",\"dateModified\":\"2025-07-10T21:06:54+00:00\",\"mainEntityOfPage\":{\"@id\":\"https:\\\/\\\/elcanillita.info\\\/press\\\/2025\\\/07\\\/10\\\/se-busca-jubilacion-recompensa-emocional-y-algun-mango-tambien\\\/\"},\"wordCount\":585,\"publisher\":{\"@id\":\"https:\\\/\\\/elcanillita.info\\\/press\\\/#organization\"},\"image\":{\"@id\":\"https:\\\/\\\/elcanillita.info\\\/press\\\/2025\\\/07\\\/10\\\/se-busca-jubilacion-recompensa-emocional-y-algun-mango-tambien\\\/#primaryimage\"},\"thumbnailUrl\":\"https:\\\/\\\/elcanillita.info\\\/press\\\/images\\\/2025\\\/07\\\/jubilacion_450.PUB_.png\",\"articleSection\":[\".\",\".\",\"Actualidad\",\"Argentina\",\"Economia\",\"Politica\",\"Reportero de dinero\",\"Sociedad\",\"Trabajo\"],\"inLanguage\":\"es-AR\"},{\"@type\":\"WebPage\",\"@id\":\"https:\\\/\\\/elcanillita.info\\\/press\\\/2025\\\/07\\\/10\\\/se-busca-jubilacion-recompensa-emocional-y-algun-mango-tambien\\\/\",\"url\":\"https:\\\/\\\/elcanillita.info\\\/press\\\/2025\\\/07\\\/10\\\/se-busca-jubilacion-recompensa-emocional-y-algun-mango-tambien\\\/\",\"name\":\"Se busca jubilaci\u00f3n: recompensa emocional (y alg\u00fan mango tambi\u00e9n) - ElCanillita.Info\",\"isPartOf\":{\"@id\":\"https:\\\/\\\/elcanillita.info\\\/press\\\/#website\"},\"primaryImageOfPage\":{\"@id\":\"https:\\\/\\\/elcanillita.info\\\/press\\\/2025\\\/07\\\/10\\\/se-busca-jubilacion-recompensa-emocional-y-algun-mango-tambien\\\/#primaryimage\"},\"image\":{\"@id\":\"https:\\\/\\\/elcanillita.info\\\/press\\\/2025\\\/07\\\/10\\\/se-busca-jubilacion-recompensa-emocional-y-algun-mango-tambien\\\/#primaryimage\"},\"thumbnailUrl\":\"https:\\\/\\\/elcanillita.info\\\/press\\\/images\\\/2025\\\/07\\\/jubilacion_450.PUB_.png\",\"datePublished\":\"2025-07-10T21:06:52+00:00\",\"dateModified\":\"2025-07-10T21:06:54+00:00\",\"inLanguage\":\"es-AR\",\"potentialAction\":[{\"@type\":\"ReadAction\",\"target\":[\"https:\\\/\\\/elcanillita.info\\\/press\\\/2025\\\/07\\\/10\\\/se-busca-jubilacion-recompensa-emocional-y-algun-mango-tambien\\\/\"]}]},{\"@type\":\"ImageObject\",\"inLanguage\":\"es-AR\",\"@id\":\"https:\\\/\\\/elcanillita.info\\\/press\\\/2025\\\/07\\\/10\\\/se-busca-jubilacion-recompensa-emocional-y-algun-mango-tambien\\\/#primaryimage\",\"url\":\"https:\\\/\\\/elcanillita.info\\\/press\\\/images\\\/2025\\\/07\\\/jubilacion_450.PUB_.png\",\"contentUrl\":\"https:\\\/\\\/elcanillita.info\\\/press\\\/images\\\/2025\\\/07\\\/jubilacion_450.PUB_.png\",\"width\":450,\"height\":450},{\"@type\":\"WebSite\",\"@id\":\"https:\\\/\\\/elcanillita.info\\\/press\\\/#website\",\"url\":\"https:\\\/\\\/elcanillita.info\\\/press\\\/\",\"name\":\"ElCanillita.Info\",\"description\":\"desde los Apeninos a los Andes\",\"publisher\":{\"@id\":\"https:\\\/\\\/elcanillita.info\\\/press\\\/#organization\"},\"potentialAction\":[{\"@type\":\"SearchAction\",\"target\":{\"@type\":\"EntryPoint\",\"urlTemplate\":\"https:\\\/\\\/elcanillita.info\\\/press\\\/?s={search_term_string}\"},\"query-input\":{\"@type\":\"PropertyValueSpecification\",\"valueRequired\":true,\"valueName\":\"search_term_string\"}}],\"inLanguage\":\"es-AR\"},{\"@type\":\"Organization\",\"@id\":\"https:\\\/\\\/elcanillita.info\\\/press\\\/#organization\",\"name\":\"Guzzo Photos & Graphic Publications\",\"url\":\"https:\\\/\\\/elcanillita.info\\\/press\\\/\",\"logo\":{\"@type\":\"ImageObject\",\"inLanguage\":\"es-AR\",\"@id\":\"https:\\\/\\\/elcanillita.info\\\/press\\\/#\\\/schema\\\/logo\\\/image\\\/\",\"url\":\"https:\\\/\\\/elcanillita.info\\\/press\\\/images\\\/2020\\\/01\\\/cropped-cropped-cropped-elcanillitainfo.png\",\"contentUrl\":\"https:\\\/\\\/elcanillita.info\\\/press\\\/images\\\/2020\\\/01\\\/cropped-cropped-cropped-elcanillitainfo.png\",\"width\":460,\"height\":50,\"caption\":\"Guzzo Photos & Graphic Publications\"},\"image\":{\"@id\":\"https:\\\/\\\/elcanillita.info\\\/press\\\/#\\\/schema\\\/logo\\\/image\\\/\"},\"sameAs\":[\"https:\\\/\\\/ar-ar.facebook.com\\\/ElCanillitainfo-114249515285712\\\/\"]},{\"@type\":\"Person\",\"@id\":\"https:\\\/\\\/elcanillita.info\\\/press\\\/#\\\/schema\\\/person\\\/7fcb79f38045700919f7da6d97e71ba0\",\"name\":\"SalaStampa.eu, world press service\",\"image\":{\"@type\":\"ImageObject\",\"inLanguage\":\"es-AR\",\"@id\":\"https:\\\/\\\/secure.gravatar.com\\\/avatar\\\/c2f0e0d515a107624234994507816ca4724c7199cef73fc8bedebf6931d73888?s=96&d=mm&r=g\",\"url\":\"https:\\\/\\\/secure.gravatar.com\\\/avatar\\\/c2f0e0d515a107624234994507816ca4724c7199cef73fc8bedebf6931d73888?s=96&d=mm&r=g\",\"contentUrl\":\"https:\\\/\\\/secure.gravatar.com\\\/avatar\\\/c2f0e0d515a107624234994507816ca4724c7199cef73fc8bedebf6931d73888?s=96&d=mm&r=g\",\"caption\":\"SalaStampa.eu, world press service\"}}]}<\/script>\n<!-- \/ Yoast SEO plugin. -->","yoast_head_json":{"title":"Se busca jubilaci\u00f3n: recompensa emocional (y alg\u00fan mango tambi\u00e9n) - ElCanillita.Info","robots":{"index":"index","follow":"follow","max-snippet":"max-snippet:-1","max-image-preview":"max-image-preview:large","max-video-preview":"max-video-preview:-1"},"canonical":"https:\/\/elcanillita.info\/press\/2025\/07\/10\/se-busca-jubilacion-recompensa-emocional-y-algun-mango-tambien\/","og_locale":"es_ES","og_type":"article","og_title":"Se busca jubilaci\u00f3n: recompensa emocional (y alg\u00fan mango tambi\u00e9n) - ElCanillita.Info","og_description":"\ud83d\udd25 El sistema previsional est\u00e1 fundido. Pero no es nuevo.","og_url":"https:\/\/elcanillita.info\/press\/2025\/07\/10\/se-busca-jubilacion-recompensa-emocional-y-algun-mango-tambien\/","og_site_name":"ElCanillita.Info","article_publisher":"https:\/\/ar-ar.facebook.com\/ElCanillitainfo-114249515285712\/","article_published_time":"2025-07-10T21:06:52+00:00","article_modified_time":"2025-07-10T21:06:54+00:00","og_image":[{"width":450,"height":450,"url":"https:\/\/elcanillita.info\/press\/images\/2025\/07\/jubilacion_450.PUB_.png","type":"image\/png"}],"author":"SalaStampa.eu, world press service","twitter_card":"summary_large_image","twitter_misc":{"Escrito por":"SalaStampa.eu, world press service","Tiempo de lectura":"3 minutos"},"schema":{"@context":"https:\/\/schema.org","@graph":[{"@type":"Article","@id":"https:\/\/elcanillita.info\/press\/2025\/07\/10\/se-busca-jubilacion-recompensa-emocional-y-algun-mango-tambien\/#article","isPartOf":{"@id":"https:\/\/elcanillita.info\/press\/2025\/07\/10\/se-busca-jubilacion-recompensa-emocional-y-algun-mango-tambien\/"},"author":{"name":"SalaStampa.eu, world press service","@id":"https:\/\/elcanillita.info\/press\/#\/schema\/person\/7fcb79f38045700919f7da6d97e71ba0"},"headline":"Se busca jubilaci\u00f3n: recompensa emocional (y alg\u00fan mango tambi\u00e9n)","datePublished":"2025-07-10T21:06:52+00:00","dateModified":"2025-07-10T21:06:54+00:00","mainEntityOfPage":{"@id":"https:\/\/elcanillita.info\/press\/2025\/07\/10\/se-busca-jubilacion-recompensa-emocional-y-algun-mango-tambien\/"},"wordCount":585,"publisher":{"@id":"https:\/\/elcanillita.info\/press\/#organization"},"image":{"@id":"https:\/\/elcanillita.info\/press\/2025\/07\/10\/se-busca-jubilacion-recompensa-emocional-y-algun-mango-tambien\/#primaryimage"},"thumbnailUrl":"https:\/\/elcanillita.info\/press\/images\/2025\/07\/jubilacion_450.PUB_.png","articleSection":[".",".","Actualidad","Argentina","Economia","Politica","Reportero de dinero","Sociedad","Trabajo"],"inLanguage":"es-AR"},{"@type":"WebPage","@id":"https:\/\/elcanillita.info\/press\/2025\/07\/10\/se-busca-jubilacion-recompensa-emocional-y-algun-mango-tambien\/","url":"https:\/\/elcanillita.info\/press\/2025\/07\/10\/se-busca-jubilacion-recompensa-emocional-y-algun-mango-tambien\/","name":"Se busca jubilaci\u00f3n: recompensa emocional (y alg\u00fan mango tambi\u00e9n) - ElCanillita.Info","isPartOf":{"@id":"https:\/\/elcanillita.info\/press\/#website"},"primaryImageOfPage":{"@id":"https:\/\/elcanillita.info\/press\/2025\/07\/10\/se-busca-jubilacion-recompensa-emocional-y-algun-mango-tambien\/#primaryimage"},"image":{"@id":"https:\/\/elcanillita.info\/press\/2025\/07\/10\/se-busca-jubilacion-recompensa-emocional-y-algun-mango-tambien\/#primaryimage"},"thumbnailUrl":"https:\/\/elcanillita.info\/press\/images\/2025\/07\/jubilacion_450.PUB_.png","datePublished":"2025-07-10T21:06:52+00:00","dateModified":"2025-07-10T21:06:54+00:00","inLanguage":"es-AR","potentialAction":[{"@type":"ReadAction","target":["https:\/\/elcanillita.info\/press\/2025\/07\/10\/se-busca-jubilacion-recompensa-emocional-y-algun-mango-tambien\/"]}]},{"@type":"ImageObject","inLanguage":"es-AR","@id":"https:\/\/elcanillita.info\/press\/2025\/07\/10\/se-busca-jubilacion-recompensa-emocional-y-algun-mango-tambien\/#primaryimage","url":"https:\/\/elcanillita.info\/press\/images\/2025\/07\/jubilacion_450.PUB_.png","contentUrl":"https:\/\/elcanillita.info\/press\/images\/2025\/07\/jubilacion_450.PUB_.png","width":450,"height":450},{"@type":"WebSite","@id":"https:\/\/elcanillita.info\/press\/#website","url":"https:\/\/elcanillita.info\/press\/","name":"ElCanillita.Info","description":"desde los Apeninos a los Andes","publisher":{"@id":"https:\/\/elcanillita.info\/press\/#organization"},"potentialAction":[{"@type":"SearchAction","target":{"@type":"EntryPoint","urlTemplate":"https:\/\/elcanillita.info\/press\/?s={search_term_string}"},"query-input":{"@type":"PropertyValueSpecification","valueRequired":true,"valueName":"search_term_string"}}],"inLanguage":"es-AR"},{"@type":"Organization","@id":"https:\/\/elcanillita.info\/press\/#organization","name":"Guzzo Photos & Graphic Publications","url":"https:\/\/elcanillita.info\/press\/","logo":{"@type":"ImageObject","inLanguage":"es-AR","@id":"https:\/\/elcanillita.info\/press\/#\/schema\/logo\/image\/","url":"https:\/\/elcanillita.info\/press\/images\/2020\/01\/cropped-cropped-cropped-elcanillitainfo.png","contentUrl":"https:\/\/elcanillita.info\/press\/images\/2020\/01\/cropped-cropped-cropped-elcanillitainfo.png","width":460,"height":50,"caption":"Guzzo Photos & Graphic Publications"},"image":{"@id":"https:\/\/elcanillita.info\/press\/#\/schema\/logo\/image\/"},"sameAs":["https:\/\/ar-ar.facebook.com\/ElCanillitainfo-114249515285712\/"]},{"@type":"Person","@id":"https:\/\/elcanillita.info\/press\/#\/schema\/person\/7fcb79f38045700919f7da6d97e71ba0","name":"SalaStampa.eu, world press service","image":{"@type":"ImageObject","inLanguage":"es-AR","@id":"https:\/\/secure.gravatar.com\/avatar\/c2f0e0d515a107624234994507816ca4724c7199cef73fc8bedebf6931d73888?s=96&d=mm&r=g","url":"https:\/\/secure.gravatar.com\/avatar\/c2f0e0d515a107624234994507816ca4724c7199cef73fc8bedebf6931d73888?s=96&d=mm&r=g","contentUrl":"https:\/\/secure.gravatar.com\/avatar\/c2f0e0d515a107624234994507816ca4724c7199cef73fc8bedebf6931d73888?s=96&d=mm&r=g","caption":"SalaStampa.eu, world press service"}}]}},"views":172,"_links":{"self":[{"href":"https:\/\/elcanillita.info\/press\/wp-json\/wp\/v2\/posts\/5155","targetHints":{"allow":["GET"]}}],"collection":[{"href":"https:\/\/elcanillita.info\/press\/wp-json\/wp\/v2\/posts"}],"about":[{"href":"https:\/\/elcanillita.info\/press\/wp-json\/wp\/v2\/types\/post"}],"author":[{"embeddable":true,"href":"https:\/\/elcanillita.info\/press\/wp-json\/wp\/v2\/users\/1"}],"replies":[{"embeddable":true,"href":"https:\/\/elcanillita.info\/press\/wp-json\/wp\/v2\/comments?post=5155"}],"version-history":[{"count":0,"href":"https:\/\/elcanillita.info\/press\/wp-json\/wp\/v2\/posts\/5155\/revisions"}],"wp:featuredmedia":[{"embeddable":true,"href":"https:\/\/elcanillita.info\/press\/wp-json\/wp\/v2\/media\/5156"}],"wp:attachment":[{"href":"https:\/\/elcanillita.info\/press\/wp-json\/wp\/v2\/media?parent=5155"}],"wp:term":[{"taxonomy":"category","embeddable":true,"href":"https:\/\/elcanillita.info\/press\/wp-json\/wp\/v2\/categories?post=5155"},{"taxonomy":"post_tag","embeddable":true,"href":"https:\/\/elcanillita.info\/press\/wp-json\/wp\/v2\/tags?post=5155"}],"curies":[{"name":"wp","href":"https:\/\/api.w.org\/{rel}","templated":true}]}}