{"id":5150,"date":"2025-07-10T04:40:19","date_gmt":"2025-07-10T07:40:19","guid":{"rendered":"https:\/\/elcanillita.info\/press\/?p=5150"},"modified":"2025-07-10T04:46:19","modified_gmt":"2025-07-10T07:46:19","slug":"aire-frito","status":"publish","type":"post","link":"https:\/\/elcanillita.info\/press\/2025\/07\/10\/aire-frito\/","title":{"rendered":"\u00a0\u00bfAire frito?"},"content":{"rendered":"<div class=\"wp-block-image\">\n<figure class=\"alignleft size-full is-resized\"><img loading=\"lazy\" decoding=\"async\" width=\"450\" height=\"450\" src=\"https:\/\/elcanillita.info\/press\/images\/2025\/07\/Lagarte_450.EditPUB.png\" alt=\"\" class=\"wp-image-5153\" style=\"width:319px;height:auto\" srcset=\"https:\/\/elcanillita.info\/press\/images\/2025\/07\/Lagarte_450.EditPUB.png 450w, https:\/\/elcanillita.info\/press\/images\/2025\/07\/Lagarte_450.EditPUB-300x300.png 300w, https:\/\/elcanillita.info\/press\/images\/2025\/07\/Lagarte_450.EditPUB-150x150.png 150w\" sizes=\"auto, (max-width: 450px) 100vw, 450px\" \/><\/figure>\n<\/div>\n\n\n<p><strong>ElCanillita.info<\/strong><br>Argentina 10\/07\/2025<br><br><em>Por Miss Penny Truth, Especial para ElCanillita.info<\/em><\/p>\n\n\n\n<p class=\"p1\">\u00bfCrecimiento del 5,2 % para 2025? \u00bfDel 4,3 % en 2026? \u00bfUna inflaci\u00f3n cayendo al 15 %? \u00bfY las reservas\u2026 respirando con un respirador prestado por el FMI?<\/p>\n\n\n\n<p class=\"p1\">\u00a1Vamos, se\u00f1ores! Si esto no es aire frito, \u00bfqu\u00e9 cosa es?<\/p>\n\n\n\n<p class=\"p1\">Seg\u00fan la OCDE, Argentina pasar\u00e1 de la UCI econ\u00f3mica a un spa de recuperaci\u00f3n fiscal gracias a un pron\u00f3stico que, con todo respeto, huele m\u00e1s a deseo diplom\u00e1tico que a realidad medible. S\u00ed, es cierto: la econom\u00eda se contrajo 6 % en el primer semestre de 2024. Un sopapo que todav\u00eda retumba en el mercado laboral, el consumo, la industria, el humor social y el est\u00f3mago del jubilado medio.<\/p>\n\n\n\n<p class=\"p1\">\u00bfY ahora, de pronto, todo es un jard\u00edn en flor? Bueno, depende de qu\u00e9 abono estemos usando.<\/p>\n\n\n\n<p class=\"p1\">Los t\u00e9cnicos internacionales se entusiasman con la ca\u00edda de la inflaci\u00f3n. \u00a1Claro! Si se congela el consumo, se seca el cr\u00e9dito, se dispara la pobreza y la gente no puede comprar ni una cebolla, obvio que los precios se moderan. Pero eso no se llama estabilidad: se llama asfixia controlada.<\/p>\n\n\n\n<p class=\"p1\">Las reservas crecieron\u2026 s\u00ed, pero a fuerza de FMI. De los 20.000 millones del nuevo programa, ya entraron 12.000 millones. Y as\u00ed cualquiera levanta la alcanc\u00eda. Eso s\u00ed: que nadie la agite demasiado fuerte, porque todav\u00eda suena a vac\u00eda.<\/p>\n\n\n\n<p class=\"p1\">La OCDE, como otras entidades, necesita emitir informes esperanzadores. Pero eso no significa que la esperanza se materialice. Sobre todo si el modelo econ\u00f3mico se sostiene m\u00e1s en la fe que en las f\u00e1bricas. El pueblo argentino ya aprendi\u00f3 que los PowerPoints no se comen y que los Excel del FMI suelen tener delay respecto a la realidad del almac\u00e9n.<\/p>\n\n\n\n<p class=\"p1\">\u00bfAire frito? Tal vez. Pero servido con perejil, con gr\u00e1ficos de colores, y con promesas que \u2013si todo sale bien, y si nadie toca nada, y si no hay sequ\u00eda, ni crisis externa, ni elecciones anticipadas, ni nuevos insultos presidenciales en cadena nacional\u2013 podr\u00edan parecer razonables.<\/p>\n\n\n\n<p class=\"p1\">Pero no nos enga\u00f1emos: sin un plan productivo real, sin inversi\u00f3n genuina, sin pol\u00edtica exterior sensata y sin un m\u00ednimo de estabilidad pol\u00edtica, ni la OCDE, ni el FMI, ni el hor\u00f3scopo chino nos van a sacar del pantano.<\/p>\n\n\n\n<p><small>\u00a92025 Miss Penny Truth &#8211; All Rights Reserved \u2013 Copyright \u00a9 2025 ElCanillita.info \/ BlogDiario.info \/SalaStampa.eu, world press service \u2013 Guzzo Photos &amp; Graphic Publications \u2013 Registro Editori e Stampatori n. 1441 Turin, Italy<\/small><\/p>\n\n\n\n<p>\ud83d\udcec <strong>Si quer\u00e9s decir algo\u2026 pero ya ni ten\u00e9s ganas<\/strong><\/p>\n\n\n\n<p>Si quer\u00e9s decir algo\u2026<br>aunque sea en voz baja,<br>aunque est\u00e9s harto,<br>aunque sientas que nada cambia,<br>aunque te gane el desgano<br>y pienses que escribir ya no sirve\u2026<\/p>\n\n\n\n<p>Si quer\u00e9s decir algo<br>pero todo suena repetido,<br>y te pregunt\u00e1s para qu\u00e9<br>si total nadie escucha,<br>si todo sigue igual,<br>si las caras se repiten<br>y los discursos tambi\u00e9n\u2026<\/p>\n\n\n\n<p>Decilo igual.<\/p>\n\n\n\n<p>Decilo aunque duela,<br>aunque creas que no vale,<br>aunque tengas que escribirlo con bronca, con iron\u00eda, o con una l\u00e1grima.<br>Aunque sea con una palabra sola.<br>O con un silencio cargado.<\/p>\n\n\n\n<p>Decilo porque el silencio tambi\u00e9n cansa.<br>Porque no todo est\u00e1 dicho.<br>Porque hay otros que tambi\u00e9n sienten lo mismo.<br>Y cuando uno habla, otro despierta.<\/p>\n\n\n\n<p>Y si no sab\u00e9s por d\u00f3nde empezar\u2026<br>empez\u00e1 por decir \u201cBasta\u201d,<br>\u201cNo estoy de acuerdo\u201d,<br>\u201cEstoy cansado\u201d,<br>o incluso \u201cNo s\u00e9 qu\u00e9 decir, pero quiero decir algo\u201d.<\/p>\n\n\n\n<p>Ac\u00e1 hay lugar.<br>Ac\u00e1 te leemos.<br>Ac\u00e1 no hace falta escribir perfecto.<br>Hace falta escribir verdadero.<\/p>\n\n\n\n<p>Porque cuando ya nadie dice nada,<br>es cuando m\u00e1s falta hace que alguien diga algo.<\/p>\n\n\n<p><small><i>\ud83c\udfa4\u202fLa Caja de los Oradores naci\u00f3 inspirada en aquellas primeras protestas en plazas, mercados y esquinas del mundo, donde bastaba subirse a un caj\u00f3n de jab\u00f3n para hacerse escuchar. En la Argentina, por entonces, ni industria hab\u00eda&#8230; pero s\u00ed palabras, rabia y esperanza. Hoy reeditamos esa tradici\u00f3n, sin banderas ni micr\u00f3fonos pagos. Ac\u00e1 se habla claro, aunque a veces duela. Vos tambi\u00e9n pod\u00e9s subirte.<\/i><\/small><\/p>\n<p>\ud83c\uddea\ud83c\uddf8 CASTELLANO<\/p>\n<form action=\"https:\/\/formspree.io\/f\/mjkrjzed\" method=\"POST\">\n  <label for=\"name\">Nombre o seud\u00f3nimo:<\/label><br \/>\n  <input type=\"text\" id=\"name\" name=\"name\" required><\/p>\n<p>  <label for=\"title\">T\u00edtulo del discurso o editorial:<\/label><br \/>\n  <input type=\"text\" id=\"title\" name=\"title\" required><\/p>\n<p>  <label for=\"message\">Texto (m\u00e1x. 3.000 caracteres):<\/label><br \/>\n  <textarea id=\"message\" name=\"message\" rows=\"10\" maxlength=\"3000\" required><\/textarea><\/p>\n<p>  <label><br \/>\n    <input type=\"checkbox\" name=\"consent\" required><br \/>\n    Autorizo la publicaci\u00f3n de este texto en SoapboxOrators.org<br \/>\n  <\/label><\/p>\n<p>  <button type=\"submit\">Enviar<\/button><br \/>\n  <button type=\"reset\">Borrar<\/button><br \/>\n<\/form>\n\n\n<p><\/p>\n","protected":false},"excerpt":{"rendered":"<p>Seg\u00fan la OCDE, Argentina pasar\u00e1 de la UCI econ\u00f3mica a un spa de recuperaci\u00f3n fiscal.<\/p>\n","protected":false},"author":1,"featured_media":5153,"comment_status":"closed","ping_status":"closed","sticky":false,"template":"","format":"standard","meta":{"footnotes":"","_links_to":"","_links_to_target":""},"categories":[108,121,70,123,20,23,130,25,133],"tags":[29],"class_list":["post-5150","post","type-post","status-publish","format-standard","has-post-thumbnail","hentry","category-blogdiario","category-dc24","category-actualidad","category-argentina","category-economia","category-politica","category-reportero-de-dinero","category-sociedad","category-trabajo","tag-argentina","entry","double"],"yoast_head":"<!-- This site is optimized with the Yoast SEO plugin v27.5 - https:\/\/yoast.com\/product\/yoast-seo-wordpress\/ -->\n<title>\u00a0\u00bfAire frito? - ElCanillita.Info<\/title>\n<meta name=\"robots\" content=\"index, follow, max-snippet:-1, max-image-preview:large, max-video-preview:-1\" \/>\n<link rel=\"canonical\" href=\"https:\/\/elcanillita.info\/press\/2025\/07\/10\/aire-frito\/\" \/>\n<meta property=\"og:locale\" content=\"es_ES\" \/>\n<meta property=\"og:type\" content=\"article\" \/>\n<meta property=\"og:title\" content=\"\u00a0\u00bfAire frito? - ElCanillita.Info\" \/>\n<meta property=\"og:description\" content=\"Seg\u00fan la OCDE, Argentina pasar\u00e1 de la UCI econ\u00f3mica a un spa de recuperaci\u00f3n fiscal.\" \/>\n<meta property=\"og:url\" content=\"https:\/\/elcanillita.info\/press\/2025\/07\/10\/aire-frito\/\" \/>\n<meta property=\"og:site_name\" content=\"ElCanillita.Info\" \/>\n<meta property=\"article:publisher\" content=\"https:\/\/ar-ar.facebook.com\/ElCanillitainfo-114249515285712\/\" \/>\n<meta property=\"article:published_time\" content=\"2025-07-10T07:40:19+00:00\" \/>\n<meta property=\"article:modified_time\" content=\"2025-07-10T07:46:19+00:00\" \/>\n<meta property=\"og:image\" content=\"https:\/\/elcanillita.info\/press\/images\/2025\/07\/Lagarte_450.EditPUB.png\" \/>\n\t<meta property=\"og:image:width\" content=\"450\" \/>\n\t<meta property=\"og:image:height\" content=\"450\" \/>\n\t<meta property=\"og:image:type\" content=\"image\/png\" \/>\n<meta name=\"author\" content=\"SalaStampa.eu, world press service\" \/>\n<meta name=\"twitter:card\" content=\"summary_large_image\" \/>\n<meta name=\"twitter:label1\" content=\"Escrito por\" \/>\n\t<meta name=\"twitter:data1\" content=\"SalaStampa.eu, world press service\" \/>\n\t<meta name=\"twitter:label2\" content=\"Tiempo de lectura\" \/>\n\t<meta name=\"twitter:data2\" content=\"4 minutos\" \/>\n<script type=\"application\/ld+json\" class=\"yoast-schema-graph\">{\"@context\":\"https:\\\/\\\/schema.org\",\"@graph\":[{\"@type\":\"Article\",\"@id\":\"https:\\\/\\\/elcanillita.info\\\/press\\\/2025\\\/07\\\/10\\\/aire-frito\\\/#article\",\"isPartOf\":{\"@id\":\"https:\\\/\\\/elcanillita.info\\\/press\\\/2025\\\/07\\\/10\\\/aire-frito\\\/\"},\"author\":{\"name\":\"SalaStampa.eu, world press service\",\"@id\":\"https:\\\/\\\/elcanillita.info\\\/press\\\/#\\\/schema\\\/person\\\/7fcb79f38045700919f7da6d97e71ba0\"},\"headline\":\"\u00a0\u00bfAire frito?\",\"datePublished\":\"2025-07-10T07:40:19+00:00\",\"dateModified\":\"2025-07-10T07:46:19+00:00\",\"mainEntityOfPage\":{\"@id\":\"https:\\\/\\\/elcanillita.info\\\/press\\\/2025\\\/07\\\/10\\\/aire-frito\\\/\"},\"wordCount\":713,\"publisher\":{\"@id\":\"https:\\\/\\\/elcanillita.info\\\/press\\\/#organization\"},\"image\":{\"@id\":\"https:\\\/\\\/elcanillita.info\\\/press\\\/2025\\\/07\\\/10\\\/aire-frito\\\/#primaryimage\"},\"thumbnailUrl\":\"https:\\\/\\\/elcanillita.info\\\/press\\\/images\\\/2025\\\/07\\\/Lagarte_450.EditPUB.png\",\"keywords\":[\"Argentina\"],\"articleSection\":[\".\",\".\",\"Actualidad\",\"Argentina\",\"Economia\",\"Politica\",\"Reportero de dinero\",\"Sociedad\",\"Trabajo\"],\"inLanguage\":\"es-AR\"},{\"@type\":\"WebPage\",\"@id\":\"https:\\\/\\\/elcanillita.info\\\/press\\\/2025\\\/07\\\/10\\\/aire-frito\\\/\",\"url\":\"https:\\\/\\\/elcanillita.info\\\/press\\\/2025\\\/07\\\/10\\\/aire-frito\\\/\",\"name\":\"\u00a0\u00bfAire frito? - ElCanillita.Info\",\"isPartOf\":{\"@id\":\"https:\\\/\\\/elcanillita.info\\\/press\\\/#website\"},\"primaryImageOfPage\":{\"@id\":\"https:\\\/\\\/elcanillita.info\\\/press\\\/2025\\\/07\\\/10\\\/aire-frito\\\/#primaryimage\"},\"image\":{\"@id\":\"https:\\\/\\\/elcanillita.info\\\/press\\\/2025\\\/07\\\/10\\\/aire-frito\\\/#primaryimage\"},\"thumbnailUrl\":\"https:\\\/\\\/elcanillita.info\\\/press\\\/images\\\/2025\\\/07\\\/Lagarte_450.EditPUB.png\",\"datePublished\":\"2025-07-10T07:40:19+00:00\",\"dateModified\":\"2025-07-10T07:46:19+00:00\",\"inLanguage\":\"es-AR\",\"potentialAction\":[{\"@type\":\"ReadAction\",\"target\":[\"https:\\\/\\\/elcanillita.info\\\/press\\\/2025\\\/07\\\/10\\\/aire-frito\\\/\"]}]},{\"@type\":\"ImageObject\",\"inLanguage\":\"es-AR\",\"@id\":\"https:\\\/\\\/elcanillita.info\\\/press\\\/2025\\\/07\\\/10\\\/aire-frito\\\/#primaryimage\",\"url\":\"https:\\\/\\\/elcanillita.info\\\/press\\\/images\\\/2025\\\/07\\\/Lagarte_450.EditPUB.png\",\"contentUrl\":\"https:\\\/\\\/elcanillita.info\\\/press\\\/images\\\/2025\\\/07\\\/Lagarte_450.EditPUB.png\",\"width\":450,\"height\":450},{\"@type\":\"WebSite\",\"@id\":\"https:\\\/\\\/elcanillita.info\\\/press\\\/#website\",\"url\":\"https:\\\/\\\/elcanillita.info\\\/press\\\/\",\"name\":\"ElCanillita.Info\",\"description\":\"desde los Apeninos a los Andes\",\"publisher\":{\"@id\":\"https:\\\/\\\/elcanillita.info\\\/press\\\/#organization\"},\"potentialAction\":[{\"@type\":\"SearchAction\",\"target\":{\"@type\":\"EntryPoint\",\"urlTemplate\":\"https:\\\/\\\/elcanillita.info\\\/press\\\/?s={search_term_string}\"},\"query-input\":{\"@type\":\"PropertyValueSpecification\",\"valueRequired\":true,\"valueName\":\"search_term_string\"}}],\"inLanguage\":\"es-AR\"},{\"@type\":\"Organization\",\"@id\":\"https:\\\/\\\/elcanillita.info\\\/press\\\/#organization\",\"name\":\"Guzzo Photos & Graphic Publications\",\"url\":\"https:\\\/\\\/elcanillita.info\\\/press\\\/\",\"logo\":{\"@type\":\"ImageObject\",\"inLanguage\":\"es-AR\",\"@id\":\"https:\\\/\\\/elcanillita.info\\\/press\\\/#\\\/schema\\\/logo\\\/image\\\/\",\"url\":\"https:\\\/\\\/elcanillita.info\\\/press\\\/images\\\/2020\\\/01\\\/cropped-cropped-cropped-elcanillitainfo.png\",\"contentUrl\":\"https:\\\/\\\/elcanillita.info\\\/press\\\/images\\\/2020\\\/01\\\/cropped-cropped-cropped-elcanillitainfo.png\",\"width\":460,\"height\":50,\"caption\":\"Guzzo Photos & Graphic Publications\"},\"image\":{\"@id\":\"https:\\\/\\\/elcanillita.info\\\/press\\\/#\\\/schema\\\/logo\\\/image\\\/\"},\"sameAs\":[\"https:\\\/\\\/ar-ar.facebook.com\\\/ElCanillitainfo-114249515285712\\\/\"]},{\"@type\":\"Person\",\"@id\":\"https:\\\/\\\/elcanillita.info\\\/press\\\/#\\\/schema\\\/person\\\/7fcb79f38045700919f7da6d97e71ba0\",\"name\":\"SalaStampa.eu, world press service\",\"image\":{\"@type\":\"ImageObject\",\"inLanguage\":\"es-AR\",\"@id\":\"https:\\\/\\\/secure.gravatar.com\\\/avatar\\\/c2f0e0d515a107624234994507816ca4724c7199cef73fc8bedebf6931d73888?s=96&d=mm&r=g\",\"url\":\"https:\\\/\\\/secure.gravatar.com\\\/avatar\\\/c2f0e0d515a107624234994507816ca4724c7199cef73fc8bedebf6931d73888?s=96&d=mm&r=g\",\"contentUrl\":\"https:\\\/\\\/secure.gravatar.com\\\/avatar\\\/c2f0e0d515a107624234994507816ca4724c7199cef73fc8bedebf6931d73888?s=96&d=mm&r=g\",\"caption\":\"SalaStampa.eu, world press service\"}}]}<\/script>\n<!-- \/ Yoast SEO plugin. -->","yoast_head_json":{"title":"\u00a0\u00bfAire frito? - ElCanillita.Info","robots":{"index":"index","follow":"follow","max-snippet":"max-snippet:-1","max-image-preview":"max-image-preview:large","max-video-preview":"max-video-preview:-1"},"canonical":"https:\/\/elcanillita.info\/press\/2025\/07\/10\/aire-frito\/","og_locale":"es_ES","og_type":"article","og_title":"\u00a0\u00bfAire frito? - ElCanillita.Info","og_description":"Seg\u00fan la OCDE, Argentina pasar\u00e1 de la UCI econ\u00f3mica a un spa de recuperaci\u00f3n fiscal.","og_url":"https:\/\/elcanillita.info\/press\/2025\/07\/10\/aire-frito\/","og_site_name":"ElCanillita.Info","article_publisher":"https:\/\/ar-ar.facebook.com\/ElCanillitainfo-114249515285712\/","article_published_time":"2025-07-10T07:40:19+00:00","article_modified_time":"2025-07-10T07:46:19+00:00","og_image":[{"width":450,"height":450,"url":"https:\/\/elcanillita.info\/press\/images\/2025\/07\/Lagarte_450.EditPUB.png","type":"image\/png"}],"author":"SalaStampa.eu, world press service","twitter_card":"summary_large_image","twitter_misc":{"Escrito por":"SalaStampa.eu, world press service","Tiempo de lectura":"4 minutos"},"schema":{"@context":"https:\/\/schema.org","@graph":[{"@type":"Article","@id":"https:\/\/elcanillita.info\/press\/2025\/07\/10\/aire-frito\/#article","isPartOf":{"@id":"https:\/\/elcanillita.info\/press\/2025\/07\/10\/aire-frito\/"},"author":{"name":"SalaStampa.eu, world press service","@id":"https:\/\/elcanillita.info\/press\/#\/schema\/person\/7fcb79f38045700919f7da6d97e71ba0"},"headline":"\u00a0\u00bfAire frito?","datePublished":"2025-07-10T07:40:19+00:00","dateModified":"2025-07-10T07:46:19+00:00","mainEntityOfPage":{"@id":"https:\/\/elcanillita.info\/press\/2025\/07\/10\/aire-frito\/"},"wordCount":713,"publisher":{"@id":"https:\/\/elcanillita.info\/press\/#organization"},"image":{"@id":"https:\/\/elcanillita.info\/press\/2025\/07\/10\/aire-frito\/#primaryimage"},"thumbnailUrl":"https:\/\/elcanillita.info\/press\/images\/2025\/07\/Lagarte_450.EditPUB.png","keywords":["Argentina"],"articleSection":[".",".","Actualidad","Argentina","Economia","Politica","Reportero de dinero","Sociedad","Trabajo"],"inLanguage":"es-AR"},{"@type":"WebPage","@id":"https:\/\/elcanillita.info\/press\/2025\/07\/10\/aire-frito\/","url":"https:\/\/elcanillita.info\/press\/2025\/07\/10\/aire-frito\/","name":"\u00a0\u00bfAire frito? - ElCanillita.Info","isPartOf":{"@id":"https:\/\/elcanillita.info\/press\/#website"},"primaryImageOfPage":{"@id":"https:\/\/elcanillita.info\/press\/2025\/07\/10\/aire-frito\/#primaryimage"},"image":{"@id":"https:\/\/elcanillita.info\/press\/2025\/07\/10\/aire-frito\/#primaryimage"},"thumbnailUrl":"https:\/\/elcanillita.info\/press\/images\/2025\/07\/Lagarte_450.EditPUB.png","datePublished":"2025-07-10T07:40:19+00:00","dateModified":"2025-07-10T07:46:19+00:00","inLanguage":"es-AR","potentialAction":[{"@type":"ReadAction","target":["https:\/\/elcanillita.info\/press\/2025\/07\/10\/aire-frito\/"]}]},{"@type":"ImageObject","inLanguage":"es-AR","@id":"https:\/\/elcanillita.info\/press\/2025\/07\/10\/aire-frito\/#primaryimage","url":"https:\/\/elcanillita.info\/press\/images\/2025\/07\/Lagarte_450.EditPUB.png","contentUrl":"https:\/\/elcanillita.info\/press\/images\/2025\/07\/Lagarte_450.EditPUB.png","width":450,"height":450},{"@type":"WebSite","@id":"https:\/\/elcanillita.info\/press\/#website","url":"https:\/\/elcanillita.info\/press\/","name":"ElCanillita.Info","description":"desde los Apeninos a los Andes","publisher":{"@id":"https:\/\/elcanillita.info\/press\/#organization"},"potentialAction":[{"@type":"SearchAction","target":{"@type":"EntryPoint","urlTemplate":"https:\/\/elcanillita.info\/press\/?s={search_term_string}"},"query-input":{"@type":"PropertyValueSpecification","valueRequired":true,"valueName":"search_term_string"}}],"inLanguage":"es-AR"},{"@type":"Organization","@id":"https:\/\/elcanillita.info\/press\/#organization","name":"Guzzo Photos & Graphic Publications","url":"https:\/\/elcanillita.info\/press\/","logo":{"@type":"ImageObject","inLanguage":"es-AR","@id":"https:\/\/elcanillita.info\/press\/#\/schema\/logo\/image\/","url":"https:\/\/elcanillita.info\/press\/images\/2020\/01\/cropped-cropped-cropped-elcanillitainfo.png","contentUrl":"https:\/\/elcanillita.info\/press\/images\/2020\/01\/cropped-cropped-cropped-elcanillitainfo.png","width":460,"height":50,"caption":"Guzzo Photos & Graphic Publications"},"image":{"@id":"https:\/\/elcanillita.info\/press\/#\/schema\/logo\/image\/"},"sameAs":["https:\/\/ar-ar.facebook.com\/ElCanillitainfo-114249515285712\/"]},{"@type":"Person","@id":"https:\/\/elcanillita.info\/press\/#\/schema\/person\/7fcb79f38045700919f7da6d97e71ba0","name":"SalaStampa.eu, world press service","image":{"@type":"ImageObject","inLanguage":"es-AR","@id":"https:\/\/secure.gravatar.com\/avatar\/c2f0e0d515a107624234994507816ca4724c7199cef73fc8bedebf6931d73888?s=96&d=mm&r=g","url":"https:\/\/secure.gravatar.com\/avatar\/c2f0e0d515a107624234994507816ca4724c7199cef73fc8bedebf6931d73888?s=96&d=mm&r=g","contentUrl":"https:\/\/secure.gravatar.com\/avatar\/c2f0e0d515a107624234994507816ca4724c7199cef73fc8bedebf6931d73888?s=96&d=mm&r=g","caption":"SalaStampa.eu, world press service"}}]}},"views":161,"_links":{"self":[{"href":"https:\/\/elcanillita.info\/press\/wp-json\/wp\/v2\/posts\/5150","targetHints":{"allow":["GET"]}}],"collection":[{"href":"https:\/\/elcanillita.info\/press\/wp-json\/wp\/v2\/posts"}],"about":[{"href":"https:\/\/elcanillita.info\/press\/wp-json\/wp\/v2\/types\/post"}],"author":[{"embeddable":true,"href":"https:\/\/elcanillita.info\/press\/wp-json\/wp\/v2\/users\/1"}],"replies":[{"embeddable":true,"href":"https:\/\/elcanillita.info\/press\/wp-json\/wp\/v2\/comments?post=5150"}],"version-history":[{"count":0,"href":"https:\/\/elcanillita.info\/press\/wp-json\/wp\/v2\/posts\/5150\/revisions"}],"wp:featuredmedia":[{"embeddable":true,"href":"https:\/\/elcanillita.info\/press\/wp-json\/wp\/v2\/media\/5153"}],"wp:attachment":[{"href":"https:\/\/elcanillita.info\/press\/wp-json\/wp\/v2\/media?parent=5150"}],"wp:term":[{"taxonomy":"category","embeddable":true,"href":"https:\/\/elcanillita.info\/press\/wp-json\/wp\/v2\/categories?post=5150"},{"taxonomy":"post_tag","embeddable":true,"href":"https:\/\/elcanillita.info\/press\/wp-json\/wp\/v2\/tags?post=5150"}],"curies":[{"name":"wp","href":"https:\/\/api.w.org\/{rel}","templated":true}]}}