{"id":5146,"date":"2025-07-09T17:15:23","date_gmt":"2025-07-09T20:15:23","guid":{"rendered":"https:\/\/elcanillita.info\/press\/?p=5146"},"modified":"2025-07-09T17:15:24","modified_gmt":"2025-07-09T20:15:24","slug":"respuesta-a-juan-b-dia-de-la-independencia-argentina","status":"publish","type":"post","link":"https:\/\/elcanillita.info\/press\/2025\/07\/09\/respuesta-a-juan-b-dia-de-la-independencia-argentina\/","title":{"rendered":"Respuesta a Juan B \u2013 D\u00eda de la Independencia Argentina"},"content":{"rendered":"<div class=\"wp-block-image\">\n<figure class=\"alignleft size-full is-resized\"><img loading=\"lazy\" decoding=\"async\" width=\"450\" height=\"450\" src=\"https:\/\/elcanillita.info\/press\/images\/2025\/07\/Indep_450.HHH_.png\" alt=\"\" class=\"wp-image-5147\" style=\"width:337px;height:auto\" srcset=\"https:\/\/elcanillita.info\/press\/images\/2025\/07\/Indep_450.HHH_.png 450w, https:\/\/elcanillita.info\/press\/images\/2025\/07\/Indep_450.HHH_-300x300.png 300w, https:\/\/elcanillita.info\/press\/images\/2025\/07\/Indep_450.HHH_-150x150.png 150w\" sizes=\"auto, (max-width: 450px) 100vw, 450px\" \/><\/figure>\n<\/div>\n\n<p><strong>Querido Juan B:<\/strong><br \/>\nGracias por tu mensaje. \u00a1Qu\u00e9 regalo para este <strong>9 de Julio<\/strong>! En tiempos donde la palabra <em>libertad<\/em> se grita en afiches, pancartas y cadenas nacionales, vos ven\u00eds a recordarnos que hay un rinc\u00f3n m\u00e1s \u00edntimo, m\u00e1s silencioso, donde la libertad no se impone\u2026 se habita.<\/p>\n<p>Ser libre no es solo romper cadenas externas, sino tambi\u00e9n aprender a convivir con uno mismo cuando se cierran las puertas, cuando el celular se apaga y nadie est\u00e1 mirando. La privacidad, como dec\u00eds, es esa patria chica donde nadie nos coloniza, ni el algoritmo, ni la mirada ajena, ni el dedo juzgador de la tribuna digital.<\/p>\n<p>En este pa\u00eds que naci\u00f3 de la rebeld\u00eda contra imperios y virreinatos, hoy la verdadera revoluci\u00f3n podr\u00eda ser animarse a cerrar sesi\u00f3n, no responder el WhatsApp del grupo familiar, y mirar adentro sin miedo. Porque si bien somos expertos en gritar \u201c<strong>\u00a1Viva la libertad, carajo!<\/strong>\u201d, a veces nos cuesta el susurro honesto de decir \u201cesto es m\u00edo, esto no lo comparto, esto me duele y no necesito likes para validarlo\u201d.<\/p>\n<p>As\u00ed que gracias, Juan. Por recordarnos que la independencia tambi\u00e9n se celebra con introspecci\u00f3n, con coraje silencioso, y con esa dosis de ternura que hace que no todo se convierta en espect\u00e1culo.<\/p>\n<p>Que tu d\u00eda \u2014y el de todos\u2014 est\u00e9 bendecido con libertad, pero tambi\u00e9n con ra\u00edces profundas, con sombra reparadora y con la paz de saber que uno puede ser libre\u2026 incluso sin subirlo a las redes.<\/p>\n<p><strong>Un abrazo enorme,<\/strong><br \/>\n  <em>El Canillita<\/em><br><br>\n<small>\u00a9\ufe0f2025 \u201cEl \u00faltimo que dobla la esquina\u201d \u2026poque siempre hay alguien que reparte noticias mientras todos duermen.<br \/>All Rights Reserved &#8211; Copyright \u00a9\ufe0f 2025 ElCanillita.info \/ SalaStampa.eu, world press service &#8211; Guzzo Photos &amp; Graphic Publications \u2013 Registro Editori e Stampatori n. 1441 Torino, Italia<\/small><\/p>","protected":false},"excerpt":{"rendered":"<p>Gracias por tu Mensaje<\/p>\n","protected":false},"author":1,"featured_media":5147,"comment_status":"closed","ping_status":"closed","sticky":false,"template":"","format":"standard","meta":{"footnotes":"","_links_to":"","_links_to_target":""},"categories":[108,121,70,123,135,25],"tags":[29],"class_list":["post-5146","post","type-post","status-publish","format-standard","has-post-thumbnail","hentry","category-blogdiario","category-dc24","category-actualidad","category-argentina","category-efemeride","category-sociedad","tag-argentina","entry","double"],"yoast_head":"<!-- This site is optimized with the Yoast SEO plugin v27.5 - https:\/\/yoast.com\/product\/yoast-seo-wordpress\/ -->\n<title>Respuesta a Juan B \u2013 D\u00eda de la Independencia Argentina - ElCanillita.Info<\/title>\n<meta name=\"robots\" content=\"index, follow, max-snippet:-1, max-image-preview:large, max-video-preview:-1\" \/>\n<link rel=\"canonical\" href=\"https:\/\/elcanillita.info\/press\/2025\/07\/09\/respuesta-a-juan-b-dia-de-la-independencia-argentina\/\" \/>\n<meta property=\"og:locale\" content=\"es_ES\" \/>\n<meta property=\"og:type\" content=\"article\" \/>\n<meta property=\"og:title\" content=\"Respuesta a Juan B \u2013 D\u00eda de la Independencia Argentina - ElCanillita.Info\" \/>\n<meta property=\"og:description\" content=\"Gracias por tu Mensaje\" \/>\n<meta property=\"og:url\" content=\"https:\/\/elcanillita.info\/press\/2025\/07\/09\/respuesta-a-juan-b-dia-de-la-independencia-argentina\/\" \/>\n<meta property=\"og:site_name\" content=\"ElCanillita.Info\" \/>\n<meta property=\"article:publisher\" content=\"https:\/\/ar-ar.facebook.com\/ElCanillitainfo-114249515285712\/\" \/>\n<meta property=\"article:published_time\" content=\"2025-07-09T20:15:23+00:00\" \/>\n<meta property=\"article:modified_time\" content=\"2025-07-09T20:15:24+00:00\" \/>\n<meta property=\"og:image\" content=\"https:\/\/elcanillita.info\/press\/images\/2025\/07\/Indep_450.HHH_.png\" \/>\n\t<meta property=\"og:image:width\" content=\"450\" \/>\n\t<meta property=\"og:image:height\" content=\"450\" \/>\n\t<meta property=\"og:image:type\" content=\"image\/png\" \/>\n<meta name=\"author\" content=\"SalaStampa.eu, world press service\" \/>\n<meta name=\"twitter:card\" content=\"summary_large_image\" \/>\n<meta name=\"twitter:label1\" content=\"Escrito por\" \/>\n\t<meta name=\"twitter:data1\" content=\"SalaStampa.eu, world press service\" \/>\n\t<meta name=\"twitter:label2\" content=\"Tiempo de lectura\" \/>\n\t<meta name=\"twitter:data2\" content=\"2 minutos\" \/>\n<script type=\"application\/ld+json\" class=\"yoast-schema-graph\">{\"@context\":\"https:\\\/\\\/schema.org\",\"@graph\":[{\"@type\":\"Article\",\"@id\":\"https:\\\/\\\/elcanillita.info\\\/press\\\/2025\\\/07\\\/09\\\/respuesta-a-juan-b-dia-de-la-independencia-argentina\\\/#article\",\"isPartOf\":{\"@id\":\"https:\\\/\\\/elcanillita.info\\\/press\\\/2025\\\/07\\\/09\\\/respuesta-a-juan-b-dia-de-la-independencia-argentina\\\/\"},\"author\":{\"name\":\"SalaStampa.eu, world press service\",\"@id\":\"https:\\\/\\\/elcanillita.info\\\/press\\\/#\\\/schema\\\/person\\\/7fcb79f38045700919f7da6d97e71ba0\"},\"headline\":\"Respuesta a Juan B \u2013 D\u00eda de la Independencia Argentina\",\"datePublished\":\"2025-07-09T20:15:23+00:00\",\"dateModified\":\"2025-07-09T20:15:24+00:00\",\"mainEntityOfPage\":{\"@id\":\"https:\\\/\\\/elcanillita.info\\\/press\\\/2025\\\/07\\\/09\\\/respuesta-a-juan-b-dia-de-la-independencia-argentina\\\/\"},\"wordCount\":316,\"publisher\":{\"@id\":\"https:\\\/\\\/elcanillita.info\\\/press\\\/#organization\"},\"image\":{\"@id\":\"https:\\\/\\\/elcanillita.info\\\/press\\\/2025\\\/07\\\/09\\\/respuesta-a-juan-b-dia-de-la-independencia-argentina\\\/#primaryimage\"},\"thumbnailUrl\":\"https:\\\/\\\/elcanillita.info\\\/press\\\/images\\\/2025\\\/07\\\/Indep_450.HHH_.png\",\"keywords\":[\"Argentina\"],\"articleSection\":[\".\",\".\",\"Actualidad\",\"Argentina\",\"Efem\u00e9ride\",\"Sociedad\"],\"inLanguage\":\"es-AR\"},{\"@type\":\"WebPage\",\"@id\":\"https:\\\/\\\/elcanillita.info\\\/press\\\/2025\\\/07\\\/09\\\/respuesta-a-juan-b-dia-de-la-independencia-argentina\\\/\",\"url\":\"https:\\\/\\\/elcanillita.info\\\/press\\\/2025\\\/07\\\/09\\\/respuesta-a-juan-b-dia-de-la-independencia-argentina\\\/\",\"name\":\"Respuesta a Juan B \u2013 D\u00eda de la Independencia Argentina - ElCanillita.Info\",\"isPartOf\":{\"@id\":\"https:\\\/\\\/elcanillita.info\\\/press\\\/#website\"},\"primaryImageOfPage\":{\"@id\":\"https:\\\/\\\/elcanillita.info\\\/press\\\/2025\\\/07\\\/09\\\/respuesta-a-juan-b-dia-de-la-independencia-argentina\\\/#primaryimage\"},\"image\":{\"@id\":\"https:\\\/\\\/elcanillita.info\\\/press\\\/2025\\\/07\\\/09\\\/respuesta-a-juan-b-dia-de-la-independencia-argentina\\\/#primaryimage\"},\"thumbnailUrl\":\"https:\\\/\\\/elcanillita.info\\\/press\\\/images\\\/2025\\\/07\\\/Indep_450.HHH_.png\",\"datePublished\":\"2025-07-09T20:15:23+00:00\",\"dateModified\":\"2025-07-09T20:15:24+00:00\",\"inLanguage\":\"es-AR\",\"potentialAction\":[{\"@type\":\"ReadAction\",\"target\":[\"https:\\\/\\\/elcanillita.info\\\/press\\\/2025\\\/07\\\/09\\\/respuesta-a-juan-b-dia-de-la-independencia-argentina\\\/\"]}]},{\"@type\":\"ImageObject\",\"inLanguage\":\"es-AR\",\"@id\":\"https:\\\/\\\/elcanillita.info\\\/press\\\/2025\\\/07\\\/09\\\/respuesta-a-juan-b-dia-de-la-independencia-argentina\\\/#primaryimage\",\"url\":\"https:\\\/\\\/elcanillita.info\\\/press\\\/images\\\/2025\\\/07\\\/Indep_450.HHH_.png\",\"contentUrl\":\"https:\\\/\\\/elcanillita.info\\\/press\\\/images\\\/2025\\\/07\\\/Indep_450.HHH_.png\",\"width\":450,\"height\":450},{\"@type\":\"WebSite\",\"@id\":\"https:\\\/\\\/elcanillita.info\\\/press\\\/#website\",\"url\":\"https:\\\/\\\/elcanillita.info\\\/press\\\/\",\"name\":\"ElCanillita.Info\",\"description\":\"desde los Apeninos a los Andes\",\"publisher\":{\"@id\":\"https:\\\/\\\/elcanillita.info\\\/press\\\/#organization\"},\"potentialAction\":[{\"@type\":\"SearchAction\",\"target\":{\"@type\":\"EntryPoint\",\"urlTemplate\":\"https:\\\/\\\/elcanillita.info\\\/press\\\/?s={search_term_string}\"},\"query-input\":{\"@type\":\"PropertyValueSpecification\",\"valueRequired\":true,\"valueName\":\"search_term_string\"}}],\"inLanguage\":\"es-AR\"},{\"@type\":\"Organization\",\"@id\":\"https:\\\/\\\/elcanillita.info\\\/press\\\/#organization\",\"name\":\"Guzzo Photos & Graphic Publications\",\"url\":\"https:\\\/\\\/elcanillita.info\\\/press\\\/\",\"logo\":{\"@type\":\"ImageObject\",\"inLanguage\":\"es-AR\",\"@id\":\"https:\\\/\\\/elcanillita.info\\\/press\\\/#\\\/schema\\\/logo\\\/image\\\/\",\"url\":\"https:\\\/\\\/elcanillita.info\\\/press\\\/images\\\/2020\\\/01\\\/cropped-cropped-cropped-elcanillitainfo.png\",\"contentUrl\":\"https:\\\/\\\/elcanillita.info\\\/press\\\/images\\\/2020\\\/01\\\/cropped-cropped-cropped-elcanillitainfo.png\",\"width\":460,\"height\":50,\"caption\":\"Guzzo Photos & Graphic Publications\"},\"image\":{\"@id\":\"https:\\\/\\\/elcanillita.info\\\/press\\\/#\\\/schema\\\/logo\\\/image\\\/\"},\"sameAs\":[\"https:\\\/\\\/ar-ar.facebook.com\\\/ElCanillitainfo-114249515285712\\\/\"]},{\"@type\":\"Person\",\"@id\":\"https:\\\/\\\/elcanillita.info\\\/press\\\/#\\\/schema\\\/person\\\/7fcb79f38045700919f7da6d97e71ba0\",\"name\":\"SalaStampa.eu, world press service\",\"image\":{\"@type\":\"ImageObject\",\"inLanguage\":\"es-AR\",\"@id\":\"https:\\\/\\\/secure.gravatar.com\\\/avatar\\\/c2f0e0d515a107624234994507816ca4724c7199cef73fc8bedebf6931d73888?s=96&d=mm&r=g\",\"url\":\"https:\\\/\\\/secure.gravatar.com\\\/avatar\\\/c2f0e0d515a107624234994507816ca4724c7199cef73fc8bedebf6931d73888?s=96&d=mm&r=g\",\"contentUrl\":\"https:\\\/\\\/secure.gravatar.com\\\/avatar\\\/c2f0e0d515a107624234994507816ca4724c7199cef73fc8bedebf6931d73888?s=96&d=mm&r=g\",\"caption\":\"SalaStampa.eu, world press service\"}}]}<\/script>\n<!-- \/ Yoast SEO plugin. -->","yoast_head_json":{"title":"Respuesta a Juan B \u2013 D\u00eda de la Independencia Argentina - ElCanillita.Info","robots":{"index":"index","follow":"follow","max-snippet":"max-snippet:-1","max-image-preview":"max-image-preview:large","max-video-preview":"max-video-preview:-1"},"canonical":"https:\/\/elcanillita.info\/press\/2025\/07\/09\/respuesta-a-juan-b-dia-de-la-independencia-argentina\/","og_locale":"es_ES","og_type":"article","og_title":"Respuesta a Juan B \u2013 D\u00eda de la Independencia Argentina - ElCanillita.Info","og_description":"Gracias por tu Mensaje","og_url":"https:\/\/elcanillita.info\/press\/2025\/07\/09\/respuesta-a-juan-b-dia-de-la-independencia-argentina\/","og_site_name":"ElCanillita.Info","article_publisher":"https:\/\/ar-ar.facebook.com\/ElCanillitainfo-114249515285712\/","article_published_time":"2025-07-09T20:15:23+00:00","article_modified_time":"2025-07-09T20:15:24+00:00","og_image":[{"width":450,"height":450,"url":"https:\/\/elcanillita.info\/press\/images\/2025\/07\/Indep_450.HHH_.png","type":"image\/png"}],"author":"SalaStampa.eu, world press service","twitter_card":"summary_large_image","twitter_misc":{"Escrito por":"SalaStampa.eu, world press service","Tiempo de lectura":"2 minutos"},"schema":{"@context":"https:\/\/schema.org","@graph":[{"@type":"Article","@id":"https:\/\/elcanillita.info\/press\/2025\/07\/09\/respuesta-a-juan-b-dia-de-la-independencia-argentina\/#article","isPartOf":{"@id":"https:\/\/elcanillita.info\/press\/2025\/07\/09\/respuesta-a-juan-b-dia-de-la-independencia-argentina\/"},"author":{"name":"SalaStampa.eu, world press service","@id":"https:\/\/elcanillita.info\/press\/#\/schema\/person\/7fcb79f38045700919f7da6d97e71ba0"},"headline":"Respuesta a Juan B \u2013 D\u00eda de la Independencia Argentina","datePublished":"2025-07-09T20:15:23+00:00","dateModified":"2025-07-09T20:15:24+00:00","mainEntityOfPage":{"@id":"https:\/\/elcanillita.info\/press\/2025\/07\/09\/respuesta-a-juan-b-dia-de-la-independencia-argentina\/"},"wordCount":316,"publisher":{"@id":"https:\/\/elcanillita.info\/press\/#organization"},"image":{"@id":"https:\/\/elcanillita.info\/press\/2025\/07\/09\/respuesta-a-juan-b-dia-de-la-independencia-argentina\/#primaryimage"},"thumbnailUrl":"https:\/\/elcanillita.info\/press\/images\/2025\/07\/Indep_450.HHH_.png","keywords":["Argentina"],"articleSection":[".",".","Actualidad","Argentina","Efem\u00e9ride","Sociedad"],"inLanguage":"es-AR"},{"@type":"WebPage","@id":"https:\/\/elcanillita.info\/press\/2025\/07\/09\/respuesta-a-juan-b-dia-de-la-independencia-argentina\/","url":"https:\/\/elcanillita.info\/press\/2025\/07\/09\/respuesta-a-juan-b-dia-de-la-independencia-argentina\/","name":"Respuesta a Juan B \u2013 D\u00eda de la Independencia Argentina - ElCanillita.Info","isPartOf":{"@id":"https:\/\/elcanillita.info\/press\/#website"},"primaryImageOfPage":{"@id":"https:\/\/elcanillita.info\/press\/2025\/07\/09\/respuesta-a-juan-b-dia-de-la-independencia-argentina\/#primaryimage"},"image":{"@id":"https:\/\/elcanillita.info\/press\/2025\/07\/09\/respuesta-a-juan-b-dia-de-la-independencia-argentina\/#primaryimage"},"thumbnailUrl":"https:\/\/elcanillita.info\/press\/images\/2025\/07\/Indep_450.HHH_.png","datePublished":"2025-07-09T20:15:23+00:00","dateModified":"2025-07-09T20:15:24+00:00","inLanguage":"es-AR","potentialAction":[{"@type":"ReadAction","target":["https:\/\/elcanillita.info\/press\/2025\/07\/09\/respuesta-a-juan-b-dia-de-la-independencia-argentina\/"]}]},{"@type":"ImageObject","inLanguage":"es-AR","@id":"https:\/\/elcanillita.info\/press\/2025\/07\/09\/respuesta-a-juan-b-dia-de-la-independencia-argentina\/#primaryimage","url":"https:\/\/elcanillita.info\/press\/images\/2025\/07\/Indep_450.HHH_.png","contentUrl":"https:\/\/elcanillita.info\/press\/images\/2025\/07\/Indep_450.HHH_.png","width":450,"height":450},{"@type":"WebSite","@id":"https:\/\/elcanillita.info\/press\/#website","url":"https:\/\/elcanillita.info\/press\/","name":"ElCanillita.Info","description":"desde los Apeninos a los Andes","publisher":{"@id":"https:\/\/elcanillita.info\/press\/#organization"},"potentialAction":[{"@type":"SearchAction","target":{"@type":"EntryPoint","urlTemplate":"https:\/\/elcanillita.info\/press\/?s={search_term_string}"},"query-input":{"@type":"PropertyValueSpecification","valueRequired":true,"valueName":"search_term_string"}}],"inLanguage":"es-AR"},{"@type":"Organization","@id":"https:\/\/elcanillita.info\/press\/#organization","name":"Guzzo Photos & Graphic Publications","url":"https:\/\/elcanillita.info\/press\/","logo":{"@type":"ImageObject","inLanguage":"es-AR","@id":"https:\/\/elcanillita.info\/press\/#\/schema\/logo\/image\/","url":"https:\/\/elcanillita.info\/press\/images\/2020\/01\/cropped-cropped-cropped-elcanillitainfo.png","contentUrl":"https:\/\/elcanillita.info\/press\/images\/2020\/01\/cropped-cropped-cropped-elcanillitainfo.png","width":460,"height":50,"caption":"Guzzo Photos & Graphic Publications"},"image":{"@id":"https:\/\/elcanillita.info\/press\/#\/schema\/logo\/image\/"},"sameAs":["https:\/\/ar-ar.facebook.com\/ElCanillitainfo-114249515285712\/"]},{"@type":"Person","@id":"https:\/\/elcanillita.info\/press\/#\/schema\/person\/7fcb79f38045700919f7da6d97e71ba0","name":"SalaStampa.eu, world press service","image":{"@type":"ImageObject","inLanguage":"es-AR","@id":"https:\/\/secure.gravatar.com\/avatar\/c2f0e0d515a107624234994507816ca4724c7199cef73fc8bedebf6931d73888?s=96&d=mm&r=g","url":"https:\/\/secure.gravatar.com\/avatar\/c2f0e0d515a107624234994507816ca4724c7199cef73fc8bedebf6931d73888?s=96&d=mm&r=g","contentUrl":"https:\/\/secure.gravatar.com\/avatar\/c2f0e0d515a107624234994507816ca4724c7199cef73fc8bedebf6931d73888?s=96&d=mm&r=g","caption":"SalaStampa.eu, world press service"}}]}},"views":141,"_links":{"self":[{"href":"https:\/\/elcanillita.info\/press\/wp-json\/wp\/v2\/posts\/5146","targetHints":{"allow":["GET"]}}],"collection":[{"href":"https:\/\/elcanillita.info\/press\/wp-json\/wp\/v2\/posts"}],"about":[{"href":"https:\/\/elcanillita.info\/press\/wp-json\/wp\/v2\/types\/post"}],"author":[{"embeddable":true,"href":"https:\/\/elcanillita.info\/press\/wp-json\/wp\/v2\/users\/1"}],"replies":[{"embeddable":true,"href":"https:\/\/elcanillita.info\/press\/wp-json\/wp\/v2\/comments?post=5146"}],"version-history":[{"count":0,"href":"https:\/\/elcanillita.info\/press\/wp-json\/wp\/v2\/posts\/5146\/revisions"}],"wp:featuredmedia":[{"embeddable":true,"href":"https:\/\/elcanillita.info\/press\/wp-json\/wp\/v2\/media\/5147"}],"wp:attachment":[{"href":"https:\/\/elcanillita.info\/press\/wp-json\/wp\/v2\/media?parent=5146"}],"wp:term":[{"taxonomy":"category","embeddable":true,"href":"https:\/\/elcanillita.info\/press\/wp-json\/wp\/v2\/categories?post=5146"},{"taxonomy":"post_tag","embeddable":true,"href":"https:\/\/elcanillita.info\/press\/wp-json\/wp\/v2\/tags?post=5146"}],"curies":[{"name":"wp","href":"https:\/\/api.w.org\/{rel}","templated":true}]}}