{"id":5132,"date":"2025-07-07T19:30:31","date_gmt":"2025-07-07T22:30:31","guid":{"rendered":"https:\/\/elcanillita.info\/press\/?p=5132"},"modified":"2025-07-07T19:30:33","modified_gmt":"2025-07-07T22:30:33","slug":"%f0%9f%aa%a3-vostea-no-mas","status":"publish","type":"post","link":"https:\/\/elcanillita.info\/press\/2025\/07\/07\/%f0%9f%aa%a3-vostea-no-mas\/","title":{"rendered":"\ud83e\udea3 \u201cVostea no m\u00e1s\u2026\u201d"},"content":{"rendered":"<div class=\"wp-block-image\">\n<figure class=\"alignleft size-full is-resized\"><img loading=\"lazy\" decoding=\"async\" width=\"400\" height=\"600\" src=\"https:\/\/elcanillita.info\/press\/images\/2025\/07\/misspenny_400_PUB.png\" alt=\"\" class=\"wp-image-5133\" style=\"width:308px;height:auto\" srcset=\"https:\/\/elcanillita.info\/press\/images\/2025\/07\/misspenny_400_PUB.png 400w, https:\/\/elcanillita.info\/press\/images\/2025\/07\/misspenny_400_PUB-200x300.png 200w\" sizes=\"auto, (max-width: 400px) 100vw, 400px\" \/><\/figure>\n<\/div>\n\n\n<p><strong>ElCanillita.info<\/strong><br>Argentina, 08\/07\/2025<br><br><em>Por Miss Penny Truth, Especial para ElCanillita.info<\/em><\/p>\n\n\n\n<h4 class=\"wp-block-heading\">(Manual b\u00e1sico de malas costumbres para militantes con tiempo libre)<\/h4>\n\n\n\n<p>\u00bfHasta qu\u00e9 punto la gram\u00e1tica puede ser subversiva?<br>\u00bfEs lo mismo <em>tutear<\/em> que <em>vostear<\/em>? \u00bfY acaso <em>bostear<\/em> no era verbo de campo?<\/p>\n\n\n\n<p>En los d\u00edas que corren, donde una funcionaria puede pasar 12 d\u00edas detenida por dejar en la vereda del diputado Espert una ofrenda org\u00e1nica con aroma de repudio, conviene repasar las reglas del buen hablar\u2026 y del mal actuar.<\/p>\n\n\n\n<p>Seg\u00fan el diccionario popular argentino, el verbo \u201cvostear\u201d no existe. Pero tampoco exist\u00eda \u201cmilitar con caca\u201d y ya van dos detenidas por expresarse pol\u00edticamente con esti\u00e9rcol. La creatividad militante ha alcanzado niveles que ni el surrealismo pampeano se atrevi\u00f3 a imaginar: pasacalles olorosos, protestas fecales y pasiones depositadas sin permiso frente al domicilio de un economista libertario que, por poco, confunde la libertad de expresi\u00f3n con la libertad de excreci\u00f3n.<\/p>\n\n\n\n<p>\ud83e\udd37\u200d\u2642\ufe0f A todo esto, el pueblo argentino \u2014que bastante tiene con llegar a fin de mes\u2014 asiste azorado al surgimiento de un nuevo sujeto pol\u00edtico: <strong>la militancia cloacal<\/strong>, capaz de manifestar sus ideas sin recurrir a un meg\u00e1fono, pero s\u00ed a un balde.<\/p>\n\n\n\n<h4 class=\"wp-block-heading\">Entre vos y la bosta<\/h4>\n\n\n\n<p>En Argentina solemos decir:<\/p>\n\n\n\n<blockquote class=\"wp-block-quote is-layout-flow wp-block-quote-is-layout-flow\">\n<p>\u2014Che, <em>tuteame<\/em>, no hay drama.<\/p>\n<\/blockquote>\n\n\n\n<p>Pero si a alguien se le ocurre decir:<\/p>\n\n\n\n<blockquote class=\"wp-block-quote is-layout-flow wp-block-quote-is-layout-flow\">\n<p>\u2014<em>Vosteame no m\u00e1s<\/em>, maestro\u2026<\/p>\n<\/blockquote>\n\n\n\n<p>La cosa se embarra.<\/p>\n\n\n\n<p>Y no porque el uso del voseo sea incorrecto \u2014al contrario, es nuestra marca ling\u00fc\u00edstica nacional\u2014 sino porque la palabra \u201cvostear\u201d empieza a parecerse peligrosamente a \u201cbostear\u201d\u2026 y ah\u00ed el mensaje cambia. Porque una cosa es hablar de igual a igual, y otra es emparejar el di\u00e1logo a baldazos.<\/p>\n\n\n\n<p>La escena:<br>Un grupo de militantes, muy seguros de su causa, decide que la mejor manera de protestar contra un diputado es con esti\u00e9rcol vacuno. No hay pancartas ni argumentos. Solo compost. Y una selfie.<\/p>\n\n\n\n<p>La justicia actu\u00f3 r\u00e1pido. Detenciones, allanamientos y, ahora, liberaciones. La C\u00e1mara entendi\u00f3 que no hab\u00eda riesgo de fuga: \u00bfqui\u00e9n va a escaparse con olor a campo en las manos?<\/p>\n\n\n\n<h4 class=\"wp-block-heading\">Cierre en serio (m\u00e1s o menos)<\/h4>\n\n\n\n<p>En un pa\u00eds donde decir &#8220;Hola&#8221; puede implicar una carga ideol\u00f3gica, y donde un balde de caca se vuelve m\u00e1s eficaz que un micr\u00f3fono abierto, quiz\u00e1s sea hora de actualizar la gram\u00e1tica c\u00edvica:<\/p>\n\n\n\n<ul class=\"wp-block-list\">\n<li><em>Tuteame<\/em> si hay confianza.<\/li>\n\n\n\n<li><em>Vosteame<\/em>, si sos de ac\u00e1.<\/li>\n\n\n\n<li>Pero si vas a <em>bostear<\/em>, asegurate de no dejar huella\u2026 ni video.<br><\/li>\n<\/ul>\n\n\n<p><small>\u00a92025 Miss Penny Truth &#8211; All Rights Reserved \u2013 Copyright \u00a9 2025 ElCanillita.info \/ BlogDiario.info \/SalaStampa.eu, world press service \u2013 Guzzo Photos &#038; Graphic Publications \u2013 Registro Editori e Stampatori n. 1441 Turin, Italy<\/small><\/p>\n\n\n<hr class=\"wp-block-separator has-alpha-channel-opacity\"\/>\n\n\n<p>\u00bfQuer\u00e9s decir algo ?<\/p>\n<p>\ud83d\udcec Envi\u00e1 tu texto a elcanillita@yahoo.com o subite a la Caja de los oradores: SoapBoxOrators.org. <\/p>\n<p>\ud83c\uddea\ud83c\uddf8 CASTELLANO<\/p>\n<form action=\"https:\/\/formspree.io\/f\/mjkrjzed\" method=\"POST\">\n  <label for=\"name\">Nombre o seud\u00f3nimo:<\/label><br \/>\n  <input type=\"text\" id=\"name\" name=\"name\" required><\/p>\n<p>  <label for=\"title\">T\u00edtulo del discurso o editorial:<\/label><br \/>\n  <input type=\"text\" id=\"title\" name=\"title\" required><\/p>\n<p>  <label for=\"message\">Texto (m\u00e1x. 3.000 caracteres):<\/label><br \/>\n  <textarea id=\"message\" name=\"message\" rows=\"10\" maxlength=\"3000\" required><\/textarea><\/p>\n<p>  <label><br \/>\n    <input type=\"checkbox\" name=\"consent\" required><br \/>\n    Autorizo la publicaci\u00f3n de este texto en SoapboxOrators.org<br \/>\n  <\/label><\/p>\n<p>  <button type=\"submit\">Enviar<\/button><br \/>\n  <button type=\"reset\">Borrar<\/button><br \/>\n<\/form>\n\n\n<p><\/p>\n","protected":false},"excerpt":{"rendered":"<p>\u00bfHasta qu\u00e9 punto la gram\u00e1tica puede ser subversiva?<\/p>\n","protected":false},"author":1,"featured_media":5134,"comment_status":"closed","ping_status":"closed","sticky":false,"template":"","format":"standard","meta":{"footnotes":"","_links_to":"","_links_to_target":""},"categories":[108,121,70,123,134,23,25],"tags":[],"class_list":["post-5132","post","type-post","status-publish","format-standard","has-post-thumbnail","hentry","category-blogdiario","category-dc24","category-actualidad","category-argentina","category-educacion","category-politica","category-sociedad","entry","double"],"yoast_head":"<!-- This site is optimized with the Yoast SEO plugin v27.4 - https:\/\/yoast.com\/product\/yoast-seo-wordpress\/ -->\n<title>\ud83e\udea3 \u201cVostea no m\u00e1s\u2026\u201d - ElCanillita.Info<\/title>\n<meta name=\"robots\" content=\"index, follow, max-snippet:-1, max-image-preview:large, max-video-preview:-1\" \/>\n<link rel=\"canonical\" href=\"https:\/\/elcanillita.info\/press\/2025\/07\/07\/\ud83e\udea3-vostea-no-mas\/\" \/>\n<meta property=\"og:locale\" content=\"es_ES\" \/>\n<meta property=\"og:type\" content=\"article\" \/>\n<meta property=\"og:title\" content=\"\ud83e\udea3 \u201cVostea no m\u00e1s\u2026\u201d - ElCanillita.Info\" \/>\n<meta property=\"og:description\" content=\"\u00bfHasta qu\u00e9 punto la gram\u00e1tica puede ser subversiva?\" \/>\n<meta property=\"og:url\" content=\"https:\/\/elcanillita.info\/press\/2025\/07\/07\/\ud83e\udea3-vostea-no-mas\/\" \/>\n<meta property=\"og:site_name\" content=\"ElCanillita.Info\" \/>\n<meta property=\"article:publisher\" content=\"https:\/\/ar-ar.facebook.com\/ElCanillitainfo-114249515285712\/\" \/>\n<meta property=\"article:published_time\" content=\"2025-07-07T22:30:31+00:00\" \/>\n<meta property=\"article:modified_time\" content=\"2025-07-07T22:30:33+00:00\" \/>\n<meta property=\"og:image\" content=\"https:\/\/elcanillita.info\/press\/images\/2025\/07\/misspenny_450HH.png\" \/>\n\t<meta property=\"og:image:width\" content=\"450\" \/>\n\t<meta property=\"og:image:height\" content=\"300\" \/>\n\t<meta property=\"og:image:type\" content=\"image\/png\" \/>\n<meta name=\"author\" content=\"SalaStampa.eu, world press service\" \/>\n<meta name=\"twitter:card\" content=\"summary_large_image\" \/>\n<meta name=\"twitter:label1\" content=\"Escrito por\" \/>\n\t<meta name=\"twitter:data1\" content=\"SalaStampa.eu, world press service\" \/>\n\t<meta name=\"twitter:label2\" content=\"Tiempo de lectura\" \/>\n\t<meta name=\"twitter:data2\" content=\"3 minutos\" \/>\n<script type=\"application\/ld+json\" class=\"yoast-schema-graph\">{\"@context\":\"https:\\\/\\\/schema.org\",\"@graph\":[{\"@type\":\"Article\",\"@id\":\"https:\\\/\\\/elcanillita.info\\\/press\\\/2025\\\/07\\\/07\\\/%f0%9f%aa%a3-vostea-no-mas\\\/#article\",\"isPartOf\":{\"@id\":\"https:\\\/\\\/elcanillita.info\\\/press\\\/2025\\\/07\\\/07\\\/%f0%9f%aa%a3-vostea-no-mas\\\/\"},\"author\":{\"name\":\"SalaStampa.eu, world press service\",\"@id\":\"https:\\\/\\\/elcanillita.info\\\/press\\\/#\\\/schema\\\/person\\\/7fcb79f38045700919f7da6d97e71ba0\"},\"headline\":\"\ud83e\udea3 \u201cVostea no m\u00e1s\u2026\u201d\",\"datePublished\":\"2025-07-07T22:30:31+00:00\",\"dateModified\":\"2025-07-07T22:30:33+00:00\",\"mainEntityOfPage\":{\"@id\":\"https:\\\/\\\/elcanillita.info\\\/press\\\/2025\\\/07\\\/07\\\/%f0%9f%aa%a3-vostea-no-mas\\\/\"},\"wordCount\":505,\"publisher\":{\"@id\":\"https:\\\/\\\/elcanillita.info\\\/press\\\/#organization\"},\"image\":{\"@id\":\"https:\\\/\\\/elcanillita.info\\\/press\\\/2025\\\/07\\\/07\\\/%f0%9f%aa%a3-vostea-no-mas\\\/#primaryimage\"},\"thumbnailUrl\":\"https:\\\/\\\/elcanillita.info\\\/press\\\/images\\\/2025\\\/07\\\/misspenny_450HH.png\",\"articleSection\":[\".\",\".\",\"Actualidad\",\"Argentina\",\"Educaci\u00f3n\",\"Politica\",\"Sociedad\"],\"inLanguage\":\"es-AR\"},{\"@type\":\"WebPage\",\"@id\":\"https:\\\/\\\/elcanillita.info\\\/press\\\/2025\\\/07\\\/07\\\/%f0%9f%aa%a3-vostea-no-mas\\\/\",\"url\":\"https:\\\/\\\/elcanillita.info\\\/press\\\/2025\\\/07\\\/07\\\/%f0%9f%aa%a3-vostea-no-mas\\\/\",\"name\":\"\ud83e\udea3 \u201cVostea no m\u00e1s\u2026\u201d - ElCanillita.Info\",\"isPartOf\":{\"@id\":\"https:\\\/\\\/elcanillita.info\\\/press\\\/#website\"},\"primaryImageOfPage\":{\"@id\":\"https:\\\/\\\/elcanillita.info\\\/press\\\/2025\\\/07\\\/07\\\/%f0%9f%aa%a3-vostea-no-mas\\\/#primaryimage\"},\"image\":{\"@id\":\"https:\\\/\\\/elcanillita.info\\\/press\\\/2025\\\/07\\\/07\\\/%f0%9f%aa%a3-vostea-no-mas\\\/#primaryimage\"},\"thumbnailUrl\":\"https:\\\/\\\/elcanillita.info\\\/press\\\/images\\\/2025\\\/07\\\/misspenny_450HH.png\",\"datePublished\":\"2025-07-07T22:30:31+00:00\",\"dateModified\":\"2025-07-07T22:30:33+00:00\",\"inLanguage\":\"es-AR\",\"potentialAction\":[{\"@type\":\"ReadAction\",\"target\":[\"https:\\\/\\\/elcanillita.info\\\/press\\\/2025\\\/07\\\/07\\\/%f0%9f%aa%a3-vostea-no-mas\\\/\"]}]},{\"@type\":\"ImageObject\",\"inLanguage\":\"es-AR\",\"@id\":\"https:\\\/\\\/elcanillita.info\\\/press\\\/2025\\\/07\\\/07\\\/%f0%9f%aa%a3-vostea-no-mas\\\/#primaryimage\",\"url\":\"https:\\\/\\\/elcanillita.info\\\/press\\\/images\\\/2025\\\/07\\\/misspenny_450HH.png\",\"contentUrl\":\"https:\\\/\\\/elcanillita.info\\\/press\\\/images\\\/2025\\\/07\\\/misspenny_450HH.png\",\"width\":450,\"height\":300},{\"@type\":\"WebSite\",\"@id\":\"https:\\\/\\\/elcanillita.info\\\/press\\\/#website\",\"url\":\"https:\\\/\\\/elcanillita.info\\\/press\\\/\",\"name\":\"ElCanillita.Info\",\"description\":\"desde los Apeninos a los Andes\",\"publisher\":{\"@id\":\"https:\\\/\\\/elcanillita.info\\\/press\\\/#organization\"},\"potentialAction\":[{\"@type\":\"SearchAction\",\"target\":{\"@type\":\"EntryPoint\",\"urlTemplate\":\"https:\\\/\\\/elcanillita.info\\\/press\\\/?s={search_term_string}\"},\"query-input\":{\"@type\":\"PropertyValueSpecification\",\"valueRequired\":true,\"valueName\":\"search_term_string\"}}],\"inLanguage\":\"es-AR\"},{\"@type\":\"Organization\",\"@id\":\"https:\\\/\\\/elcanillita.info\\\/press\\\/#organization\",\"name\":\"Guzzo Photos & Graphic Publications\",\"url\":\"https:\\\/\\\/elcanillita.info\\\/press\\\/\",\"logo\":{\"@type\":\"ImageObject\",\"inLanguage\":\"es-AR\",\"@id\":\"https:\\\/\\\/elcanillita.info\\\/press\\\/#\\\/schema\\\/logo\\\/image\\\/\",\"url\":\"https:\\\/\\\/elcanillita.info\\\/press\\\/images\\\/2020\\\/01\\\/cropped-cropped-cropped-elcanillitainfo.png\",\"contentUrl\":\"https:\\\/\\\/elcanillita.info\\\/press\\\/images\\\/2020\\\/01\\\/cropped-cropped-cropped-elcanillitainfo.png\",\"width\":460,\"height\":50,\"caption\":\"Guzzo Photos & Graphic Publications\"},\"image\":{\"@id\":\"https:\\\/\\\/elcanillita.info\\\/press\\\/#\\\/schema\\\/logo\\\/image\\\/\"},\"sameAs\":[\"https:\\\/\\\/ar-ar.facebook.com\\\/ElCanillitainfo-114249515285712\\\/\"]},{\"@type\":\"Person\",\"@id\":\"https:\\\/\\\/elcanillita.info\\\/press\\\/#\\\/schema\\\/person\\\/7fcb79f38045700919f7da6d97e71ba0\",\"name\":\"SalaStampa.eu, world press service\",\"image\":{\"@type\":\"ImageObject\",\"inLanguage\":\"es-AR\",\"@id\":\"https:\\\/\\\/secure.gravatar.com\\\/avatar\\\/c2f0e0d515a107624234994507816ca4724c7199cef73fc8bedebf6931d73888?s=96&d=mm&r=g\",\"url\":\"https:\\\/\\\/secure.gravatar.com\\\/avatar\\\/c2f0e0d515a107624234994507816ca4724c7199cef73fc8bedebf6931d73888?s=96&d=mm&r=g\",\"contentUrl\":\"https:\\\/\\\/secure.gravatar.com\\\/avatar\\\/c2f0e0d515a107624234994507816ca4724c7199cef73fc8bedebf6931d73888?s=96&d=mm&r=g\",\"caption\":\"SalaStampa.eu, world press service\"}}]}<\/script>\n<!-- \/ Yoast SEO plugin. -->","yoast_head_json":{"title":"\ud83e\udea3 \u201cVostea no m\u00e1s\u2026\u201d - ElCanillita.Info","robots":{"index":"index","follow":"follow","max-snippet":"max-snippet:-1","max-image-preview":"max-image-preview:large","max-video-preview":"max-video-preview:-1"},"canonical":"https:\/\/elcanillita.info\/press\/2025\/07\/07\/\ud83e\udea3-vostea-no-mas\/","og_locale":"es_ES","og_type":"article","og_title":"\ud83e\udea3 \u201cVostea no m\u00e1s\u2026\u201d - ElCanillita.Info","og_description":"\u00bfHasta qu\u00e9 punto la gram\u00e1tica puede ser subversiva?","og_url":"https:\/\/elcanillita.info\/press\/2025\/07\/07\/\ud83e\udea3-vostea-no-mas\/","og_site_name":"ElCanillita.Info","article_publisher":"https:\/\/ar-ar.facebook.com\/ElCanillitainfo-114249515285712\/","article_published_time":"2025-07-07T22:30:31+00:00","article_modified_time":"2025-07-07T22:30:33+00:00","og_image":[{"width":450,"height":300,"url":"https:\/\/elcanillita.info\/press\/images\/2025\/07\/misspenny_450HH.png","type":"image\/png"}],"author":"SalaStampa.eu, world press service","twitter_card":"summary_large_image","twitter_misc":{"Escrito por":"SalaStampa.eu, world press service","Tiempo de lectura":"3 minutos"},"schema":{"@context":"https:\/\/schema.org","@graph":[{"@type":"Article","@id":"https:\/\/elcanillita.info\/press\/2025\/07\/07\/%f0%9f%aa%a3-vostea-no-mas\/#article","isPartOf":{"@id":"https:\/\/elcanillita.info\/press\/2025\/07\/07\/%f0%9f%aa%a3-vostea-no-mas\/"},"author":{"name":"SalaStampa.eu, world press service","@id":"https:\/\/elcanillita.info\/press\/#\/schema\/person\/7fcb79f38045700919f7da6d97e71ba0"},"headline":"\ud83e\udea3 \u201cVostea no m\u00e1s\u2026\u201d","datePublished":"2025-07-07T22:30:31+00:00","dateModified":"2025-07-07T22:30:33+00:00","mainEntityOfPage":{"@id":"https:\/\/elcanillita.info\/press\/2025\/07\/07\/%f0%9f%aa%a3-vostea-no-mas\/"},"wordCount":505,"publisher":{"@id":"https:\/\/elcanillita.info\/press\/#organization"},"image":{"@id":"https:\/\/elcanillita.info\/press\/2025\/07\/07\/%f0%9f%aa%a3-vostea-no-mas\/#primaryimage"},"thumbnailUrl":"https:\/\/elcanillita.info\/press\/images\/2025\/07\/misspenny_450HH.png","articleSection":[".",".","Actualidad","Argentina","Educaci\u00f3n","Politica","Sociedad"],"inLanguage":"es-AR"},{"@type":"WebPage","@id":"https:\/\/elcanillita.info\/press\/2025\/07\/07\/%f0%9f%aa%a3-vostea-no-mas\/","url":"https:\/\/elcanillita.info\/press\/2025\/07\/07\/%f0%9f%aa%a3-vostea-no-mas\/","name":"\ud83e\udea3 \u201cVostea no m\u00e1s\u2026\u201d - ElCanillita.Info","isPartOf":{"@id":"https:\/\/elcanillita.info\/press\/#website"},"primaryImageOfPage":{"@id":"https:\/\/elcanillita.info\/press\/2025\/07\/07\/%f0%9f%aa%a3-vostea-no-mas\/#primaryimage"},"image":{"@id":"https:\/\/elcanillita.info\/press\/2025\/07\/07\/%f0%9f%aa%a3-vostea-no-mas\/#primaryimage"},"thumbnailUrl":"https:\/\/elcanillita.info\/press\/images\/2025\/07\/misspenny_450HH.png","datePublished":"2025-07-07T22:30:31+00:00","dateModified":"2025-07-07T22:30:33+00:00","inLanguage":"es-AR","potentialAction":[{"@type":"ReadAction","target":["https:\/\/elcanillita.info\/press\/2025\/07\/07\/%f0%9f%aa%a3-vostea-no-mas\/"]}]},{"@type":"ImageObject","inLanguage":"es-AR","@id":"https:\/\/elcanillita.info\/press\/2025\/07\/07\/%f0%9f%aa%a3-vostea-no-mas\/#primaryimage","url":"https:\/\/elcanillita.info\/press\/images\/2025\/07\/misspenny_450HH.png","contentUrl":"https:\/\/elcanillita.info\/press\/images\/2025\/07\/misspenny_450HH.png","width":450,"height":300},{"@type":"WebSite","@id":"https:\/\/elcanillita.info\/press\/#website","url":"https:\/\/elcanillita.info\/press\/","name":"ElCanillita.Info","description":"desde los Apeninos a los Andes","publisher":{"@id":"https:\/\/elcanillita.info\/press\/#organization"},"potentialAction":[{"@type":"SearchAction","target":{"@type":"EntryPoint","urlTemplate":"https:\/\/elcanillita.info\/press\/?s={search_term_string}"},"query-input":{"@type":"PropertyValueSpecification","valueRequired":true,"valueName":"search_term_string"}}],"inLanguage":"es-AR"},{"@type":"Organization","@id":"https:\/\/elcanillita.info\/press\/#organization","name":"Guzzo Photos & Graphic Publications","url":"https:\/\/elcanillita.info\/press\/","logo":{"@type":"ImageObject","inLanguage":"es-AR","@id":"https:\/\/elcanillita.info\/press\/#\/schema\/logo\/image\/","url":"https:\/\/elcanillita.info\/press\/images\/2020\/01\/cropped-cropped-cropped-elcanillitainfo.png","contentUrl":"https:\/\/elcanillita.info\/press\/images\/2020\/01\/cropped-cropped-cropped-elcanillitainfo.png","width":460,"height":50,"caption":"Guzzo Photos & Graphic Publications"},"image":{"@id":"https:\/\/elcanillita.info\/press\/#\/schema\/logo\/image\/"},"sameAs":["https:\/\/ar-ar.facebook.com\/ElCanillitainfo-114249515285712\/"]},{"@type":"Person","@id":"https:\/\/elcanillita.info\/press\/#\/schema\/person\/7fcb79f38045700919f7da6d97e71ba0","name":"SalaStampa.eu, world press service","image":{"@type":"ImageObject","inLanguage":"es-AR","@id":"https:\/\/secure.gravatar.com\/avatar\/c2f0e0d515a107624234994507816ca4724c7199cef73fc8bedebf6931d73888?s=96&d=mm&r=g","url":"https:\/\/secure.gravatar.com\/avatar\/c2f0e0d515a107624234994507816ca4724c7199cef73fc8bedebf6931d73888?s=96&d=mm&r=g","contentUrl":"https:\/\/secure.gravatar.com\/avatar\/c2f0e0d515a107624234994507816ca4724c7199cef73fc8bedebf6931d73888?s=96&d=mm&r=g","caption":"SalaStampa.eu, world press service"}}]}},"views":865,"_links":{"self":[{"href":"https:\/\/elcanillita.info\/press\/wp-json\/wp\/v2\/posts\/5132","targetHints":{"allow":["GET"]}}],"collection":[{"href":"https:\/\/elcanillita.info\/press\/wp-json\/wp\/v2\/posts"}],"about":[{"href":"https:\/\/elcanillita.info\/press\/wp-json\/wp\/v2\/types\/post"}],"author":[{"embeddable":true,"href":"https:\/\/elcanillita.info\/press\/wp-json\/wp\/v2\/users\/1"}],"replies":[{"embeddable":true,"href":"https:\/\/elcanillita.info\/press\/wp-json\/wp\/v2\/comments?post=5132"}],"version-history":[{"count":0,"href":"https:\/\/elcanillita.info\/press\/wp-json\/wp\/v2\/posts\/5132\/revisions"}],"wp:featuredmedia":[{"embeddable":true,"href":"https:\/\/elcanillita.info\/press\/wp-json\/wp\/v2\/media\/5134"}],"wp:attachment":[{"href":"https:\/\/elcanillita.info\/press\/wp-json\/wp\/v2\/media?parent=5132"}],"wp:term":[{"taxonomy":"category","embeddable":true,"href":"https:\/\/elcanillita.info\/press\/wp-json\/wp\/v2\/categories?post=5132"},{"taxonomy":"post_tag","embeddable":true,"href":"https:\/\/elcanillita.info\/press\/wp-json\/wp\/v2\/tags?post=5132"}],"curies":[{"name":"wp","href":"https:\/\/api.w.org\/{rel}","templated":true}]}}