{"id":5117,"date":"2025-07-05T06:44:16","date_gmt":"2025-07-05T09:44:16","guid":{"rendered":"https:\/\/elcanillita.info\/press\/?p=5117"},"modified":"2025-07-05T06:59:12","modified_gmt":"2025-07-05T09:59:12","slug":"la-senora-justicia-en-bata-con-ruleros-y-sin-apuro","status":"publish","type":"post","link":"https:\/\/elcanillita.info\/press\/2025\/07\/05\/la-senora-justicia-en-bata-con-ruleros-y-sin-apuro\/","title":{"rendered":"La Se\u00f1ora Justicia: en bata, con ruleros y sin apuro"},"content":{"rendered":"<div class=\"wp-block-image\">\n<figure class=\"alignleft size-full is-resized\"><img loading=\"lazy\" decoding=\"async\" width=\"450\" height=\"450\" src=\"https:\/\/elcanillita.info\/press\/images\/2025\/07\/justicia_450_.cover_.png\" alt=\"\" class=\"wp-image-5118\" style=\"width:337px;height:auto\" srcset=\"https:\/\/elcanillita.info\/press\/images\/2025\/07\/justicia_450_.cover_.png 450w, https:\/\/elcanillita.info\/press\/images\/2025\/07\/justicia_450_.cover_-300x300.png 300w, https:\/\/elcanillita.info\/press\/images\/2025\/07\/justicia_450_.cover_-150x150.png 150w\" sizes=\"auto, (max-width: 450px) 100vw, 450px\" \/><\/figure>\n<\/div>\n\n\n<p><strong>ElCanillita.info<\/strong><br>Argentina, 05\/07\/2025<br><em><br>Redacci\u00f3n internacional, ElCanillita.info<\/em><\/p>\n\n\n\n<p>Mientras buena parte de los argentinos hace equilibrio en la cornisa econ\u00f3mica, institucional y emocional, hay alguien que parece tener todo bajo control: la Se\u00f1ora Justicia. Tranquila, distante, y con una pachorra digna de serie turca, observa desde el balc\u00f3n c\u00f3mo la democracia tropieza, pero no cae\u2026 todav\u00eda.<\/p>\n\n\n\n<p>En estos d\u00edas, mientras los diarios vociferan esc\u00e1ndalos, corrupciones, y reformas a medio camino, la justicia argentina sigue en su burbuja: sin apuros, sin rubores, sin rendiciones de cuentas.<\/p>\n\n\n\n<p>El caso m\u00e1s ilustrativo es el de Cristina Fern\u00e1ndez de Kirchner, condenada por corrupci\u00f3n pero intocable, gracias a los fuegos artificiales de la impunidad. Que s\u00ed, que no, que tal vez\u2026 Todo se debate en despachos mullidos donde la Constituci\u00f3n se cita, pero se dobla como origami cuando conviene.<\/p>\n\n\n\n<p>\u00bfY el Congreso? A las trompadas, literal. Los diputados, en un acting m\u00e1s propio del <em>Teatro de Revista<\/em> que de una rep\u00fablica. Se gritan, se insultan, se levantan&#8230; pero no legislan. Todo por un \u201cquorum\u201d que aparece y desaparece como truco de mago de cumplea\u00f1os.<\/p>\n\n\n\n<p>Entretanto, Milei y su troupe libertaria siguen su show de medidas unilaterales, decretos patinados, y discursos de TikTok. A falta de resultados, abunda la pirotecnia verbal. La econom\u00eda sigue flaca, y la justicia a\u00fan m\u00e1s.<\/p>\n\n\n\n<p>El autor del texto original, Enrique G. Avogadro, lo dijo con claridad de bistur\u00ed: <strong>la justicia no es ciega, es dormilona<\/strong>. Mientras el pueblo espera definiciones, el Poder Judicial se permite el lujo de no incomodarse. Total, como dice el dicho: \u201csi nadie nos apura, \u00bfpara qu\u00e9 correr?\u201d.<\/p>\n\n\n\n<p>Y as\u00ed seguimos: con una democracia que sobrevive m\u00e1s por inercia que por convicci\u00f3n, con pol\u00edticos que se tapan con frazadas viejas de discursos reciclados, y con jueces que, como la Se\u00f1ora Justicia, est\u00e1n\u2026 <em>bien, gracias<\/em>.<br><br><small>\u00a9 2025 ElCanillita.info \/ BlogDiario.info &#8211; All Rights Reserved &#8211; SalaStampa.eu, world press service Guzzo Photos &amp; Graphic Publications \u2013 Registro Editori e Stampatori n. 1441 Turin, Italy<\/small><br><br><a href=\"https:\/\/egavogadro.blogspot.com\/2025\/07\/y-la-justicia-bien-gracias.html\">Leer la nota original en el blog de Enrique G. Avogadro<\/a><\/p>\n\n\n<p><small><i>\ud83c\udfa4\u202fLa Caja de los Oradores (SoapBoxOrators) naci\u00f3 inspirada en aquellas primeras protestas en plazas, mercados y esquinas del mundo, donde bastaba subirse a un caj\u00f3n de jab\u00f3n para hacerse escuchar. En la Argentina, por entonces, ni industria hab\u00eda&#8230; pero s\u00ed palabras, rabia y esperanza. Hoy reeditamos esa tradici\u00f3n, sin banderas ni micr\u00f3fonos pagos. Ac\u00e1 se habla claro, aunque a veces duela. Vos tambi\u00e9n pod\u00e9s subirte.<\/i><\/small><\/p>\n\n\n<p>\u00bfQuer\u00e9s subirte a esta estaci\u00f3n del debate? Envi\u00e1 tu opini\u00f3n y subite al vag\u00f3n editorial.<br>\ud83d\udcec Envi\u00e1 tu texto a elcanillita@yahoo.com o subite a la Caja de los oradores:<\/p>\n\n\n\n<p><br> <strong>SoapBoxOrators.org.<\/strong><\/p>\n\n\n<form action=\"https:\/\/formspree.io\/f\/mjkrjzed\" method=\"POST\">\n  <label for=\"name\">Nombre o seud\u00f3nimo:<\/label><br \/>\n  <input type=\"text\" id=\"name\" name=\"name\" required><\/p>\n<p>  <label for=\"title\">T\u00edtulo del discurso o editorial:<\/label><br \/>\n  <input type=\"text\" id=\"title\" name=\"title\" required><\/p>\n<p>  <label for=\"message\">Texto (m\u00e1x. 3.000 caracteres):<\/label><br \/>\n  <textarea id=\"message\" name=\"message\" rows=\"10\" maxlength=\"3000\" required><\/textarea><\/p>\n<p>  <label><br \/>\n    <input type=\"checkbox\" name=\"consent\" required><br \/>\n    Autorizo la publicaci\u00f3n de este texto en SoapboxOrators.org<br \/>\n  <\/label><\/p>\n<p>  <button type=\"submit\">Enviar<\/button><br \/>\n  <button type=\"reset\">Borrar<\/button><br \/>\n<\/form>","protected":false},"excerpt":{"rendered":"<p>Mientras el pueblo espera definiciones, el Poder Judicial se permite el lujo de no incomodarse. <\/p>\n","protected":false},"author":1,"featured_media":5118,"comment_status":"closed","ping_status":"closed","sticky":false,"template":"","format":"standard","meta":{"footnotes":"","_links_to":"","_links_to_target":""},"categories":[121,108,70,123,118,22,23,25],"tags":[],"class_list":["post-5117","post","type-post","status-publish","format-standard","has-post-thumbnail","hentry","category-dc24","category-blogdiario","category-actualidad","category-argentina","category-corrupcion","category-justicia","category-politica","category-sociedad","entry","double"],"yoast_head":"<!-- This site is optimized with the Yoast SEO plugin v27.4 - https:\/\/yoast.com\/product\/yoast-seo-wordpress\/ -->\n<title>La Se\u00f1ora Justicia: en bata, con ruleros y sin apuro - ElCanillita.Info<\/title>\n<meta name=\"robots\" content=\"index, follow, max-snippet:-1, max-image-preview:large, max-video-preview:-1\" \/>\n<link rel=\"canonical\" href=\"https:\/\/elcanillita.info\/press\/2025\/07\/05\/la-senora-justicia-en-bata-con-ruleros-y-sin-apuro\/\" \/>\n<meta property=\"og:locale\" content=\"es_ES\" \/>\n<meta property=\"og:type\" content=\"article\" \/>\n<meta property=\"og:title\" content=\"La Se\u00f1ora Justicia: en bata, con ruleros y sin apuro - ElCanillita.Info\" \/>\n<meta property=\"og:description\" content=\"Mientras el pueblo espera definiciones, el Poder Judicial se permite el lujo de no incomodarse.\" \/>\n<meta property=\"og:url\" content=\"https:\/\/elcanillita.info\/press\/2025\/07\/05\/la-senora-justicia-en-bata-con-ruleros-y-sin-apuro\/\" \/>\n<meta property=\"og:site_name\" content=\"ElCanillita.Info\" \/>\n<meta property=\"article:publisher\" content=\"https:\/\/ar-ar.facebook.com\/ElCanillitainfo-114249515285712\/\" \/>\n<meta property=\"article:published_time\" content=\"2025-07-05T09:44:16+00:00\" \/>\n<meta property=\"article:modified_time\" content=\"2025-07-05T09:59:12+00:00\" \/>\n<meta property=\"og:image\" content=\"https:\/\/elcanillita.info\/press\/images\/2025\/07\/justicia_450_.cover_.png\" \/>\n\t<meta property=\"og:image:width\" content=\"450\" \/>\n\t<meta property=\"og:image:height\" content=\"450\" \/>\n\t<meta property=\"og:image:type\" content=\"image\/png\" \/>\n<meta name=\"author\" content=\"SalaStampa.eu, world press service\" \/>\n<meta name=\"twitter:card\" content=\"summary_large_image\" \/>\n<meta name=\"twitter:label1\" content=\"Escrito por\" \/>\n\t<meta name=\"twitter:data1\" content=\"SalaStampa.eu, world press service\" \/>\n\t<meta name=\"twitter:label2\" content=\"Tiempo de lectura\" \/>\n\t<meta name=\"twitter:data2\" content=\"3 minutos\" \/>\n<script type=\"application\/ld+json\" class=\"yoast-schema-graph\">{\"@context\":\"https:\\\/\\\/schema.org\",\"@graph\":[{\"@type\":\"Article\",\"@id\":\"https:\\\/\\\/elcanillita.info\\\/press\\\/2025\\\/07\\\/05\\\/la-senora-justicia-en-bata-con-ruleros-y-sin-apuro\\\/#article\",\"isPartOf\":{\"@id\":\"https:\\\/\\\/elcanillita.info\\\/press\\\/2025\\\/07\\\/05\\\/la-senora-justicia-en-bata-con-ruleros-y-sin-apuro\\\/\"},\"author\":{\"name\":\"SalaStampa.eu, world press service\",\"@id\":\"https:\\\/\\\/elcanillita.info\\\/press\\\/#\\\/schema\\\/person\\\/7fcb79f38045700919f7da6d97e71ba0\"},\"headline\":\"La Se\u00f1ora Justicia: en bata, con ruleros y sin apuro\",\"datePublished\":\"2025-07-05T09:44:16+00:00\",\"dateModified\":\"2025-07-05T09:59:12+00:00\",\"mainEntityOfPage\":{\"@id\":\"https:\\\/\\\/elcanillita.info\\\/press\\\/2025\\\/07\\\/05\\\/la-senora-justicia-en-bata-con-ruleros-y-sin-apuro\\\/\"},\"wordCount\":502,\"publisher\":{\"@id\":\"https:\\\/\\\/elcanillita.info\\\/press\\\/#organization\"},\"image\":{\"@id\":\"https:\\\/\\\/elcanillita.info\\\/press\\\/2025\\\/07\\\/05\\\/la-senora-justicia-en-bata-con-ruleros-y-sin-apuro\\\/#primaryimage\"},\"thumbnailUrl\":\"https:\\\/\\\/elcanillita.info\\\/press\\\/images\\\/2025\\\/07\\\/justicia_450_.cover_.png\",\"articleSection\":[\".\",\".\",\"Actualidad\",\"Argentina\",\"Corrupci\u00f3n\",\"Justicia\",\"Politica\",\"Sociedad\"],\"inLanguage\":\"es-AR\"},{\"@type\":\"WebPage\",\"@id\":\"https:\\\/\\\/elcanillita.info\\\/press\\\/2025\\\/07\\\/05\\\/la-senora-justicia-en-bata-con-ruleros-y-sin-apuro\\\/\",\"url\":\"https:\\\/\\\/elcanillita.info\\\/press\\\/2025\\\/07\\\/05\\\/la-senora-justicia-en-bata-con-ruleros-y-sin-apuro\\\/\",\"name\":\"La Se\u00f1ora Justicia: en bata, con ruleros y sin apuro - ElCanillita.Info\",\"isPartOf\":{\"@id\":\"https:\\\/\\\/elcanillita.info\\\/press\\\/#website\"},\"primaryImageOfPage\":{\"@id\":\"https:\\\/\\\/elcanillita.info\\\/press\\\/2025\\\/07\\\/05\\\/la-senora-justicia-en-bata-con-ruleros-y-sin-apuro\\\/#primaryimage\"},\"image\":{\"@id\":\"https:\\\/\\\/elcanillita.info\\\/press\\\/2025\\\/07\\\/05\\\/la-senora-justicia-en-bata-con-ruleros-y-sin-apuro\\\/#primaryimage\"},\"thumbnailUrl\":\"https:\\\/\\\/elcanillita.info\\\/press\\\/images\\\/2025\\\/07\\\/justicia_450_.cover_.png\",\"datePublished\":\"2025-07-05T09:44:16+00:00\",\"dateModified\":\"2025-07-05T09:59:12+00:00\",\"inLanguage\":\"es-AR\",\"potentialAction\":[{\"@type\":\"ReadAction\",\"target\":[\"https:\\\/\\\/elcanillita.info\\\/press\\\/2025\\\/07\\\/05\\\/la-senora-justicia-en-bata-con-ruleros-y-sin-apuro\\\/\"]}]},{\"@type\":\"ImageObject\",\"inLanguage\":\"es-AR\",\"@id\":\"https:\\\/\\\/elcanillita.info\\\/press\\\/2025\\\/07\\\/05\\\/la-senora-justicia-en-bata-con-ruleros-y-sin-apuro\\\/#primaryimage\",\"url\":\"https:\\\/\\\/elcanillita.info\\\/press\\\/images\\\/2025\\\/07\\\/justicia_450_.cover_.png\",\"contentUrl\":\"https:\\\/\\\/elcanillita.info\\\/press\\\/images\\\/2025\\\/07\\\/justicia_450_.cover_.png\",\"width\":450,\"height\":450},{\"@type\":\"WebSite\",\"@id\":\"https:\\\/\\\/elcanillita.info\\\/press\\\/#website\",\"url\":\"https:\\\/\\\/elcanillita.info\\\/press\\\/\",\"name\":\"ElCanillita.Info\",\"description\":\"desde los Apeninos a los Andes\",\"publisher\":{\"@id\":\"https:\\\/\\\/elcanillita.info\\\/press\\\/#organization\"},\"potentialAction\":[{\"@type\":\"SearchAction\",\"target\":{\"@type\":\"EntryPoint\",\"urlTemplate\":\"https:\\\/\\\/elcanillita.info\\\/press\\\/?s={search_term_string}\"},\"query-input\":{\"@type\":\"PropertyValueSpecification\",\"valueRequired\":true,\"valueName\":\"search_term_string\"}}],\"inLanguage\":\"es-AR\"},{\"@type\":\"Organization\",\"@id\":\"https:\\\/\\\/elcanillita.info\\\/press\\\/#organization\",\"name\":\"Guzzo Photos & Graphic Publications\",\"url\":\"https:\\\/\\\/elcanillita.info\\\/press\\\/\",\"logo\":{\"@type\":\"ImageObject\",\"inLanguage\":\"es-AR\",\"@id\":\"https:\\\/\\\/elcanillita.info\\\/press\\\/#\\\/schema\\\/logo\\\/image\\\/\",\"url\":\"https:\\\/\\\/elcanillita.info\\\/press\\\/images\\\/2020\\\/01\\\/cropped-cropped-cropped-elcanillitainfo.png\",\"contentUrl\":\"https:\\\/\\\/elcanillita.info\\\/press\\\/images\\\/2020\\\/01\\\/cropped-cropped-cropped-elcanillitainfo.png\",\"width\":460,\"height\":50,\"caption\":\"Guzzo Photos & Graphic Publications\"},\"image\":{\"@id\":\"https:\\\/\\\/elcanillita.info\\\/press\\\/#\\\/schema\\\/logo\\\/image\\\/\"},\"sameAs\":[\"https:\\\/\\\/ar-ar.facebook.com\\\/ElCanillitainfo-114249515285712\\\/\"]},{\"@type\":\"Person\",\"@id\":\"https:\\\/\\\/elcanillita.info\\\/press\\\/#\\\/schema\\\/person\\\/7fcb79f38045700919f7da6d97e71ba0\",\"name\":\"SalaStampa.eu, world press service\",\"image\":{\"@type\":\"ImageObject\",\"inLanguage\":\"es-AR\",\"@id\":\"https:\\\/\\\/secure.gravatar.com\\\/avatar\\\/c2f0e0d515a107624234994507816ca4724c7199cef73fc8bedebf6931d73888?s=96&d=mm&r=g\",\"url\":\"https:\\\/\\\/secure.gravatar.com\\\/avatar\\\/c2f0e0d515a107624234994507816ca4724c7199cef73fc8bedebf6931d73888?s=96&d=mm&r=g\",\"contentUrl\":\"https:\\\/\\\/secure.gravatar.com\\\/avatar\\\/c2f0e0d515a107624234994507816ca4724c7199cef73fc8bedebf6931d73888?s=96&d=mm&r=g\",\"caption\":\"SalaStampa.eu, world press service\"}}]}<\/script>\n<!-- \/ Yoast SEO plugin. -->","yoast_head_json":{"title":"La Se\u00f1ora Justicia: en bata, con ruleros y sin apuro - ElCanillita.Info","robots":{"index":"index","follow":"follow","max-snippet":"max-snippet:-1","max-image-preview":"max-image-preview:large","max-video-preview":"max-video-preview:-1"},"canonical":"https:\/\/elcanillita.info\/press\/2025\/07\/05\/la-senora-justicia-en-bata-con-ruleros-y-sin-apuro\/","og_locale":"es_ES","og_type":"article","og_title":"La Se\u00f1ora Justicia: en bata, con ruleros y sin apuro - ElCanillita.Info","og_description":"Mientras el pueblo espera definiciones, el Poder Judicial se permite el lujo de no incomodarse.","og_url":"https:\/\/elcanillita.info\/press\/2025\/07\/05\/la-senora-justicia-en-bata-con-ruleros-y-sin-apuro\/","og_site_name":"ElCanillita.Info","article_publisher":"https:\/\/ar-ar.facebook.com\/ElCanillitainfo-114249515285712\/","article_published_time":"2025-07-05T09:44:16+00:00","article_modified_time":"2025-07-05T09:59:12+00:00","og_image":[{"width":450,"height":450,"url":"https:\/\/elcanillita.info\/press\/images\/2025\/07\/justicia_450_.cover_.png","type":"image\/png"}],"author":"SalaStampa.eu, world press service","twitter_card":"summary_large_image","twitter_misc":{"Escrito por":"SalaStampa.eu, world press service","Tiempo de lectura":"3 minutos"},"schema":{"@context":"https:\/\/schema.org","@graph":[{"@type":"Article","@id":"https:\/\/elcanillita.info\/press\/2025\/07\/05\/la-senora-justicia-en-bata-con-ruleros-y-sin-apuro\/#article","isPartOf":{"@id":"https:\/\/elcanillita.info\/press\/2025\/07\/05\/la-senora-justicia-en-bata-con-ruleros-y-sin-apuro\/"},"author":{"name":"SalaStampa.eu, world press service","@id":"https:\/\/elcanillita.info\/press\/#\/schema\/person\/7fcb79f38045700919f7da6d97e71ba0"},"headline":"La Se\u00f1ora Justicia: en bata, con ruleros y sin apuro","datePublished":"2025-07-05T09:44:16+00:00","dateModified":"2025-07-05T09:59:12+00:00","mainEntityOfPage":{"@id":"https:\/\/elcanillita.info\/press\/2025\/07\/05\/la-senora-justicia-en-bata-con-ruleros-y-sin-apuro\/"},"wordCount":502,"publisher":{"@id":"https:\/\/elcanillita.info\/press\/#organization"},"image":{"@id":"https:\/\/elcanillita.info\/press\/2025\/07\/05\/la-senora-justicia-en-bata-con-ruleros-y-sin-apuro\/#primaryimage"},"thumbnailUrl":"https:\/\/elcanillita.info\/press\/images\/2025\/07\/justicia_450_.cover_.png","articleSection":[".",".","Actualidad","Argentina","Corrupci\u00f3n","Justicia","Politica","Sociedad"],"inLanguage":"es-AR"},{"@type":"WebPage","@id":"https:\/\/elcanillita.info\/press\/2025\/07\/05\/la-senora-justicia-en-bata-con-ruleros-y-sin-apuro\/","url":"https:\/\/elcanillita.info\/press\/2025\/07\/05\/la-senora-justicia-en-bata-con-ruleros-y-sin-apuro\/","name":"La Se\u00f1ora Justicia: en bata, con ruleros y sin apuro - ElCanillita.Info","isPartOf":{"@id":"https:\/\/elcanillita.info\/press\/#website"},"primaryImageOfPage":{"@id":"https:\/\/elcanillita.info\/press\/2025\/07\/05\/la-senora-justicia-en-bata-con-ruleros-y-sin-apuro\/#primaryimage"},"image":{"@id":"https:\/\/elcanillita.info\/press\/2025\/07\/05\/la-senora-justicia-en-bata-con-ruleros-y-sin-apuro\/#primaryimage"},"thumbnailUrl":"https:\/\/elcanillita.info\/press\/images\/2025\/07\/justicia_450_.cover_.png","datePublished":"2025-07-05T09:44:16+00:00","dateModified":"2025-07-05T09:59:12+00:00","inLanguage":"es-AR","potentialAction":[{"@type":"ReadAction","target":["https:\/\/elcanillita.info\/press\/2025\/07\/05\/la-senora-justicia-en-bata-con-ruleros-y-sin-apuro\/"]}]},{"@type":"ImageObject","inLanguage":"es-AR","@id":"https:\/\/elcanillita.info\/press\/2025\/07\/05\/la-senora-justicia-en-bata-con-ruleros-y-sin-apuro\/#primaryimage","url":"https:\/\/elcanillita.info\/press\/images\/2025\/07\/justicia_450_.cover_.png","contentUrl":"https:\/\/elcanillita.info\/press\/images\/2025\/07\/justicia_450_.cover_.png","width":450,"height":450},{"@type":"WebSite","@id":"https:\/\/elcanillita.info\/press\/#website","url":"https:\/\/elcanillita.info\/press\/","name":"ElCanillita.Info","description":"desde los Apeninos a los Andes","publisher":{"@id":"https:\/\/elcanillita.info\/press\/#organization"},"potentialAction":[{"@type":"SearchAction","target":{"@type":"EntryPoint","urlTemplate":"https:\/\/elcanillita.info\/press\/?s={search_term_string}"},"query-input":{"@type":"PropertyValueSpecification","valueRequired":true,"valueName":"search_term_string"}}],"inLanguage":"es-AR"},{"@type":"Organization","@id":"https:\/\/elcanillita.info\/press\/#organization","name":"Guzzo Photos & Graphic Publications","url":"https:\/\/elcanillita.info\/press\/","logo":{"@type":"ImageObject","inLanguage":"es-AR","@id":"https:\/\/elcanillita.info\/press\/#\/schema\/logo\/image\/","url":"https:\/\/elcanillita.info\/press\/images\/2020\/01\/cropped-cropped-cropped-elcanillitainfo.png","contentUrl":"https:\/\/elcanillita.info\/press\/images\/2020\/01\/cropped-cropped-cropped-elcanillitainfo.png","width":460,"height":50,"caption":"Guzzo Photos & Graphic Publications"},"image":{"@id":"https:\/\/elcanillita.info\/press\/#\/schema\/logo\/image\/"},"sameAs":["https:\/\/ar-ar.facebook.com\/ElCanillitainfo-114249515285712\/"]},{"@type":"Person","@id":"https:\/\/elcanillita.info\/press\/#\/schema\/person\/7fcb79f38045700919f7da6d97e71ba0","name":"SalaStampa.eu, world press service","image":{"@type":"ImageObject","inLanguage":"es-AR","@id":"https:\/\/secure.gravatar.com\/avatar\/c2f0e0d515a107624234994507816ca4724c7199cef73fc8bedebf6931d73888?s=96&d=mm&r=g","url":"https:\/\/secure.gravatar.com\/avatar\/c2f0e0d515a107624234994507816ca4724c7199cef73fc8bedebf6931d73888?s=96&d=mm&r=g","contentUrl":"https:\/\/secure.gravatar.com\/avatar\/c2f0e0d515a107624234994507816ca4724c7199cef73fc8bedebf6931d73888?s=96&d=mm&r=g","caption":"SalaStampa.eu, world press service"}}]}},"views":201,"_links":{"self":[{"href":"https:\/\/elcanillita.info\/press\/wp-json\/wp\/v2\/posts\/5117","targetHints":{"allow":["GET"]}}],"collection":[{"href":"https:\/\/elcanillita.info\/press\/wp-json\/wp\/v2\/posts"}],"about":[{"href":"https:\/\/elcanillita.info\/press\/wp-json\/wp\/v2\/types\/post"}],"author":[{"embeddable":true,"href":"https:\/\/elcanillita.info\/press\/wp-json\/wp\/v2\/users\/1"}],"replies":[{"embeddable":true,"href":"https:\/\/elcanillita.info\/press\/wp-json\/wp\/v2\/comments?post=5117"}],"version-history":[{"count":0,"href":"https:\/\/elcanillita.info\/press\/wp-json\/wp\/v2\/posts\/5117\/revisions"}],"wp:featuredmedia":[{"embeddable":true,"href":"https:\/\/elcanillita.info\/press\/wp-json\/wp\/v2\/media\/5118"}],"wp:attachment":[{"href":"https:\/\/elcanillita.info\/press\/wp-json\/wp\/v2\/media?parent=5117"}],"wp:term":[{"taxonomy":"category","embeddable":true,"href":"https:\/\/elcanillita.info\/press\/wp-json\/wp\/v2\/categories?post=5117"},{"taxonomy":"post_tag","embeddable":true,"href":"https:\/\/elcanillita.info\/press\/wp-json\/wp\/v2\/tags?post=5117"}],"curies":[{"name":"wp","href":"https:\/\/api.w.org\/{rel}","templated":true}]}}