{"id":5111,"date":"2025-07-04T05:49:14","date_gmt":"2025-07-04T08:49:14","guid":{"rendered":"https:\/\/elcanillita.info\/press\/?p=5111"},"modified":"2025-07-04T05:49:15","modified_gmt":"2025-07-04T08:49:15","slug":"la-belleza-de-la-democracia-un-bien-fragil-en-argentina","status":"publish","type":"post","link":"https:\/\/elcanillita.info\/press\/2025\/07\/04\/la-belleza-de-la-democracia-un-bien-fragil-en-argentina\/","title":{"rendered":"La Belleza de la Democracia, un Bien Fr\u00e1gil en Argentina"},"content":{"rendered":"<div class=\"wp-block-image\">\n<figure class=\"alignleft size-full is-resized\"><img loading=\"lazy\" decoding=\"async\" width=\"400\" height=\"600\" src=\"https:\/\/elcanillita.info\/press\/images\/2025\/07\/demo_400-600-1.png\" alt=\"\" class=\"wp-image-5113\" style=\"width:343px;height:auto\" srcset=\"https:\/\/elcanillita.info\/press\/images\/2025\/07\/demo_400-600-1.png 400w, https:\/\/elcanillita.info\/press\/images\/2025\/07\/demo_400-600-1-200x300.png 200w\" sizes=\"auto, (max-width: 400px) 100vw, 400px\" \/><\/figure>\n<\/div>\n\n\n<p><strong>ElCanillita.info<\/strong><br>Argentina, 04\/07\/2025<br><br><em>Por Don Papel\u00f3n, Especial para ElCanillita.info<\/em><br><br>El resultado de la jornada en Diputados fue malo para el Gobierno, aunque podr\u00eda haber sido mucho peor si no mediaba el bochorno protagonizado por un grupo de diputadas de Uni\u00f3n por la Patria y los libertarios Jos\u00e9 Luis Espert y Juliana Santill\u00e1n. Una pelea a los gritos, digna de un mal programa de TV de medianoche, hizo que se cayera la sesi\u00f3n especial por falta de qu\u00f3rum. \u00bfConclusi\u00f3n? No se discuti\u00f3 ni la baja en las retenciones (proyecto que los kirchneristas no quer\u00edan ni mirar) ni la reforma a la ley que regula los decretos de necesidad y urgencia (que no quer\u00edan ni la Casa Rosada ni los K).<\/p>\n\n\n\n<p>\ud83d\udccc <strong>Importante aclaraci\u00f3n<\/strong>: pese a las sospechas del resto de los bloques, no fue una escena orquestada. Ni \u201ctodo seg\u00fan lo planeado\u201d. Ni siquiera \u201cuna jugada de ajedrez\u201d. Fue m\u00e1s bien un trompo descontrolado en el sal\u00f3n de los espejos de la pol\u00edtica nacional.<\/p>\n\n\n\n<h3 class=\"wp-block-heading\">\ud83c\udf10 Un nuevo paisaje pol\u00edtico<\/h3>\n\n\n\n<p>El debate bast\u00f3, sin embargo, para que quedara a la vista el nuevo mapa de alianzas (o rupturas) que enfrenta el Gobierno. Diputados de bloques variopintos que, hasta ahora, ven\u00edan acompa\u00f1ando al oficialismo, esta vez decidieron mirar para otro lado. No solo colaboraron con el qu\u00f3rum de la sesi\u00f3n \u2014\u00a1vaya osad\u00eda!\u2014, sino que tambi\u00e9n apoyaron dos emplazamientos clave:<\/p>\n\n\n\n<ol class=\"wp-block-list\">\n<li>Que el oficialismo abra las comisiones para tratar <strong>el proyecto que declara la emergencia en la salud pedi\u00e1trica<\/strong>, impulsado tras el grave conflicto del Hospital Garrahan.<\/li>\n\n\n\n<li>Que se discuta el proyecto de <strong>nuevo financiamiento para las universidades p\u00fablicas<\/strong>, otro dolor de cabeza para la Casa Rosada.<\/li>\n<\/ol>\n\n\n\n<h3 class=\"wp-block-heading\">\ud83e\udd39\u200d\u2642\ufe0f Entre gritos, trapos y tensiones<\/h3>\n\n\n\n<p>Lo que se iba a debatir qued\u00f3 tapado por la escena tragic\u00f3mica. Pero la historia no termin\u00f3 en el z\u00f3calo de un canal de noticias. Lo que est\u00e1 en juego es mucho m\u00e1s grande que una sesi\u00f3n fallida: <strong>la posibilidad de deliberar sin esc\u00e1ndalos, de votar sin prepotencias, de disentir sin convertir la C\u00e1mara en un circo romano<\/strong>.<\/p>\n\n\n\n<p>\u00bfEs mucho pedir? Tal vez s\u00ed. Pero la democracia, a\u00fan en su versi\u00f3n m\u00e1s desordenada y fr\u00e1gil, sigue siendo el \u00fanico lugar donde el poder puede ser discutido sin balas, sin decretazos, sin aprietes.<\/p>\n\n\n\n<h3 class=\"wp-block-heading\">\ud83d\udd6f\ufe0f La belleza que hay que cuidar<\/h3>\n\n\n\n<p>Los gritos de ayer no fueron una victoria para nadie. Pero el hecho de que el Congreso est\u00e9 activo, que existan bloques que se animen a marcarle la cancha al Poder Ejecutivo, <strong>es una se\u00f1al saludable<\/strong>. No todo est\u00e1 roto. La belleza de la democracia reside, a veces, en su capacidad de tambalear sin caerse.<\/p>\n\n\n\n<p><strong>Y eso, en la Argentina de hoy, no es poco.<\/strong><\/p>\n\n\n\n<p><small>\u00a92025 Don Papel\u00f3<\/small>n<small> &#8211; All Rights Reserved \u2013 Copyright \u00a9 2025 ElCanillita.info \/ BlogDiario.info \/SalaStampa.eu, world press service \u2013 Guzzo Photos &amp; Graphic Publications \u2013 Registro Editori e Stampatori n. 1441 Turin, Italy<\/small><\/p>\n\n\n\n<p><\/p>\n","protected":false},"excerpt":{"rendered":"<p>\ud83e\udd39\u200d\u2642\ufe0f Entre gritos, trapos y tensiones<\/p>\n","protected":false},"author":1,"featured_media":5114,"comment_status":"closed","ping_status":"closed","sticky":false,"template":"","format":"standard","meta":{"footnotes":"","_links_to":"","_links_to_target":""},"categories":[108,121,70,123,23,25],"tags":[],"class_list":["post-5111","post","type-post","status-publish","format-standard","has-post-thumbnail","hentry","category-blogdiario","category-dc24","category-actualidad","category-argentina","category-politica","category-sociedad","entry","double"],"yoast_head":"<!-- This site is optimized with the Yoast SEO plugin v27.4 - https:\/\/yoast.com\/product\/yoast-seo-wordpress\/ -->\n<title>La Belleza de la Democracia, un Bien Fr\u00e1gil en Argentina - ElCanillita.Info<\/title>\n<meta name=\"robots\" content=\"index, follow, max-snippet:-1, max-image-preview:large, max-video-preview:-1\" \/>\n<link rel=\"canonical\" href=\"https:\/\/elcanillita.info\/press\/2025\/07\/04\/la-belleza-de-la-democracia-un-bien-fragil-en-argentina\/\" \/>\n<meta property=\"og:locale\" content=\"es_ES\" \/>\n<meta property=\"og:type\" content=\"article\" \/>\n<meta property=\"og:title\" content=\"La Belleza de la Democracia, un Bien Fr\u00e1gil en Argentina - ElCanillita.Info\" \/>\n<meta property=\"og:description\" content=\"\ud83e\udd39\u200d\u2642\ufe0f Entre gritos, trapos y tensiones\" \/>\n<meta property=\"og:url\" content=\"https:\/\/elcanillita.info\/press\/2025\/07\/04\/la-belleza-de-la-democracia-un-bien-fragil-en-argentina\/\" \/>\n<meta property=\"og:site_name\" content=\"ElCanillita.Info\" \/>\n<meta property=\"article:publisher\" content=\"https:\/\/ar-ar.facebook.com\/ElCanillitainfo-114249515285712\/\" \/>\n<meta property=\"article:published_time\" content=\"2025-07-04T08:49:14+00:00\" \/>\n<meta property=\"article:modified_time\" content=\"2025-07-04T08:49:15+00:00\" \/>\n<meta property=\"og:image\" content=\"https:\/\/elcanillita.info\/press\/images\/2025\/07\/demo_550-H.png\" \/>\n\t<meta property=\"og:image:width\" content=\"550\" \/>\n\t<meta property=\"og:image:height\" content=\"367\" \/>\n\t<meta property=\"og:image:type\" content=\"image\/png\" \/>\n<meta name=\"author\" content=\"SalaStampa.eu, world press service\" \/>\n<meta name=\"twitter:card\" content=\"summary_large_image\" \/>\n<meta name=\"twitter:label1\" content=\"Escrito por\" \/>\n\t<meta name=\"twitter:data1\" content=\"SalaStampa.eu, world press service\" \/>\n\t<meta name=\"twitter:label2\" content=\"Tiempo de lectura\" \/>\n\t<meta name=\"twitter:data2\" content=\"3 minutos\" \/>\n<script type=\"application\/ld+json\" class=\"yoast-schema-graph\">{\"@context\":\"https:\\\/\\\/schema.org\",\"@graph\":[{\"@type\":\"Article\",\"@id\":\"https:\\\/\\\/elcanillita.info\\\/press\\\/2025\\\/07\\\/04\\\/la-belleza-de-la-democracia-un-bien-fragil-en-argentina\\\/#article\",\"isPartOf\":{\"@id\":\"https:\\\/\\\/elcanillita.info\\\/press\\\/2025\\\/07\\\/04\\\/la-belleza-de-la-democracia-un-bien-fragil-en-argentina\\\/\"},\"author\":{\"name\":\"SalaStampa.eu, world press service\",\"@id\":\"https:\\\/\\\/elcanillita.info\\\/press\\\/#\\\/schema\\\/person\\\/7fcb79f38045700919f7da6d97e71ba0\"},\"headline\":\"La Belleza de la Democracia, un Bien Fr\u00e1gil en Argentina\",\"datePublished\":\"2025-07-04T08:49:14+00:00\",\"dateModified\":\"2025-07-04T08:49:15+00:00\",\"mainEntityOfPage\":{\"@id\":\"https:\\\/\\\/elcanillita.info\\\/press\\\/2025\\\/07\\\/04\\\/la-belleza-de-la-democracia-un-bien-fragil-en-argentina\\\/\"},\"wordCount\":513,\"publisher\":{\"@id\":\"https:\\\/\\\/elcanillita.info\\\/press\\\/#organization\"},\"image\":{\"@id\":\"https:\\\/\\\/elcanillita.info\\\/press\\\/2025\\\/07\\\/04\\\/la-belleza-de-la-democracia-un-bien-fragil-en-argentina\\\/#primaryimage\"},\"thumbnailUrl\":\"https:\\\/\\\/elcanillita.info\\\/press\\\/images\\\/2025\\\/07\\\/demo_550-H.png\",\"articleSection\":[\".\",\".\",\"Actualidad\",\"Argentina\",\"Politica\",\"Sociedad\"],\"inLanguage\":\"es-AR\"},{\"@type\":\"WebPage\",\"@id\":\"https:\\\/\\\/elcanillita.info\\\/press\\\/2025\\\/07\\\/04\\\/la-belleza-de-la-democracia-un-bien-fragil-en-argentina\\\/\",\"url\":\"https:\\\/\\\/elcanillita.info\\\/press\\\/2025\\\/07\\\/04\\\/la-belleza-de-la-democracia-un-bien-fragil-en-argentina\\\/\",\"name\":\"La Belleza de la Democracia, un Bien Fr\u00e1gil en Argentina - ElCanillita.Info\",\"isPartOf\":{\"@id\":\"https:\\\/\\\/elcanillita.info\\\/press\\\/#website\"},\"primaryImageOfPage\":{\"@id\":\"https:\\\/\\\/elcanillita.info\\\/press\\\/2025\\\/07\\\/04\\\/la-belleza-de-la-democracia-un-bien-fragil-en-argentina\\\/#primaryimage\"},\"image\":{\"@id\":\"https:\\\/\\\/elcanillita.info\\\/press\\\/2025\\\/07\\\/04\\\/la-belleza-de-la-democracia-un-bien-fragil-en-argentina\\\/#primaryimage\"},\"thumbnailUrl\":\"https:\\\/\\\/elcanillita.info\\\/press\\\/images\\\/2025\\\/07\\\/demo_550-H.png\",\"datePublished\":\"2025-07-04T08:49:14+00:00\",\"dateModified\":\"2025-07-04T08:49:15+00:00\",\"inLanguage\":\"es-AR\",\"potentialAction\":[{\"@type\":\"ReadAction\",\"target\":[\"https:\\\/\\\/elcanillita.info\\\/press\\\/2025\\\/07\\\/04\\\/la-belleza-de-la-democracia-un-bien-fragil-en-argentina\\\/\"]}]},{\"@type\":\"ImageObject\",\"inLanguage\":\"es-AR\",\"@id\":\"https:\\\/\\\/elcanillita.info\\\/press\\\/2025\\\/07\\\/04\\\/la-belleza-de-la-democracia-un-bien-fragil-en-argentina\\\/#primaryimage\",\"url\":\"https:\\\/\\\/elcanillita.info\\\/press\\\/images\\\/2025\\\/07\\\/demo_550-H.png\",\"contentUrl\":\"https:\\\/\\\/elcanillita.info\\\/press\\\/images\\\/2025\\\/07\\\/demo_550-H.png\",\"width\":550,\"height\":367},{\"@type\":\"WebSite\",\"@id\":\"https:\\\/\\\/elcanillita.info\\\/press\\\/#website\",\"url\":\"https:\\\/\\\/elcanillita.info\\\/press\\\/\",\"name\":\"ElCanillita.Info\",\"description\":\"desde los Apeninos a los Andes\",\"publisher\":{\"@id\":\"https:\\\/\\\/elcanillita.info\\\/press\\\/#organization\"},\"potentialAction\":[{\"@type\":\"SearchAction\",\"target\":{\"@type\":\"EntryPoint\",\"urlTemplate\":\"https:\\\/\\\/elcanillita.info\\\/press\\\/?s={search_term_string}\"},\"query-input\":{\"@type\":\"PropertyValueSpecification\",\"valueRequired\":true,\"valueName\":\"search_term_string\"}}],\"inLanguage\":\"es-AR\"},{\"@type\":\"Organization\",\"@id\":\"https:\\\/\\\/elcanillita.info\\\/press\\\/#organization\",\"name\":\"Guzzo Photos & Graphic Publications\",\"url\":\"https:\\\/\\\/elcanillita.info\\\/press\\\/\",\"logo\":{\"@type\":\"ImageObject\",\"inLanguage\":\"es-AR\",\"@id\":\"https:\\\/\\\/elcanillita.info\\\/press\\\/#\\\/schema\\\/logo\\\/image\\\/\",\"url\":\"https:\\\/\\\/elcanillita.info\\\/press\\\/images\\\/2020\\\/01\\\/cropped-cropped-cropped-elcanillitainfo.png\",\"contentUrl\":\"https:\\\/\\\/elcanillita.info\\\/press\\\/images\\\/2020\\\/01\\\/cropped-cropped-cropped-elcanillitainfo.png\",\"width\":460,\"height\":50,\"caption\":\"Guzzo Photos & Graphic Publications\"},\"image\":{\"@id\":\"https:\\\/\\\/elcanillita.info\\\/press\\\/#\\\/schema\\\/logo\\\/image\\\/\"},\"sameAs\":[\"https:\\\/\\\/ar-ar.facebook.com\\\/ElCanillitainfo-114249515285712\\\/\"]},{\"@type\":\"Person\",\"@id\":\"https:\\\/\\\/elcanillita.info\\\/press\\\/#\\\/schema\\\/person\\\/7fcb79f38045700919f7da6d97e71ba0\",\"name\":\"SalaStampa.eu, world press service\",\"image\":{\"@type\":\"ImageObject\",\"inLanguage\":\"es-AR\",\"@id\":\"https:\\\/\\\/secure.gravatar.com\\\/avatar\\\/c2f0e0d515a107624234994507816ca4724c7199cef73fc8bedebf6931d73888?s=96&d=mm&r=g\",\"url\":\"https:\\\/\\\/secure.gravatar.com\\\/avatar\\\/c2f0e0d515a107624234994507816ca4724c7199cef73fc8bedebf6931d73888?s=96&d=mm&r=g\",\"contentUrl\":\"https:\\\/\\\/secure.gravatar.com\\\/avatar\\\/c2f0e0d515a107624234994507816ca4724c7199cef73fc8bedebf6931d73888?s=96&d=mm&r=g\",\"caption\":\"SalaStampa.eu, world press service\"}}]}<\/script>\n<!-- \/ Yoast SEO plugin. -->","yoast_head_json":{"title":"La Belleza de la Democracia, un Bien Fr\u00e1gil en Argentina - ElCanillita.Info","robots":{"index":"index","follow":"follow","max-snippet":"max-snippet:-1","max-image-preview":"max-image-preview:large","max-video-preview":"max-video-preview:-1"},"canonical":"https:\/\/elcanillita.info\/press\/2025\/07\/04\/la-belleza-de-la-democracia-un-bien-fragil-en-argentina\/","og_locale":"es_ES","og_type":"article","og_title":"La Belleza de la Democracia, un Bien Fr\u00e1gil en Argentina - ElCanillita.Info","og_description":"\ud83e\udd39\u200d\u2642\ufe0f Entre gritos, trapos y tensiones","og_url":"https:\/\/elcanillita.info\/press\/2025\/07\/04\/la-belleza-de-la-democracia-un-bien-fragil-en-argentina\/","og_site_name":"ElCanillita.Info","article_publisher":"https:\/\/ar-ar.facebook.com\/ElCanillitainfo-114249515285712\/","article_published_time":"2025-07-04T08:49:14+00:00","article_modified_time":"2025-07-04T08:49:15+00:00","og_image":[{"width":550,"height":367,"url":"https:\/\/elcanillita.info\/press\/images\/2025\/07\/demo_550-H.png","type":"image\/png"}],"author":"SalaStampa.eu, world press service","twitter_card":"summary_large_image","twitter_misc":{"Escrito por":"SalaStampa.eu, world press service","Tiempo de lectura":"3 minutos"},"schema":{"@context":"https:\/\/schema.org","@graph":[{"@type":"Article","@id":"https:\/\/elcanillita.info\/press\/2025\/07\/04\/la-belleza-de-la-democracia-un-bien-fragil-en-argentina\/#article","isPartOf":{"@id":"https:\/\/elcanillita.info\/press\/2025\/07\/04\/la-belleza-de-la-democracia-un-bien-fragil-en-argentina\/"},"author":{"name":"SalaStampa.eu, world press service","@id":"https:\/\/elcanillita.info\/press\/#\/schema\/person\/7fcb79f38045700919f7da6d97e71ba0"},"headline":"La Belleza de la Democracia, un Bien Fr\u00e1gil en Argentina","datePublished":"2025-07-04T08:49:14+00:00","dateModified":"2025-07-04T08:49:15+00:00","mainEntityOfPage":{"@id":"https:\/\/elcanillita.info\/press\/2025\/07\/04\/la-belleza-de-la-democracia-un-bien-fragil-en-argentina\/"},"wordCount":513,"publisher":{"@id":"https:\/\/elcanillita.info\/press\/#organization"},"image":{"@id":"https:\/\/elcanillita.info\/press\/2025\/07\/04\/la-belleza-de-la-democracia-un-bien-fragil-en-argentina\/#primaryimage"},"thumbnailUrl":"https:\/\/elcanillita.info\/press\/images\/2025\/07\/demo_550-H.png","articleSection":[".",".","Actualidad","Argentina","Politica","Sociedad"],"inLanguage":"es-AR"},{"@type":"WebPage","@id":"https:\/\/elcanillita.info\/press\/2025\/07\/04\/la-belleza-de-la-democracia-un-bien-fragil-en-argentina\/","url":"https:\/\/elcanillita.info\/press\/2025\/07\/04\/la-belleza-de-la-democracia-un-bien-fragil-en-argentina\/","name":"La Belleza de la Democracia, un Bien Fr\u00e1gil en Argentina - ElCanillita.Info","isPartOf":{"@id":"https:\/\/elcanillita.info\/press\/#website"},"primaryImageOfPage":{"@id":"https:\/\/elcanillita.info\/press\/2025\/07\/04\/la-belleza-de-la-democracia-un-bien-fragil-en-argentina\/#primaryimage"},"image":{"@id":"https:\/\/elcanillita.info\/press\/2025\/07\/04\/la-belleza-de-la-democracia-un-bien-fragil-en-argentina\/#primaryimage"},"thumbnailUrl":"https:\/\/elcanillita.info\/press\/images\/2025\/07\/demo_550-H.png","datePublished":"2025-07-04T08:49:14+00:00","dateModified":"2025-07-04T08:49:15+00:00","inLanguage":"es-AR","potentialAction":[{"@type":"ReadAction","target":["https:\/\/elcanillita.info\/press\/2025\/07\/04\/la-belleza-de-la-democracia-un-bien-fragil-en-argentina\/"]}]},{"@type":"ImageObject","inLanguage":"es-AR","@id":"https:\/\/elcanillita.info\/press\/2025\/07\/04\/la-belleza-de-la-democracia-un-bien-fragil-en-argentina\/#primaryimage","url":"https:\/\/elcanillita.info\/press\/images\/2025\/07\/demo_550-H.png","contentUrl":"https:\/\/elcanillita.info\/press\/images\/2025\/07\/demo_550-H.png","width":550,"height":367},{"@type":"WebSite","@id":"https:\/\/elcanillita.info\/press\/#website","url":"https:\/\/elcanillita.info\/press\/","name":"ElCanillita.Info","description":"desde los Apeninos a los Andes","publisher":{"@id":"https:\/\/elcanillita.info\/press\/#organization"},"potentialAction":[{"@type":"SearchAction","target":{"@type":"EntryPoint","urlTemplate":"https:\/\/elcanillita.info\/press\/?s={search_term_string}"},"query-input":{"@type":"PropertyValueSpecification","valueRequired":true,"valueName":"search_term_string"}}],"inLanguage":"es-AR"},{"@type":"Organization","@id":"https:\/\/elcanillita.info\/press\/#organization","name":"Guzzo Photos & Graphic Publications","url":"https:\/\/elcanillita.info\/press\/","logo":{"@type":"ImageObject","inLanguage":"es-AR","@id":"https:\/\/elcanillita.info\/press\/#\/schema\/logo\/image\/","url":"https:\/\/elcanillita.info\/press\/images\/2020\/01\/cropped-cropped-cropped-elcanillitainfo.png","contentUrl":"https:\/\/elcanillita.info\/press\/images\/2020\/01\/cropped-cropped-cropped-elcanillitainfo.png","width":460,"height":50,"caption":"Guzzo Photos & Graphic Publications"},"image":{"@id":"https:\/\/elcanillita.info\/press\/#\/schema\/logo\/image\/"},"sameAs":["https:\/\/ar-ar.facebook.com\/ElCanillitainfo-114249515285712\/"]},{"@type":"Person","@id":"https:\/\/elcanillita.info\/press\/#\/schema\/person\/7fcb79f38045700919f7da6d97e71ba0","name":"SalaStampa.eu, world press service","image":{"@type":"ImageObject","inLanguage":"es-AR","@id":"https:\/\/secure.gravatar.com\/avatar\/c2f0e0d515a107624234994507816ca4724c7199cef73fc8bedebf6931d73888?s=96&d=mm&r=g","url":"https:\/\/secure.gravatar.com\/avatar\/c2f0e0d515a107624234994507816ca4724c7199cef73fc8bedebf6931d73888?s=96&d=mm&r=g","contentUrl":"https:\/\/secure.gravatar.com\/avatar\/c2f0e0d515a107624234994507816ca4724c7199cef73fc8bedebf6931d73888?s=96&d=mm&r=g","caption":"SalaStampa.eu, world press service"}}]}},"views":164,"_links":{"self":[{"href":"https:\/\/elcanillita.info\/press\/wp-json\/wp\/v2\/posts\/5111","targetHints":{"allow":["GET"]}}],"collection":[{"href":"https:\/\/elcanillita.info\/press\/wp-json\/wp\/v2\/posts"}],"about":[{"href":"https:\/\/elcanillita.info\/press\/wp-json\/wp\/v2\/types\/post"}],"author":[{"embeddable":true,"href":"https:\/\/elcanillita.info\/press\/wp-json\/wp\/v2\/users\/1"}],"replies":[{"embeddable":true,"href":"https:\/\/elcanillita.info\/press\/wp-json\/wp\/v2\/comments?post=5111"}],"version-history":[{"count":0,"href":"https:\/\/elcanillita.info\/press\/wp-json\/wp\/v2\/posts\/5111\/revisions"}],"wp:featuredmedia":[{"embeddable":true,"href":"https:\/\/elcanillita.info\/press\/wp-json\/wp\/v2\/media\/5114"}],"wp:attachment":[{"href":"https:\/\/elcanillita.info\/press\/wp-json\/wp\/v2\/media?parent=5111"}],"wp:term":[{"taxonomy":"category","embeddable":true,"href":"https:\/\/elcanillita.info\/press\/wp-json\/wp\/v2\/categories?post=5111"},{"taxonomy":"post_tag","embeddable":true,"href":"https:\/\/elcanillita.info\/press\/wp-json\/wp\/v2\/tags?post=5111"}],"curies":[{"name":"wp","href":"https:\/\/api.w.org\/{rel}","templated":true}]}}