{"id":5104,"date":"2025-06-30T20:57:29","date_gmt":"2025-06-30T23:57:29","guid":{"rendered":"https:\/\/elcanillita.info\/press\/?p=5104"},"modified":"2025-06-30T21:10:19","modified_gmt":"2025-07-01T00:10:19","slug":"cristinita-y-la-jueza-del-norte-el-fallo-que-revive-los-millones","status":"publish","type":"post","link":"https:\/\/elcanillita.info\/press\/2025\/06\/30\/cristinita-y-la-jueza-del-norte-el-fallo-que-revive-los-millones\/","title":{"rendered":"Cristinita y la jueza del Norte: el fallo que revive los millones"},"content":{"rendered":"<div class=\"wp-block-image\">\n<figure class=\"alignleft size-full is-resized\"><img loading=\"lazy\" decoding=\"async\" width=\"400\" height=\"400\" src=\"https:\/\/elcanillita.info\/press\/images\/2025\/06\/Deuda_400_400.Pub_.png\" alt=\"\" class=\"wp-image-5105\" style=\"width:312px;height:auto\" srcset=\"https:\/\/elcanillita.info\/press\/images\/2025\/06\/Deuda_400_400.Pub_.png 400w, https:\/\/elcanillita.info\/press\/images\/2025\/06\/Deuda_400_400.Pub_-300x300.png 300w, https:\/\/elcanillita.info\/press\/images\/2025\/06\/Deuda_400_400.Pub_-150x150.png 150w\" sizes=\"auto, (max-width: 400px) 100vw, 400px\" \/><\/figure>\n<\/div>\n\n\n<p><strong>ElCanillita.info<\/strong><br>Argentina, 01\/07\/2025<br><br>Hoy, con el nuevo fallo de la jueza Loretta Preska desde Nueva York, vuelve a escena un viejo fantasma con nombre y apellido: <strong>Cristina Fern\u00e1ndez de Kirchner<\/strong>. El fallo, que reactiva la causa por el default de YPF, no s\u00f3lo remueve responsabilidades, sino tambi\u00e9n pasivos multimillonarios \u2014de esos que no se pagan con planes ni con relato.<br>La noticia revaloriza una nota escrita por <strong>Enrique Guillermo Avogadro<\/strong> en julio de 2018, donde ya se anticipaba la profundidad del agujero negro que dej\u00f3 la expropiaci\u00f3n improvisada y el relato triunfalista. La cifra, entonces, parec\u00eda de ciencia ficci\u00f3n: <strong>5.000 millones de d\u00f3lares<\/strong>. Hoy es simplemente un n\u00famero impago.<\/p>\n\n\n\n<p>\ud83d\udccc <strong>Enlace a la nota original<\/strong> (2018):<br>\ud83d\udc49 <a class=\"\" href=\"https:\/\/egavogadro.blogspot.com\/2018\/07\/cristinita-otros-us-5000-mm.html?m=1\">Cristinita y otros US$ 5.000 MM<\/a><\/p>\n\n\n\n<p>El tiempo le dio la raz\u00f3n. No al mercado, no al juez Griesa, sino al sentido com\u00fan: cuando se hacen las cosas mal \u2014por capricho pol\u00edtico o por caja\u2014, los pa\u00edses lo pagan caro. O lo pagan sus ciudadanos, claro.<\/p>\n\n\n\n<p>Este nuevo cap\u00edtulo no habla s\u00f3lo del pasado. Habla del presente judicial de una Argentina que a\u00fan no logra separar el Estado del club de amigos, y de un Poder Judicial norteamericano que, con menos \u00e9pica pero m\u00e1s consistencia, dicta sentencias con consecuencias.<\/p>\n\n\n\n<p>Mientras tanto, en Buenos Aires, el barro se acumula entre micr\u00f3fonos, pa\u00f1uelos y slogans. Y en Wall Street se cuentan las horas, los intereses y los silencios.<\/p>\n\n\n\n<p>Una vez m\u00e1s, <em>la historia se repite como deuda impaga<\/em>.<br><br><small>\u00a9\ufe0f2025 \u201cEl \u00faltimo que dobla la esquina\u201d \u2026poque siempre hay alguien que reparte noticias mientras todos duermen. All Rights Reserved Copyright \u00a9\ufe0f 2025 ElCanillita.info \/ SalaStampa.eu, world press service &#8211; Guzzo Photos &amp; Graphic Publications \u2013 Registro Editori e Stampatori n. 1441 Torino, Italia<\/small><br><strong><br>\u00bfQuer\u00e9s decir algo ?<\/strong><\/p>\n\n\n\n<p>\ud83d\udcec Envi\u00e1 tu texto a elcanillita@yahoo.com o subite a la Caja de los oradores:<br><strong><br>SoapBoxOrators.org.<\/strong><br><\/p>\n\n\n<form action=\"https:\/\/formspree.io\/f\/mjkrjzed\" method=\"POST\">\n  <label for=\"name\">Nombre o seud\u00f3nimo:<\/label><br \/>\n  <input type=\"text\" id=\"name\" name=\"name\" required><\/p>\n<p>  <label for=\"title\">T\u00edtulo del discurso o editorial:<\/label><br \/>\n  <input type=\"text\" id=\"title\" name=\"title\" required><\/p>\n<p>  <label for=\"message\">Texto (m\u00e1x. 3.000 caracteres):<\/label><br \/>\n  <textarea id=\"message\" name=\"message\" rows=\"10\" maxlength=\"3000\" required><\/textarea><\/p>\n<p>  <label><br \/>\n    <input type=\"checkbox\" name=\"consent\" required><br \/>\n    Autorizo la publicaci\u00f3n de este texto en SoapboxOrators.org<br \/>\n  <\/label><\/p>\n<p>  <button type=\"submit\">Enviar<\/button><br \/>\n  <button type=\"reset\">Borrar<\/button><br \/>\n<\/form>","protected":false},"excerpt":{"rendered":"<p>Hoy, con el nuevo fallo de la jueza Loretta Preska desde Nueva York, vuelve a escena un viejo fantasma con nombre y apellido: CFK<\/p>\n","protected":false},"author":1,"featured_media":5106,"comment_status":"closed","ping_status":"closed","sticky":false,"template":"","format":"standard","meta":{"footnotes":"","_links_to":"","_links_to_target":""},"categories":[108,70,123,118,20,22,23,25],"tags":[],"class_list":["post-5104","post","type-post","status-publish","format-standard","has-post-thumbnail","hentry","category-blogdiario","category-actualidad","category-argentina","category-corrupcion","category-economia","category-justicia","category-politica","category-sociedad","entry","double"],"yoast_head":"<!-- This site is optimized with the Yoast SEO plugin v27.4 - https:\/\/yoast.com\/product\/yoast-seo-wordpress\/ -->\n<title>Cristinita y la jueza del Norte: el fallo que revive los millones - ElCanillita.Info<\/title>\n<meta name=\"robots\" content=\"index, follow, max-snippet:-1, max-image-preview:large, max-video-preview:-1\" \/>\n<link rel=\"canonical\" href=\"https:\/\/elcanillita.info\/press\/2025\/06\/30\/cristinita-y-la-jueza-del-norte-el-fallo-que-revive-los-millones\/\" \/>\n<meta property=\"og:locale\" content=\"es_ES\" \/>\n<meta property=\"og:type\" content=\"article\" \/>\n<meta property=\"og:title\" content=\"Cristinita y la jueza del Norte: el fallo que revive los millones - ElCanillita.Info\" \/>\n<meta property=\"og:description\" content=\"Hoy, con el nuevo fallo de la jueza Loretta Preska desde Nueva York, vuelve a escena un viejo fantasma con nombre y apellido: CFK\" \/>\n<meta property=\"og:url\" content=\"https:\/\/elcanillita.info\/press\/2025\/06\/30\/cristinita-y-la-jueza-del-norte-el-fallo-que-revive-los-millones\/\" \/>\n<meta property=\"og:site_name\" content=\"ElCanillita.Info\" \/>\n<meta property=\"article:publisher\" content=\"https:\/\/ar-ar.facebook.com\/ElCanillitainfo-114249515285712\/\" \/>\n<meta property=\"article:published_time\" content=\"2025-06-30T23:57:29+00:00\" \/>\n<meta property=\"article:modified_time\" content=\"2025-07-01T00:10:19+00:00\" \/>\n<meta property=\"og:image\" content=\"https:\/\/elcanillita.info\/press\/images\/2025\/06\/herencia_600_400.Pub_.png\" \/>\n\t<meta property=\"og:image:width\" content=\"600\" \/>\n\t<meta property=\"og:image:height\" content=\"400\" \/>\n\t<meta property=\"og:image:type\" content=\"image\/png\" \/>\n<meta name=\"author\" content=\"SalaStampa.eu, world press service\" \/>\n<meta name=\"twitter:card\" content=\"summary_large_image\" \/>\n<meta name=\"twitter:label1\" content=\"Escrito por\" \/>\n\t<meta name=\"twitter:data1\" content=\"SalaStampa.eu, world press service\" \/>\n\t<meta name=\"twitter:label2\" content=\"Tiempo de lectura\" \/>\n\t<meta name=\"twitter:data2\" content=\"2 minutos\" \/>\n<script type=\"application\/ld+json\" class=\"yoast-schema-graph\">{\"@context\":\"https:\\\/\\\/schema.org\",\"@graph\":[{\"@type\":\"Article\",\"@id\":\"https:\\\/\\\/elcanillita.info\\\/press\\\/2025\\\/06\\\/30\\\/cristinita-y-la-jueza-del-norte-el-fallo-que-revive-los-millones\\\/#article\",\"isPartOf\":{\"@id\":\"https:\\\/\\\/elcanillita.info\\\/press\\\/2025\\\/06\\\/30\\\/cristinita-y-la-jueza-del-norte-el-fallo-que-revive-los-millones\\\/\"},\"author\":{\"name\":\"SalaStampa.eu, world press service\",\"@id\":\"https:\\\/\\\/elcanillita.info\\\/press\\\/#\\\/schema\\\/person\\\/7fcb79f38045700919f7da6d97e71ba0\"},\"headline\":\"Cristinita y la jueza del Norte: el fallo que revive los millones\",\"datePublished\":\"2025-06-30T23:57:29+00:00\",\"dateModified\":\"2025-07-01T00:10:19+00:00\",\"mainEntityOfPage\":{\"@id\":\"https:\\\/\\\/elcanillita.info\\\/press\\\/2025\\\/06\\\/30\\\/cristinita-y-la-jueza-del-norte-el-fallo-que-revive-los-millones\\\/\"},\"wordCount\":355,\"publisher\":{\"@id\":\"https:\\\/\\\/elcanillita.info\\\/press\\\/#organization\"},\"image\":{\"@id\":\"https:\\\/\\\/elcanillita.info\\\/press\\\/2025\\\/06\\\/30\\\/cristinita-y-la-jueza-del-norte-el-fallo-que-revive-los-millones\\\/#primaryimage\"},\"thumbnailUrl\":\"https:\\\/\\\/elcanillita.info\\\/press\\\/images\\\/2025\\\/06\\\/herencia_600_400.Pub_.png\",\"articleSection\":[\".\",\"Actualidad\",\"Argentina\",\"Corrupci\u00f3n\",\"Economia\",\"Justicia\",\"Politica\",\"Sociedad\"],\"inLanguage\":\"es-AR\"},{\"@type\":\"WebPage\",\"@id\":\"https:\\\/\\\/elcanillita.info\\\/press\\\/2025\\\/06\\\/30\\\/cristinita-y-la-jueza-del-norte-el-fallo-que-revive-los-millones\\\/\",\"url\":\"https:\\\/\\\/elcanillita.info\\\/press\\\/2025\\\/06\\\/30\\\/cristinita-y-la-jueza-del-norte-el-fallo-que-revive-los-millones\\\/\",\"name\":\"Cristinita y la jueza del Norte: el fallo que revive los millones - ElCanillita.Info\",\"isPartOf\":{\"@id\":\"https:\\\/\\\/elcanillita.info\\\/press\\\/#website\"},\"primaryImageOfPage\":{\"@id\":\"https:\\\/\\\/elcanillita.info\\\/press\\\/2025\\\/06\\\/30\\\/cristinita-y-la-jueza-del-norte-el-fallo-que-revive-los-millones\\\/#primaryimage\"},\"image\":{\"@id\":\"https:\\\/\\\/elcanillita.info\\\/press\\\/2025\\\/06\\\/30\\\/cristinita-y-la-jueza-del-norte-el-fallo-que-revive-los-millones\\\/#primaryimage\"},\"thumbnailUrl\":\"https:\\\/\\\/elcanillita.info\\\/press\\\/images\\\/2025\\\/06\\\/herencia_600_400.Pub_.png\",\"datePublished\":\"2025-06-30T23:57:29+00:00\",\"dateModified\":\"2025-07-01T00:10:19+00:00\",\"inLanguage\":\"es-AR\",\"potentialAction\":[{\"@type\":\"ReadAction\",\"target\":[\"https:\\\/\\\/elcanillita.info\\\/press\\\/2025\\\/06\\\/30\\\/cristinita-y-la-jueza-del-norte-el-fallo-que-revive-los-millones\\\/\"]}]},{\"@type\":\"ImageObject\",\"inLanguage\":\"es-AR\",\"@id\":\"https:\\\/\\\/elcanillita.info\\\/press\\\/2025\\\/06\\\/30\\\/cristinita-y-la-jueza-del-norte-el-fallo-que-revive-los-millones\\\/#primaryimage\",\"url\":\"https:\\\/\\\/elcanillita.info\\\/press\\\/images\\\/2025\\\/06\\\/herencia_600_400.Pub_.png\",\"contentUrl\":\"https:\\\/\\\/elcanillita.info\\\/press\\\/images\\\/2025\\\/06\\\/herencia_600_400.Pub_.png\",\"width\":600,\"height\":400},{\"@type\":\"WebSite\",\"@id\":\"https:\\\/\\\/elcanillita.info\\\/press\\\/#website\",\"url\":\"https:\\\/\\\/elcanillita.info\\\/press\\\/\",\"name\":\"ElCanillita.Info\",\"description\":\"desde los Apeninos a los Andes\",\"publisher\":{\"@id\":\"https:\\\/\\\/elcanillita.info\\\/press\\\/#organization\"},\"potentialAction\":[{\"@type\":\"SearchAction\",\"target\":{\"@type\":\"EntryPoint\",\"urlTemplate\":\"https:\\\/\\\/elcanillita.info\\\/press\\\/?s={search_term_string}\"},\"query-input\":{\"@type\":\"PropertyValueSpecification\",\"valueRequired\":true,\"valueName\":\"search_term_string\"}}],\"inLanguage\":\"es-AR\"},{\"@type\":\"Organization\",\"@id\":\"https:\\\/\\\/elcanillita.info\\\/press\\\/#organization\",\"name\":\"Guzzo Photos & Graphic Publications\",\"url\":\"https:\\\/\\\/elcanillita.info\\\/press\\\/\",\"logo\":{\"@type\":\"ImageObject\",\"inLanguage\":\"es-AR\",\"@id\":\"https:\\\/\\\/elcanillita.info\\\/press\\\/#\\\/schema\\\/logo\\\/image\\\/\",\"url\":\"https:\\\/\\\/elcanillita.info\\\/press\\\/images\\\/2020\\\/01\\\/cropped-cropped-cropped-elcanillitainfo.png\",\"contentUrl\":\"https:\\\/\\\/elcanillita.info\\\/press\\\/images\\\/2020\\\/01\\\/cropped-cropped-cropped-elcanillitainfo.png\",\"width\":460,\"height\":50,\"caption\":\"Guzzo Photos & Graphic Publications\"},\"image\":{\"@id\":\"https:\\\/\\\/elcanillita.info\\\/press\\\/#\\\/schema\\\/logo\\\/image\\\/\"},\"sameAs\":[\"https:\\\/\\\/ar-ar.facebook.com\\\/ElCanillitainfo-114249515285712\\\/\"]},{\"@type\":\"Person\",\"@id\":\"https:\\\/\\\/elcanillita.info\\\/press\\\/#\\\/schema\\\/person\\\/7fcb79f38045700919f7da6d97e71ba0\",\"name\":\"SalaStampa.eu, world press service\",\"image\":{\"@type\":\"ImageObject\",\"inLanguage\":\"es-AR\",\"@id\":\"https:\\\/\\\/secure.gravatar.com\\\/avatar\\\/c2f0e0d515a107624234994507816ca4724c7199cef73fc8bedebf6931d73888?s=96&d=mm&r=g\",\"url\":\"https:\\\/\\\/secure.gravatar.com\\\/avatar\\\/c2f0e0d515a107624234994507816ca4724c7199cef73fc8bedebf6931d73888?s=96&d=mm&r=g\",\"contentUrl\":\"https:\\\/\\\/secure.gravatar.com\\\/avatar\\\/c2f0e0d515a107624234994507816ca4724c7199cef73fc8bedebf6931d73888?s=96&d=mm&r=g\",\"caption\":\"SalaStampa.eu, world press service\"}}]}<\/script>\n<!-- \/ Yoast SEO plugin. -->","yoast_head_json":{"title":"Cristinita y la jueza del Norte: el fallo que revive los millones - ElCanillita.Info","robots":{"index":"index","follow":"follow","max-snippet":"max-snippet:-1","max-image-preview":"max-image-preview:large","max-video-preview":"max-video-preview:-1"},"canonical":"https:\/\/elcanillita.info\/press\/2025\/06\/30\/cristinita-y-la-jueza-del-norte-el-fallo-que-revive-los-millones\/","og_locale":"es_ES","og_type":"article","og_title":"Cristinita y la jueza del Norte: el fallo que revive los millones - ElCanillita.Info","og_description":"Hoy, con el nuevo fallo de la jueza Loretta Preska desde Nueva York, vuelve a escena un viejo fantasma con nombre y apellido: CFK","og_url":"https:\/\/elcanillita.info\/press\/2025\/06\/30\/cristinita-y-la-jueza-del-norte-el-fallo-que-revive-los-millones\/","og_site_name":"ElCanillita.Info","article_publisher":"https:\/\/ar-ar.facebook.com\/ElCanillitainfo-114249515285712\/","article_published_time":"2025-06-30T23:57:29+00:00","article_modified_time":"2025-07-01T00:10:19+00:00","og_image":[{"width":600,"height":400,"url":"https:\/\/elcanillita.info\/press\/images\/2025\/06\/herencia_600_400.Pub_.png","type":"image\/png"}],"author":"SalaStampa.eu, world press service","twitter_card":"summary_large_image","twitter_misc":{"Escrito por":"SalaStampa.eu, world press service","Tiempo de lectura":"2 minutos"},"schema":{"@context":"https:\/\/schema.org","@graph":[{"@type":"Article","@id":"https:\/\/elcanillita.info\/press\/2025\/06\/30\/cristinita-y-la-jueza-del-norte-el-fallo-que-revive-los-millones\/#article","isPartOf":{"@id":"https:\/\/elcanillita.info\/press\/2025\/06\/30\/cristinita-y-la-jueza-del-norte-el-fallo-que-revive-los-millones\/"},"author":{"name":"SalaStampa.eu, world press service","@id":"https:\/\/elcanillita.info\/press\/#\/schema\/person\/7fcb79f38045700919f7da6d97e71ba0"},"headline":"Cristinita y la jueza del Norte: el fallo que revive los millones","datePublished":"2025-06-30T23:57:29+00:00","dateModified":"2025-07-01T00:10:19+00:00","mainEntityOfPage":{"@id":"https:\/\/elcanillita.info\/press\/2025\/06\/30\/cristinita-y-la-jueza-del-norte-el-fallo-que-revive-los-millones\/"},"wordCount":355,"publisher":{"@id":"https:\/\/elcanillita.info\/press\/#organization"},"image":{"@id":"https:\/\/elcanillita.info\/press\/2025\/06\/30\/cristinita-y-la-jueza-del-norte-el-fallo-que-revive-los-millones\/#primaryimage"},"thumbnailUrl":"https:\/\/elcanillita.info\/press\/images\/2025\/06\/herencia_600_400.Pub_.png","articleSection":[".","Actualidad","Argentina","Corrupci\u00f3n","Economia","Justicia","Politica","Sociedad"],"inLanguage":"es-AR"},{"@type":"WebPage","@id":"https:\/\/elcanillita.info\/press\/2025\/06\/30\/cristinita-y-la-jueza-del-norte-el-fallo-que-revive-los-millones\/","url":"https:\/\/elcanillita.info\/press\/2025\/06\/30\/cristinita-y-la-jueza-del-norte-el-fallo-que-revive-los-millones\/","name":"Cristinita y la jueza del Norte: el fallo que revive los millones - ElCanillita.Info","isPartOf":{"@id":"https:\/\/elcanillita.info\/press\/#website"},"primaryImageOfPage":{"@id":"https:\/\/elcanillita.info\/press\/2025\/06\/30\/cristinita-y-la-jueza-del-norte-el-fallo-que-revive-los-millones\/#primaryimage"},"image":{"@id":"https:\/\/elcanillita.info\/press\/2025\/06\/30\/cristinita-y-la-jueza-del-norte-el-fallo-que-revive-los-millones\/#primaryimage"},"thumbnailUrl":"https:\/\/elcanillita.info\/press\/images\/2025\/06\/herencia_600_400.Pub_.png","datePublished":"2025-06-30T23:57:29+00:00","dateModified":"2025-07-01T00:10:19+00:00","inLanguage":"es-AR","potentialAction":[{"@type":"ReadAction","target":["https:\/\/elcanillita.info\/press\/2025\/06\/30\/cristinita-y-la-jueza-del-norte-el-fallo-que-revive-los-millones\/"]}]},{"@type":"ImageObject","inLanguage":"es-AR","@id":"https:\/\/elcanillita.info\/press\/2025\/06\/30\/cristinita-y-la-jueza-del-norte-el-fallo-que-revive-los-millones\/#primaryimage","url":"https:\/\/elcanillita.info\/press\/images\/2025\/06\/herencia_600_400.Pub_.png","contentUrl":"https:\/\/elcanillita.info\/press\/images\/2025\/06\/herencia_600_400.Pub_.png","width":600,"height":400},{"@type":"WebSite","@id":"https:\/\/elcanillita.info\/press\/#website","url":"https:\/\/elcanillita.info\/press\/","name":"ElCanillita.Info","description":"desde los Apeninos a los Andes","publisher":{"@id":"https:\/\/elcanillita.info\/press\/#organization"},"potentialAction":[{"@type":"SearchAction","target":{"@type":"EntryPoint","urlTemplate":"https:\/\/elcanillita.info\/press\/?s={search_term_string}"},"query-input":{"@type":"PropertyValueSpecification","valueRequired":true,"valueName":"search_term_string"}}],"inLanguage":"es-AR"},{"@type":"Organization","@id":"https:\/\/elcanillita.info\/press\/#organization","name":"Guzzo Photos & Graphic Publications","url":"https:\/\/elcanillita.info\/press\/","logo":{"@type":"ImageObject","inLanguage":"es-AR","@id":"https:\/\/elcanillita.info\/press\/#\/schema\/logo\/image\/","url":"https:\/\/elcanillita.info\/press\/images\/2020\/01\/cropped-cropped-cropped-elcanillitainfo.png","contentUrl":"https:\/\/elcanillita.info\/press\/images\/2020\/01\/cropped-cropped-cropped-elcanillitainfo.png","width":460,"height":50,"caption":"Guzzo Photos & Graphic Publications"},"image":{"@id":"https:\/\/elcanillita.info\/press\/#\/schema\/logo\/image\/"},"sameAs":["https:\/\/ar-ar.facebook.com\/ElCanillitainfo-114249515285712\/"]},{"@type":"Person","@id":"https:\/\/elcanillita.info\/press\/#\/schema\/person\/7fcb79f38045700919f7da6d97e71ba0","name":"SalaStampa.eu, world press service","image":{"@type":"ImageObject","inLanguage":"es-AR","@id":"https:\/\/secure.gravatar.com\/avatar\/c2f0e0d515a107624234994507816ca4724c7199cef73fc8bedebf6931d73888?s=96&d=mm&r=g","url":"https:\/\/secure.gravatar.com\/avatar\/c2f0e0d515a107624234994507816ca4724c7199cef73fc8bedebf6931d73888?s=96&d=mm&r=g","contentUrl":"https:\/\/secure.gravatar.com\/avatar\/c2f0e0d515a107624234994507816ca4724c7199cef73fc8bedebf6931d73888?s=96&d=mm&r=g","caption":"SalaStampa.eu, world press service"}}]}},"views":385,"_links":{"self":[{"href":"https:\/\/elcanillita.info\/press\/wp-json\/wp\/v2\/posts\/5104","targetHints":{"allow":["GET"]}}],"collection":[{"href":"https:\/\/elcanillita.info\/press\/wp-json\/wp\/v2\/posts"}],"about":[{"href":"https:\/\/elcanillita.info\/press\/wp-json\/wp\/v2\/types\/post"}],"author":[{"embeddable":true,"href":"https:\/\/elcanillita.info\/press\/wp-json\/wp\/v2\/users\/1"}],"replies":[{"embeddable":true,"href":"https:\/\/elcanillita.info\/press\/wp-json\/wp\/v2\/comments?post=5104"}],"version-history":[{"count":0,"href":"https:\/\/elcanillita.info\/press\/wp-json\/wp\/v2\/posts\/5104\/revisions"}],"wp:featuredmedia":[{"embeddable":true,"href":"https:\/\/elcanillita.info\/press\/wp-json\/wp\/v2\/media\/5106"}],"wp:attachment":[{"href":"https:\/\/elcanillita.info\/press\/wp-json\/wp\/v2\/media?parent=5104"}],"wp:term":[{"taxonomy":"category","embeddable":true,"href":"https:\/\/elcanillita.info\/press\/wp-json\/wp\/v2\/categories?post=5104"},{"taxonomy":"post_tag","embeddable":true,"href":"https:\/\/elcanillita.info\/press\/wp-json\/wp\/v2\/tags?post=5104"}],"curies":[{"name":"wp","href":"https:\/\/api.w.org\/{rel}","templated":true}]}}